{"id":8709,"date":"2023-03-08T08:08:38","date_gmt":"2023-03-08T13:08:38","guid":{"rendered":"https:\/\/www.fscindigenousfoundation.org\/?p=8709"},"modified":"2023-03-08T14:49:13","modified_gmt":"2023-03-08T19:49:13","slug":"indigenous-womens-ancestral-knowledge-and-technology","status":"publish","type":"post","link":"https:\/\/www.fscindigenousfoundation.org\/pt-br\/indigenous-womens-ancestral-knowledge-and-technology\/","title":{"rendered":"Conhecimento e tecnologia ancestral da Mulher Ind\u00edgena \u00a0"},"content":{"rendered":"\n<p>As Mulheres Ind\u00edgenas s\u00e3o guardi\u00e3s do conhecimento ancestral, protegendo as florestas, os recursos h\u00eddricos e a biodiversidade, e s\u00e3o respons\u00e1veis por transmitir esse conhecimento de gera\u00e7\u00e3o em gera\u00e7\u00e3o.&nbsp; &nbsp;<\/p>\n\n\n\n<p>O Dia Internacional da Mulher \u00e9 comemorado anualmente em 8 de mar\u00e7o para reconhecer a luta e as conquistas das Mulheres pelos direitos sociais, econ\u00f4micos, culturais e pol\u00edticos em todo o mundo. O tema deste ano \u00e9 Inova\u00e7\u00e3o e tecnologia para a igualdade de g\u00eanero.&nbsp; &nbsp;<\/p>\n\n\n\n<p>Tecnologia \u00e9 a aplica\u00e7\u00e3o do conhecimento. \u00c9 por isso que, este ano no Dia Internacional da Mulher, estamos compartilhando as palavras das Mulheres Ind\u00edgenas ao redor do mundo sobre seus conhecimentos e tecnologia ancestrais, e como isto contribui para promover os direitos dos Povos Ind\u00edgenas e a autodetermina\u00e7\u00e3o. &nbsp;<\/p>\n\n\n\n<figure class=\"wp-block-gallery has-nested-images columns-default is-cropped wp-block-gallery-1 is-layout-flex wp-block-gallery-is-layout-flex\">\n<figure class=\"wp-block-image size-full\"><img decoding=\"async\" data-id=\"8822\" src=\"https:\/\/www.fscindigenousfoundation.org\/wp-content\/uploads\/2023\/03\/1-3.jpg\" alt=\"\" class=\"wp-image-8822\"\/><\/figure>\n\n\n\n<figure class=\"wp-block-image size-full\"><img decoding=\"async\" data-id=\"8826\" src=\"https:\/\/www.fscindigenousfoundation.org\/wp-content\/uploads\/2023\/03\/2-3.jpg\" alt=\"\" class=\"wp-image-8826\"\/><\/figure>\n\n\n\n<figure class=\"wp-block-image size-full\"><img decoding=\"async\" data-id=\"8881\" src=\"https:\/\/www.fscindigenousfoundation.org\/wp-content\/uploads\/2023\/03\/iwd-2023-por.jpg\" alt=\"\" class=\"wp-image-8881\"\/><\/figure>\n\n\n\n<figure class=\"wp-block-image size-full\"><img decoding=\"async\" data-id=\"8834\" src=\"https:\/\/www.fscindigenousfoundation.org\/wp-content\/uploads\/2023\/03\/4-3.jpg\" alt=\"\" class=\"wp-image-8834\"\/><\/figure>\n\n\n\n<figure class=\"wp-block-image size-full\"><img decoding=\"async\" data-id=\"8842\" src=\"https:\/\/www.fscindigenousfoundation.org\/wp-content\/uploads\/2023\/03\/5-3.jpg\" alt=\"\" class=\"wp-image-8842\"\/><\/figure>\n\n\n\n<figure class=\"wp-block-image size-full\"><img decoding=\"async\" data-id=\"8846\" src=\"https:\/\/www.fscindigenousfoundation.org\/wp-content\/uploads\/2023\/03\/6-3-1.jpg\" alt=\"\" class=\"wp-image-8846\"\/><\/figure>\n\n\n\n<figure class=\"wp-block-image size-full\"><img decoding=\"async\" data-id=\"8850\" src=\"https:\/\/www.fscindigenousfoundation.org\/wp-content\/uploads\/2023\/03\/7-3.jpg\" alt=\"\" class=\"wp-image-8850\"\/><\/figure>\n\n\n\n<figure class=\"wp-block-image size-full\"><img decoding=\"async\" data-id=\"8854\" src=\"https:\/\/www.fscindigenousfoundation.org\/wp-content\/uploads\/2023\/03\/8-3.jpg\" alt=\"\" class=\"wp-image-8854\"\/><\/figure>\n\n\n\n<figure class=\"wp-block-image size-full\"><img loading=\"lazy\" decoding=\"async\" width=\"1080\" height=\"1080\" data-id=\"8858\" src=\"https:\/\/www.fscindigenousfoundation.org\/wp-content\/uploads\/2023\/03\/9-3.png\" alt=\"\" class=\"wp-image-8858\"\/><\/figure>\n<\/figure>\n\n\n\n<p><\/p>\n\n\n\n<p>A Funda\u00e7\u00e3o Ind\u00edgena FSC est\u00e1 comprometida com o empoderamento das Mulheres Ind\u00edgenas como l\u00edderes, provedoras de solu\u00e7\u00f5es e parte integrante do autodesenvolvimento hol\u00edstico. Um futuro sem Mulheres Ind\u00edgenas ser\u00e1 um futuro onde a M\u00e3e Terra estar\u00e1 em risco.&nbsp; &nbsp;<\/p>\n\n\n\n<p>N\u00f3s convidamos voc\u00ea a compartilhar seu v\u00eddeo selfies conosco, etiquetando-nos @fscindigenousfoundation no Instagram, Facebook, LinkedIn e @fsc_if no Twitter e os hashtags #IWD2023 #DigitALL, respondendo as seguintes perguntas:&nbsp; &nbsp;<\/p>\n\n\n\n<p><em>O que \u00e9 tecnologia Ind\u00edgena? <\/em>&nbsp;<\/p>\n\n\n\n<p><em>Como a tecnologia pode melhorar a vida das Mulheres Ind\u00edgenas e contribuir para suas comunidades? <\/em>&nbsp;<\/p>\n\n\n\n<p><em>Como voc\u00ea v\u00ea a import\u00e2ncia da tecnologia para os direitos dos Povos Ind\u00edgenas e a autodetermina\u00e7\u00e3o Ind\u00edgena?<\/em>&nbsp;<\/p>\n","protected":false},"excerpt":{"rendered":"<p>No Dia Internacional da Mulher, n\u00f3s compartilhamos as palavras das Mulheres Ind\u00edgenas sobre a import\u00e2ncia desse conhecimento para os direitos e a autodetermina\u00e7\u00e3o dos Povos Ind\u00edgenas.  <\/p>\n","protected":false},"author":2,"featured_media":8768,"comment_status":"closed","ping_status":"closed","sticky":false,"template":"","format":"standard","meta":{"footnotes":""},"categories":[3,23],"tags":[101,102,103,119,118],"class_list":["post-8709","post","type-post","status-publish","format-standard","has-post-thumbnail","hentry","category-nao-categorizado","category-outstanding-news-pt-br","tag-indigenous-peoples-pt-br","tag-indigenous-rights-pt-br","tag-indigenous-women-2-pt-br","tag-mulheres-indigenas","tag-povos-indigenas"],"acf":[],"yoast_head":"<!-- This site is optimized with the Yoast SEO plugin v26.9 - https:\/\/yoast.com\/product\/yoast-seo-wordpress\/ -->\n<title>Conhecimento e tecnologia ancestral da Mulher Ind\u00edgena \u00a0 - FSC Funda\u00e7\u00e3o Ind\u00edgena<\/title>\n<meta name=\"description\" content=\"No Dia Internacional da Mulher, n\u00f3s compartilhamos as palavras das Mulheres Ind\u00edgenas sobre a import\u00e2ncia desse conhecimento para os direitos e a autodetermina\u00e7\u00e3o dos Povos Ind\u00edgenas.\" \/>\n<meta name=\"robots\" content=\"index, follow, max-snippet:-1, max-image-preview:large, max-video-preview:-1\" \/>\n<link rel=\"canonical\" href=\"https:\/\/www.fscindigenousfoundation.org\/pt-br\/indigenous-womens-ancestral-knowledge-and-technology\/\" \/>\n<meta property=\"og:locale\" content=\"pt_BR\" \/>\n<meta property=\"og:type\" content=\"article\" \/>\n<meta property=\"og:title\" content=\"Conhecimento e tecnologia ancestral da Mulher Ind\u00edgena\" \/>\n<meta property=\"og:description\" content=\"No Dia Internacional da Mulher, n\u00f3s compartilhamos as palavras das Mulheres Ind\u00edgenas sobre a import\u00e2ncia desse conhecimento para os direitos e a autodetermina\u00e7\u00e3o dos Povos Ind\u00edgenas.\" \/>\n<meta property=\"og:url\" content=\"https:\/\/www.fscindigenousfoundation.org\/pt-br\/indigenous-womens-ancestral-knowledge-and-technology\/\" \/>\n<meta property=\"og:site_name\" content=\"FSC Funda\u00e7\u00e3o Ind\u00edgena\" \/>\n<meta property=\"article:publisher\" content=\"https:\/\/www.facebook.com\/fscindigenousfoundation\" \/>\n<meta property=\"article:published_time\" content=\"2023-03-08T13:08:38+00:00\" \/>\n<meta property=\"article:modified_time\" content=\"2023-03-08T19:49:13+00:00\" \/>\n<meta property=\"og:image\" content=\"https:\/\/www.fscindigenousfoundation.org\/wp-content\/uploads\/2023\/03\/1-768x768.jpg\" \/>\n<meta name=\"author\" content=\"FSC-IF\" \/>\n<meta name=\"twitter:card\" content=\"summary_large_image\" \/>\n<meta name=\"twitter:title\" content=\"Conhecimento e tecnologia ancestral da Mulher Ind\u00edgena\" \/>\n<meta name=\"twitter:description\" content=\"No Dia Internacional da Mulher, n\u00f3s compartilhamos as palavras das Mulheres Ind\u00edgenas sobre a import\u00e2ncia desse conhecimento para os direitos e a autodetermina\u00e7\u00e3o dos Povos Ind\u00edgenas.\" \/>\n<meta name=\"twitter:image\" content=\"https:\/\/www.fscindigenousfoundation.org\/wp-content\/uploads\/2023\/03\/1-768x768.jpg\" \/>\n<meta name=\"twitter:creator\" content=\"@fsc_if\" \/>\n<meta name=\"twitter:site\" content=\"@fsc_if\" \/>\n<meta name=\"twitter:label1\" content=\"Written by\" \/>\n\t<meta name=\"twitter:data1\" content=\"FSC-IF\" \/>\n\t<meta name=\"twitter:label2\" content=\"Est. reading time\" \/>\n\t<meta name=\"twitter:data2\" content=\"3 minutes\" \/>\n<script type=\"application\/ld+json\" class=\"yoast-schema-graph\">{\"@context\":\"https:\/\/schema.org\",\"@graph\":[{\"@type\":\"Article\",\"@id\":\"https:\/\/www.fscindigenousfoundation.org\/pt-br\/indigenous-womens-ancestral-knowledge-and-technology\/#article\",\"isPartOf\":{\"@id\":\"https:\/\/www.fscindigenousfoundation.org\/pt-br\/indigenous-womens-ancestral-knowledge-and-technology\/\"},\"author\":{\"name\":\"FSC-IF\",\"@id\":\"https:\/\/www.fscindigenousfoundation.org\/pt-br\/#\/schema\/person\/0c54626e047eb40bf736bd993ad26ec9\"},\"headline\":\"Conhecimento e tecnologia ancestral da Mulher Ind\u00edgena \u00a0\",\"datePublished\":\"2023-03-08T13:08:38+00:00\",\"dateModified\":\"2023-03-08T19:49:13+00:00\",\"mainEntityOfPage\":{\"@id\":\"https:\/\/www.fscindigenousfoundation.org\/pt-br\/indigenous-womens-ancestral-knowledge-and-technology\/\"},\"wordCount\":272,\"publisher\":{\"@id\":\"https:\/\/www.fscindigenousfoundation.org\/pt-br\/#organization\"},\"image\":{\"@id\":\"https:\/\/www.fscindigenousfoundation.org\/pt-br\/indigenous-womens-ancestral-knowledge-and-technology\/#primaryimage\"},\"thumbnailUrl\":\"https:\/\/www.fscindigenousfoundation.org\/wp-content\/uploads\/2023\/03\/iwd-2023-en.png\",\"keywords\":[\"Indigenous Peoples\",\"indigenous rights\",\"Indigenous women\",\"Mulheres Indigenas\",\"Povos Indigenas\"],\"articleSection\":[\"N\u00e3o categorizado\",\"Outstanding news\"],\"inLanguage\":\"pt-BR\"},{\"@type\":\"WebPage\",\"@id\":\"https:\/\/www.fscindigenousfoundation.org\/pt-br\/indigenous-womens-ancestral-knowledge-and-technology\/\",\"url\":\"https:\/\/www.fscindigenousfoundation.org\/pt-br\/indigenous-womens-ancestral-knowledge-and-technology\/\",\"name\":\"Conhecimento e tecnologia ancestral da Mulher Ind\u00edgena \u00a0 - FSC Funda\u00e7\u00e3o Ind\u00edgena\",\"isPartOf\":{\"@id\":\"https:\/\/www.fscindigenousfoundation.org\/pt-br\/#website\"},\"primaryImageOfPage\":{\"@id\":\"https:\/\/www.fscindigenousfoundation.org\/pt-br\/indigenous-womens-ancestral-knowledge-and-technology\/#primaryimage\"},\"image\":{\"@id\":\"https:\/\/www.fscindigenousfoundation.org\/pt-br\/indigenous-womens-ancestral-knowledge-and-technology\/#primaryimage\"},\"thumbnailUrl\":\"https:\/\/www.fscindigenousfoundation.org\/wp-content\/uploads\/2023\/03\/iwd-2023-en.png\",\"datePublished\":\"2023-03-08T13:08:38+00:00\",\"dateModified\":\"2023-03-08T19:49:13+00:00\",\"description\":\"No Dia Internacional da Mulher, n\u00f3s compartilhamos as palavras das Mulheres Ind\u00edgenas sobre a import\u00e2ncia desse conhecimento para os direitos e a autodetermina\u00e7\u00e3o dos Povos Ind\u00edgenas.\",\"breadcrumb\":{\"@id\":\"https:\/\/www.fscindigenousfoundation.org\/pt-br\/indigenous-womens-ancestral-knowledge-and-technology\/#breadcrumb\"},\"inLanguage\":\"pt-BR\",\"potentialAction\":[{\"@type\":\"ReadAction\",\"target\":[\"https:\/\/www.fscindigenousfoundation.org\/pt-br\/indigenous-womens-ancestral-knowledge-and-technology\/\"]}]},{\"@type\":\"ImageObject\",\"inLanguage\":\"pt-BR\",\"@id\":\"https:\/\/www.fscindigenousfoundation.org\/pt-br\/indigenous-womens-ancestral-knowledge-and-technology\/#primaryimage\",\"url\":\"https:\/\/www.fscindigenousfoundation.org\/wp-content\/uploads\/2023\/03\/iwd-2023-en.png\",\"contentUrl\":\"https:\/\/www.fscindigenousfoundation.org\/wp-content\/uploads\/2023\/03\/iwd-2023-en.png\",\"width\":1080,\"height\":1080,\"caption\":\"FSC IF indigenous women's ancestral knowledge\"},{\"@type\":\"BreadcrumbList\",\"@id\":\"https:\/\/www.fscindigenousfoundation.org\/pt-br\/indigenous-womens-ancestral-knowledge-and-technology\/#breadcrumb\",\"itemListElement\":[{\"@type\":\"ListItem\",\"position\":1,\"name\":\"Home\",\"item\":\"https:\/\/www.fscindigenousfoundation.org\/pt-br\/\"},{\"@type\":\"ListItem\",\"position\":2,\"name\":\"Conhecimento e tecnologia ancestral da Mulher Ind\u00edgena \u00a0\"}]},{\"@type\":\"WebSite\",\"@id\":\"https:\/\/www.fscindigenousfoundation.org\/pt-br\/#website\",\"url\":\"https:\/\/www.fscindigenousfoundation.org\/pt-br\/\",\"name\":\"IPARD\",\"description\":\"A FSC Funda\u00e7\u00e3o Ind\u00edgena \u00e9 uma funda\u00e7\u00e3o criada para oferecer solu\u00e7\u00f5es que garantam os direitos ind\u00edgenas e protejam seus territ\u00f3rios, floresta e conhecimento ancestral.\",\"publisher\":{\"@id\":\"https:\/\/www.fscindigenousfoundation.org\/pt-br\/#organization\"},\"potentialAction\":[{\"@type\":\"SearchAction\",\"target\":{\"@type\":\"EntryPoint\",\"urlTemplate\":\"https:\/\/www.fscindigenousfoundation.org\/pt-br\/?s={search_term_string}\"},\"query-input\":{\"@type\":\"PropertyValueSpecification\",\"valueRequired\":true,\"valueName\":\"search_term_string\"}}],\"inLanguage\":\"pt-BR\"},{\"@type\":\"Organization\",\"@id\":\"https:\/\/www.fscindigenousfoundation.org\/pt-br\/#organization\",\"name\":\"FSC Indigenous Foundation\",\"url\":\"https:\/\/www.fscindigenousfoundation.org\/pt-br\/\",\"logo\":{\"@type\":\"ImageObject\",\"inLanguage\":\"pt-BR\",\"@id\":\"https:\/\/www.fscindigenousfoundation.org\/pt-br\/#\/schema\/logo\/image\/\",\"url\":\"https:\/\/www.fscindigenousfoundation.org\/wp-content\/uploads\/2021\/09\/fsc-indigenous-foundation-color.png\",\"contentUrl\":\"https:\/\/www.fscindigenousfoundation.org\/wp-content\/uploads\/2021\/09\/fsc-indigenous-foundation-color.png\",\"width\":657,\"height\":197,\"caption\":\"FSC Indigenous Foundation\"},\"image\":{\"@id\":\"https:\/\/www.fscindigenousfoundation.org\/pt-br\/#\/schema\/logo\/image\/\"},\"sameAs\":[\"https:\/\/www.facebook.com\/fscindigenousfoundation\",\"https:\/\/x.com\/fsc_if\",\"https:\/\/instagram.com\/fscindigenousfoundation\"]},{\"@type\":\"Person\",\"@id\":\"https:\/\/www.fscindigenousfoundation.org\/pt-br\/#\/schema\/person\/0c54626e047eb40bf736bd993ad26ec9\",\"name\":\"FSC-IF\",\"url\":\"https:\/\/www.fscindigenousfoundation.org\/pt-br\/author\/fscif\/\"}]}<\/script>\n<!-- \/ Yoast SEO plugin. -->","yoast_head_json":{"title":"Conhecimento e tecnologia ancestral da Mulher Ind\u00edgena \u00a0 - FSC Funda\u00e7\u00e3o Ind\u00edgena","description":"No Dia Internacional da Mulher, n\u00f3s compartilhamos as palavras das Mulheres Ind\u00edgenas sobre a import\u00e2ncia desse conhecimento para os direitos e a autodetermina\u00e7\u00e3o dos Povos Ind\u00edgenas.","robots":{"index":"index","follow":"follow","max-snippet":"max-snippet:-1","max-image-preview":"max-image-preview:large","max-video-preview":"max-video-preview:-1"},"canonical":"https:\/\/www.fscindigenousfoundation.org\/pt-br\/indigenous-womens-ancestral-knowledge-and-technology\/","og_locale":"pt_BR","og_type":"article","og_title":"Conhecimento e tecnologia ancestral da Mulher Ind\u00edgena","og_description":"No Dia Internacional da Mulher, n\u00f3s compartilhamos as palavras das Mulheres Ind\u00edgenas sobre a import\u00e2ncia desse conhecimento para os direitos e a autodetermina\u00e7\u00e3o dos Povos Ind\u00edgenas.","og_url":"https:\/\/www.fscindigenousfoundation.org\/pt-br\/indigenous-womens-ancestral-knowledge-and-technology\/","og_site_name":"FSC Funda\u00e7\u00e3o Ind\u00edgena","article_publisher":"https:\/\/www.facebook.com\/fscindigenousfoundation","article_published_time":"2023-03-08T13:08:38+00:00","article_modified_time":"2023-03-08T19:49:13+00:00","og_image":[{"url":"https:\/\/www.fscindigenousfoundation.org\/wp-content\/uploads\/2023\/03\/1-768x768.jpg","type":"","width":"","height":""}],"author":"FSC-IF","twitter_card":"summary_large_image","twitter_title":"Conhecimento e tecnologia ancestral da Mulher Ind\u00edgena","twitter_description":"No Dia Internacional da Mulher, n\u00f3s compartilhamos as palavras das Mulheres Ind\u00edgenas sobre a import\u00e2ncia desse conhecimento para os direitos e a autodetermina\u00e7\u00e3o dos Povos Ind\u00edgenas.","twitter_image":"https:\/\/www.fscindigenousfoundation.org\/wp-content\/uploads\/2023\/03\/1-768x768.jpg","twitter_creator":"@fsc_if","twitter_site":"@fsc_if","twitter_misc":{"Written by":"FSC-IF","Est. reading time":"3 minutes"},"schema":{"@context":"https:\/\/schema.org","@graph":[{"@type":"Article","@id":"https:\/\/www.fscindigenousfoundation.org\/pt-br\/indigenous-womens-ancestral-knowledge-and-technology\/#article","isPartOf":{"@id":"https:\/\/www.fscindigenousfoundation.org\/pt-br\/indigenous-womens-ancestral-knowledge-and-technology\/"},"author":{"name":"FSC-IF","@id":"https:\/\/www.fscindigenousfoundation.org\/pt-br\/#\/schema\/person\/0c54626e047eb40bf736bd993ad26ec9"},"headline":"Conhecimento e tecnologia ancestral da Mulher Ind\u00edgena \u00a0","datePublished":"2023-03-08T13:08:38+00:00","dateModified":"2023-03-08T19:49:13+00:00","mainEntityOfPage":{"@id":"https:\/\/www.fscindigenousfoundation.org\/pt-br\/indigenous-womens-ancestral-knowledge-and-technology\/"},"wordCount":272,"publisher":{"@id":"https:\/\/www.fscindigenousfoundation.org\/pt-br\/#organization"},"image":{"@id":"https:\/\/www.fscindigenousfoundation.org\/pt-br\/indigenous-womens-ancestral-knowledge-and-technology\/#primaryimage"},"thumbnailUrl":"https:\/\/www.fscindigenousfoundation.org\/wp-content\/uploads\/2023\/03\/iwd-2023-en.png","keywords":["Indigenous Peoples","indigenous rights","Indigenous women","Mulheres Indigenas","Povos Indigenas"],"articleSection":["N\u00e3o categorizado","Outstanding news"],"inLanguage":"pt-BR"},{"@type":"WebPage","@id":"https:\/\/www.fscindigenousfoundation.org\/pt-br\/indigenous-womens-ancestral-knowledge-and-technology\/","url":"https:\/\/www.fscindigenousfoundation.org\/pt-br\/indigenous-womens-ancestral-knowledge-and-technology\/","name":"Conhecimento e tecnologia ancestral da Mulher Ind\u00edgena \u00a0 - FSC Funda\u00e7\u00e3o Ind\u00edgena","isPartOf":{"@id":"https:\/\/www.fscindigenousfoundation.org\/pt-br\/#website"},"primaryImageOfPage":{"@id":"https:\/\/www.fscindigenousfoundation.org\/pt-br\/indigenous-womens-ancestral-knowledge-and-technology\/#primaryimage"},"image":{"@id":"https:\/\/www.fscindigenousfoundation.org\/pt-br\/indigenous-womens-ancestral-knowledge-and-technology\/#primaryimage"},"thumbnailUrl":"https:\/\/www.fscindigenousfoundation.org\/wp-content\/uploads\/2023\/03\/iwd-2023-en.png","datePublished":"2023-03-08T13:08:38+00:00","dateModified":"2023-03-08T19:49:13+00:00","description":"No Dia Internacional da Mulher, n\u00f3s compartilhamos as palavras das Mulheres Ind\u00edgenas sobre a import\u00e2ncia desse conhecimento para os direitos e a autodetermina\u00e7\u00e3o dos Povos Ind\u00edgenas.","breadcrumb":{"@id":"https:\/\/www.fscindigenousfoundation.org\/pt-br\/indigenous-womens-ancestral-knowledge-and-technology\/#breadcrumb"},"inLanguage":"pt-BR","potentialAction":[{"@type":"ReadAction","target":["https:\/\/www.fscindigenousfoundation.org\/pt-br\/indigenous-womens-ancestral-knowledge-and-technology\/"]}]},{"@type":"ImageObject","inLanguage":"pt-BR","@id":"https:\/\/www.fscindigenousfoundation.org\/pt-br\/indigenous-womens-ancestral-knowledge-and-technology\/#primaryimage","url":"https:\/\/www.fscindigenousfoundation.org\/wp-content\/uploads\/2023\/03\/iwd-2023-en.png","contentUrl":"https:\/\/www.fscindigenousfoundation.org\/wp-content\/uploads\/2023\/03\/iwd-2023-en.png","width":1080,"height":1080,"caption":"FSC IF indigenous women's ancestral knowledge"},{"@type":"BreadcrumbList","@id":"https:\/\/www.fscindigenousfoundation.org\/pt-br\/indigenous-womens-ancestral-knowledge-and-technology\/#breadcrumb","itemListElement":[{"@type":"ListItem","position":1,"name":"Home","item":"https:\/\/www.fscindigenousfoundation.org\/pt-br\/"},{"@type":"ListItem","position":2,"name":"Conhecimento e tecnologia ancestral da Mulher Ind\u00edgena \u00a0"}]},{"@type":"WebSite","@id":"https:\/\/www.fscindigenousfoundation.org\/pt-br\/#website","url":"https:\/\/www.fscindigenousfoundation.org\/pt-br\/","name":"IPARD","description":"A FSC Funda\u00e7\u00e3o Ind\u00edgena \u00e9 uma funda\u00e7\u00e3o criada para oferecer solu\u00e7\u00f5es que garantam os direitos ind\u00edgenas e protejam seus territ\u00f3rios, floresta e conhecimento ancestral.","publisher":{"@id":"https:\/\/www.fscindigenousfoundation.org\/pt-br\/#organization"},"potentialAction":[{"@type":"SearchAction","target":{"@type":"EntryPoint","urlTemplate":"https:\/\/www.fscindigenousfoundation.org\/pt-br\/?s={search_term_string}"},"query-input":{"@type":"PropertyValueSpecification","valueRequired":true,"valueName":"search_term_string"}}],"inLanguage":"pt-BR"},{"@type":"Organization","@id":"https:\/\/www.fscindigenousfoundation.org\/pt-br\/#organization","name":"FSC Indigenous Foundation","url":"https:\/\/www.fscindigenousfoundation.org\/pt-br\/","logo":{"@type":"ImageObject","inLanguage":"pt-BR","@id":"https:\/\/www.fscindigenousfoundation.org\/pt-br\/#\/schema\/logo\/image\/","url":"https:\/\/www.fscindigenousfoundation.org\/wp-content\/uploads\/2021\/09\/fsc-indigenous-foundation-color.png","contentUrl":"https:\/\/www.fscindigenousfoundation.org\/wp-content\/uploads\/2021\/09\/fsc-indigenous-foundation-color.png","width":657,"height":197,"caption":"FSC Indigenous Foundation"},"image":{"@id":"https:\/\/www.fscindigenousfoundation.org\/pt-br\/#\/schema\/logo\/image\/"},"sameAs":["https:\/\/www.facebook.com\/fscindigenousfoundation","https:\/\/x.com\/fsc_if","https:\/\/instagram.com\/fscindigenousfoundation"]},{"@type":"Person","@id":"https:\/\/www.fscindigenousfoundation.org\/pt-br\/#\/schema\/person\/0c54626e047eb40bf736bd993ad26ec9","name":"FSC-IF","url":"https:\/\/www.fscindigenousfoundation.org\/pt-br\/author\/fscif\/"}]}},"_links":{"self":[{"href":"https:\/\/www.fscindigenousfoundation.org\/pt-br\/wp-json\/wp\/v2\/posts\/8709","targetHints":{"allow":["GET"]}}],"collection":[{"href":"https:\/\/www.fscindigenousfoundation.org\/pt-br\/wp-json\/wp\/v2\/posts"}],"about":[{"href":"https:\/\/www.fscindigenousfoundation.org\/pt-br\/wp-json\/wp\/v2\/types\/post"}],"author":[{"embeddable":true,"href":"https:\/\/www.fscindigenousfoundation.org\/pt-br\/wp-json\/wp\/v2\/users\/2"}],"replies":[{"embeddable":true,"href":"https:\/\/www.fscindigenousfoundation.org\/pt-br\/wp-json\/wp\/v2\/comments?post=8709"}],"version-history":[{"count":5,"href":"https:\/\/www.fscindigenousfoundation.org\/pt-br\/wp-json\/wp\/v2\/posts\/8709\/revisions"}],"predecessor-version":[{"id":8885,"href":"https:\/\/www.fscindigenousfoundation.org\/pt-br\/wp-json\/wp\/v2\/posts\/8709\/revisions\/8885"}],"wp:featuredmedia":[{"embeddable":true,"href":"https:\/\/www.fscindigenousfoundation.org\/pt-br\/wp-json\/wp\/v2\/media\/8768"}],"wp:attachment":[{"href":"https:\/\/www.fscindigenousfoundation.org\/pt-br\/wp-json\/wp\/v2\/media?parent=8709"}],"wp:term":[{"taxonomy":"category","embeddable":true,"href":"https:\/\/www.fscindigenousfoundation.org\/pt-br\/wp-json\/wp\/v2\/categories?post=8709"},{"taxonomy":"post_tag","embeddable":true,"href":"https:\/\/www.fscindigenousfoundation.org\/pt-br\/wp-json\/wp\/v2\/tags?post=8709"}],"curies":[{"name":"wp","href":"https:\/\/api.w.org\/{rel}","templated":true}]}}