{"id":13619,"date":"2024-09-11T18:44:36","date_gmt":"2024-09-11T22:44:36","guid":{"rendered":"https:\/\/www.fscindigenousfoundation.org\/introducing-our-deep-connections-fellows\/"},"modified":"2025-11-03T10:21:58","modified_gmt":"2025-11-03T15:21:58","slug":"bolsistas-deep-connections-jovens-lideres-indigenas","status":"publish","type":"post","link":"https:\/\/www.fscindigenousfoundation.org\/pt-br\/bolsistas-deep-connections-jovens-lideres-indigenas\/","title":{"rendered":"Apresentamos nossos bolsistas do Deep Connections!"},"content":{"rendered":"\n<p>Os jovens Ind\u00edgenas s\u00e3o o presente e o futuro. Eles s\u00e3o a ponte entre o conhecimento ancestral e o mundo moderno, levando o conhecimento cient\u00edfico e a cultura Ind\u00edgena e defendendo as terras ancestrais. Por esses motivos, temos o prazer de anunciar os 15 jovens l\u00edderes ind\u00edgenas que est\u00e3o participando do Deep Connections Fellowship.<\/p>\n\n\n\n<p>Todos os bolsistas se juntar\u00e3o \u00e0 rede de jovens ind\u00edgenas da FSC Indigenous Foundation e participar\u00e3o da <a href=\"https:\/\/www.oneyoungworld.com\/summit-2024\" target=\"_blank\" rel=\"noreferrer noopener\">One Young World<\/a><a href=\"https:\/\/www.oneyoungworld.com\/summit-2024\"> Summit<\/a> em Montreal, Canad\u00e1, de 17 a 21 de setembro de 2024.<\/p>\n\n\n\n<p>Conhe\u00e7a nossos companheiros abaixo!<\/p>\n\n\n\n<p><\/p>\n\n\n\n<div class=\"wp-block-media-text alignwide is-stacked-on-mobile\"><figure class=\"wp-block-media-text__media\"><img loading=\"lazy\" decoding=\"async\" width=\"1200\" height=\"1200\" src=\"https:\/\/www.fscindigenousfoundation.org\/wp-content\/uploads\/2024\/09\/dcf-2-1.jpg\" alt=\"Daniel Jason Maches Deep Connections Fellowship\" class=\"wp-image-13573 size-full\"\/><\/figure><div class=\"wp-block-media-text__content\">\n<p><strong>Daniel Maches<\/strong><\/p>\n\n\n\n<p>Pa\u00eds: Filipinas<\/p>\n\n\n\n<p>Daniel Maches ou Kumafor \u00e9 um jovem l\u00edder ind\u00edgena da tribo Lias, no norte das Filipinas. Desde o ensino m\u00e9dio, ele tem defendido a conserva\u00e7\u00e3o de suas florestas e patrim\u00f4nio cultural por meio de publica\u00e7\u00f5es e produ\u00e7\u00f5es multim\u00eddia. Ele tamb\u00e9m se envolveu ativamente com os jovens para que participassem da defesa. Em 2021, ele iniciou o Barlig Rainforest Coffee Project para testar a agricultura sustent\u00e1vel na comunidade e desenvolver meios de subsist\u00eancia sustent\u00e1veis. Sua meta \u00e9 que, por meio desse projeto, mais membros da comunidade sejam incentivados a plantar de forma sustent\u00e1vel e considerando os princ\u00edpios agr\u00edcolas ind\u00edgenas. Enquanto isso, o projeto tamb\u00e9m trouxe o caf\u00e9 de sua comunidade para o centro das aten\u00e7\u00f5es, pois os produtos limitados foram exibidos em exposi\u00e7\u00f5es nacionais e internacionais de caf\u00e9. Em 2022, ele iniciou uma comunidade Slow Food chamada Indigenous Youth Eco-Cultural Warriors of Mountain Province para promover a preserva\u00e7\u00e3o de alimentos ind\u00edgenas. Atualmente, ele est\u00e1 iniciando projetos para documentar e preservar os produtos de heran\u00e7a da comunidade e produtos silvestres com potencial econ\u00f4mico para fins de preserva\u00e7\u00e3o. Ele tamb\u00e9m pediu a administra\u00e7\u00e3o das florestas de sua comunidade e contribuiu ativamente com seus insights sobre sustentabilidade como escritor e colunista nos principais jornais nacionais, como o Manila Bulletin e o Philippine Star. Da mesma forma, ele defendeu a integridade cultural de sua comunidade em eventos internacionais, como o Terra Madre 2022 em Turim, It\u00e1lia, e o Treinamento das Redes de Jovens Ind\u00edgenas Slow Food 2024 para a \u00c1sia e o Pac\u00edfico em Hualien, Taiwan. Hoje em dia, ele tamb\u00e9m utiliza v\u00e1rias plataformas de m\u00eddia social para ampliar suas defesas e incentivar a\u00e7\u00f5es locais.<\/p>\n<\/div><\/div>\n\n\n\n<div class=\"wp-block-media-text alignwide has-media-on-the-right is-stacked-on-mobile\"><div class=\"wp-block-media-text__content\">\n<p><strong>Didja Tchari Djibrillah<\/strong><\/p>\n\n\n\n<p>Pa\u00eds: Chade<\/p>\n\n\n\n<p>Da comunidade Mbororos Fulani de pastores n\u00f4mades e semin\u00f4mades.<\/p>\n\n\n\n<p>Estudos prim\u00e1rios em Bongor e estudos secund\u00e1rios em Ndjamena, detentora de um diploma de agente t\u00e9cnico de sa\u00fade no instituto de ci\u00eancias da sa\u00fade e saneamento Toumai. De 2012 at\u00e9 hoje, membro da associa\u00e7\u00e3o e oficial de g\u00eanero e tesoureira assistente da Association Des Femmes Peules &amp; Peuples Autochtones Du Tchad (Afpat).&nbsp;<\/p>\n\n\n\n<p>2015 Estagi\u00e1rio no DOCIP em Genebra (Centro de Documenta\u00e7\u00e3o, Pesquisa e Informa\u00e7\u00e3o dos Povos Aut\u00f3ctones)<\/p>\n\n\n\n<p>2017 Benefici\u00e1rio do programa de bolsas de estudo para representantes de povos ind\u00edgenas.<\/p>\n\n\n\n<p>Estagi\u00e1rio de 2020 no escrit\u00f3rio nacional do HCHD<\/p>\n\n\n\n<p>Respons\u00e1vel por quest\u00f5es de sa\u00fade na AFPAT. Treinadora; tradutora, auxilia na elabora\u00e7\u00e3o de projetos que integram o conceito de g\u00eanero e as necessidades da comunidade (tamb\u00e9m monitoramento e avalia\u00e7\u00e3o).<\/p>\n<\/div><figure class=\"wp-block-media-text__media\"><img decoding=\"async\" src=\"https:\/\/www.fscindigenousfoundation.org\/wp-content\/uploads\/2024\/09\/dcf-3-1.png\" alt=\"Didja Tchari Deep Connections Fellowship\" class=\"wp-image-13638 size-full\"\/><\/figure><\/div>\n\n\n\n<div class=\"wp-block-media-text alignwide is-stacked-on-mobile\"><figure class=\"wp-block-media-text__media\"><img decoding=\"async\" src=\"https:\/\/www.fscindigenousfoundation.org\/wp-content\/uploads\/2024\/09\/dcf-7-1.png\" alt=\"Emma Oliver Deep Connections Fellowship\" class=\"wp-image-13643 size-full\"\/><\/figure><div class=\"wp-block-media-text__content\">\n<p><strong>Emma Oliver<\/strong><\/p>\n\n\n\n<p>Pa\u00eds: Papua Nova Guin\u00e9<\/p>\n\n\n\n<p>Emma Oliver \u00e9 uma tutora dedicada da Universidade de Recursos Naturais e Meio Ambiente de Papua Nova Guin\u00e9 (PNG UNRE), onde leciono Turismo Ecol\u00f3gico e de Vida Selvagem, Turismo Sustent\u00e1vel e Trabalho com comunidades locais. Minha paix\u00e3o pela conserva\u00e7\u00e3o ambiental vai al\u00e9m da sala de aula, pois me envolvo ativamente com as comunidades locais para promover pr\u00e1ticas sustent\u00e1veis e proteger a biodiversidade. Como l\u00edder ind\u00edgena e fundador da ENB Sea Keepers, tenho o compromisso de preservar os ecossistemas marinhos e o patrim\u00f4nio cultural na prov\u00edncia de East New Britain. Meu trabalho envolve a combina\u00e7\u00e3o de conhecimento tradicional com t\u00e9cnicas modernas de conserva\u00e7\u00e3o para restaurar os recifes de coral, estabelecer \u00e1reas marinhas protegidas e capacitar os jovens por meio da educa\u00e7\u00e3o e do programa de treinamento pr\u00e1tico chamado Green Community Based Entrepreneur Program. Motivado por uma profunda conex\u00e3o com a natureza e pelo desejo de criar meios de subsist\u00eancia sustent\u00e1veis para minha comunidade, meu foco \u00e9 inspirar a pr\u00f3xima gera\u00e7\u00e3o de administradores ambientais e, ao mesmo tempo, proteger os recursos naturais que s\u00e3o vitais para a sobreviv\u00eancia e a prosperidade de nosso povo<\/p>\n\n\n\n<p>Como l\u00edder ind\u00edgena em minha comunidade, quero deixar um legado de comunidades capacitadas e autossustent\u00e1veis que estejam profundamente conectadas \u00e0s suas ra\u00edzes culturais e comprometidas com a preserva\u00e7\u00e3o de seu ambiente natural. Com minha participa\u00e7\u00e3o na One Young World, espero inspirar um movimento global que valorize o conhecimento tradicional juntamente com a inova\u00e7\u00e3o moderna, promovendo um futuro em que as vozes ind\u00edgenas liderem a conserva\u00e7\u00e3o ambiental e o desenvolvimento sustent\u00e1vel.<\/p>\n\n\n\n<p>Tendo crescido em um vilarejo costeiro em Papua Nova Guin\u00e9, testemunhei o impacto devastador das mudan\u00e7as clim\u00e1ticas e das pr\u00e1ticas destrutivas insustent\u00e1veis de pesca com dinamite e corda venenosa em nossos recifes de coral e na vida marinha. Ver nossos ecossistemas, que antes eram pr\u00f3speros, se deteriorarem e os meios de subsist\u00eancia da minha comunidade serem amea\u00e7ados por essas mudan\u00e7as me motivou a agir. Essa experi\u00eancia pessoal despertou minha paix\u00e3o pela conserva\u00e7\u00e3o marinha e impulsiona meu compromisso de capacitar as comunidades para proteger nosso meio ambiente e preservar nosso patrim\u00f4nio cultural para as gera\u00e7\u00f5es futuras.<\/p>\n<\/div><\/div>\n\n\n\n<div class=\"wp-block-media-text alignwide has-media-on-the-right is-stacked-on-mobile\"><div class=\"wp-block-media-text__content\">\n<p><strong>Fernanda Purran<\/strong><\/p>\n\n\n\n<p>Pa\u00eds: Chile<\/p>\n\n\n\n<p>Povos ind\u00edgenas: Mapuche Penuche<\/p>\n\n\n\n<p>Meu nome \u00e9 Fernanda Purran, Mapuche Pewenche, nascida e criada no territ\u00f3rio do alto Biob\u00edo.<\/p>\n\n\n\n<p>Tenho 32 anos, cresci com minha av\u00f3, uma mulher muito forte que perdeu seu marido, meu av\u00f4, que desapareceu durante o golpe de Estado no Chile em 1973. Como eu conhecia a hist\u00f3ria do meu av\u00f4, tornei-me amigo do rio Biob\u00edo e estava em suas margens todos os dias. Minha av\u00f3 me ensinou a falar nosso idioma e me disse, desde pequena, que nosso idioma era entendido pelo rio.<\/p>\n\n\n\n<p>Minha educa\u00e7\u00e3o b\u00e1sica sempre foi em meu territ\u00f3rio, aprendi a ler e escrever. Desde crian\u00e7a, vi minha fam\u00edlia lutar pela defesa do rio nos anos 90, quando amea\u00e7aram construir represas no fluxo do segundo maior rio do Chile e rio sagrado para o territ\u00f3rio. Estudei turismo e trabalhei por 3 anos como coordenador de uma rede de turismo comunit\u00e1rio, me formei como guia de montanha e guiei algumas trilhas por um longo tempo. Ao mesmo tempo, participei de grupos ambientais que lutavam contra o extrativismo e cuidavam das montanhas e dos rios que eu tanto amo.<\/p>\n\n\n\n<p>Quando eu tinha 23 anos, fui chamado para dar aulas em uma escola e l\u00e1 passei 4 anos trabalhando como professor de turismo, aproveitei essa bela oportunidade para criar espa\u00e7os de di\u00e1logo com os jovens. Fizemos um bom trabalho, aparecemos em um programa de TV mostrando tudo o que faz\u00edamos. Gostei muito de lecionar e comecei uma p\u00f3s-gradua\u00e7\u00e3o em educa\u00e7\u00e3o t\u00e9cnica profissionalizante, que terminei em 2018.<\/p>\n\n\n\n<p>Em 2016, minha vida tomou um rumo que n\u00e3o parou mais. Com minha amiga Yoana, criamos uma equipe de rafting para competir no festival Biob\u00edo vive, nunca hav\u00edamos velejado em nossas vidas, mas ficamos em segundo lugar. Essa experi\u00eancia marcou nossas vidas e foi assim que criamos a Malen Leubu, uma organiza\u00e7\u00e3o esportiva que busca, por meio de esportes como o rafting, protestar por rios livres. A <a href=\"https:\/\/www.youtube.com\/watch?v=pkRjM4qCr_0&amp;t=137s\" target=\"_blank\" rel=\"noreferrer noopener\">Malen Leubu<\/a> tem sido minha vida nesses 8 anos. Em 2017, viajei pela primeira vez para a Patag\u00f4nia chilena e naveguei por um rio das montanhas at\u00e9 o mar, onde conheci in loco um lugar que estava prestes a ser represado. Fui convidado pela ONG Rios To Rivers para ir como monitor com 4 jovens do Biob\u00edo.<\/p>\n<\/div><figure class=\"wp-block-media-text__media\"><img loading=\"lazy\" decoding=\"async\" width=\"1200\" height=\"1200\" src=\"https:\/\/www.fscindigenousfoundation.org\/wp-content\/uploads\/2024\/09\/dcf-11.png\" alt=\"Fernanda Purran Deep Connections Fellowship\" class=\"wp-image-13534 size-full\"\/><\/figure><\/div>\n\n\n\n<div class=\"wp-block-media-text alignwide is-stacked-on-mobile\"><figure class=\"wp-block-media-text__media\"><img loading=\"lazy\" decoding=\"async\" width=\"1200\" height=\"1200\" src=\"https:\/\/www.fscindigenousfoundation.org\/wp-content\/uploads\/2024\/09\/dcf-14-1.png\" alt=\"Keaton Thomas Deep Connections Fellowship\" class=\"wp-image-13550 size-full\"\/><\/figure><div class=\"wp-block-media-text__content\">\n<p><strong>Keaton Thomas-Sinclair<\/strong><\/p>\n\n\n\n<p>Pa\u00eds: Canad\u00e1<\/p>\n\n\n\n<p>Povos ind\u00edgenas: Na\u00e7\u00e3o Cree Chemamawin<\/p>\n\n\n\n<p>Keaton cresceu em Mosakahiken e Chemawawin, profundamente ligado \u00e0 sua heran\u00e7a Cree. Depois de se formar na Frontier Mosakahiken School em 2017, ele se dedicou a servir sua comunidade como coordenador de recursos humanos na Chemawawin Cree Nation, onde se esfor\u00e7a para criar um ambiente seguro e de apoio para todos.<\/p>\n\n\n\n<p>Keaton tamb\u00e9m \u00e9 membro ativo do Conselho de Jovens das Primeiras Na\u00e7\u00f5es de Manitoba da Assembleia de Chefes de Manitoba (AMC), onde defende a capacita\u00e7\u00e3o dos jovens e a preserva\u00e7\u00e3o das tradi\u00e7\u00f5es ind\u00edgenas. Sua lideran\u00e7a \u00e9 motivada pelo compromisso de abordar quest\u00f5es cr\u00edticas, como viol\u00eancia, abuso de subst\u00e2ncias e a necessidade de sistemas de apoio mais fortes para os jovens.<\/p>\n\n\n\n<p>Al\u00e9m de seu trabalho profissional, Keaton \u00e9 um \u00e1vido ca\u00e7ador, pescador e viajante, abra\u00e7ando a terra e as tradi\u00e7\u00f5es de seu povo. Ele gosta de se envolver com os mais velhos para aprender sobre o patrim\u00f4nio de sua na\u00e7\u00e3o e compartilhar esse conhecimento com as gera\u00e7\u00f5es mais jovens.<\/p>\n\n\n\n<p>A paix\u00e3o de Keaton est\u00e1 na constru\u00e7\u00e3o de comunidades e em inspirar a pr\u00f3xima gera\u00e7\u00e3o a criar mudan\u00e7as positivas. Ele acredita no poder da uni\u00e3o e da resili\u00eancia e se dedica a promover um ambiente em que todos se sintam valorizados e apoiados.<\/p>\n\n\n\n<p>T\u00edtulo: (AMC) Conselho da Juventude das Primeiras Na\u00e7\u00f5es de Manitoba<\/p>\n<\/div><\/div>\n\n\n\n<div class=\"wp-block-media-text alignwide has-media-on-the-right is-stacked-on-mobile\"><div class=\"wp-block-media-text__content\">\n<p><strong>Kleidy Migdalia Sacb\u00e1 Coc<\/strong><\/p>\n\n\n\n<p>Pa\u00eds: Guatemala<\/p>\n\n\n\n<p>Kleidy Migdalia Sacb\u00e1 Coc, uma jovem maia Q&#8217;eqchi&#8217;, nasceu em Santa Catalina, La Tinta, Alta Verapaz, Guatemala.<\/p>\n\n\n\n<p>La Tinta, departamento de Alta Verapaz, Guatemala, tem sido representante da mulher ind\u00edgena como Rab&#8217;in Aj Poop O&#8217;b&#8217;atz, Princesa Tezulutlan e Flor Nacional do Povo Maia, foi nomeada Filha Favorita de Alta Verapaz, \u00e9 Especialista em Recursos Naturais com Enfoque Ambiental Sustent\u00e1vel com um T\u00e9cnico Agroflorestal e atualmente est\u00e1 estudando Engenharia Agron\u00f4mica na URG.<\/p>\n\n\n\n<p>Ela trabalha para a CONEXI\u00d3N ICCO LATINOAMERICA, que promove o desenvolvimento e o empoderamento econ\u00f4mico de jovens e mulheres ind\u00edgenas em \u00e1reas e comunidades rurais para melhorar suas condi\u00e7\u00f5es de vida nos pa\u00edses da Costa Rica, Honduras e Guatemala. Ela faz parte da Coaliz\u00e3o Regional pelo Direito de Viver em um Ambiente Saud\u00e1vel na Am\u00e9rica Central da ASDEPAZ, onde promoveu o Acordo de Escaz\u00fa.<\/p>\n\n\n\n<p>Ela promove o projeto digital Q&#8217;eqchi&#8217; Xnimal Ruhil Chaq&#8217;rab&#8217;, no qual compartilha conte\u00fado informativo como: os Artigos da Constitui\u00e7\u00e3o Pol\u00edtica da Rep\u00fablica da Guatemala, Consci\u00eancia Ambiental e Problemas Sociais no idioma maia Q&#8217;eqchi&#8217;, com o objetivo de informar as comunidades ind\u00edgenas sobre seus direitos como cidad\u00e3os guatemaltecos, promovendo a inclus\u00e3o e a promo\u00e7\u00e3o da identidade cultural e da educa\u00e7\u00e3o ambiental.<\/p>\n\n\n\n<p>Como ativista, ela defendeu os direitos dos jovens na Guatemala, exigindo a implementa\u00e7\u00e3o e a aprova\u00e7\u00e3o de uma Lei Nacional da Juventude, onde nasceu a convic\u00e7\u00e3o de come\u00e7ar a trabalhar para os jovens e criar espa\u00e7os para fortalecer a abertura e a participa\u00e7\u00e3o em todas as esferas sociais e ambientais.<\/p>\n\n\n\n<p><em>&#8220;Vamos contribuir com cada uma de nossas for\u00e7as em todos os n\u00edveis e espa\u00e7os de a\u00e7\u00e3o social e ambiental para a constru\u00e7\u00e3o de um pa\u00eds melhor para as futuras gera\u00e7\u00f5es.&#8221;<\/em><\/p>\n<\/div><figure class=\"wp-block-media-text__media\"><img loading=\"lazy\" decoding=\"async\" width=\"1200\" height=\"1200\" src=\"https:\/\/www.fscindigenousfoundation.org\/wp-content\/uploads\/2024\/09\/dcf-6.png\" alt=\"Kleidy Sacba Deep Connections Fellowship\" class=\"wp-image-13513 size-full\"\/><\/figure><\/div>\n\n\n\n<div class=\"wp-block-media-text alignwide is-stacked-on-mobile\"><figure class=\"wp-block-media-text__media\"><img loading=\"lazy\" decoding=\"async\" width=\"1200\" height=\"1200\" src=\"https:\/\/www.fscindigenousfoundation.org\/wp-content\/uploads\/2024\/09\/dcf-9.jpg\" alt=\"Malakai Parom Deep Connections Fellowship\" class=\"wp-image-13522 size-full\"\/><\/figure><div class=\"wp-block-media-text__content\">\n<p><strong>Malakai Parom<\/strong><\/p>\n\n\n\n<p>Pa\u00eds: Papua Nova Guin\u00e9<\/p>\n\n\n\n<p>Sou bacharel em Silvicultura e certificado em Ecologia Tropical pelo Instituto de Pesquisa Nugini Binatang em 2015, e tenho trabalhado com a organiza\u00e7\u00e3o Rainforest Habitat and Conservation nas \u00e1reas de Entomologia, Zoologia e paisagem terrestre para embelezamento ambiental antes de me formar em Ci\u00eancias Florestais no Departamento de Silvicultura da Universidade de Tecnologia de Papua Nova Guin\u00e9, com \u00eanfase em meus projetos do \u00faltimo ano em biologia de sementes de florestas plantadas e infesta\u00e7\u00e3o de pragas e doen\u00e7as em florestas naturais. A principal responsabilidade em que estive envolvido inclui o escopo do trabalho de avalia\u00e7\u00e3o ambiental, pesquisa de biodiversidade, coletas de esp\u00e9cies em armadilhas, escolas, conscientiza\u00e7\u00e3o da comunidade e dos vilarejos sobre a import\u00e2ncia da biodiversidade como produtos florestais n\u00e3o madeireiros e supervis\u00e3o da produ\u00e7\u00e3o com o uso da m\u00e3o de obra e dos recursos dispon\u00edveis. Com essas experi\u00eancias, habilidades e conhecimentos, acredito que sou adequado para o cargo ao qual me candidatei e que posso contribuir de forma significativa para as metas e objetivos da Organiza\u00e7\u00e3o. Sou jovem, en\u00e9rgico e flex\u00edvel para trabalhar em qualquer ambiente de trabalho, podendo atingir metas e cumprir prazos.<\/p>\n<\/div><\/div>\n\n\n\n<div class=\"wp-block-media-text alignwide has-media-on-the-right is-stacked-on-mobile\"><div class=\"wp-block-media-text__content\">\n<p><strong>Maricelma Fiaho<\/strong><\/p>\n\n\n\n<p>Pa\u00eds: Brasil<\/p>\n\n\n\n<p>Maricelma Fialho, uma mulher ind\u00edgena da etnia Terena, nasceu e cresceu na Aldeia Bananal, localizada no interior do Mato Grosso do Sul, Brasil. Filha de m\u00e3e solteira, Maricelma teve uma inf\u00e2ncia marcada pela humildade, mas encontrou na educa\u00e7\u00e3o uma oportunidade de crescimento. Aos 17 anos, deixou sua aldeia para iniciar sua gradua\u00e7\u00e3o em Biomedicina, superando desafios para se tornar a primeira biom\u00e9dica Terena.<\/p>\n\n\n\n<p>Formada pela Faculdade de Medicina da Universidade Federal de Mato Grosso do Sul, Maricelma tem mestrado em Doen\u00e7as Infecciosas e Parasit\u00e1rias e atualmente \u00e9 candidata a doutorado no mesmo programa de p\u00f3s-gradua\u00e7\u00e3o. Sua pesquisa se concentra em comunidades ind\u00edgenas rurais negligenciadas, buscando solu\u00e7\u00f5es para os problemas de sa\u00fade que afetam sua comunidade.<\/p>\n\n\n\n<p>Al\u00e9m de suas realiza\u00e7\u00f5es acad\u00eamicas, Maricelma \u00e9 tradutora volunt\u00e1ria da l\u00edngua ind\u00edgena Terena para a Cruz Vermelha Brasileira e tesoureira do Instituto de Educa\u00e7\u00e3o Intercultural Terena. Sua lideran\u00e7a e compromisso com a educa\u00e7\u00e3o e a sa\u00fade beneficiaram sua comunidade.<\/p>\n\n\n\n<p>Internacionalmente, Maricelma representa o Brasil na Coaliz\u00e3o de Lideran\u00e7a Juvenil (IYLC) da Am\u00e9rica Latina, dando voz aos jovens ind\u00edgenas em discuss\u00f5es globais sobre participa\u00e7\u00e3o c\u00edvica e pol\u00edtica. Sua participa\u00e7\u00e3o no F\u00f3rum Tribal de Jovens da Casa Branca e em outras reuni\u00f5es importantes destaca seu papel como l\u00edder emergente na defesa dos direitos e da sa\u00fade das comunidades ind\u00edgenas.<\/p>\n\n\n\n<p><em>&nbsp;&#8220;Mulher ind\u00edgena Terena, honro minhas ra\u00edzes na Aldeia Bananal usando a for\u00e7a ancestral, a educa\u00e7\u00e3o e a ci\u00eancia para elevar minha comunidade e construir um futuro justo e sustent\u00e1vel.&#8221;<\/em><\/p>\n<\/div><figure class=\"wp-block-media-text__media\"><img loading=\"lazy\" decoding=\"async\" width=\"1200\" height=\"1200\" src=\"https:\/\/www.fscindigenousfoundation.org\/wp-content\/uploads\/2024\/09\/dcf-5.jpg\" alt=\"Maricela Candido Deep Connections Fellowship\" class=\"wp-image-13509 size-full\"\/><\/figure><\/div>\n\n\n\n<div class=\"wp-block-media-text alignwide is-stacked-on-mobile\"><figure class=\"wp-block-media-text__media\"><img decoding=\"async\" src=\"https:\/\/www.fscindigenousfoundation.org\/wp-content\/uploads\/2024\/09\/dcf-13-1.png\" alt=\"Moana Tepano Contese Deep Connections Fellowship\" class=\"wp-image-13647 size-full\"\/><\/figure><div class=\"wp-block-media-text__content\">\n<p><strong>Moana Tepano<\/strong><\/p>\n\n\n\n<p>Pa\u00eds: Chile<\/p>\n\n\n\n<p>Povos ind\u00edgenas: Rapa Nui<\/p>\n\n\n\n<p>Moana Tepano Contesse \u00e9 uma jovem defensora socioambiental da Ilha Rapa Nui e estudante de Bacharelado em Estudos Sociais com especializa\u00e7\u00e3o em Planejamento Territorial e Desenvolvimento Sustent\u00e1vel<\/p>\n\n\n\n<p>Ela \u00e9 co-fundadora e atual presidente da organiza\u00e7\u00e3o juvenil Mo&#8217;a Mau o te Taure&#8217;a-re&#8217;a ou Grande Respeito de jovens para jovens, que promove v\u00e1rias iniciativas, como workshops, limpezas costeiras, discuss\u00f5es e escolas de ver\u00e3o para jovens, a fim de revitalizar o valor ancestral do Mo&#8217;a ou respeito, em diferentes \u00e1reas (pessoal, social, cultural e ambiental) de nossas vidas, com \u00eanfase no mo&#8217;a em rela\u00e7\u00e3o \u00e0 natureza, alcan\u00e7ando assim a sustentabilidade a partir de uma perspectiva cultural Rapa Nui \u00fanica.<\/p>\n\n\n\n<p>Tamb\u00e9m faz parte da recente organiza\u00e7\u00e3o de jovens estudantes Rapa Nui em todo o mundo chamada Haka Nonoga. Participou de diferentes reuni\u00f5es em n\u00edvel local, nacional e internacional sobre mudan\u00e7as clim\u00e1ticas, conserva\u00e7\u00e3o ambiental, lideran\u00e7a juvenil e sustentabilidade (LCOY, RCOY, COP24, COP27).<\/p>\n\n\n\n<p>Ela dedicou tempo para aprender sobre suas ra\u00edzes por meio de mestres s\u00e1bios de Rapa Nui, que compartilharam com ela, por exemplo, a pr\u00e1tica de t\u0101kona (pintura corporal), que ela encontrou uma maneira de expressar e enviar uma mensagem \u00e0s pessoas sobre quest\u00f5es t\u00e3o importantes quanto a prote\u00e7\u00e3o ambiental e a igualdade de g\u00eanero. Tudo isso expresso no idioma Rapanui.<\/p>\n<\/div><\/div>\n\n\n\n<div class=\"wp-block-media-text alignwide has-media-on-the-right is-stacked-on-mobile\"><div class=\"wp-block-media-text__content\">\n<p><strong>Nyssa Nepe<\/strong><\/p>\n\n\n\n<p>Pa\u00eds: Nova Zel\u00e2ndia<\/p>\n\n\n\n<p>Povos ind\u00edgenas: Maori<\/p>\n\n\n\n<p>kia ora<\/p>\n\n\n\n<p>Ele uri au Ng\u0101 Wairiki Ng\u0101ti Apa, Nga Rauru Kiitahi,<\/p>\n\n\n\n<p>Te Arihaunui-\u0101-papaerangi, Tuwharetoa<\/p>\n\n\n\n<p>Ol\u00e1, meu nome \u00e9 Nyssa Nepe, tenho 20 anos e sou de um pa\u00eds chamado Aotearoa. Trabalho com minha tribo fazendo pesquisa e administra\u00e7\u00e3o e facilitando nosso programa de bolsas de estudo para lideran\u00e7a juvenil Maripi Tuatini. Sinto-me honrada por fazer parte dessa experi\u00eancia e mal posso esperar para encher meu copo com mais conhecimento sobre como ser uma l\u00edder melhor n\u00e3o apenas para meu povo, mas para o mundo.<\/p>\n\n\n\n<p><em>&#8220;Nunca tenha vergonha de quem voc\u00ea \u00e9.&#8221;<\/em><\/p>\n<\/div><figure class=\"wp-block-media-text__media\"><img loading=\"lazy\" decoding=\"async\" width=\"1200\" height=\"1200\" src=\"https:\/\/www.fscindigenousfoundation.org\/wp-content\/uploads\/2024\/09\/dcf-15.png\" alt=\"Nyssa Nepe Deep Connections Fellowship\" class=\"wp-image-13554 size-full\"\/><\/figure><\/div>\n\n\n\n<div class=\"wp-block-media-text alignwide is-stacked-on-mobile\"><figure class=\"wp-block-media-text__media\"><img decoding=\"async\" src=\"https:\/\/www.fscindigenousfoundation.org\/wp-content\/uploads\/2024\/09\/dcf-12-3-2.jpg\" alt=\"Rayen Alarc\u00f3n Deep Connections Fellowship\" class=\"wp-image-13689 size-full\"\/><\/figure><div class=\"wp-block-media-text__content\">\n<p><strong>Rayen Alarc\u00f3n Lipin<\/strong><\/p>\n\n\n\n<p>Pa\u00eds: Chile<\/p>\n\n\n\n<p>Povos ind\u00edgenas: Mapuche<\/p>\n\n\n\n<p>Sou o mais velho de tr\u00eas irm\u00e3os, minha m\u00e3e \u00e9 mapuche, ent\u00e3o nos criei junto com meu pai como mapuche, com as tradi\u00e7\u00f5es e a vis\u00e3o de mundo que ela adquiriu na comunidade. Minha m\u00e3e e meu pai s\u00e3o pessoas lindas que sempre tentaram nos dar os melhores princ\u00edpios e nos apoiaram em nossas lutas e sonhos.<\/p>\n\n\n\n<p>Minha m\u00e3e conta que meu av\u00f4 Pedro Lipin Motro foi um lutador pelos direitos territoriais e humanos de nosso povo; por sua vez, minha av\u00f3 Graciela Millal\u00e9n Huenchu\u00f1ir sempre viu que a educa\u00e7\u00e3o em ambos os mundos seria um mecanismo para alcan\u00e7ar o reconhecimento e o respeito por nossa identidade.&nbsp; Por isso, busco influenciar, em todos os espa\u00e7os, a partir de uma lideran\u00e7a positiva, com princ\u00edpios firmes e compromisso coletivo, ou seja, com a realidade territorial. Como jovem que conseguiu acessar a educa\u00e7\u00e3o universit\u00e1ria sem perder minha relev\u00e2ncia e identidade mapuche, \u00e9 essencial retribuir e contribuir continuamente com o conhecimento e as ferramentas adquiridas com meu povo e outros povos ind\u00edgenas.<\/p>\n\n\n\n<p>Assessoro v\u00e1rias organiza\u00e7\u00f5es ind\u00edgenas nas diferentes comunas da Regi\u00e3o Metropolitana, principalmente comunidades Mapuche urbanas e rurais, em quest\u00f5es da Conven\u00e7\u00e3o 169 da OIT, restitui\u00e7\u00e3o de terras e \u00e1guas ind\u00edgenas, mudan\u00e7a de sobrenome Mapuche, direitos humanos dos povos ind\u00edgenas em n\u00edvel internacional.<\/p>\n\n\n\n<p>Contribu\u00ed como consultor ind\u00edgena no processo da Conven\u00e7\u00e3o Constitucional do Chile. Em 2024, recebi o pr\u00eamio &#8220;L\u00edder do Futuro&#8221; da Universitas 21 em reconhecimento \u00e0 minha contribui\u00e7\u00e3o para a colabora\u00e7\u00e3o global por meio de uma lideran\u00e7a ativa na gera\u00e7\u00e3o de mudan\u00e7as sociais e na promo\u00e7\u00e3o da educa\u00e7\u00e3o de outras pessoas.<\/p>\n\n\n\n<p><em>&#8220;Somos o reflexo das lutas de nossos ancestrais, os princ\u00edpios de nossas ra\u00edzes, o povo mapuche, s\u00e3o nosso guia, portanto, tudo o que aprendemos deve ser compartilhado com nosso povo.<\/em><\/p>\n<\/div><\/div>\n\n\n\n<div class=\"wp-block-media-text alignwide has-media-on-the-right is-stacked-on-mobile\"><div class=\"wp-block-media-text__content\">\n<p><strong>Silvia Miranda<\/strong><\/p>\n\n\n\n<p>Pa\u00eds: Honduras<\/p>\n\n\n\n<p>Silvia Miranda Loredo \u00e9 uma advogada gar\u00edfuna hondurenha com grande foco na defesa da igualdade de direitos humanos, na constru\u00e7\u00e3o da paz e na promo\u00e7\u00e3o do empoderamento das mulheres. Ela \u00e9 fundadora e presidente da Fundaci\u00f3n Mujeres con Poder, que tem como objetivo fornecer recursos financeiros e acad\u00eamicos para mulheres e meninas ind\u00edgenas e afrodescendentes em seu aprendizado ao longo da vida.<\/p>\n\n\n\n<p>A Fundaci\u00f3n Mujeres con Poder capacita mulheres e meninas por meio de atividades de constru\u00e7\u00e3o da paz, oficinas de lideran\u00e7a e aulas de ingl\u00eas que as incentivam a defender seus direitos. Ao buscar a paz, a igualdade de direitos e o empoderamento das mulheres, Silvia espera levar a educa\u00e7\u00e3o \u00e0s comunidades marginalizadas. Atualmente, Silvia est\u00e1 fazendo mestrado em Administra\u00e7\u00e3o de Empresas na European Business School. Silvia deseja um ambiente mais pac\u00edfico e equitativo onde todas as meninas tenham acesso a uma educa\u00e7\u00e3o de qualidade.<\/p>\n<\/div><figure class=\"wp-block-media-text__media\"><img loading=\"lazy\" decoding=\"async\" width=\"1200\" height=\"1200\" src=\"https:\/\/www.fscindigenousfoundation.org\/wp-content\/uploads\/2024\/09\/dcf-4.jpg\" alt=\"Silvia Miranda Loredo Deep Connections Fellowship\" class=\"wp-image-13505 size-full\"\/><\/figure><\/div>\n\n\n\n<div class=\"wp-block-media-text alignwide is-stacked-on-mobile\"><figure class=\"wp-block-media-text__media\"><img loading=\"lazy\" decoding=\"async\" width=\"1200\" height=\"1200\" src=\"https:\/\/www.fscindigenousfoundation.org\/wp-content\/uploads\/2024\/09\/dcf-10.png\" alt=\"Tiana Jakecevich Deep Connections Fellowship\" class=\"wp-image-13530 size-full\"\/><\/figure><div class=\"wp-block-media-text__content\">\n<p><strong>Tiana Jakicevich<\/strong><\/p>\n\n\n\n<p>Pa\u00eds: Aotearoa (Nova Zel\u00e2ndia)<\/p>\n\n\n\n<p>Tiana Jakicevich \u00e9 uma defensora interdisciplinar de direitos humanos ind\u00edgenas, da terra e dos oceanos, de Aotearoa, Nova Zel\u00e2ndia. Ela \u00e9 descendente de Ng\u0101ti Kahungungu ki Te Wairoa, Whakat\u014dhea e Ng\u0101i T\u016bhoe, tr\u00eas tribos da costa leste da Ilha do Norte.<\/p>\n\n\n\n<p>Tiana cresceu cercada pelas florestas e oceanos de seus ancestrais. Ela tem uma compreens\u00e3o intr\u00ednseca de que as solu\u00e7\u00f5es para a crise clim\u00e1tica est\u00e3o ligadas \u00e0 descoloniza\u00e7\u00e3o e \u00e0 restaura\u00e7\u00e3o dos sistemas de conhecimento ind\u00edgena e das rela\u00e7\u00f5es com as pessoas e o lugar.<\/p>\n\n\n\n<p>Tiana defende a prote\u00e7\u00e3o dos direitos humanos e a justi\u00e7a clim\u00e1tica ind\u00edgena em suas comunidades em Aotearoa, Nova Zel\u00e2ndia, e internacionalmente com comunidades ind\u00edgenas em todo o mundo e em v\u00e1rios mecanismos das Na\u00e7\u00f5es Unidas. Ela \u00e9 cofundadora da Pakiaka, um think tank de Justi\u00e7a Clim\u00e1tica Ind\u00edgena, que desenvolve a capacidade e a habilidade dos povos ind\u00edgenas de se envolverem de forma proativa, e n\u00e3o reativa, nesse campo.<\/p>\n\n\n\n<p>Atualmente, Tiana est\u00e1 co-liderando um projeto no Pac\u00edfico para explorar a revitaliza\u00e7\u00e3o dos sistemas de conhecimento ind\u00edgena para mitigar e se adaptar \u00e0s mudan\u00e7as clim\u00e1ticas. Ela tamb\u00e9m \u00e9 membro do Pou Herenga (conselho consultivo maori) da Comiss\u00e3o de Mudan\u00e7as Clim\u00e1ticas da Nova Zel\u00e2ndia.<\/p>\n<\/div><\/div>\n\n\n\n<div class=\"wp-block-media-text alignwide has-media-on-the-right is-stacked-on-mobile\"><div class=\"wp-block-media-text__content\">\n<p><strong>Venancio Co\u00f1uepan<\/strong><\/p>\n\n\n\n<p>Pa\u00eds: Chile<\/p>\n\n\n\n<p>Venancio Co\u00f1uepan \u00e9 um l\u00edder global, ativista ind\u00edgena mapuche, advogado, empreendedor social e consultor internacional. Sua miss\u00e3o \u00e9 transformar o paradigma dos povos ind\u00edgenas, promovendo seu reconhecimento, empoderamento e desenvolvimento, e garantindo seu impacto na a\u00e7\u00e3o clim\u00e1tica, no desenvolvimento sustent\u00e1vel e na constru\u00e7\u00e3o da paz. Como diretor da Impacto Ind\u00edgena, uma empresa de consultoria ind\u00edgena, ele promove o impacto qu\u00e1druplo de empreendedores e organiza\u00e7\u00f5es ind\u00edgenas no Chile e na Am\u00e9rica Latina, abrangendo as dimens\u00f5es social, ambiental, econ\u00f4mica e cultural.<\/p>\n\n\n\n<p>Venancio tamb\u00e9m \u00e9 cofundador e diretor da Fundaci\u00f3n Empresas Ind\u00edgenas, diretor da Fundaci\u00f3n Pacto Social, Global Solvers da Fundaci\u00f3n Melton e presidente da Fundaci\u00f3n Ko\u00f1wepang-Millakir por el resto del Mapu y la Reconciliaci\u00f3n de los Pueblos, onde trabalha para posicionar os povos ind\u00edgenas como atores principais na agenda global de sustentabilidade e direitos humanos. Sua abordagem inovadora desafia as concep\u00e7\u00f5es tradicionais, destacando o papel dos povos ind\u00edgenas como parceiros plenos na cria\u00e7\u00e3o de um futuro mais equitativo e resiliente.<\/p>\n\n\n\n<p>Com uma s\u00f3lida experi\u00eancia em direitos humanos dos povos ind\u00edgenas, media\u00e7\u00e3o socioambiental, neg\u00f3cios e direitos humanos e sustentabilidade corporativa, Venancio foi consultor e diretor l\u00edder em v\u00e1rias organiza\u00e7\u00f5es. Sua lideran\u00e7a se concentra na elabora\u00e7\u00e3o de projetos impactantes e na forma\u00e7\u00e3o de alian\u00e7as estrat\u00e9gicas que promovem o valor dos povos ind\u00edgenas na constru\u00e7\u00e3o de um mundo mais justo e sustent\u00e1vel para todos.<\/p>\n<\/div><figure class=\"wp-block-media-text__media\"><img loading=\"lazy\" decoding=\"async\" width=\"1200\" height=\"1200\" src=\"https:\/\/www.fscindigenousfoundation.org\/wp-content\/uploads\/2024\/09\/dcf-8.jpg\" alt=\"Venacio Conuepan Deep Connections Fellowship\" class=\"wp-image-13563 size-full\"\/><\/figure><\/div>\n\n\n\n<div class=\"wp-block-media-text alignwide is-stacked-on-mobile\"><figure class=\"wp-block-media-text__media\"><img loading=\"lazy\" decoding=\"async\" width=\"1200\" height=\"1200\" src=\"https:\/\/www.fscindigenousfoundation.org\/wp-content\/uploads\/2024\/09\/dcf-1.jpg\" alt=\"Yoghikson Bang Deep Connections Fellowship\" class=\"wp-image-13501 size-full\"\/><\/figure><div class=\"wp-block-media-text__content\">\n<p><strong>Yodhikson Bang<\/strong><\/p>\n\n\n\n<p>Pa\u00eds: Indon\u00e9sia<\/p>\n\n\n\n<p>Membro da tribo Matulelang, Ilha Alor, Indon\u00e9sia<\/p>\n\n\n\n<p>Meu nome \u00e9 Yodhikson M. Bang (Dicky) e sou membro do grupo tribal Matulelang da Ilha Alor, Nusa Tenggara Oriental, Indon\u00e9sia. Sou gerente de opera\u00e7\u00f5es da Thresher Shark Indonesia (Yayasan Teman Laut Indonesia), uma ONG liderada por jovens que se concentra na conserva\u00e7\u00e3o de tubar\u00f5es-raposa amea\u00e7ados de extin\u00e7\u00e3o e no apoio \u00e0s comunidades costeiras. Em minha fun\u00e7\u00e3o, lidero projetos de campo e construo relacionamentos com parceiros, incluindo o governo, comunidades ind\u00edgenas, agentes de turismo e o p\u00fablico. Atualmente, lidero e apoio v\u00e1rios projetos: melhoria da conserva\u00e7\u00e3o dos recursos marinhos e fortalecimento da pesca em pequena escala em Alor, integra\u00e7\u00e3o do curr\u00edculo de conserva\u00e7\u00e3o marinha em escolas de ensino fundamental, assist\u00eancia a ex-pescadores de tubar\u00f5es e suas esposas em novos meios de subsist\u00eancia e realiza\u00e7\u00e3o de ampla divulga\u00e7\u00e3o de conserva\u00e7\u00e3o nas regi\u00f5es de Alor, Flores e Banda.<\/p>\n\n\n\n<p>Antes de entrar para a Thresher Shark Indonesia, eu era facilitadora da Humanity Inclusion. Ajudei grupos comunit\u00e1rios vulner\u00e1veis, como mulheres, meninas e pessoas com defici\u00eancia, a obter acesso igualit\u00e1rio ao desenvolvimento econ\u00f4mico. Al\u00e9m disso, lidero a comunidade da minha igreja, motivando os jovens a maximizar seu potencial, minimizando o uso de pl\u00e1stico e restaurando \u00e1reas de mangue para resili\u00eancia clim\u00e1tica.<\/p>\n<\/div><\/div>\n\n\n\n<p><\/p>\n\n\n\n<p>Por meio dessa bolsa, a FSC Indigenous Foundation (FSC-IF) e a Ag\u00eancia dos Estados Unidos para o Desenvolvimento Internacional (USAID) est\u00e3o apoiando a lideran\u00e7a de jovens ind\u00edgenas. Se quiser fazer uma parceria conosco e apoiar os jovens l\u00edderes ind\u00edgenas a inovar com o conhecimento ancestral e enfrentar as mudan\u00e7as clim\u00e1ticas, entre em contato conosco pelo e-mail <a href=\"mailto:fsc.if@fsc.org\">fsc.if@fsc.org<\/a><\/p>\n\n\n\n<p><\/p>\n\n\n\n<p><\/p>\n\n\n\n<p><\/p>\n\n\n\n<p><\/p>\n\n\n\n<p><\/p>\n\n\n\n<p><\/p>\n","protected":false},"excerpt":{"rendered":"<p>Jovens Ind\u00edgenas de todo o mundo participar\u00e3o da One Young World Summit e se juntar\u00e3o \u00e0 nossa rede de jovens<\/p>\n","protected":false},"author":2,"featured_media":13570,"comment_status":"closed","ping_status":"closed","sticky":false,"template":"","format":"standard","meta":{"footnotes":""},"categories":[3,23],"tags":[687,684,690,685,424,689,678,686,688],"class_list":["post-13619","post","type-post","status-publish","format-standard","has-post-thumbnail","hentry","category-nao-categorizado","category-outstanding-news-pt-br","tag-advocacia-indigena","tag-bolsa-deep-connections","tag-conhecimento-ancestral","tag-desenvolvimento-de-lideranca","tag-fsc-if-2","tag-jovens-lideres-indigenas","tag-one-young-world-summit-3","tag-oyw-4","tag-rede-de-juventude"],"acf":[],"yoast_head":"<!-- This site is optimized with the Yoast SEO plugin v26.9 - https:\/\/yoast.com\/product\/yoast-seo-wordpress\/ -->\n<title>Apresentamos nossos bolsistas do Deep Connections! - FSC Funda\u00e7\u00e3o Ind\u00edgena<\/title>\n<meta name=\"description\" content=\"A Funda\u00e7\u00e3o Ind\u00edgena FSC anuncia com orgulho os 15 Jovens L\u00edderes Ind\u00edgenas selecionados para a Bolsa Deep Connections. Eles participar\u00e3o do One Young World Summit em Montreal e se juntar\u00e3o \u00e0 nossa rede global de juventude.\" \/>\n<meta name=\"robots\" content=\"index, follow, max-snippet:-1, max-image-preview:large, max-video-preview:-1\" \/>\n<link rel=\"canonical\" href=\"https:\/\/www.fscindigenousfoundation.org\/pt-br\/bolsistas-deep-connections-jovens-lideres-indigenas\/\" \/>\n<meta property=\"og:locale\" content=\"pt_BR\" \/>\n<meta property=\"og:type\" content=\"article\" \/>\n<meta property=\"og:title\" content=\"Apresentamos nossos bolsistas do Deep Connections!\" \/>\n<meta property=\"og:description\" content=\"Jovens Ind\u00edgenas de todo o mundo participar\u00e3o da One Young World Summit e se juntar\u00e3o \u00e0 nossa rede de jovens\" \/>\n<meta property=\"og:url\" content=\"https:\/\/www.fscindigenousfoundation.org\/pt-br\/bolsistas-deep-connections-jovens-lideres-indigenas\/\" \/>\n<meta property=\"og:site_name\" content=\"FSC Funda\u00e7\u00e3o Ind\u00edgena\" \/>\n<meta property=\"article:publisher\" content=\"https:\/\/www.facebook.com\/fscindigenousfoundation\" \/>\n<meta property=\"article:published_time\" content=\"2024-09-11T22:44:36+00:00\" \/>\n<meta property=\"article:modified_time\" content=\"2025-11-03T15:21:58+00:00\" \/>\n<meta property=\"og:image\" content=\"https:\/\/www.fscindigenousfoundation.org\/wp-content\/uploads\/2024\/09\/oyw-image-768x433.png\" \/>\n<meta name=\"author\" content=\"FSC-IF\" \/>\n<meta name=\"twitter:card\" content=\"summary_large_image\" \/>\n<meta name=\"twitter:title\" content=\"Apresentamos nossos bolsistas do Deep Connections!\" \/>\n<meta name=\"twitter:description\" content=\"Jovens Ind\u00edgenas de todo o mundo participar\u00e3o da One Young World Summit e se juntar\u00e3o \u00e0 nossa rede de jovens\" \/>\n<meta name=\"twitter:image\" content=\"https:\/\/www.fscindigenousfoundation.org\/wp-content\/uploads\/2024\/09\/oyw-image-768x433.png\" \/>\n<meta name=\"twitter:creator\" content=\"@fsc_if\" \/>\n<meta name=\"twitter:site\" content=\"@fsc_if\" \/>\n<meta name=\"twitter:label1\" content=\"Written by\" \/>\n\t<meta name=\"twitter:data1\" content=\"FSC-IF\" \/>\n\t<meta name=\"twitter:label2\" content=\"Est. reading time\" \/>\n\t<meta name=\"twitter:data2\" content=\"20 minutes\" \/>\n<script type=\"application\/ld+json\" class=\"yoast-schema-graph\">{\"@context\":\"https:\/\/schema.org\",\"@graph\":[{\"@type\":\"Article\",\"@id\":\"https:\/\/www.fscindigenousfoundation.org\/pt-br\/bolsistas-deep-connections-jovens-lideres-indigenas\/#article\",\"isPartOf\":{\"@id\":\"https:\/\/www.fscindigenousfoundation.org\/pt-br\/bolsistas-deep-connections-jovens-lideres-indigenas\/\"},\"author\":{\"name\":\"FSC-IF\",\"@id\":\"https:\/\/www.fscindigenousfoundation.org\/pt-br\/#\/schema\/person\/0c54626e047eb40bf736bd993ad26ec9\"},\"headline\":\"Apresentamos nossos bolsistas do Deep Connections!\",\"datePublished\":\"2024-09-11T22:44:36+00:00\",\"dateModified\":\"2025-11-03T15:21:58+00:00\",\"mainEntityOfPage\":{\"@id\":\"https:\/\/www.fscindigenousfoundation.org\/pt-br\/bolsistas-deep-connections-jovens-lideres-indigenas\/\"},\"wordCount\":4083,\"publisher\":{\"@id\":\"https:\/\/www.fscindigenousfoundation.org\/pt-br\/#organization\"},\"image\":{\"@id\":\"https:\/\/www.fscindigenousfoundation.org\/pt-br\/bolsistas-deep-connections-jovens-lideres-indigenas\/#primaryimage\"},\"thumbnailUrl\":\"https:\/\/www.fscindigenousfoundation.org\/wp-content\/uploads\/2024\/09\/oyw-image.png\",\"keywords\":[\"Advocacia Ind\u00edgena\",\"Bolsa Deep Connections\",\"Conhecimento Ancestral\",\"Desenvolvimento de Lideran\u00e7a\",\"FSC-IF\",\"Jovens L\u00edderes Ind\u00edgenas\",\"One Young World Summit\",\"OYW\",\"Rede de Juventude\"],\"articleSection\":[\"N\u00e3o categorizado\",\"Outstanding news\"],\"inLanguage\":\"pt-BR\"},{\"@type\":\"WebPage\",\"@id\":\"https:\/\/www.fscindigenousfoundation.org\/pt-br\/bolsistas-deep-connections-jovens-lideres-indigenas\/\",\"url\":\"https:\/\/www.fscindigenousfoundation.org\/pt-br\/bolsistas-deep-connections-jovens-lideres-indigenas\/\",\"name\":\"Apresentamos nossos bolsistas do Deep Connections! - FSC Funda\u00e7\u00e3o Ind\u00edgena\",\"isPartOf\":{\"@id\":\"https:\/\/www.fscindigenousfoundation.org\/pt-br\/#website\"},\"primaryImageOfPage\":{\"@id\":\"https:\/\/www.fscindigenousfoundation.org\/pt-br\/bolsistas-deep-connections-jovens-lideres-indigenas\/#primaryimage\"},\"image\":{\"@id\":\"https:\/\/www.fscindigenousfoundation.org\/pt-br\/bolsistas-deep-connections-jovens-lideres-indigenas\/#primaryimage\"},\"thumbnailUrl\":\"https:\/\/www.fscindigenousfoundation.org\/wp-content\/uploads\/2024\/09\/oyw-image.png\",\"datePublished\":\"2024-09-11T22:44:36+00:00\",\"dateModified\":\"2025-11-03T15:21:58+00:00\",\"description\":\"A Funda\u00e7\u00e3o Ind\u00edgena FSC anuncia com orgulho os 15 Jovens L\u00edderes Ind\u00edgenas selecionados para a Bolsa Deep Connections. Eles participar\u00e3o do One Young World Summit em Montreal e se juntar\u00e3o \u00e0 nossa rede global de juventude.\",\"breadcrumb\":{\"@id\":\"https:\/\/www.fscindigenousfoundation.org\/pt-br\/bolsistas-deep-connections-jovens-lideres-indigenas\/#breadcrumb\"},\"inLanguage\":\"pt-BR\",\"potentialAction\":[{\"@type\":\"ReadAction\",\"target\":[\"https:\/\/www.fscindigenousfoundation.org\/pt-br\/bolsistas-deep-connections-jovens-lideres-indigenas\/\"]}]},{\"@type\":\"ImageObject\",\"inLanguage\":\"pt-BR\",\"@id\":\"https:\/\/www.fscindigenousfoundation.org\/pt-br\/bolsistas-deep-connections-jovens-lideres-indigenas\/#primaryimage\",\"url\":\"https:\/\/www.fscindigenousfoundation.org\/wp-content\/uploads\/2024\/09\/oyw-image.png\",\"contentUrl\":\"https:\/\/www.fscindigenousfoundation.org\/wp-content\/uploads\/2024\/09\/oyw-image.png\",\"width\":820,\"height\":462,\"caption\":\"Banner Deep Connections Fellows\"},{\"@type\":\"BreadcrumbList\",\"@id\":\"https:\/\/www.fscindigenousfoundation.org\/pt-br\/bolsistas-deep-connections-jovens-lideres-indigenas\/#breadcrumb\",\"itemListElement\":[{\"@type\":\"ListItem\",\"position\":1,\"name\":\"Home\",\"item\":\"https:\/\/www.fscindigenousfoundation.org\/pt-br\/\"},{\"@type\":\"ListItem\",\"position\":2,\"name\":\"Apresentamos nossos bolsistas do Deep Connections!\"}]},{\"@type\":\"WebSite\",\"@id\":\"https:\/\/www.fscindigenousfoundation.org\/pt-br\/#website\",\"url\":\"https:\/\/www.fscindigenousfoundation.org\/pt-br\/\",\"name\":\"IPARD\",\"description\":\"A FSC Funda\u00e7\u00e3o Ind\u00edgena \u00e9 uma funda\u00e7\u00e3o criada para oferecer solu\u00e7\u00f5es que garantam os direitos ind\u00edgenas e protejam seus territ\u00f3rios, floresta e conhecimento ancestral.\",\"publisher\":{\"@id\":\"https:\/\/www.fscindigenousfoundation.org\/pt-br\/#organization\"},\"potentialAction\":[{\"@type\":\"SearchAction\",\"target\":{\"@type\":\"EntryPoint\",\"urlTemplate\":\"https:\/\/www.fscindigenousfoundation.org\/pt-br\/?s={search_term_string}\"},\"query-input\":{\"@type\":\"PropertyValueSpecification\",\"valueRequired\":true,\"valueName\":\"search_term_string\"}}],\"inLanguage\":\"pt-BR\"},{\"@type\":\"Organization\",\"@id\":\"https:\/\/www.fscindigenousfoundation.org\/pt-br\/#organization\",\"name\":\"FSC Indigenous Foundation\",\"url\":\"https:\/\/www.fscindigenousfoundation.org\/pt-br\/\",\"logo\":{\"@type\":\"ImageObject\",\"inLanguage\":\"pt-BR\",\"@id\":\"https:\/\/www.fscindigenousfoundation.org\/pt-br\/#\/schema\/logo\/image\/\",\"url\":\"https:\/\/www.fscindigenousfoundation.org\/wp-content\/uploads\/2021\/09\/fsc-indigenous-foundation-color.png\",\"contentUrl\":\"https:\/\/www.fscindigenousfoundation.org\/wp-content\/uploads\/2021\/09\/fsc-indigenous-foundation-color.png\",\"width\":657,\"height\":197,\"caption\":\"FSC Indigenous Foundation\"},\"image\":{\"@id\":\"https:\/\/www.fscindigenousfoundation.org\/pt-br\/#\/schema\/logo\/image\/\"},\"sameAs\":[\"https:\/\/www.facebook.com\/fscindigenousfoundation\",\"https:\/\/x.com\/fsc_if\",\"https:\/\/instagram.com\/fscindigenousfoundation\"]},{\"@type\":\"Person\",\"@id\":\"https:\/\/www.fscindigenousfoundation.org\/pt-br\/#\/schema\/person\/0c54626e047eb40bf736bd993ad26ec9\",\"name\":\"FSC-IF\",\"url\":\"https:\/\/www.fscindigenousfoundation.org\/pt-br\/author\/fscif\/\"}]}<\/script>\n<!-- \/ Yoast SEO plugin. -->","yoast_head_json":{"title":"Apresentamos nossos bolsistas do Deep Connections! - FSC Funda\u00e7\u00e3o Ind\u00edgena","description":"A Funda\u00e7\u00e3o Ind\u00edgena FSC anuncia com orgulho os 15 Jovens L\u00edderes Ind\u00edgenas selecionados para a Bolsa Deep Connections. Eles participar\u00e3o do One Young World Summit em Montreal e se juntar\u00e3o \u00e0 nossa rede global de juventude.","robots":{"index":"index","follow":"follow","max-snippet":"max-snippet:-1","max-image-preview":"max-image-preview:large","max-video-preview":"max-video-preview:-1"},"canonical":"https:\/\/www.fscindigenousfoundation.org\/pt-br\/bolsistas-deep-connections-jovens-lideres-indigenas\/","og_locale":"pt_BR","og_type":"article","og_title":"Apresentamos nossos bolsistas do Deep Connections!","og_description":"Jovens Ind\u00edgenas de todo o mundo participar\u00e3o da One Young World Summit e se juntar\u00e3o \u00e0 nossa rede de jovens","og_url":"https:\/\/www.fscindigenousfoundation.org\/pt-br\/bolsistas-deep-connections-jovens-lideres-indigenas\/","og_site_name":"FSC Funda\u00e7\u00e3o Ind\u00edgena","article_publisher":"https:\/\/www.facebook.com\/fscindigenousfoundation","article_published_time":"2024-09-11T22:44:36+00:00","article_modified_time":"2025-11-03T15:21:58+00:00","og_image":[{"url":"https:\/\/www.fscindigenousfoundation.org\/wp-content\/uploads\/2024\/09\/oyw-image-768x433.png","type":"","width":"","height":""}],"author":"FSC-IF","twitter_card":"summary_large_image","twitter_title":"Apresentamos nossos bolsistas do Deep Connections!","twitter_description":"Jovens Ind\u00edgenas de todo o mundo participar\u00e3o da One Young World Summit e se juntar\u00e3o \u00e0 nossa rede de jovens","twitter_image":"https:\/\/www.fscindigenousfoundation.org\/wp-content\/uploads\/2024\/09\/oyw-image-768x433.png","twitter_creator":"@fsc_if","twitter_site":"@fsc_if","twitter_misc":{"Written by":"FSC-IF","Est. reading time":"20 minutes"},"schema":{"@context":"https:\/\/schema.org","@graph":[{"@type":"Article","@id":"https:\/\/www.fscindigenousfoundation.org\/pt-br\/bolsistas-deep-connections-jovens-lideres-indigenas\/#article","isPartOf":{"@id":"https:\/\/www.fscindigenousfoundation.org\/pt-br\/bolsistas-deep-connections-jovens-lideres-indigenas\/"},"author":{"name":"FSC-IF","@id":"https:\/\/www.fscindigenousfoundation.org\/pt-br\/#\/schema\/person\/0c54626e047eb40bf736bd993ad26ec9"},"headline":"Apresentamos nossos bolsistas do Deep Connections!","datePublished":"2024-09-11T22:44:36+00:00","dateModified":"2025-11-03T15:21:58+00:00","mainEntityOfPage":{"@id":"https:\/\/www.fscindigenousfoundation.org\/pt-br\/bolsistas-deep-connections-jovens-lideres-indigenas\/"},"wordCount":4083,"publisher":{"@id":"https:\/\/www.fscindigenousfoundation.org\/pt-br\/#organization"},"image":{"@id":"https:\/\/www.fscindigenousfoundation.org\/pt-br\/bolsistas-deep-connections-jovens-lideres-indigenas\/#primaryimage"},"thumbnailUrl":"https:\/\/www.fscindigenousfoundation.org\/wp-content\/uploads\/2024\/09\/oyw-image.png","keywords":["Advocacia Ind\u00edgena","Bolsa Deep Connections","Conhecimento Ancestral","Desenvolvimento de Lideran\u00e7a","FSC-IF","Jovens L\u00edderes Ind\u00edgenas","One Young World Summit","OYW","Rede de Juventude"],"articleSection":["N\u00e3o categorizado","Outstanding news"],"inLanguage":"pt-BR"},{"@type":"WebPage","@id":"https:\/\/www.fscindigenousfoundation.org\/pt-br\/bolsistas-deep-connections-jovens-lideres-indigenas\/","url":"https:\/\/www.fscindigenousfoundation.org\/pt-br\/bolsistas-deep-connections-jovens-lideres-indigenas\/","name":"Apresentamos nossos bolsistas do Deep Connections! - FSC Funda\u00e7\u00e3o Ind\u00edgena","isPartOf":{"@id":"https:\/\/www.fscindigenousfoundation.org\/pt-br\/#website"},"primaryImageOfPage":{"@id":"https:\/\/www.fscindigenousfoundation.org\/pt-br\/bolsistas-deep-connections-jovens-lideres-indigenas\/#primaryimage"},"image":{"@id":"https:\/\/www.fscindigenousfoundation.org\/pt-br\/bolsistas-deep-connections-jovens-lideres-indigenas\/#primaryimage"},"thumbnailUrl":"https:\/\/www.fscindigenousfoundation.org\/wp-content\/uploads\/2024\/09\/oyw-image.png","datePublished":"2024-09-11T22:44:36+00:00","dateModified":"2025-11-03T15:21:58+00:00","description":"A Funda\u00e7\u00e3o Ind\u00edgena FSC anuncia com orgulho os 15 Jovens L\u00edderes Ind\u00edgenas selecionados para a Bolsa Deep Connections. Eles participar\u00e3o do One Young World Summit em Montreal e se juntar\u00e3o \u00e0 nossa rede global de juventude.","breadcrumb":{"@id":"https:\/\/www.fscindigenousfoundation.org\/pt-br\/bolsistas-deep-connections-jovens-lideres-indigenas\/#breadcrumb"},"inLanguage":"pt-BR","potentialAction":[{"@type":"ReadAction","target":["https:\/\/www.fscindigenousfoundation.org\/pt-br\/bolsistas-deep-connections-jovens-lideres-indigenas\/"]}]},{"@type":"ImageObject","inLanguage":"pt-BR","@id":"https:\/\/www.fscindigenousfoundation.org\/pt-br\/bolsistas-deep-connections-jovens-lideres-indigenas\/#primaryimage","url":"https:\/\/www.fscindigenousfoundation.org\/wp-content\/uploads\/2024\/09\/oyw-image.png","contentUrl":"https:\/\/www.fscindigenousfoundation.org\/wp-content\/uploads\/2024\/09\/oyw-image.png","width":820,"height":462,"caption":"Banner Deep Connections Fellows"},{"@type":"BreadcrumbList","@id":"https:\/\/www.fscindigenousfoundation.org\/pt-br\/bolsistas-deep-connections-jovens-lideres-indigenas\/#breadcrumb","itemListElement":[{"@type":"ListItem","position":1,"name":"Home","item":"https:\/\/www.fscindigenousfoundation.org\/pt-br\/"},{"@type":"ListItem","position":2,"name":"Apresentamos nossos bolsistas do Deep Connections!"}]},{"@type":"WebSite","@id":"https:\/\/www.fscindigenousfoundation.org\/pt-br\/#website","url":"https:\/\/www.fscindigenousfoundation.org\/pt-br\/","name":"IPARD","description":"A FSC Funda\u00e7\u00e3o Ind\u00edgena \u00e9 uma funda\u00e7\u00e3o criada para oferecer solu\u00e7\u00f5es que garantam os direitos ind\u00edgenas e protejam seus territ\u00f3rios, floresta e conhecimento ancestral.","publisher":{"@id":"https:\/\/www.fscindigenousfoundation.org\/pt-br\/#organization"},"potentialAction":[{"@type":"SearchAction","target":{"@type":"EntryPoint","urlTemplate":"https:\/\/www.fscindigenousfoundation.org\/pt-br\/?s={search_term_string}"},"query-input":{"@type":"PropertyValueSpecification","valueRequired":true,"valueName":"search_term_string"}}],"inLanguage":"pt-BR"},{"@type":"Organization","@id":"https:\/\/www.fscindigenousfoundation.org\/pt-br\/#organization","name":"FSC Indigenous Foundation","url":"https:\/\/www.fscindigenousfoundation.org\/pt-br\/","logo":{"@type":"ImageObject","inLanguage":"pt-BR","@id":"https:\/\/www.fscindigenousfoundation.org\/pt-br\/#\/schema\/logo\/image\/","url":"https:\/\/www.fscindigenousfoundation.org\/wp-content\/uploads\/2021\/09\/fsc-indigenous-foundation-color.png","contentUrl":"https:\/\/www.fscindigenousfoundation.org\/wp-content\/uploads\/2021\/09\/fsc-indigenous-foundation-color.png","width":657,"height":197,"caption":"FSC Indigenous Foundation"},"image":{"@id":"https:\/\/www.fscindigenousfoundation.org\/pt-br\/#\/schema\/logo\/image\/"},"sameAs":["https:\/\/www.facebook.com\/fscindigenousfoundation","https:\/\/x.com\/fsc_if","https:\/\/instagram.com\/fscindigenousfoundation"]},{"@type":"Person","@id":"https:\/\/www.fscindigenousfoundation.org\/pt-br\/#\/schema\/person\/0c54626e047eb40bf736bd993ad26ec9","name":"FSC-IF","url":"https:\/\/www.fscindigenousfoundation.org\/pt-br\/author\/fscif\/"}]}},"_links":{"self":[{"href":"https:\/\/www.fscindigenousfoundation.org\/pt-br\/wp-json\/wp\/v2\/posts\/13619","targetHints":{"allow":["GET"]}}],"collection":[{"href":"https:\/\/www.fscindigenousfoundation.org\/pt-br\/wp-json\/wp\/v2\/posts"}],"about":[{"href":"https:\/\/www.fscindigenousfoundation.org\/pt-br\/wp-json\/wp\/v2\/types\/post"}],"author":[{"embeddable":true,"href":"https:\/\/www.fscindigenousfoundation.org\/pt-br\/wp-json\/wp\/v2\/users\/2"}],"replies":[{"embeddable":true,"href":"https:\/\/www.fscindigenousfoundation.org\/pt-br\/wp-json\/wp\/v2\/comments?post=13619"}],"version-history":[{"count":7,"href":"https:\/\/www.fscindigenousfoundation.org\/pt-br\/wp-json\/wp\/v2\/posts\/13619\/revisions"}],"predecessor-version":[{"id":16889,"href":"https:\/\/www.fscindigenousfoundation.org\/pt-br\/wp-json\/wp\/v2\/posts\/13619\/revisions\/16889"}],"wp:featuredmedia":[{"embeddable":true,"href":"https:\/\/www.fscindigenousfoundation.org\/pt-br\/wp-json\/wp\/v2\/media\/13570"}],"wp:attachment":[{"href":"https:\/\/www.fscindigenousfoundation.org\/pt-br\/wp-json\/wp\/v2\/media?parent=13619"}],"wp:term":[{"taxonomy":"category","embeddable":true,"href":"https:\/\/www.fscindigenousfoundation.org\/pt-br\/wp-json\/wp\/v2\/categories?post=13619"},{"taxonomy":"post_tag","embeddable":true,"href":"https:\/\/www.fscindigenousfoundation.org\/pt-br\/wp-json\/wp\/v2\/tags?post=13619"}],"curies":[{"name":"wp","href":"https:\/\/api.w.org\/{rel}","templated":true}]}}