{"id":6246,"date":"2022-08-25T20:45:50","date_gmt":"2022-08-26T00:45:50","guid":{"rendered":"https:\/\/www.fscindigenousfoundation.org\/?p=6246"},"modified":"2023-01-30T10:27:17","modified_gmt":"2023-01-30T15:27:17","slug":"les-dirigeants-autochtones-de-meso-amerique-dafrique-et-du-perou-ont-participe-a-latelier-de-formation-des-negociations-sur-le-changement-climatique","status":"publish","type":"post","link":"https:\/\/www.fscindigenousfoundation.org\/fr\/les-dirigeants-autochtones-de-meso-amerique-dafrique-et-du-perou-ont-participe-a-latelier-de-formation-des-negociations-sur-le-changement-climatique\/","title":{"rendered":"Les Dirigeants Autochtones de M\u00e9so-Am\u00e9rique, d&#8217;Afrique et du P\u00e9rou ont particip\u00e9 \u00e0 l&#8217;atelier de formation des n\u00e9gociations sur le changement climatique"},"content":{"rendered":"\n<figure class=\"wp-block-gallery has-nested-images columns-default is-cropped wp-block-gallery-1 is-layout-flex wp-block-gallery-is-layout-flex\">\n<figure class=\"wp-block-image size-large\"><img loading=\"lazy\" decoding=\"async\" width=\"1920\" height=\"900\" data-id=\"6239\" src=\"https:\/\/www.fscindigenousfoundation.org\/wp-content\/uploads\/2022\/08\/banner-fsc2.jpg\" alt=\"Banni\u00e8re de l'atelier de formation \u00e0 la n\u00e9gociation sur le changement climatique - Collage de portraits des peuples autochtones du monde\" class=\"wp-image-6239\"\/><\/figure>\n<\/figure>\n\n\n\n<p><\/p>\n\n\n\n<p><strong>Panama City, Panama. <\/strong>Pr\u00e8s de 50 Dirigeants Autochtones de 20 pays de M\u00e9so-Am\u00e9rique, d&#8217;Afrique et d&#8217;Am\u00e9rique du Sud ont particip\u00e9 \u00e0 l&#8217;atelier virtuel sur la n\u00e9gociation du changement climatique.&nbsp;<\/p>\n\n\n\n<p>Le but de cet \u00e9v\u00e9nement visait \u00e0 cr\u00e9er un espace formatif qui contribue \u00e0 renforcer les capacit\u00e9s des organisations \u00e0 assurer le plein respect des droits des Peuples Autochtones. \u00c0 quelques mois du <a href=\"https:\/\/www.cop27.eg\/#\/\" target=\"_blank\" rel=\"noreferrer noopener\">Sommet sur le Changement Climatique <\/a>qui se tiendra \u00e0 Sharm El Sheik en \u00c9gypte du 6 au 18 novembre, les organisations Autochtones doivent se pr\u00e9parer \u00e0 pouvoir d\u00e9fendre directement leurs droits \u00e9conomiques, sociaux, culturels, collectifs et territoriaux.<\/p>\n\n\n\n<p>En r\u00e9ponse \u00e0 cette probl\u00e9matique, le programme IPARD cherche \u00e0 contribuer au renforcement coh\u00e9rent et \u00e0 long terme des capacit\u00e9s techniques, organisationnelles et de gestion, dans le but de donner aux Peuples Autochtones les moyens de s&#8217;engager et de collaborer avec les secteurs public et priv\u00e9 afin de co-cr\u00e9er des solutions qui g\u00e9n\u00e8rent des b\u00e9n\u00e9fices mutuels.&nbsp;&nbsp;&nbsp;<\/p>\n\n\n\n<p><strong>\u00ab<\/strong> <em>Les connaissances que j&#8217;ai pu acqu\u00e9rir seront utiles aux autres Peuples Autochtones lors de la formation que je leur offrirai avant la COP.&nbsp; De plus, ces connaissances sont tr\u00e8s utiles pour contribuer au cours des n\u00e9gociations et par la suite, \u00e0 la mise en \u0153uvre de la convention, du protocole de Kyoto et de l&#8217;accord de Paris pour am\u00e9liorer les conditions de vie des Peuples Autochtones<\/em> <strong>\u00bb<\/strong> a d\u00e9clar\u00e9 l&#8217;un des participants, Severin Sindizera, Coordinateur national de projet pour l&#8217; Association pour l&#8217;int\u00e9gration et le d\u00e9veloppement durable au Burundi.&nbsp;&nbsp;<\/p>\n\n\n\n<p>Le s\u00e9minaire de n\u00e9gociation sur le changement climatique a \u00e9t\u00e9 organis\u00e9 en trois sessions participatives men\u00e9es sous les conseils de l&#8217;expert en changement climatique, Eduardo Reyes, et de <a href=\"https:\/\/www.fscindigenousfoundation.org\/fr\/a-propos-de-nous\/#notre-equipe\" target=\"_blank\" rel=\"noreferrer noopener\">l&#8217;\u00e9quipe du programme IPARD<\/a> de la Fondation Indig\u00e8ne FSC. Le s\u00e9minaire a \u00e9galement b\u00e9n\u00e9fici\u00e9 de la participation et du soutien de <a href=\"https:\/\/www.alianzamesoamericana.org\/en\/\" target=\"_blank\" rel=\"noreferrer noopener\">l&#8217;Alliance M\u00e9so-am\u00e9ricaine des Peuples et des For\u00eats <\/a>(AMPB), du R\u00e9seau des Peuples Autochtones et Locaux pour la Gestion Durable des \u00c9cosyst\u00e8mes Forestiers en Afrique Centrale (REPALEAC), du <a href=\"https:\/\/www.ipacc.org.za\/\" target=\"_blank\" rel=\"noreferrer noopener\">Comit\u00e9 de Coordination des Peuples Autochtones d&#8217;Afrique<\/a> (IPACC) et de la Fondation RUZBUMET.&nbsp;<\/p>\n\n\n\n<p>Lors de ces entretiens, les participants ont abord\u00e9 des questions li\u00e9es au cadre des espaces de n\u00e9gociation, aux r\u00e9glementations principales concernant les Peuples Autochtones et les for\u00eats, aux contributions des territoires Autochtones dans les pays et aux recommandations sur les initiatives \u00e0 prendre pour assurer que les contributions des for\u00eats des territoires Autochtones \u00e0 l&#8217;att\u00e9nuation du changement climatique soient visibles dans les CND (Contributions D\u00e9termin\u00e9es au niveau National) des pays.&nbsp;<\/p>\n\n\n\n<p><strong>\u00ab<\/strong><em> Participer \u00e0 l&#8217;atelier des n\u00e9gociateurs repr\u00e9sente un espace de formation tr\u00e8s important. En tant que jeune femme gunadule, il m&#8217;a permis d&#8217;apprendre et de renforcer plusieurs questions qui sont importantes dans les n\u00e9gociations sur le changement climatique. Par exemple : les processus, les acteurs des processus, le soutien que nous devons apporter, les groupes de n\u00e9gociation et les coalitions qui existent dans les diff\u00e9rents pays, l&#8217;importance des NDC <\/em><strong>\u00bb<\/strong> a d\u00e9clar\u00e9 Jocabed Solano du peuple Guna du Panama et Directeur de Memoria Ind\u00edgena.\u00a0<\/p>\n\n\n\n<h2 class=\"has-text-color has-large-font-size wp-block-heading\" style=\"color:#9e0000\">Sur l\u2019atelier de N\u00e9gociation sur le Changement Climatique<\/h2>\n\n\n\n<p>La premi\u00e8re session comprenait une pr\u00e9sentation de la Conf\u00e9rence des Nations Unies sur le changement climatique : l&#8217;itin\u00e9raire, la hi\u00e9rarchie et les principaux m\u00e9canismes de structuration des programmes th\u00e9matiques et de prise de d\u00e9cision dans les sessions officielles des parties, pour permettre aux organisations Autochtones d&#8217;apprendre en d\u00e9tail le fonctionnement de cet espace de soutien et pour qu&#8217;elles puissent pr\u00e9parer leurs interventions de sorte qu&#8217;elles puissent atteindre les audiences principales en ayant un impact \u00e0 la fois au niveau national et international.&nbsp;<\/p>\n\n\n\n<p>La deuxi\u00e8me session s&#8217;est concentr\u00e9e sur la description des principaux acteurs et coalitions impliqu\u00e9s dans le processus des n\u00e9gociations climatiques, dans le but de rendre claire et visible les dynamiques des d\u00e9bats officiels. Plusieurs aspects ont \u00e9t\u00e9 abord\u00e9s, tels que les repr\u00e9sentations, l&#8217;organisation des blocs et des coalitions par pays, r\u00e9gion et priorit\u00e9s.<\/p>\n\n\n\n<p>L&#8217;un des sujets les plus pertinents lors de cette session a \u00e9t\u00e9 la clarification du processus que les organisations Autochtones doivent suivre pour que leurs besoins et propositions soient pris en compte dans cet espace. L&#8217;expert Eduardo Reyes a expliqu\u00e9 que m\u00eame si les Peuples Autochtones n&#8217;ont pas un espace de repr\u00e9sentation officiel parmi les partis, ils peuvent influencer cet espace gr\u00e2ce aux agendas des gouvernements nationaux, c&#8217;est pourquoi il est important de mener un travail de d\u00e9fense soutenu dans chacun des territoires.&nbsp;<\/p>\n\n\n\n<p>La troisi\u00e8me session s&#8217;est concentr\u00e9e sur l&#8217;analyse des engagements internationaux ratifi\u00e9s par les pays et leur relation avec les Peuples Autochtones, avec un accent particulier sur l&#8217;Accord de Paris et ses instruments ult\u00e9rieurs. L&#8217;analyse a envisag\u00e9 les implications et les impacts environnementaux, sociaux et \u00e9conomiques pour les Peuples Autochtones dans les sc\u00e9narios de conformit\u00e9 et de non-conformit\u00e9 aux principaux accords.&nbsp;<\/p>\n\n\n\n<p>Au cours de la pr\u00e9sentation, l&#8217;expert Eduardo Reyes a soulign\u00e9 l&#8217;importance d&#8217;analyser soigneusement chacun des instruments afin d&#8217;\u00e9viter qu&#8217;ils n&#8217;aient un impact n\u00e9gatif sur les peuples et organisations autochtones, en particulier ceux du Sud.&nbsp;<\/p>\n\n\n\n<p>La deuxi\u00e8me partie de la troisi\u00e8me session a vu la participation de Marcial Arias Medina, du peuple Guna, et d&#8217;Edgar Correa, de la communaut\u00e9 Maya de Belize, experts sur la mise en \u0153uvre des d\u00e9cisions et des \u00e9tapes \u00e0 suivre pour r\u00e9aliser les analyses demand\u00e9es par le Cadre REDD+ de Varsovie, conform\u00e9ment \u00e0 l&#8217;Accord de Paris. Les experts ont pr\u00e9sent\u00e9 les questions li\u00e9es aux instruments et outils disponibles pour d\u00e9velopper des mesures et des rapports qui rendent visibles les contributions des Peuples Autochtones aux processus d&#8217;adaptation et d&#8217;att\u00e9nuation du changement climatique.&nbsp;<\/p>\n\n\n\n<p>Au cours de leurs pr\u00e9sentations, Marcial et Edgar ont soulign\u00e9 l&#8217;importance des donn\u00e9es et des preuves.&nbsp;<\/p>\n\n\n\n<p>Ces informations permettent aux n\u00e9gociateurs de conna\u00eetre les \u00e9l\u00e9ments et les techniques dont ils ont besoin pour \u00e9tayer leurs discussions, car de nombreuses d\u00e9cisions sont prises sur la base de donn\u00e9es et d&#8217;informations scientifiques.&nbsp;<\/p>\n\n\n\n<p>Pour plus d&#8217;informations, voir l&#8217;atelier complet ici,  mat\u00e9riel disponible en <a href=\"https:\/\/youtube.com\/playlist?list=PLhYwcbksuHlNtIvdpW6983ghL8UwXlJ9x\" target=\"_blank\" rel=\"noreferrer noopener\">Anglais<\/a>, <a href=\"https:\/\/www.youtube.com\/watch?v=DYwxg7lz3OI&amp;list=PLhYwcbksuHlOr8Sp__lMIdkdZEX1Qj3Yp\" target=\"_blank\" rel=\"noreferrer noopener\">Espagnol<\/a> et <a href=\"https:\/\/youtube.com\/playlist?list=PLhYwcbksuHlPf5gfCj96x6WZwR7w4eR1r\" target=\"_blank\" rel=\"noreferrer noopener\">Fran\u00e7ais<\/a>.<\/p>\n\n\n\n<figure class=\"wp-block-embed is-type-video is-provider-youtube wp-block-embed-youtube wp-embed-aspect-16-9 wp-has-aspect-ratio\"><div class=\"wp-block-embed__wrapper\">\n<iframe loading=\"lazy\" title=\"Formation aux N\u00e9gociations sur le Changement Climatique\" width=\"640\" height=\"360\" src=\"https:\/\/www.youtube.com\/embed\/videoseries?list=PLhYwcbksuHlPf5gfCj96x6WZwR7w4eR1r\" frameborder=\"0\" allow=\"accelerometer; autoplay; clipboard-write; encrypted-media; gyroscope; picture-in-picture; web-share\" referrerpolicy=\"strict-origin-when-cross-origin\" allowfullscreen><\/iframe>\n<\/div><\/figure>\n\n\n\n<h2 class=\"has-text-color has-large-font-size wp-block-heading\" style=\"color:#9e0000\"><strong>Changement Climatique et Peuples Autochtones<\/strong><\/h2>\n\n\n\n<p>Les Peuples Autochtones g\u00e8rent un quart de la surface terrestre de la plan\u00e8te et leurs territoires abritent des ressources vitales pour la survie de l&#8217;humanit\u00e9 et de la plan\u00e8te. C&#8217;est pourquoi les territoires Autochtones sont une source de solutions globales au changement climatique et \u00e0 la gestion du cycle du carbone.&nbsp;<\/p>\n\n\n\n<p>Malgr\u00e9 leur importance mondiale, les Peuples Autochtones sont l&#8217;un des secteurs les plus affect\u00e9s par le changement climatique ; leurs territoires subissent les cons\u00e9quences de ph\u00e9nom\u00e8nes climatiques extr\u00eames tels que les s\u00e9cheresses et les inondations, ainsi que d&#8217;autres cons\u00e9quences d\u00e9riv\u00e9es de ces ph\u00e9nom\u00e8nes comme les incendies, les changements dans les cycles agraires qui provoquent des p\u00e9nuries d&#8217;aliments et de m\u00e9dicaments d\u00e9riv\u00e9s des for\u00eats et des plantes.&nbsp;<\/p>\n\n\n\n<p>En outre, les territoires Autochtones sont menac\u00e9s par les activit\u00e9s extractives, agro-industrielles et d&#8217;infrastructure qui repr\u00e9sentent l&#8217;une des plus grandes sources mondiales d&#8217;\u00e9missions \u00e0 cause de la d\u00e9forestation et de la pollution qu&#8217;elles provoquent. Selon les chiffres pr\u00e9sent\u00e9s par le GIEC (Groupe d&#8217;experts intergouvernemental sur l&#8217;\u00e9volution du climat), <strong>\u00ab<\/strong> les \u00e9missions de gaz dues aux activit\u00e9s humaines sont responsables d&#8217;une augmentation de la temp\u00e9rature d&#8217;environ 1,1\u00b0C au cours des ann\u00e9es 1850-1900. <strong>\u00bb<\/strong> Il est donc \u00e9vident que le d\u00e9veloppement intensif des activit\u00e9s humaines, telles que celles mentionn\u00e9es ci-dessus, risque de contribuer \u00e0 la crise climatique et \u00e0 l&#8217;augmentation des temp\u00e9ratures.&nbsp;<\/p>\n\n\n\n<p>Tout au long de l&#8217;histoire, les Peuples Autochtones ont r\u00e9ussi \u00e0 faire face \u00e0 diverses crises, y compris les ph\u00e9nom\u00e8nes climatiques, en se basant sur leurs connaissances et pratiques traditionnelles. C&#8217;est pourquoi plusieurs \u00e9tudes ont \u00e9t\u00e9 entreprises pour identifier les \u00e9l\u00e9ments cl\u00e9s permettant de g\u00e9rer les crises qui frappent le monde. Selon une <a href=\"https:\/\/esajournals.onlinelibrary.wiley.com\/doi\/abs\/10.1002\/fee.2148\">\u00e9tude<\/a> publi\u00e9e dans la revue Frontiers in Ecology and the Environment, la reconnaissance des droits des Peuples Autochtones est vitale pour la conservation des for\u00eats et la lutte contre le r\u00e9chauffement climatique. Cette m\u00eame recherche a r\u00e9v\u00e9l\u00e9 que 36 % des paysages forestiers intacts se trouvent dans des territoires Autochtones et que c&#8217;est gr\u00e2ce \u00e0 leurs connaissances et pratiques traditionnelles qu&#8217;ils ont r\u00e9ussi \u00e0 rester debout.<\/p>\n\n\n\n<p><em><strong>\u00ab<\/strong><\/em> <em>La survie de l&#8217;humanit\u00e9 est li\u00e9e au respect qu&#8217;elle porte \u00e0 la nature, d\u00e9truire la nature, c&#8217;est se d\u00e9truire soi-m\u00eame puisque les humains en font partie<\/em><strong> \u00bb<\/strong> a d\u00e9clar\u00e9 l&#8217;un des participants \u00e0 l&#8217;atelier, Adolphe Bope Bope Kwete, point focal pour la Dignit\u00e9 des Pygm\u00e9es (DIPY) en R\u00e9publique d\u00e9mocratique du Congo.<\/p>\n\n\n\n<p>Les impacts environnementaux, sociaux et \u00e9conomiques du changement climatique menacent les communaut\u00e9s, les territoires et les for\u00eats. C&#8217;est pourquoi le programme IPARD promeut cet atelier de n\u00e9gociation dans le but de permettre aux dirigeants de d\u00e9fendre leurs droits.&nbsp;<\/p>\n\n\n\n<p>Selon Dina Juc, originaire du peuple Maya Quich\u00e9 du Guatemala et responsable de l&#8217;Espace sur les droits de l&#8217;homme, <strong>\u00ab<\/strong><em> ces outils permettent de disposer de donn\u00e9es concr\u00e8tes et de pouvoir les pr\u00e9senter avec plus de s\u00e9curit\u00e9 lors des n\u00e9gociations. Cela permet aux dirigeants Autochtones qui viennent dans l&#8217;espace de n\u00e9gociation d&#8217;avoir un soutien et une base solides<\/em>. <strong>\u00bb<\/strong><\/p>\n","protected":false},"excerpt":{"rendered":"<p>A quelques mois de la COP27, Ie programme IPARD, dont la strat\u00e9gie vise \u00e0 renforcer les capacit\u00e9s des organisations autochtones du monde entier et \u00e0 catalyser l&#8217;auto d\u00e9veloppement holistique, a organis\u00e9 un atelier de formation sur la n\u00e9gociation du changement climatique. <\/p>\n","protected":false},"author":1,"featured_media":6239,"comment_status":"closed","ping_status":"closed","sticky":false,"template":"","format":"standard","meta":{"footnotes":""},"categories":[2,22],"tags":[61,62,76,63,64,65,66,77,67,49,78],"class_list":["post-6246","post","type-post","status-publish","format-standard","has-post-thumbnail","hentry","category-non-classifiee","category-outstanding-news-fr","tag-africa-fr","tag-capacity-building-fr","tag-changement-climatique","tag-climate-change-fr","tag-indigenous-peoples-fr","tag-indigenous-rights-fr","tag-latin-america-fr","tag-negociation","tag-negociations-fr","tag-peuples-autochtones","tag-renforcement-des-capacites"],"acf":[],"yoast_head":"<!-- This site is optimized with the Yoast SEO plugin v26.9 - https:\/\/yoast.com\/product\/yoast-seo-wordpress\/ -->\n<title>Les Dirigeants Autochtones de M\u00e9so-Am\u00e9rique, d&#039;Afrique et du P\u00e9rou ont particip\u00e9 \u00e0 l&#039;atelier de formation des n\u00e9gociations sur le changement climatique - Fondation Indig\u00e8ne FSC<\/title>\n<meta name=\"description\" content=\"A quelques mois de la COP27, Ie programme IPARD, dont la strat\u00e9gie vise \u00e0 renforcer les capacit\u00e9s des organisations autochtones du monde entier et \u00e0 catalyser l&#039;auto d\u00e9veloppement holistique, a organis\u00e9 un atelier de formation sur la n\u00e9gociation du changement climatique.\" \/>\n<meta name=\"robots\" content=\"index, follow, max-snippet:-1, max-image-preview:large, max-video-preview:-1\" \/>\n<link rel=\"canonical\" href=\"https:\/\/www.fscindigenousfoundation.org\/fr\/les-dirigeants-autochtones-de-meso-amerique-dafrique-et-du-perou-ont-participe-a-latelier-de-formation-des-negociations-sur-le-changement-climatique\/\" \/>\n<meta property=\"og:locale\" content=\"fr_FR\" \/>\n<meta property=\"og:type\" content=\"article\" \/>\n<meta property=\"og:title\" content=\"Les Dirigeants Autochtones de M\u00e9so-Am\u00e9rique, d&#039;Afrique et du P\u00e9rou ont particip\u00e9 \u00e0 l&#039;atelier de formation des n\u00e9gociations sur le changement climatique\" \/>\n<meta property=\"og:description\" content=\"A quelques mois de la COP27, Ie programme IPARD, dont la strat\u00e9gie vise \u00e0 renforcer les capacit\u00e9s des organisations autochtones du monde entier et \u00e0 catalyser l&#039;auto d\u00e9veloppement holistique, a organis\u00e9 un atelier de formation sur la n\u00e9gociation du changement climatique.\" \/>\n<meta property=\"og:url\" content=\"https:\/\/www.fscindigenousfoundation.org\/fr\/les-dirigeants-autochtones-de-meso-amerique-dafrique-et-du-perou-ont-participe-a-latelier-de-formation-des-negociations-sur-le-changement-climatique\/\" \/>\n<meta property=\"og:site_name\" content=\"Fondation Indig\u00e8ne FSC\" \/>\n<meta property=\"article:publisher\" content=\"https:\/\/www.facebook.com\/fscindigenousfoundation\" \/>\n<meta property=\"article:published_time\" content=\"2022-08-26T00:45:50+00:00\" \/>\n<meta property=\"article:modified_time\" content=\"2023-01-30T15:27:17+00:00\" \/>\n<meta property=\"og:image\" content=\"http:\/\/www.fscindigenousfoundation.org\/wp-content\/uploads\/2022\/08\/banner-fsc2.jpg\" \/>\n\t<meta property=\"og:image:width\" content=\"1920\" \/>\n\t<meta property=\"og:image:height\" content=\"900\" \/>\n\t<meta property=\"og:image:type\" content=\"image\/jpeg\" \/>\n<meta name=\"author\" content=\"Admin\" \/>\n<meta name=\"twitter:card\" content=\"summary_large_image\" \/>\n<meta name=\"twitter:title\" content=\"Les Dirigeants Autochtones de M\u00e9so-Am\u00e9rique, d&#039;Afrique et du P\u00e9rou ont particip\u00e9 \u00e0 l&#039;atelier de formation des n\u00e9gociations sur le changement climatique\" \/>\n<meta name=\"twitter:description\" content=\"A quelques mois de la COP27, Ie programme IPARD, dont la strat\u00e9gie vise \u00e0 renforcer les capacit\u00e9s des organisations autochtones du monde entier et \u00e0 catalyser l&#039;auto d\u00e9veloppement holistique, a organis\u00e9 un atelier de formation sur la n\u00e9gociation du changement climatique.\" \/>\n<meta name=\"twitter:image\" content=\"https:\/\/www.fscindigenousfoundation.org\/wp-content\/uploads\/2022\/08\/banner-fsc2.jpg\" \/>\n<meta name=\"twitter:creator\" content=\"@fsc_if\" \/>\n<meta name=\"twitter:site\" content=\"@fsc_if\" \/>\n<meta name=\"twitter:label1\" content=\"Written by\" \/>\n\t<meta name=\"twitter:data1\" content=\"Admin\" \/>\n\t<meta name=\"twitter:label2\" content=\"Est. reading time\" \/>\n\t<meta name=\"twitter:data2\" content=\"7 minutes\" \/>\n<script type=\"application\/ld+json\" class=\"yoast-schema-graph\">{\"@context\":\"https:\/\/schema.org\",\"@graph\":[{\"@type\":\"Article\",\"@id\":\"https:\/\/www.fscindigenousfoundation.org\/fr\/les-dirigeants-autochtones-de-meso-amerique-dafrique-et-du-perou-ont-participe-a-latelier-de-formation-des-negociations-sur-le-changement-climatique\/#article\",\"isPartOf\":{\"@id\":\"https:\/\/www.fscindigenousfoundation.org\/fr\/les-dirigeants-autochtones-de-meso-amerique-dafrique-et-du-perou-ont-participe-a-latelier-de-formation-des-negociations-sur-le-changement-climatique\/\"},\"author\":{\"name\":\"Admin\",\"@id\":\"https:\/\/www.fscindigenousfoundation.org\/fr\/#\/schema\/person\/2771f0a521aa6f1f4ea54b5c74194ec4\"},\"headline\":\"Les Dirigeants Autochtones de M\u00e9so-Am\u00e9rique, d&#8217;Afrique et du P\u00e9rou ont particip\u00e9 \u00e0 l&#8217;atelier de formation des n\u00e9gociations sur le changement climatique\",\"datePublished\":\"2022-08-26T00:45:50+00:00\",\"dateModified\":\"2023-01-30T15:27:17+00:00\",\"mainEntityOfPage\":{\"@id\":\"https:\/\/www.fscindigenousfoundation.org\/fr\/les-dirigeants-autochtones-de-meso-amerique-dafrique-et-du-perou-ont-participe-a-latelier-de-formation-des-negociations-sur-le-changement-climatique\/\"},\"wordCount\":1707,\"publisher\":{\"@id\":\"https:\/\/www.fscindigenousfoundation.org\/fr\/#organization\"},\"image\":{\"@id\":\"https:\/\/www.fscindigenousfoundation.org\/fr\/les-dirigeants-autochtones-de-meso-amerique-dafrique-et-du-perou-ont-participe-a-latelier-de-formation-des-negociations-sur-le-changement-climatique\/#primaryimage\"},\"thumbnailUrl\":\"https:\/\/www.fscindigenousfoundation.org\/wp-content\/uploads\/2022\/08\/banner-fsc2.jpg\",\"keywords\":[\"Africa\",\"Capacity Building\",\"changement climatique\",\"Climate Change\",\"Indigenous Peoples\",\"indigenous rights\",\"Latin America\",\"n\u00e9gociation\",\"Negociations\",\"Peuples Autochtones\",\"Renforcement des capacit\u00e9s\"],\"articleSection\":[\"Non classifi\u00e9(e)\",\"Outstanding news\"],\"inLanguage\":\"fr-FR\"},{\"@type\":\"WebPage\",\"@id\":\"https:\/\/www.fscindigenousfoundation.org\/fr\/les-dirigeants-autochtones-de-meso-amerique-dafrique-et-du-perou-ont-participe-a-latelier-de-formation-des-negociations-sur-le-changement-climatique\/\",\"url\":\"https:\/\/www.fscindigenousfoundation.org\/fr\/les-dirigeants-autochtones-de-meso-amerique-dafrique-et-du-perou-ont-participe-a-latelier-de-formation-des-negociations-sur-le-changement-climatique\/\",\"name\":\"Les Dirigeants Autochtones de M\u00e9so-Am\u00e9rique, d'Afrique et du P\u00e9rou ont particip\u00e9 \u00e0 l'atelier de formation des n\u00e9gociations sur le changement climatique - Fondation Indig\u00e8ne FSC\",\"isPartOf\":{\"@id\":\"https:\/\/www.fscindigenousfoundation.org\/fr\/#website\"},\"primaryImageOfPage\":{\"@id\":\"https:\/\/www.fscindigenousfoundation.org\/fr\/les-dirigeants-autochtones-de-meso-amerique-dafrique-et-du-perou-ont-participe-a-latelier-de-formation-des-negociations-sur-le-changement-climatique\/#primaryimage\"},\"image\":{\"@id\":\"https:\/\/www.fscindigenousfoundation.org\/fr\/les-dirigeants-autochtones-de-meso-amerique-dafrique-et-du-perou-ont-participe-a-latelier-de-formation-des-negociations-sur-le-changement-climatique\/#primaryimage\"},\"thumbnailUrl\":\"https:\/\/www.fscindigenousfoundation.org\/wp-content\/uploads\/2022\/08\/banner-fsc2.jpg\",\"datePublished\":\"2022-08-26T00:45:50+00:00\",\"dateModified\":\"2023-01-30T15:27:17+00:00\",\"description\":\"A quelques mois de la COP27, Ie programme IPARD, dont la strat\u00e9gie vise \u00e0 renforcer les capacit\u00e9s des organisations autochtones du monde entier et \u00e0 catalyser l'auto d\u00e9veloppement holistique, a organis\u00e9 un atelier de formation sur la n\u00e9gociation du changement climatique.\",\"breadcrumb\":{\"@id\":\"https:\/\/www.fscindigenousfoundation.org\/fr\/les-dirigeants-autochtones-de-meso-amerique-dafrique-et-du-perou-ont-participe-a-latelier-de-formation-des-negociations-sur-le-changement-climatique\/#breadcrumb\"},\"inLanguage\":\"fr-FR\",\"potentialAction\":[{\"@type\":\"ReadAction\",\"target\":[\"https:\/\/www.fscindigenousfoundation.org\/fr\/les-dirigeants-autochtones-de-meso-amerique-dafrique-et-du-perou-ont-participe-a-latelier-de-formation-des-negociations-sur-le-changement-climatique\/\"]}]},{\"@type\":\"ImageObject\",\"inLanguage\":\"fr-FR\",\"@id\":\"https:\/\/www.fscindigenousfoundation.org\/fr\/les-dirigeants-autochtones-de-meso-amerique-dafrique-et-du-perou-ont-participe-a-latelier-de-formation-des-negociations-sur-le-changement-climatique\/#primaryimage\",\"url\":\"https:\/\/www.fscindigenousfoundation.org\/wp-content\/uploads\/2022\/08\/banner-fsc2.jpg\",\"contentUrl\":\"https:\/\/www.fscindigenousfoundation.org\/wp-content\/uploads\/2022\/08\/banner-fsc2.jpg\",\"width\":1920,\"height\":900,\"caption\":\"FSC IF Indigenous leaders from Mesoamerica, Africa and Peru\"},{\"@type\":\"BreadcrumbList\",\"@id\":\"https:\/\/www.fscindigenousfoundation.org\/fr\/les-dirigeants-autochtones-de-meso-amerique-dafrique-et-du-perou-ont-participe-a-latelier-de-formation-des-negociations-sur-le-changement-climatique\/#breadcrumb\",\"itemListElement\":[{\"@type\":\"ListItem\",\"position\":1,\"name\":\"Home\",\"item\":\"https:\/\/www.fscindigenousfoundation.org\/fr\/\"},{\"@type\":\"ListItem\",\"position\":2,\"name\":\"Les Dirigeants Autochtones de M\u00e9so-Am\u00e9rique, d&#8217;Afrique et du P\u00e9rou ont particip\u00e9 \u00e0 l&#8217;atelier de formation des n\u00e9gociations sur le changement climatique\"}]},{\"@type\":\"WebSite\",\"@id\":\"https:\/\/www.fscindigenousfoundation.org\/fr\/#website\",\"url\":\"https:\/\/www.fscindigenousfoundation.org\/fr\/\",\"name\":\"IPARD\",\"description\":\"La Fondation Indig\u00e8ne FSC est une fondation cr\u00e9\u00e9e pour apporter des solutions qui garantissent les droits des Autochtones et prot\u00e8gent leur territoire, leurs for\u00eats et leurs connaissances ancestrales.\",\"publisher\":{\"@id\":\"https:\/\/www.fscindigenousfoundation.org\/fr\/#organization\"},\"potentialAction\":[{\"@type\":\"SearchAction\",\"target\":{\"@type\":\"EntryPoint\",\"urlTemplate\":\"https:\/\/www.fscindigenousfoundation.org\/fr\/?s={search_term_string}\"},\"query-input\":{\"@type\":\"PropertyValueSpecification\",\"valueRequired\":true,\"valueName\":\"search_term_string\"}}],\"inLanguage\":\"fr-FR\"},{\"@type\":\"Organization\",\"@id\":\"https:\/\/www.fscindigenousfoundation.org\/fr\/#organization\",\"name\":\"FSC Indigenous Foundation\",\"url\":\"https:\/\/www.fscindigenousfoundation.org\/fr\/\",\"logo\":{\"@type\":\"ImageObject\",\"inLanguage\":\"fr-FR\",\"@id\":\"https:\/\/www.fscindigenousfoundation.org\/fr\/#\/schema\/logo\/image\/\",\"url\":\"https:\/\/www.fscindigenousfoundation.org\/wp-content\/uploads\/2021\/09\/fsc-indigenous-foundation-color.png\",\"contentUrl\":\"https:\/\/www.fscindigenousfoundation.org\/wp-content\/uploads\/2021\/09\/fsc-indigenous-foundation-color.png\",\"width\":657,\"height\":197,\"caption\":\"FSC Indigenous Foundation\"},\"image\":{\"@id\":\"https:\/\/www.fscindigenousfoundation.org\/fr\/#\/schema\/logo\/image\/\"},\"sameAs\":[\"https:\/\/www.facebook.com\/fscindigenousfoundation\",\"https:\/\/x.com\/fsc_if\",\"https:\/\/instagram.com\/fscindigenousfoundation\"]},{\"@type\":\"Person\",\"@id\":\"https:\/\/www.fscindigenousfoundation.org\/fr\/#\/schema\/person\/2771f0a521aa6f1f4ea54b5c74194ec4\",\"name\":\"Admin\",\"sameAs\":[\"https:\/\/www.fscindigenousfoundation.org\"],\"url\":\"https:\/\/www.fscindigenousfoundation.org\/fr\/author\/admlab-ipard\/\"}]}<\/script>\n<!-- \/ Yoast SEO plugin. -->","yoast_head_json":{"title":"Les Dirigeants Autochtones de M\u00e9so-Am\u00e9rique, d'Afrique et du P\u00e9rou ont particip\u00e9 \u00e0 l'atelier de formation des n\u00e9gociations sur le changement climatique - Fondation Indig\u00e8ne FSC","description":"A quelques mois de la COP27, Ie programme IPARD, dont la strat\u00e9gie vise \u00e0 renforcer les capacit\u00e9s des organisations autochtones du monde entier et \u00e0 catalyser l'auto d\u00e9veloppement holistique, a organis\u00e9 un atelier de formation sur la n\u00e9gociation du changement climatique.","robots":{"index":"index","follow":"follow","max-snippet":"max-snippet:-1","max-image-preview":"max-image-preview:large","max-video-preview":"max-video-preview:-1"},"canonical":"https:\/\/www.fscindigenousfoundation.org\/fr\/les-dirigeants-autochtones-de-meso-amerique-dafrique-et-du-perou-ont-participe-a-latelier-de-formation-des-negociations-sur-le-changement-climatique\/","og_locale":"fr_FR","og_type":"article","og_title":"Les Dirigeants Autochtones de M\u00e9so-Am\u00e9rique, d'Afrique et du P\u00e9rou ont particip\u00e9 \u00e0 l'atelier de formation des n\u00e9gociations sur le changement climatique","og_description":"A quelques mois de la COP27, Ie programme IPARD, dont la strat\u00e9gie vise \u00e0 renforcer les capacit\u00e9s des organisations autochtones du monde entier et \u00e0 catalyser l'auto d\u00e9veloppement holistique, a organis\u00e9 un atelier de formation sur la n\u00e9gociation du changement climatique.","og_url":"https:\/\/www.fscindigenousfoundation.org\/fr\/les-dirigeants-autochtones-de-meso-amerique-dafrique-et-du-perou-ont-participe-a-latelier-de-formation-des-negociations-sur-le-changement-climatique\/","og_site_name":"Fondation Indig\u00e8ne FSC","article_publisher":"https:\/\/www.facebook.com\/fscindigenousfoundation","article_published_time":"2022-08-26T00:45:50+00:00","article_modified_time":"2023-01-30T15:27:17+00:00","og_image":[{"url":"http:\/\/www.fscindigenousfoundation.org\/wp-content\/uploads\/2022\/08\/banner-fsc2.jpg","width":1920,"height":900,"type":"image\/jpeg"}],"author":"Admin","twitter_card":"summary_large_image","twitter_title":"Les Dirigeants Autochtones de M\u00e9so-Am\u00e9rique, d'Afrique et du P\u00e9rou ont particip\u00e9 \u00e0 l'atelier de formation des n\u00e9gociations sur le changement climatique","twitter_description":"A quelques mois de la COP27, Ie programme IPARD, dont la strat\u00e9gie vise \u00e0 renforcer les capacit\u00e9s des organisations autochtones du monde entier et \u00e0 catalyser l'auto d\u00e9veloppement holistique, a organis\u00e9 un atelier de formation sur la n\u00e9gociation du changement climatique.","twitter_image":"https:\/\/www.fscindigenousfoundation.org\/wp-content\/uploads\/2022\/08\/banner-fsc2.jpg","twitter_creator":"@fsc_if","twitter_site":"@fsc_if","twitter_misc":{"Written by":"Admin","Est. reading time":"7 minutes"},"schema":{"@context":"https:\/\/schema.org","@graph":[{"@type":"Article","@id":"https:\/\/www.fscindigenousfoundation.org\/fr\/les-dirigeants-autochtones-de-meso-amerique-dafrique-et-du-perou-ont-participe-a-latelier-de-formation-des-negociations-sur-le-changement-climatique\/#article","isPartOf":{"@id":"https:\/\/www.fscindigenousfoundation.org\/fr\/les-dirigeants-autochtones-de-meso-amerique-dafrique-et-du-perou-ont-participe-a-latelier-de-formation-des-negociations-sur-le-changement-climatique\/"},"author":{"name":"Admin","@id":"https:\/\/www.fscindigenousfoundation.org\/fr\/#\/schema\/person\/2771f0a521aa6f1f4ea54b5c74194ec4"},"headline":"Les Dirigeants Autochtones de M\u00e9so-Am\u00e9rique, d&#8217;Afrique et du P\u00e9rou ont particip\u00e9 \u00e0 l&#8217;atelier de formation des n\u00e9gociations sur le changement climatique","datePublished":"2022-08-26T00:45:50+00:00","dateModified":"2023-01-30T15:27:17+00:00","mainEntityOfPage":{"@id":"https:\/\/www.fscindigenousfoundation.org\/fr\/les-dirigeants-autochtones-de-meso-amerique-dafrique-et-du-perou-ont-participe-a-latelier-de-formation-des-negociations-sur-le-changement-climatique\/"},"wordCount":1707,"publisher":{"@id":"https:\/\/www.fscindigenousfoundation.org\/fr\/#organization"},"image":{"@id":"https:\/\/www.fscindigenousfoundation.org\/fr\/les-dirigeants-autochtones-de-meso-amerique-dafrique-et-du-perou-ont-participe-a-latelier-de-formation-des-negociations-sur-le-changement-climatique\/#primaryimage"},"thumbnailUrl":"https:\/\/www.fscindigenousfoundation.org\/wp-content\/uploads\/2022\/08\/banner-fsc2.jpg","keywords":["Africa","Capacity Building","changement climatique","Climate Change","Indigenous Peoples","indigenous rights","Latin America","n\u00e9gociation","Negociations","Peuples Autochtones","Renforcement des capacit\u00e9s"],"articleSection":["Non classifi\u00e9(e)","Outstanding news"],"inLanguage":"fr-FR"},{"@type":"WebPage","@id":"https:\/\/www.fscindigenousfoundation.org\/fr\/les-dirigeants-autochtones-de-meso-amerique-dafrique-et-du-perou-ont-participe-a-latelier-de-formation-des-negociations-sur-le-changement-climatique\/","url":"https:\/\/www.fscindigenousfoundation.org\/fr\/les-dirigeants-autochtones-de-meso-amerique-dafrique-et-du-perou-ont-participe-a-latelier-de-formation-des-negociations-sur-le-changement-climatique\/","name":"Les Dirigeants Autochtones de M\u00e9so-Am\u00e9rique, d'Afrique et du P\u00e9rou ont particip\u00e9 \u00e0 l'atelier de formation des n\u00e9gociations sur le changement climatique - Fondation Indig\u00e8ne FSC","isPartOf":{"@id":"https:\/\/www.fscindigenousfoundation.org\/fr\/#website"},"primaryImageOfPage":{"@id":"https:\/\/www.fscindigenousfoundation.org\/fr\/les-dirigeants-autochtones-de-meso-amerique-dafrique-et-du-perou-ont-participe-a-latelier-de-formation-des-negociations-sur-le-changement-climatique\/#primaryimage"},"image":{"@id":"https:\/\/www.fscindigenousfoundation.org\/fr\/les-dirigeants-autochtones-de-meso-amerique-dafrique-et-du-perou-ont-participe-a-latelier-de-formation-des-negociations-sur-le-changement-climatique\/#primaryimage"},"thumbnailUrl":"https:\/\/www.fscindigenousfoundation.org\/wp-content\/uploads\/2022\/08\/banner-fsc2.jpg","datePublished":"2022-08-26T00:45:50+00:00","dateModified":"2023-01-30T15:27:17+00:00","description":"A quelques mois de la COP27, Ie programme IPARD, dont la strat\u00e9gie vise \u00e0 renforcer les capacit\u00e9s des organisations autochtones du monde entier et \u00e0 catalyser l'auto d\u00e9veloppement holistique, a organis\u00e9 un atelier de formation sur la n\u00e9gociation du changement climatique.","breadcrumb":{"@id":"https:\/\/www.fscindigenousfoundation.org\/fr\/les-dirigeants-autochtones-de-meso-amerique-dafrique-et-du-perou-ont-participe-a-latelier-de-formation-des-negociations-sur-le-changement-climatique\/#breadcrumb"},"inLanguage":"fr-FR","potentialAction":[{"@type":"ReadAction","target":["https:\/\/www.fscindigenousfoundation.org\/fr\/les-dirigeants-autochtones-de-meso-amerique-dafrique-et-du-perou-ont-participe-a-latelier-de-formation-des-negociations-sur-le-changement-climatique\/"]}]},{"@type":"ImageObject","inLanguage":"fr-FR","@id":"https:\/\/www.fscindigenousfoundation.org\/fr\/les-dirigeants-autochtones-de-meso-amerique-dafrique-et-du-perou-ont-participe-a-latelier-de-formation-des-negociations-sur-le-changement-climatique\/#primaryimage","url":"https:\/\/www.fscindigenousfoundation.org\/wp-content\/uploads\/2022\/08\/banner-fsc2.jpg","contentUrl":"https:\/\/www.fscindigenousfoundation.org\/wp-content\/uploads\/2022\/08\/banner-fsc2.jpg","width":1920,"height":900,"caption":"FSC IF Indigenous leaders from Mesoamerica, Africa and Peru"},{"@type":"BreadcrumbList","@id":"https:\/\/www.fscindigenousfoundation.org\/fr\/les-dirigeants-autochtones-de-meso-amerique-dafrique-et-du-perou-ont-participe-a-latelier-de-formation-des-negociations-sur-le-changement-climatique\/#breadcrumb","itemListElement":[{"@type":"ListItem","position":1,"name":"Home","item":"https:\/\/www.fscindigenousfoundation.org\/fr\/"},{"@type":"ListItem","position":2,"name":"Les Dirigeants Autochtones de M\u00e9so-Am\u00e9rique, d&#8217;Afrique et du P\u00e9rou ont particip\u00e9 \u00e0 l&#8217;atelier de formation des n\u00e9gociations sur le changement climatique"}]},{"@type":"WebSite","@id":"https:\/\/www.fscindigenousfoundation.org\/fr\/#website","url":"https:\/\/www.fscindigenousfoundation.org\/fr\/","name":"IPARD","description":"La Fondation Indig\u00e8ne FSC est une fondation cr\u00e9\u00e9e pour apporter des solutions qui garantissent les droits des Autochtones et prot\u00e8gent leur territoire, leurs for\u00eats et leurs connaissances ancestrales.","publisher":{"@id":"https:\/\/www.fscindigenousfoundation.org\/fr\/#organization"},"potentialAction":[{"@type":"SearchAction","target":{"@type":"EntryPoint","urlTemplate":"https:\/\/www.fscindigenousfoundation.org\/fr\/?s={search_term_string}"},"query-input":{"@type":"PropertyValueSpecification","valueRequired":true,"valueName":"search_term_string"}}],"inLanguage":"fr-FR"},{"@type":"Organization","@id":"https:\/\/www.fscindigenousfoundation.org\/fr\/#organization","name":"FSC Indigenous Foundation","url":"https:\/\/www.fscindigenousfoundation.org\/fr\/","logo":{"@type":"ImageObject","inLanguage":"fr-FR","@id":"https:\/\/www.fscindigenousfoundation.org\/fr\/#\/schema\/logo\/image\/","url":"https:\/\/www.fscindigenousfoundation.org\/wp-content\/uploads\/2021\/09\/fsc-indigenous-foundation-color.png","contentUrl":"https:\/\/www.fscindigenousfoundation.org\/wp-content\/uploads\/2021\/09\/fsc-indigenous-foundation-color.png","width":657,"height":197,"caption":"FSC Indigenous Foundation"},"image":{"@id":"https:\/\/www.fscindigenousfoundation.org\/fr\/#\/schema\/logo\/image\/"},"sameAs":["https:\/\/www.facebook.com\/fscindigenousfoundation","https:\/\/x.com\/fsc_if","https:\/\/instagram.com\/fscindigenousfoundation"]},{"@type":"Person","@id":"https:\/\/www.fscindigenousfoundation.org\/fr\/#\/schema\/person\/2771f0a521aa6f1f4ea54b5c74194ec4","name":"Admin","sameAs":["https:\/\/www.fscindigenousfoundation.org"],"url":"https:\/\/www.fscindigenousfoundation.org\/fr\/author\/admlab-ipard\/"}]}},"_links":{"self":[{"href":"https:\/\/www.fscindigenousfoundation.org\/fr\/wp-json\/wp\/v2\/posts\/6246","targetHints":{"allow":["GET"]}}],"collection":[{"href":"https:\/\/www.fscindigenousfoundation.org\/fr\/wp-json\/wp\/v2\/posts"}],"about":[{"href":"https:\/\/www.fscindigenousfoundation.org\/fr\/wp-json\/wp\/v2\/types\/post"}],"author":[{"embeddable":true,"href":"https:\/\/www.fscindigenousfoundation.org\/fr\/wp-json\/wp\/v2\/users\/1"}],"replies":[{"embeddable":true,"href":"https:\/\/www.fscindigenousfoundation.org\/fr\/wp-json\/wp\/v2\/comments?post=6246"}],"version-history":[{"count":9,"href":"https:\/\/www.fscindigenousfoundation.org\/fr\/wp-json\/wp\/v2\/posts\/6246\/revisions"}],"predecessor-version":[{"id":8316,"href":"https:\/\/www.fscindigenousfoundation.org\/fr\/wp-json\/wp\/v2\/posts\/6246\/revisions\/8316"}],"wp:featuredmedia":[{"embeddable":true,"href":"https:\/\/www.fscindigenousfoundation.org\/fr\/wp-json\/wp\/v2\/media\/6239"}],"wp:attachment":[{"href":"https:\/\/www.fscindigenousfoundation.org\/fr\/wp-json\/wp\/v2\/media?parent=6246"}],"wp:term":[{"taxonomy":"category","embeddable":true,"href":"https:\/\/www.fscindigenousfoundation.org\/fr\/wp-json\/wp\/v2\/categories?post=6246"},{"taxonomy":"post_tag","embeddable":true,"href":"https:\/\/www.fscindigenousfoundation.org\/fr\/wp-json\/wp\/v2\/tags?post=6246"}],"curies":[{"name":"wp","href":"https:\/\/api.w.org\/{rel}","templated":true}]}}