{"id":5509,"date":"2022-06-23T10:44:05","date_gmt":"2022-06-23T14:44:05","guid":{"rendered":"https:\/\/www.fscindigenousfoundation.org\/the-indigenous-innovative-solutions-photography-contest-winners\/"},"modified":"2025-10-31T14:45:51","modified_gmt":"2025-10-31T18:45:51","slug":"gagnants-du-concours-photo-solutions-innovatrices-des-peuples-autochtones","status":"publish","type":"post","link":"https:\/\/www.fscindigenousfoundation.org\/fr\/gagnants-du-concours-photo-solutions-innovatrices-des-peuples-autochtones\/","title":{"rendered":"Gagnants du Concours Photo \u201cSolutions Innovantes des Peuples Autochtones&#8221;"},"content":{"rendered":"\n<p><strong>Panama City, Panama. <\/strong>Suite au succ\u00e8s de l&#8217;appel \u00e0 candidatures mondial et au travail assidu du jury &#8211; compos\u00e9 de six photographes Autochtones du Br\u00e9sil, du Mexique, de Malaisie, de Bolivie, du Gabon et d&#8217;Indon\u00e9sie &#8211; nous vous pr\u00e9sentons les photographies gagnantes du concours.&nbsp;&nbsp;<\/p>\n\n\n\n<p>Le concours photo<strong><em> &#8220;Solutions Innovantes des Peuples Autochtones&#8221; <\/em><\/strong>a \u00e9t\u00e9 ouvert aux personnes des communaut\u00e9s Autochtones du monde entier, lesquelles ont soumis des photographies originales illustrant la vision, l&#8217;histoire et les connaissances de leurs Peuples.<\/p>\n\n\n\n<p>Le jury, compos\u00e9 de <a href=\"https:\/\/sarawayraphoto.weebly.com\/\" target=\"_blank\" rel=\"noreferrer noopener\">Sara Aliaga Ticona<\/a> (Bolivie), <a href=\"http:\/\/www.yannisdavy.com\/\">Yannis Davy Guibinga<\/a> (Gabon), <a href=\"https:\/\/michaeleko.com\/\" target=\"_blank\" rel=\"noreferrer noopener\">Michael Eko<\/a> (Indon\u00e9sie), <a href=\"https:\/\/www.luvialazo.com\/\" target=\"_blank\" rel=\"noreferrer noopener\">Luvia Lazo<\/a> (Mexique), <a href=\"https:\/\/www.flaneganb.net\/\" target=\"_blank\" rel=\"noreferrer noopener\">Flanegan Bainon<\/a> (Malaisie) et <a href=\"https:\/\/galeriatapajowara.wixsite.com\/priscilatapajowara\" target=\"_blank\" rel=\"noreferrer noopener\"> Priscila Tapajowara<\/a> (Br\u00e9sil), a s\u00e9lectionn\u00e9 trois images gagnantes pour chacune des cat\u00e9gories pr\u00e9vues par les <a href=\"https:\/\/www.fscindigenousfoundation.org\/fr\/concours-photo-solutions-innovatrices-des-peuples-autochtones\/\" target=\"_blank\" rel=\"noreferrer noopener\">Termes et Conditions<\/a> du concours. <\/p>\n\n\n\n<p>La s\u00e9lection finale des photographies r\u00e9pondait \u00e0 une s\u00e9rie de param\u00e8tres techniques, ainsi qu&#8217;aux crit\u00e8res de cr\u00e9ativit\u00e9, de pertinence et de coh\u00e9rence en fonction de la cat\u00e9gorie choisie&nbsp;.<\/p>\n\n\n\n<p><\/p>\n\n\n\n<div class=\"wp-block-columns alignwide is-layout-flex wp-container-core-columns-is-layout-9d6595d7 wp-block-columns-is-layout-flex\">\n<div class=\"wp-block-column has-text-color has-background has-link-color wp-elements-bafa33c975627a14fde826812f70e238 is-layout-flow wp-block-column-is-layout-flow\" style=\"background-color:#f1f1f1;color:#000000;padding-top:2em;padding-right:2em;padding-bottom:2em;padding-left:2em\">\n<h3 class=\"has-text-color has-large-font-size wp-block-heading\" id=\"single\" style=\"color:#99231e\"><strong>Innovation et Changement Climatique<\/strong><\/h3>\n\n\n\n<p class=\"has-normal-font-size\" style=\"line-height:1.5\"><strong>Gagnants<\/strong><\/p>\n\n\n\n<hr class=\"wp-block-separator has-text-color has-css-opacity has-background is-style-wide\" style=\"background-color:#000000;color:#000000\"\/>\n\n\n\n<p><strong>Premier Prix<\/strong><\/p>\n\n\n\n<ul class=\"wp-block-list\"><li><strong>Titre: <\/strong>The Last breath          (Le dernier souffle) <\/li><li><strong>Auteur:<\/strong> Kevin Ochieng Onyango<\/li><li><strong>Pays:<\/strong> Kenia<\/li><li><strong>Communaut\u00e9 Autochtone: <\/strong>Peuple Luo                                                                <\/li><\/ul>\n\n\n\n<hr class=\"wp-block-separator has-text-color has-css-opacity has-background is-style-wide\" style=\"background-color:#000000;color:#000000\"\/>\n\n\n\n<p><strong>Deuxi\u00e8me Prix<\/strong><\/p>\n\n\n\n<ul class=\"wp-block-list\"><li><strong>Titre: <\/strong>Pescador Kapanawa           (P\u00eacheur Kapanawa)<\/li><li><strong>Auteur:<\/strong> Patrick Murayari<\/li><li><strong>Pays:<\/strong> P\u00e9rou<\/li><li><strong><strong>Communaut\u00e9 Autochtone<\/strong>: <\/strong>Peuple Kukama<\/li><\/ul>\n\n\n\n<hr class=\"wp-block-separator has-text-color has-css-opacity has-background is-style-wide\" style=\"background-color:#000000;color:#000000\"\/>\n\n\n\n<p><strong>Troisi\u00e8me Prix<\/strong><\/p>\n\n\n\n<ul class=\"wp-block-list\"><li><strong>Titre: <\/strong>La esperanza de seguir viviendo         (L&#8217;espoir de continuer \u00e0 vivre)<\/li><li><strong>Auteur:<\/strong> Alcibiades Rodr\u00edguez<\/li><li><strong>Pays:<\/strong> Panam\u00e1<\/li><li><strong><strong><strong>Communaut\u00e9 Autochtone<\/strong><\/strong><\/strong>:<strong> <\/strong>Peuple Guna<\/li><\/ul>\n\n\n\n<div class=\"wp-block-buttons alignfull is-horizontal is-content-justification-center is-layout-flex wp-container-core-buttons-is-layout-499968f5 wp-block-buttons-is-layout-flex\"><\/div>\n<\/div>\n\n\n\n<div class=\"wp-block-column has-text-color has-background has-link-color wp-elements-88c66de9c5cb10b3f6588c11050d15b0 is-layout-flow wp-block-column-is-layout-flow\" style=\"background-color:#f1f1f1;color:#000000;padding-top:2em;padding-right:2em;padding-bottom:2em;padding-left:2em\">\n<h3 class=\"has-text-color has-large-font-size wp-block-heading\" id=\"family\" style=\"color:#99231e\"><strong>For\u00eats et Peuples Autochtones<\/strong><\/h3>\n\n\n\n<p class=\"has-normal-font-size\" style=\"line-height:1.5\"><strong>Gagnants<\/strong><\/p>\n\n\n\n<hr class=\"wp-block-separator has-css-opacity is-style-wide\"\/>\n\n\n\n<p><strong><strong>Premier Prix<\/strong><\/strong> <\/p>\n\n\n\n<ul class=\"wp-block-list\"><li><strong>Titre: <\/strong>Abuelo       (Grand-p\u00e8re)<\/li><li><strong>Auteur:<\/strong> Venancio Velasco Gonz\u00e1lez<\/li><li><strong>Pays:<\/strong> M\u00e9xico<\/li><li><strong>Communaut\u00e9 Autochtone<\/strong>: San Pablo Yaganiza<\/li><\/ul>\n\n\n\n<hr class=\"wp-block-separator has-css-opacity is-style-wide\"\/>\n\n\n\n<p><strong><strong>Deuxi\u00e8me Prix<\/strong><\/strong><\/p>\n\n\n\n<ul class=\"wp-block-list\"><li><strong>Titre: <\/strong>Danza del venado                          (La danse du cerf)<\/li><li><strong>Auteur:<\/strong> Nazario Tiul Choc<\/li><li><strong>Pays:<\/strong> Guatemala<\/li><li><strong><strong><strong>Communaut\u00e9 Autochtone<\/strong>:<\/strong> <\/strong>Peuple Q\u0301eqchi Maya<\/li><\/ul>\n\n\n\n<hr class=\"wp-block-separator has-css-opacity is-style-wide\"\/>\n\n\n\n<p><strong>Troisi\u00e8me Prix<\/strong><\/p>\n\n\n\n<ul class=\"wp-block-list\"><li><strong>Titre: <\/strong>Dayak Kebahan Children                   (Enfants Dayak Kebahan)<\/li><li><strong>Auteur:<\/strong> Victor Fidelis Sentosa<\/li><li><strong>Pays:<\/strong> Indonesie<\/li><li><strong><strong><strong><strong>Communaut\u00e9 Autochtone<\/strong><\/strong><\/strong>: <\/strong>Peuple Dayak Kebahan<\/li><\/ul>\n\n\n\n<div class=\"wp-block-buttons alignfull is-horizontal is-content-justification-center is-layout-flex wp-container-core-buttons-is-layout-499968f5 wp-block-buttons-is-layout-flex\"><\/div>\n<\/div>\n\n\n\n<div class=\"wp-block-column has-text-color has-background has-link-color wp-elements-7c06c080c5a3e1128b9a8a61162c5bd5 is-layout-flow wp-block-column-is-layout-flow\" style=\"background-color:#f1f1f1;color:#000000;padding-top:2em;padding-right:2em;padding-bottom:2em;padding-left:2em\">\n<h3 class=\"has-text-color has-large-font-size wp-block-heading\" id=\"family\" style=\"color:#99231e\"><strong>Jeunesse Autochtone<\/strong>             <\/h3>\n\n\n\n<hr class=\"wp-block-separator has-text-color has-css-opacity has-background is-style-wide\" style=\"background-color:#f2f2f2;color:#f2f2f2\"\/>\n\n\n\n<hr class=\"wp-block-separator has-text-color has-css-opacity has-background is-style-wide\" style=\"background-color:#f2f2f2;color:#f2f2f2\"\/>\n\n\n\n<hr class=\"wp-block-separator has-text-color has-css-opacity has-background is-style-wide\" style=\"background-color:#f2f2f2;color:#f2f2f2\"\/>\n\n\n\n<p><strong>Gagnants<\/strong><\/p>\n\n\n\n<hr class=\"wp-block-separator has-css-opacity is-style-wide\"\/>\n\n\n\n<p><strong>Premier Prix<\/strong> <\/p>\n\n\n\n<ul class=\"wp-block-list\"><li><strong>Titre: <\/strong>Oloburgandiwar                                      <\/li><li><strong>Auteur:<\/strong> Aylin Alba<\/li><li><strong>Pays:<\/strong> Panam\u00e1<\/li><li><strong><strong>Communaut\u00e9 Autochtone<\/strong>:  <\/strong>Peuple Guna<\/li><\/ul>\n\n\n\n<hr class=\"wp-block-separator has-css-opacity is-style-wide\"\/>\n\n\n\n<p><strong><strong><strong>Deuxi\u00e8me Prix<\/strong><\/strong><\/strong> <\/p>\n\n\n\n<ul class=\"wp-block-list\"><li><strong>Titre: <\/strong>Hijos de la Tierra (Les Enfants de la Terre)                                   <\/li><li><strong>Auteur:<\/strong> Alexander P\u00e9rez Ventura<\/li><li><strong>Pays:<\/strong> Guatemala<\/li><li><strong><strong><strong><strong>Communaut\u00e9 Autochtone<\/strong>:<\/strong> <\/strong><\/strong>Peuple Maya Mam<\/li><\/ul>\n\n\n\n<hr class=\"wp-block-separator has-css-opacity is-style-wide\"\/>\n\n\n\n<p><strong>Troisi\u00e8me Prix<\/strong><\/p>\n\n\n\n<ul class=\"wp-block-list\"><li><strong>Titre: <\/strong>Pusaka<\/li><li><strong>Auteur:<\/strong> Prince Loyd C. Besorio<\/li><li><strong>Pays:<\/strong> Philippines<\/li><li><strong>Communaut\u00e9 Autochtone:<\/strong> Peuple Obu Manuvu<\/li><\/ul>\n\n\n\n<div class=\"wp-block-buttons alignfull is-horizontal is-content-justification-center is-layout-flex wp-container-core-buttons-is-layout-499968f5 wp-block-buttons-is-layout-flex\"><\/div>\n<\/div>\n<\/div>\n\n\n\n<p>En savoir plus sur les photographies gagnantes par cat\u00e9gorie.&nbsp;<\/p>\n\n\n\n<p><\/p>\n\n\n\n<h2 class=\"has-text-color wp-block-heading\" style=\"color:#99231e\">Innovation et Changement Climatique<\/h2>\n\n\n\n<p>La photo gagnante du premier prix est intitul\u00e9e <em><strong>&#8220;The last breath&#8221;<\/strong><\/em> (Le dernier souffle), r\u00e9alis\u00e9e par <a href=\"https:\/\/www.instagram.com\/keemono_\/\" target=\"_blank\" rel=\"noreferrer noopener\">Kevin Ochieng Onyango<\/a>, un membre du Peuple Luo du Kenya.<\/p>\n\n\n\n<div class=\"wp-block-media-text alignwide has-media-on-the-right is-stacked-on-mobile is-vertically-aligned-center is-image-fill\" style=\"grid-template-columns:auto 34%\"><figure class=\"wp-block-media-text__media\" style=\"background-image:url(https:\/\/www.fscindigenousfoundation.org\/wp-content\/uploads\/2022\/06\/the-last-breath-scaled.jpg);background-position:50% 50%\"><img loading=\"lazy\" decoding=\"async\" width=\"1698\" height=\"2560\" src=\"https:\/\/www.fscindigenousfoundation.org\/wp-content\/uploads\/2022\/06\/the-last-breath-scaled.jpg\" alt=\"Un gar\u00e7on du peuple Luo du Kenya portant un masque \u00e0 oxyg\u00e8ne reli\u00e9 \u00e0 une plante pour repr\u00e9senter l'importance des for\u00eats face \u00e0 la crise climatique. \nGagnants du Concours Photo \u201cSolutions Innovatrices des Peuples Autochtones\u201d.\nNom de la photo: Le dernier souffle. Auteur : Kevin Ocheng\" class=\"wp-image-5444 size-full\"\/><\/figure><div class=\"wp-block-media-text__content\">\n\n<p>Il a \u00e9crit: <em>&#8220;Ce projet est symbolique pour d\u00e9montrer l&#8217;importance des arbres dans notre \u00e9cosyst\u00e8me et le r\u00f4le qu&#8217;ils jouent pour combattre le changement climatique. Lorsque les arbres poussent, ils contribuent \u00e0 stopper le changement climatique en \u00e9liminant le dioxyde de carbone de l&#8217;air, en stockant le carbone dans les arbres et le sol et en lib\u00e9rant de l&#8217;oxyg\u00e8ne dans l&#8217;atmosph\u00e8re. Ce projet fait passer le message de la conservation et encourage la reforestation.&#8221;<\/em><\/p>\n\n\n<p>Le Peuple Luo se trouve dans une zone qui s&#8217;\u00e9tend du Sud-Soudan \u00e0 l&#8217;\u00c9thiopie, au nord de l&#8217;Ouganda, \u00e0 l&#8217;est du Congo, \u00e0 l&#8217;ouest du Kenya et \u00e0 l&#8217;extr\u00eame nord de la Tanzanie.<\/p>\n\n\n<p>Les Luo, comme d&#8217;autres Peuples indig\u00e8nes du Kenya, affrontent plusieurs probl\u00e8mes d\u00e9coulant de la crise climatique, tells que les s\u00e9cheresses et les parasites qui menacent les r\u00e9coltes et la s\u00e9curit\u00e9 alimentaire des communaut\u00e9s et du pays.<\/p>\n\n<\/div><\/div>\n\n\n\n<hr class=\"wp-block-separator has-text-color has-css-opacity has-background is-style-wide\" style=\"background-color:#f1f1f1;color:#f1f1f1\"\/>\n\n\n\n<p>La photographie intitul\u00e9e <em><strong>&#8220;Pescador Kapanawa&#8221; <\/strong><\/em>(Le p\u00eacheur Kapanawa) r\u00e9alis\u00e9e par <a href=\"https:\/\/cargocollective.com\/murayaripatrick\" target=\"_blank\" rel=\"noreferrer noopener\">Patrick Murayari<\/a>, du Peuple Kukama du P\u00e9rou, a remport\u00e9 la deuxi\u00e8me place.<\/p>\n\n\n\n<div class=\"wp-block-media-text alignwide is-stacked-on-mobile is-vertically-aligned-center is-image-fill\" style=\"grid-template-columns:57% auto\"><figure class=\"wp-block-media-text__media\" style=\"background-image:url(https:\/\/www.fscindigenousfoundation.org\/wp-content\/uploads\/2022\/06\/pescador-kapanawa-laguna-de-fatima-rio-alto-tapiche-scaled.jpg);background-position:50% 50%\"><img loading=\"lazy\" decoding=\"async\" width=\"2560\" height=\"1707\" src=\"https:\/\/www.fscindigenousfoundation.org\/wp-content\/uploads\/2022\/06\/pescador-kapanawa-laguna-de-fatima-rio-alto-tapiche-scaled.jpg\" alt=\"Jeunes autochtones du peuple Kapanawa du P\u00e9rou p\u00eachant dans la rivi\u00e8re avec un cano\u00eb et des filets traditionnels. \nGagnants du Concours Photo \u201cSolutions Innovatrices des Peuples Autochtones\u201d\nNom de la photo : P\u00eacheur Kapanawa. Auteur : Patrick Murayar\" class=\"wp-image-5448 size-full\"\/><\/figure><div class=\"wp-block-media-text__content\">\n\n<p><em>&#8220;Au cr\u00e9puscule, \u00e9quip\u00e9s de tarrafas (filets) ou de harpons, les hommes de la communaut\u00e9 autochtone de Fatima, qui appartiennent au Peuple Kapanawa, se dirigent vers la lagune situ\u00e9e \u00e0 cinq minutes de la communaut\u00e9, avec l&#8217;objectif d&#8217;obtenir quelques poissons pour le d\u00eener. Ils ne p\u00eachent que pour leur propre consommation. De cette mani\u00e8re, ils garantissent la durabilit\u00e9 de cette ressource&#8221;,<\/em> \u00e9crit Patrick.<\/p>\n\n<\/div><\/div>\n\n\n\n<hr class=\"wp-block-separator has-text-color has-css-opacity has-background is-style-wide\" style=\"background-color:#f1f1f1;color:#f1f1f1\"\/>\n\n\n\n<p>Le peuple Kukama est principalement situ\u00e9 dans le d\u00e9partement amazonien de Loreto au P\u00e9rou.<\/p>\n\n\n\n<p>Selon la base de donn\u00e9es des Peuples Autochtones du P\u00e9rou, \u00e9labor\u00e9e par le Minist\u00e8re de la Culture, les Kukama ont une tradition ancestrale de p\u00eache et ont d\u00e9velopp\u00e9 une s\u00e9rie d&#8217;outils et de techniques sp\u00e9cifiques d\u00e9riv\u00e9s de leur interaction avec l&#8217;\u00e9cosyst\u00e8me, raison pour laquelle les communaut\u00e9s Autochtones et non Autochtones du secteur les ont appel\u00e9s<em> &#8220;les grands p\u00eacheurs de Loreto&#8221;.<\/em><\/p>\n\n\n\n<p>La troisi\u00e8me place est occup\u00e9e par l&#8217;image intitul\u00e9e<em><strong> &#8220;La esperanza de seguir viviendo&#8221; <\/strong><\/em>(L&#8217;espoir de continuer \u00e0 vivre) d&#8217;<a href=\"https:\/\/www.instagram.com\/alcibiades_05\/\" target=\"_blank\" rel=\"noreferrer noopener\">Alcibiades Rodr\u00edguez<\/a>, du Peuple Guna du Panama.<\/p>\n\n\n\n<div class=\"wp-block-media-text alignwide has-media-on-the-right is-stacked-on-mobile is-vertically-aligned-center is-image-fill\" style=\"grid-template-columns:auto 57%\"><figure class=\"wp-block-media-text__media\" style=\"background-image:url(https:\/\/www.fscindigenousfoundation.org\/wp-content\/uploads\/2022\/06\/1-scaled.jpg);background-position:52% 68%\"><img loading=\"lazy\" decoding=\"async\" width=\"2560\" height=\"1920\" src=\"https:\/\/www.fscindigenousfoundation.org\/wp-content\/uploads\/2022\/06\/1-scaled.jpg\" alt=\"Photo a\u00e9rienne de l'une des \u00eeles qui composent le territoire du peuple Guna du Panama &quot;Guna Yala&quot;. \nGagnants du Concours Photo \u201cSolutions Innovatrices des Peuples Autochtones\u201d\nNom de la photo : L'espoir de continuer \u00e0 vivre. Auteur : Alcibiade Rodriguez\" class=\"wp-image-5452 size-full\"\/><\/figure><div class=\"wp-block-media-text__content\">\n\n<p><em><em>Alcibiade d\u00e9crit &#8220;l&#8217;espoir de continuer \u00e0 vivre au sein d&#8217;un territoire traditionnel et conservateur, charg\u00e9 d&#8217;h\u00e9ritages et de lutte, qui demeure contre le changement climatique&#8221;.<\/em><\/em><\/p>\n\n<\/div><\/div>\n\n\n\n<hr class=\"wp-block-separator has-text-color has-css-opacity has-background is-style-wide\" style=\"background-color:#f1f1f1;color:#f1f1f1\"\/>\n\n\n\n<p>Le Peuple Guna se trouve en Colombie et au Panama. Les Guna sont les premiers habitants de la jungle continentale, mais il y a 120 ans, ils ont migr\u00e9 vers la c\u00f4te &#8211; pour \u00e9chapper \u00e0 la malaria et \u00e0 la fi\u00e8vre jaune &#8211; et ont fond\u00e9 la Comarca Guna Yala au Panama.&nbsp;<\/p>\n\n\n\n<p>La comarca englobe une \u00e9troite bande continentale et un archipel de 365 \u00eeles. En raison de leur situation g\u00e9ographique, les Guna sont consid\u00e9r\u00e9s comme les personnes les plus vuln\u00e9rables aux effets du changement climatique et de la pollution maritime.&nbsp;<\/p>\n\n\n\n<p>Selon les donn\u00e9es de l&#8217;ONU, les Guna devraient \u00eatre le premier Peuple Autochtone \u00e0 \u00eatre d\u00e9plac\u00e9 par la mont\u00e9e du niveau des mers due au r\u00e9chauffement climatique.<\/p>\n\n\n\n<hr class=\"wp-block-separator has-text-color has-css-opacity has-background is-style-wide\" style=\"background-color:#f1f1f1;color:#f1f1f1\"\/>\n\n\n\n<h2 class=\"has-text-color wp-block-heading\" style=\"color:#99231e\">For\u00eats et Peuples Autochtones<\/h2>\n\n\n\n<p>Le premier prix est remport\u00e9 par la photo intitul\u00e9e <strong><em>&#8220;Abuelo&#8221;<\/em><\/strong> (Grand-p\u00e8re) de <a href=\"https:\/\/www.instagram.com\/venancio_velasco\/\" target=\"_blank\" rel=\"noreferrer noopener\">Venancio Velasco Gonz\u00e1lez <\/a>de San Pablo Yaganiza au Mexique.<\/p>\n\n\n\n<p>Cette photo repr\u00e9sente un homme dans la for\u00eat avec son cheval qui va semer la milpa &#8211; un syst\u00e8me traditionnel de plantation de ma\u00efs, de haricots et de courges.<\/p>\n\n\n\n<div class=\"wp-block-media-text alignwide is-stacked-on-mobile is-vertically-aligned-center is-image-fill\" style=\"grid-template-columns:57% auto\"><figure class=\"wp-block-media-text__media\" style=\"background-image:url(https:\/\/www.fscindigenousfoundation.org\/wp-content\/uploads\/2022\/06\/abuelo.jpg);background-position:50% 50%\"><img loading=\"lazy\" decoding=\"async\" width=\"2048\" height=\"1536\" src=\"https:\/\/www.fscindigenousfoundation.org\/wp-content\/uploads\/2022\/06\/abuelo.jpg\" alt=\"Vieil homme indig\u00e8ne du Mexique dans la for\u00eat avec son cheval en route pour planter Milpa. \nGagnants du Concours Photo \u201cSolutions Innovatrices des Peuples Autochtones\u201d\nNom de la photo : Grand-p\u00e8re. Auteur : Venancio Velasco Gonz\u00e1lez\" class=\"wp-image-5456 size-full\"\/><\/figure><div class=\"wp-block-media-text__content\">\n\n<p>Venancio partage l&#8217;histoire de cette photo, <em>\u201cJe veux vous parler un peu de mon grand-p\u00e8re. Il a 82 ans et toute sa vie a \u00e9t\u00e9 consacr\u00e9e aux champs. D\u00e8s que je pense \u00e0 lui, une sc\u00e8ne me vient \u00e0 l\u2019esprit sur ce qu\u2019il est. Se promenant dans le brouillard avec son cheval, allant semer ou ramasser du bois de chauffage, cette fois c\u2019\u00e9tait mon tour de l\u2019accompagner pour semer la milpa et c\u2019\u00e9st in\u00e9vitable de ne pas me rappeler une partie de mon enfance et la premi\u00e8re fois que je l\u2019ai accompagn\u00e9 aux champs du m\u00eame paysage\u201d<\/em>.<\/p>\n\n<\/div><\/div>\n\n\n\n<hr class=\"wp-block-separator has-text-color has-css-opacity has-background is-style-wide\" style=\"background-color:#f1f1f1;color:#f1f1f1\"\/>\n\n\n\n<p>San Pablo Yaganiza est un petit village situ\u00e9 dans l&#8217;\u00c9tat de Oaxaca. Selon les donn\u00e9es du dernier recensement, 99,64% de la population est Autochtone et 93,31% des habitants parlent une langue Autochtone.<\/p>\n\n\n\n<p>La photo <strong><em>&#8220;Danza del venado&#8221; <\/em><\/strong>(Danse du cerf) de <a href=\"https:\/\/www.instagram.com\/nazariotiul\/\" target=\"_blank\" rel=\"noreferrer noopener\">Nazario Tiul Choc<\/a>, du peuple Maya Q\u0301eqchi du Guatemala, a remport\u00e9 le deuxi\u00e8me prix.<\/p>\n\n\n\n<div class=\"wp-block-media-text alignwide has-media-on-the-right is-stacked-on-mobile is-vertically-aligned-center is-image-fill\" style=\"grid-template-columns:auto 57%\"><figure class=\"wp-block-media-text__media\" style=\"background-image:url(https:\/\/www.fscindigenousfoundation.org\/wp-content\/uploads\/2022\/06\/foto-1.jpg);background-position:50% 50%\"><img loading=\"lazy\" decoding=\"async\" width=\"2500\" height=\"1667\" src=\"https:\/\/www.fscindigenousfoundation.org\/wp-content\/uploads\/2022\/06\/foto-1.jpg\" alt=\"Groupe d'indig\u00e8nes de la Cooperativa Uni\u00f3n Maya Itza de Guatamela ex\u00e9cutant le rituel de la danse du cerf avec des v\u00eatements traditionnels. \nGagnants du Concours Photo \u201cSolutions Innovatrices des Peuples Autochtones\u201d\nNom de la photo : La Danse du Cerf. Auteur : Nazario Tiul Choc\" class=\"wp-image-5463 size-full\"\/><\/figure><div class=\"wp-block-media-text__content\">\n\n<p><em>Pour Nazario, &#8220;La danse du cerf est un rituel de chasse dont les origines remontent \u00e0 la p\u00e9riode classique Maya. Il s&#8217;agit d&#8217;une repr\u00e9sentation de la guerre entre les chasseurs et les animaux sauvages qui se disputent le cerf comme nourriture. Ce rituel est ex\u00e9cut\u00e9 chaque ann\u00e9e dans la Cooperativa Uni\u00f3n Maya Itz\u00e1 o\u00f9 enfants et adultes participent, lors de la c\u00e9l\u00e9bration de leur retour du Mexique au Guatemala qui date de 27 ans \u00e0 cause des probl\u00e8mes du conflit arm\u00e9 au Guatemala.&#8221;<\/em><\/p>\n\n<\/div><\/div>\n\n\n\n<hr class=\"wp-block-separator has-text-color has-css-opacity has-background is-style-wide\" style=\"background-color:#f1f1f1;color:#f1f1f1\"\/>\n\n\n\n<p>La photo gagnante du troisi\u00e8me prix est intitul\u00e9e <em><strong>&#8220;Dayak Kebahan children&#8221; <\/strong><\/em>(Enfants Dayak Kebahan) par <a href=\"https:\/\/www.instagram.com\/victorfidelissentosa\/?hl=es\" target=\"_blank\" rel=\"noreferrer noopener\">Victor Fidelis Sentosa<\/a> d&#8217;Indon\u00e9sie.&nbsp;<\/p>\n\n\n\n<p>Cette image montre un enfant de la tribu Dayak Kebahatn jouant dans la rivi\u00e8re.<\/p>\n\n\n\n<div class=\"wp-block-media-text alignwide is-stacked-on-mobile is-vertically-aligned-center is-image-fill\" style=\"grid-template-columns:57% auto\"><figure class=\"wp-block-media-text__media\" style=\"background-image:url(https:\/\/www.fscindigenousfoundation.org\/wp-content\/uploads\/2022\/06\/dayak-kebahatn-children-scaled.jpg);background-position:50% 50%\"><img loading=\"lazy\" decoding=\"async\" width=\"2560\" height=\"1707\" src=\"https:\/\/www.fscindigenousfoundation.org\/wp-content\/uploads\/2022\/06\/dayak-kebahatn-children-scaled.jpg\" alt=\"Enfant du peuple indon\u00e9sien Dayak Kebhan jouant dans la rivi\u00e8re. \nGagnants du Concours Photo \u201cSolutions Innovatrices des Peuples Autochtones\u201d\nNom de la photo : Dayak Kebhan Enfants. Auteur : Victor Fidelis Sentosa\" class=\"wp-image-5467 size-full\"\/><\/figure><div class=\"wp-block-media-text__content\">\n\n<p>Le mot Dayak ou Dyak est un terme utilis\u00e9 pour distinguer plus de 200 groupes Autochtones qui habitent principalement les zones c\u00f4ti\u00e8res de la Malaisie, d\u2019Indon\u00e9sie et de Brunei. M\u00eame si le terme Dayak a \u00e9t\u00e9 invent\u00e9 pendant la colonisation, les Peuples Autochtones l\u2019ont adopt\u00e9 dans leurs processus de r\u00e9sistance et d\u2019identit\u00e9. Tout en conservant le m\u00eame nom, chaque communaut\u00e9 poss\u00e8de sa propre langue, son propre territoire et sa propre culture. Selon certaines estimations, il y aurait environ 450 groupes ethnolinguistiques Dayak vivant \u00e0 Born\u00e9o.<\/p>\n\n\n<p>Actuellement, la plupart des Dayaks vivent dans de petits villages c\u00f4tiers, et leur principale activit\u00e9 \u00e9conomique est la p\u00eache.&nbsp;&nbsp;<\/p>\n\n<\/div><\/div>\n\n\n\n<hr class=\"wp-block-separator has-text-color has-css-opacity has-background is-style-wide\" style=\"background-color:#f1f1f1;color:#f1f1f1\"\/>\n\n\n\n<hr class=\"wp-block-separator has-text-color has-css-opacity has-background is-style-wide\" style=\"background-color:#f1f1f1;color:#f1f1f1\"\/>\n\n\n\n<h2 class=\"has-text-color wp-block-heading\" style=\"color:#99231e\">Jeunesse Autochtone<\/h2>\n\n\n\n<p>Le premier prix revient \u00e0 l&#8217;image intitul\u00e9e <strong><em>&#8220;Oloburgandiwar&#8221; <\/em><\/strong>d&#8217;<a href=\"https:\/\/www.instagram.com\/aalbx20_\/\" target=\"_blank\" rel=\"noreferrer noopener\">Aylin Alba<\/a>, du peuple Guna du Panama.\u00a0<\/p>\n\n\n\n<div class=\"wp-block-media-text alignwide has-media-on-the-right is-stacked-on-mobile is-vertically-aligned-center is-image-fill\" style=\"grid-template-columns:auto 57%\"><figure class=\"wp-block-media-text__media\" style=\"background-image:url(https:\/\/www.fscindigenousfoundation.org\/wp-content\/uploads\/2022\/06\/dsc00213-1jpg-oloubingun-tigwar-scaled.jpg);background-position:50% 50%\"><img loading=\"lazy\" decoding=\"async\" width=\"2560\" height=\"1518\" src=\"https:\/\/www.fscindigenousfoundation.org\/wp-content\/uploads\/2022\/06\/dsc00213-1jpg-oloubingun-tigwar-scaled.jpg\" alt=\"Femme autochtone du peuple Guna du Panama dans la rivi\u00e8re ex\u00e9cutant un rituel pour se connecter avec les esprits de ses anc\u00eatres. \nGagnants du Concours Photo \u201cSolutions Innovatrices des Peuples Autochtones\u201d\nNom de la photo : Oloubingun Tigwar. Auteur : Aylin Alba\" class=\"wp-image-5483 size-full\"\/><\/figure><div class=\"wp-block-media-text__content\">\n\n<p>Aylin partage l&#8217;histoire derri\u00e8re cette photo,<em> &#8220;Nos grands-parents nous disent que lorsque nous mourons, nous passons par le grand fleuve, c&#8217;est pourquoi en tant que Peuple Autochtone nous connaissons l&#8217;importance de l&#8217;eau, de la nature, puisque notre burba (esprit) se baignera et naviguera dans le fleuve pour \u00eatre r\u00e9uni avec nos anc\u00eatres.&#8221;<\/em><\/p>\n\n<\/div><\/div>\n\n\n\n<hr class=\"wp-block-separator has-text-color has-css-opacity has-background is-style-wide\" style=\"background-color:#f1f1f1;color:#f1f1f1\"\/>\n\n\n\n<hr class=\"wp-block-separator has-text-color has-css-opacity has-background is-style-wide\" style=\"background-color:#f1f1f1;color:#f1f1f1\"\/>\n\n\n\n<p>La photographie intitul\u00e9e <strong><em>\u201cHijos de la tierra&#8221; <\/em><\/strong>(Enfants de la terre) d&#8217;<a href=\"https:\/\/www.instagram.com\/kablaj_\/?hl=es-la\" target=\"_blank\" rel=\"noreferrer noopener\">Alexander P\u00e9rez Ventura<\/a>, repr\u00e9sentant le Peuple Maya Mam du Guatemala, a remport\u00e9 la deuxi\u00e8me place.<\/p>\n\n\n\n<div class=\"wp-block-media-text alignwide is-stacked-on-mobile is-vertically-aligned-center is-image-fill\" style=\"grid-template-columns:57% auto\"><figure class=\"wp-block-media-text__media\" style=\"background-image:url(https:\/\/www.fscindigenousfoundation.org\/wp-content\/uploads\/2022\/06\/img-7399-scaled-1.jpg);background-position:50% 50%\"><img decoding=\"async\" src=\"https:\/\/www.fscindigenousfoundation.org\/wp-content\/uploads\/2022\/06\/img-7399-scaled-1.jpg\" alt=\"Jeune femme autochtone du peuple Quich\u00e9 Maya du Guatemala \u00e0 c\u00f4t\u00e9 d'une source d'eau avec des offrandes en remerciement \u00e0 la nature. \nGagnants du Concours Photo \u201cSolutions Innovatrices des Peuples Autochtones\u201d\nNom de la photo : Enfants de la terre. Auteur : Alexandre P\u00e9rez Ventura\" class=\"wp-image-5478 size-full\"\/><\/figure><div class=\"wp-block-media-text__content\">\n\n<p>Alexander d\u00e9crit sa photo: <em>&#8220;Ana Francisca Dom\u00ednguez appartient au Peuple Maya Quich\u00e9 du Guatemala. Dans sa famille, tous se consacrent \u00e0 la musique ancestrale, pour remercier et la b\u00e9nir de tout ce que la Terre M\u00e8re leur offre. La culture Maya compte quatre \u00e9l\u00e9ments qui sont essentiels pour les \u00eatres humains et qui, en m\u00eame temps, font partie d&#8217;eux. Chaque \u00e9l\u00e9ment poss\u00e8de un c\u0153ur : l&#8217;eau, l&#8217;air, le soleil et la terre. Nous ne sommes rien sans ces \u00e9l\u00e9ments, c&#8217;est pourquoi nous nous consid\u00e9rons comme des enfants de la terre.<\/em><\/p>\n\n<\/div><\/div>\n\n\n\n<hr class=\"wp-block-separator has-text-color has-css-opacity has-background is-style-wide\" style=\"background-color:#f1f1f1;color:#f1f1f1\"\/>\n\n\n\n<p><em>Le Peuple Quich\u00e9 remercie pour l&#8217;eau et offre souvent des cadeaux aux sources d&#8217;eau. Ces cadeaux sont principalement la musique, les fleurs et les bougies. Le 24 juin, chaque village b\u00e9nit le c\u0153ur de la terre pour les eaux&#8221;.<\/em><\/p>\n\n\n\n<p>Le troisi\u00e8me prix est d\u00e9cern\u00e9 \u00e0 la photo intitul\u00e9e <strong><em>&#8220;Pusaka&#8221; <\/em><\/strong>r\u00e9alis\u00e9e par <a href=\"https:\/\/www.youtube.com\/user\/princeloydbesorio\" target=\"_blank\" rel=\"noreferrer noopener\">Prince Loyd C. Besorio<\/a> du Peuple Obu Manuvu des Philippines.<\/p>\n\n\n\n<div class=\"wp-block-media-text alignwide has-media-on-the-right is-stacked-on-mobile is-image-fill\" style=\"grid-template-columns:auto 57%\"><figure class=\"wp-block-media-text__media\" style=\"background-image:url(https:\/\/www.fscindigenousfoundation.org\/wp-content\/uploads\/2022\/06\/pusaka-scaled.jpg);background-position:50% 50%\"><img loading=\"lazy\" decoding=\"async\" width=\"2560\" height=\"1707\" src=\"https:\/\/www.fscindigenousfoundation.org\/wp-content\/uploads\/2022\/06\/pusaka-scaled.jpg\" alt=\"Jeune femme indig\u00e8ne de la tribu Obu Manuvu d'Indon\u00e9sie tenant une corne pour appeler Pusaka, elle est l'esprit de la for\u00eat. \nGagnants du Concours Photo \u201cSolutions Innovatrices des Peuples Autochtones\u201d.\nNom de la photographie : Pusaka. Auteur : Prince Loyd C. Besorio\" class=\"wp-image-5488 size-full\"\/><\/figure><div class=\"wp-block-media-text__content\">\n\n<p class=\"has-text-align-left\">Prince \u00e9crit: <em><em>&#8220;La tribu Obu Manuvu croit profond\u00e9ment \u00e0 la cosmologie Pusaka, une pratique traditionnelle de conservation de la biodiversit\u00e9 o\u00f9 ils consacrent et d\u00e9clarent des entit\u00e9s, vivantes ou non vivantes, comme sacr\u00e9es ou inviolables en raison de leur attachement \u00e9motionnel. Les zones o\u00f9 l&#8217;on trouve l&#8217;aigle des Philippines et d&#8217;autres animaux et arbres Pusaka poss\u00e8dent des gardes forestiers sp\u00e9cifiques qui apportent des cornes avec eux comme moyen de communication avec les autres gardes forestiers.&#8221;<\/em><\/em><\/p>\n\n<\/div><\/div>\n\n\n\n<hr class=\"wp-block-separator has-text-color has-css-opacity has-background is-style-wide\" style=\"background-color:#f1f1f1;color:#f1f1f1\"\/>\n\n\n\n<p><\/p>\n","protected":false},"excerpt":{"rendered":"<p>Des communicateurs et des photographes Autochtones du monde entier ont particip\u00e9 au concours &#8220;Solutions innovantes des Peuples Autochtones&#8221; visant \u00e0 transmettre les messages et les histoires de leurs communaut\u00e9s. <\/p>\n","protected":false},"author":1,"featured_media":5444,"comment_status":"closed","ping_status":"closed","sticky":false,"template":"","format":"standard","meta":{"footnotes":""},"categories":[2,22],"tags":[],"class_list":["post-5509","post","type-post","status-publish","format-standard","has-post-thumbnail","hentry","category-non-classifiee","category-outstanding-news-fr"],"acf":[],"yoast_head":"<!-- This site is optimized with the Yoast SEO plugin v26.9 - https:\/\/yoast.com\/product\/yoast-seo-wordpress\/ -->\n<title>Gagnants du Concours Photo \u201cSolutions Innovantes des Peuples Autochtones&quot; - Fondation Indig\u00e8ne FSC<\/title>\n<meta name=\"description\" content=\"Nous vous pr\u00e9sentons les gagnants du concours de photographie &quot;Solutions innovantes pour les peuples autochtones&quot;. D\u00e9couvrez les photos gagnantes dans cette note Web.\" \/>\n<meta name=\"robots\" content=\"index, follow, max-snippet:-1, max-image-preview:large, max-video-preview:-1\" \/>\n<link rel=\"canonical\" href=\"https:\/\/www.fscindigenousfoundation.org\/fr\/gagnants-du-concours-photo-solutions-innovatrices-des-peuples-autochtones\/\" \/>\n<meta property=\"og:locale\" content=\"fr_FR\" \/>\n<meta property=\"og:type\" content=\"article\" \/>\n<meta property=\"og:title\" content=\"Gagnants du Concours Photo \u201cSolutions Innovatrices des Peuples Autochtones\u201d\" \/>\n<meta property=\"og:description\" content=\"Nous vous pr\u00e9sentons les gagnants du concours de photographie \u00ab\u00a0Solutions innovantes pour les peuples autochtones\u00a0\u00bb. D\u00e9couvrez les photos gagnantes dans cette note Web.\" \/>\n<meta property=\"og:url\" content=\"https:\/\/www.fscindigenousfoundation.org\/fr\/gagnants-du-concours-photo-solutions-innovatrices-des-peuples-autochtones\/\" \/>\n<meta property=\"og:site_name\" content=\"Fondation Indig\u00e8ne FSC\" \/>\n<meta property=\"article:publisher\" content=\"https:\/\/www.facebook.com\/fscindigenousfoundation\" \/>\n<meta property=\"article:published_time\" content=\"2022-06-23T14:44:05+00:00\" \/>\n<meta property=\"article:modified_time\" content=\"2025-10-31T18:45:51+00:00\" \/>\n<meta property=\"og:image\" content=\"https:\/\/www.fscindigenousfoundation.org\/wp-content\/uploads\/2022\/06\/the-last-breath-scaled.jpg\" \/>\n\t<meta property=\"og:image:width\" content=\"1698\" \/>\n\t<meta property=\"og:image:height\" content=\"2560\" \/>\n\t<meta property=\"og:image:type\" content=\"image\/jpeg\" \/>\n<meta name=\"author\" content=\"Admin\" \/>\n<meta name=\"twitter:card\" content=\"summary_large_image\" \/>\n<meta name=\"twitter:title\" content=\"Gagnants du Concours Photo \u201cSolutions Innovatrices des Peuples Autochtones\u201d\" \/>\n<meta name=\"twitter:description\" content=\"Nous vous pr\u00e9sentons les gagnants du concours de photographie \u00ab\u00a0Solutions innovantes pour les peuples autochtones\u00a0\u00bb. D\u00e9couvrez les photos gagnantes dans cette note Web.\" \/>\n<meta name=\"twitter:image\" content=\"https:\/\/www.fscindigenousfoundation.org\/wp-content\/uploads\/2022\/06\/the-last-breath-scaled.jpg\" \/>\n<meta name=\"twitter:creator\" content=\"@fsc_if\" \/>\n<meta name=\"twitter:site\" content=\"@fsc_if\" \/>\n<meta name=\"twitter:label1\" content=\"Written by\" \/>\n\t<meta name=\"twitter:data1\" content=\"Admin\" \/>\n\t<meta name=\"twitter:label2\" content=\"Est. reading time\" \/>\n\t<meta name=\"twitter:data2\" content=\"10 minutes\" \/>\n<script type=\"application\/ld+json\" class=\"yoast-schema-graph\">{\"@context\":\"https:\/\/schema.org\",\"@graph\":[{\"@type\":\"Article\",\"@id\":\"https:\/\/www.fscindigenousfoundation.org\/fr\/gagnants-du-concours-photo-solutions-innovatrices-des-peuples-autochtones\/#article\",\"isPartOf\":{\"@id\":\"https:\/\/www.fscindigenousfoundation.org\/fr\/gagnants-du-concours-photo-solutions-innovatrices-des-peuples-autochtones\/\"},\"author\":{\"name\":\"Admin\",\"@id\":\"https:\/\/www.fscindigenousfoundation.org\/fr\/#\/schema\/person\/2771f0a521aa6f1f4ea54b5c74194ec4\"},\"headline\":\"Gagnants du Concours Photo \u201cSolutions Innovantes des Peuples Autochtones&#8221;\",\"datePublished\":\"2022-06-23T14:44:05+00:00\",\"dateModified\":\"2025-10-31T18:45:51+00:00\",\"mainEntityOfPage\":{\"@id\":\"https:\/\/www.fscindigenousfoundation.org\/fr\/gagnants-du-concours-photo-solutions-innovatrices-des-peuples-autochtones\/\"},\"wordCount\":1794,\"publisher\":{\"@id\":\"https:\/\/www.fscindigenousfoundation.org\/fr\/#organization\"},\"image\":{\"@id\":\"https:\/\/www.fscindigenousfoundation.org\/fr\/gagnants-du-concours-photo-solutions-innovatrices-des-peuples-autochtones\/#primaryimage\"},\"thumbnailUrl\":\"https:\/\/www.fscindigenousfoundation.org\/wp-content\/uploads\/2022\/06\/the-last-breath-scaled.jpg\",\"articleSection\":[\"Non classifi\u00e9(e)\",\"Outstanding news\"],\"inLanguage\":\"fr-FR\"},{\"@type\":\"WebPage\",\"@id\":\"https:\/\/www.fscindigenousfoundation.org\/fr\/gagnants-du-concours-photo-solutions-innovatrices-des-peuples-autochtones\/\",\"url\":\"https:\/\/www.fscindigenousfoundation.org\/fr\/gagnants-du-concours-photo-solutions-innovatrices-des-peuples-autochtones\/\",\"name\":\"Gagnants du Concours Photo \u201cSolutions Innovantes des Peuples Autochtones\\\" - Fondation Indig\u00e8ne FSC\",\"isPartOf\":{\"@id\":\"https:\/\/www.fscindigenousfoundation.org\/fr\/#website\"},\"primaryImageOfPage\":{\"@id\":\"https:\/\/www.fscindigenousfoundation.org\/fr\/gagnants-du-concours-photo-solutions-innovatrices-des-peuples-autochtones\/#primaryimage\"},\"image\":{\"@id\":\"https:\/\/www.fscindigenousfoundation.org\/fr\/gagnants-du-concours-photo-solutions-innovatrices-des-peuples-autochtones\/#primaryimage\"},\"thumbnailUrl\":\"https:\/\/www.fscindigenousfoundation.org\/wp-content\/uploads\/2022\/06\/the-last-breath-scaled.jpg\",\"datePublished\":\"2022-06-23T14:44:05+00:00\",\"dateModified\":\"2025-10-31T18:45:51+00:00\",\"description\":\"Nous vous pr\u00e9sentons les gagnants du concours de photographie \\\"Solutions innovantes pour les peuples autochtones\\\". D\u00e9couvrez les photos gagnantes dans cette note Web.\",\"breadcrumb\":{\"@id\":\"https:\/\/www.fscindigenousfoundation.org\/fr\/gagnants-du-concours-photo-solutions-innovatrices-des-peuples-autochtones\/#breadcrumb\"},\"inLanguage\":\"fr-FR\",\"potentialAction\":[{\"@type\":\"ReadAction\",\"target\":[\"https:\/\/www.fscindigenousfoundation.org\/fr\/gagnants-du-concours-photo-solutions-innovatrices-des-peuples-autochtones\/\"]}]},{\"@type\":\"ImageObject\",\"inLanguage\":\"fr-FR\",\"@id\":\"https:\/\/www.fscindigenousfoundation.org\/fr\/gagnants-du-concours-photo-solutions-innovatrices-des-peuples-autochtones\/#primaryimage\",\"url\":\"https:\/\/www.fscindigenousfoundation.org\/wp-content\/uploads\/2022\/06\/the-last-breath-scaled.jpg\",\"contentUrl\":\"https:\/\/www.fscindigenousfoundation.org\/wp-content\/uploads\/2022\/06\/the-last-breath-scaled.jpg\",\"width\":1698,\"height\":2560,\"caption\":\"THEME;'' Nature-based solutions to climate change'' The image is of a young boy holding a tree seedling with one of its leaf wrapped on a polythene bag, a straw comes out seemingly from his nostrils to the bag as though is giving it air. He is in an unhealthy atmosphere as a sandstorm brews behind. The image symbolises that human beings are the on[y force of nature left to salvage the earth from drastic climate change and save the ozone layer from being totally destroyed. It is upto us to give rise to trees which are water catchment areas by nurturing their seedlings and planting them, in doing so, they help stop climate change by removing carbon(iv) oxide from the air, storing the carbon in trees and soil, and releasing oxygen into the atmosphere.Hence creating a conducive environment for life and nature as a whole.\"},{\"@type\":\"BreadcrumbList\",\"@id\":\"https:\/\/www.fscindigenousfoundation.org\/fr\/gagnants-du-concours-photo-solutions-innovatrices-des-peuples-autochtones\/#breadcrumb\",\"itemListElement\":[{\"@type\":\"ListItem\",\"position\":1,\"name\":\"Home\",\"item\":\"https:\/\/www.fscindigenousfoundation.org\/fr\/\"},{\"@type\":\"ListItem\",\"position\":2,\"name\":\"Gagnants du Concours Photo \u201cSolutions Innovantes des Peuples Autochtones&#8221;\"}]},{\"@type\":\"WebSite\",\"@id\":\"https:\/\/www.fscindigenousfoundation.org\/fr\/#website\",\"url\":\"https:\/\/www.fscindigenousfoundation.org\/fr\/\",\"name\":\"IPARD\",\"description\":\"La Fondation Indig\u00e8ne FSC est une fondation cr\u00e9\u00e9e pour apporter des solutions qui garantissent les droits des Autochtones et prot\u00e8gent leur territoire, leurs for\u00eats et leurs connaissances ancestrales.\",\"publisher\":{\"@id\":\"https:\/\/www.fscindigenousfoundation.org\/fr\/#organization\"},\"potentialAction\":[{\"@type\":\"SearchAction\",\"target\":{\"@type\":\"EntryPoint\",\"urlTemplate\":\"https:\/\/www.fscindigenousfoundation.org\/fr\/?s={search_term_string}\"},\"query-input\":{\"@type\":\"PropertyValueSpecification\",\"valueRequired\":true,\"valueName\":\"search_term_string\"}}],\"inLanguage\":\"fr-FR\"},{\"@type\":\"Organization\",\"@id\":\"https:\/\/www.fscindigenousfoundation.org\/fr\/#organization\",\"name\":\"FSC Indigenous Foundation\",\"url\":\"https:\/\/www.fscindigenousfoundation.org\/fr\/\",\"logo\":{\"@type\":\"ImageObject\",\"inLanguage\":\"fr-FR\",\"@id\":\"https:\/\/www.fscindigenousfoundation.org\/fr\/#\/schema\/logo\/image\/\",\"url\":\"https:\/\/www.fscindigenousfoundation.org\/wp-content\/uploads\/2021\/09\/fsc-indigenous-foundation-color.png\",\"contentUrl\":\"https:\/\/www.fscindigenousfoundation.org\/wp-content\/uploads\/2021\/09\/fsc-indigenous-foundation-color.png\",\"width\":657,\"height\":197,\"caption\":\"FSC Indigenous Foundation\"},\"image\":{\"@id\":\"https:\/\/www.fscindigenousfoundation.org\/fr\/#\/schema\/logo\/image\/\"},\"sameAs\":[\"https:\/\/www.facebook.com\/fscindigenousfoundation\",\"https:\/\/x.com\/fsc_if\",\"https:\/\/instagram.com\/fscindigenousfoundation\"]},{\"@type\":\"Person\",\"@id\":\"https:\/\/www.fscindigenousfoundation.org\/fr\/#\/schema\/person\/2771f0a521aa6f1f4ea54b5c74194ec4\",\"name\":\"Admin\",\"sameAs\":[\"https:\/\/www.fscindigenousfoundation.org\"],\"url\":\"https:\/\/www.fscindigenousfoundation.org\/fr\/author\/admlab-ipard\/\"}]}<\/script>\n<!-- \/ Yoast SEO plugin. -->","yoast_head_json":{"title":"Gagnants du Concours Photo \u201cSolutions Innovantes des Peuples Autochtones\" - Fondation Indig\u00e8ne FSC","description":"Nous vous pr\u00e9sentons les gagnants du concours de photographie \"Solutions innovantes pour les peuples autochtones\". D\u00e9couvrez les photos gagnantes dans cette note Web.","robots":{"index":"index","follow":"follow","max-snippet":"max-snippet:-1","max-image-preview":"max-image-preview:large","max-video-preview":"max-video-preview:-1"},"canonical":"https:\/\/www.fscindigenousfoundation.org\/fr\/gagnants-du-concours-photo-solutions-innovatrices-des-peuples-autochtones\/","og_locale":"fr_FR","og_type":"article","og_title":"Gagnants du Concours Photo \u201cSolutions Innovatrices des Peuples Autochtones\u201d","og_description":"Nous vous pr\u00e9sentons les gagnants du concours de photographie \u00ab\u00a0Solutions innovantes pour les peuples autochtones\u00a0\u00bb. D\u00e9couvrez les photos gagnantes dans cette note Web.","og_url":"https:\/\/www.fscindigenousfoundation.org\/fr\/gagnants-du-concours-photo-solutions-innovatrices-des-peuples-autochtones\/","og_site_name":"Fondation Indig\u00e8ne FSC","article_publisher":"https:\/\/www.facebook.com\/fscindigenousfoundation","article_published_time":"2022-06-23T14:44:05+00:00","article_modified_time":"2025-10-31T18:45:51+00:00","og_image":[{"width":1698,"height":2560,"url":"https:\/\/www.fscindigenousfoundation.org\/wp-content\/uploads\/2022\/06\/the-last-breath-scaled.jpg","type":"image\/jpeg"}],"author":"Admin","twitter_card":"summary_large_image","twitter_title":"Gagnants du Concours Photo \u201cSolutions Innovatrices des Peuples Autochtones\u201d","twitter_description":"Nous vous pr\u00e9sentons les gagnants du concours de photographie \u00ab\u00a0Solutions innovantes pour les peuples autochtones\u00a0\u00bb. D\u00e9couvrez les photos gagnantes dans cette note Web.","twitter_image":"https:\/\/www.fscindigenousfoundation.org\/wp-content\/uploads\/2022\/06\/the-last-breath-scaled.jpg","twitter_creator":"@fsc_if","twitter_site":"@fsc_if","twitter_misc":{"Written by":"Admin","Est. reading time":"10 minutes"},"schema":{"@context":"https:\/\/schema.org","@graph":[{"@type":"Article","@id":"https:\/\/www.fscindigenousfoundation.org\/fr\/gagnants-du-concours-photo-solutions-innovatrices-des-peuples-autochtones\/#article","isPartOf":{"@id":"https:\/\/www.fscindigenousfoundation.org\/fr\/gagnants-du-concours-photo-solutions-innovatrices-des-peuples-autochtones\/"},"author":{"name":"Admin","@id":"https:\/\/www.fscindigenousfoundation.org\/fr\/#\/schema\/person\/2771f0a521aa6f1f4ea54b5c74194ec4"},"headline":"Gagnants du Concours Photo \u201cSolutions Innovantes des Peuples Autochtones&#8221;","datePublished":"2022-06-23T14:44:05+00:00","dateModified":"2025-10-31T18:45:51+00:00","mainEntityOfPage":{"@id":"https:\/\/www.fscindigenousfoundation.org\/fr\/gagnants-du-concours-photo-solutions-innovatrices-des-peuples-autochtones\/"},"wordCount":1794,"publisher":{"@id":"https:\/\/www.fscindigenousfoundation.org\/fr\/#organization"},"image":{"@id":"https:\/\/www.fscindigenousfoundation.org\/fr\/gagnants-du-concours-photo-solutions-innovatrices-des-peuples-autochtones\/#primaryimage"},"thumbnailUrl":"https:\/\/www.fscindigenousfoundation.org\/wp-content\/uploads\/2022\/06\/the-last-breath-scaled.jpg","articleSection":["Non classifi\u00e9(e)","Outstanding news"],"inLanguage":"fr-FR"},{"@type":"WebPage","@id":"https:\/\/www.fscindigenousfoundation.org\/fr\/gagnants-du-concours-photo-solutions-innovatrices-des-peuples-autochtones\/","url":"https:\/\/www.fscindigenousfoundation.org\/fr\/gagnants-du-concours-photo-solutions-innovatrices-des-peuples-autochtones\/","name":"Gagnants du Concours Photo \u201cSolutions Innovantes des Peuples Autochtones\" - Fondation Indig\u00e8ne FSC","isPartOf":{"@id":"https:\/\/www.fscindigenousfoundation.org\/fr\/#website"},"primaryImageOfPage":{"@id":"https:\/\/www.fscindigenousfoundation.org\/fr\/gagnants-du-concours-photo-solutions-innovatrices-des-peuples-autochtones\/#primaryimage"},"image":{"@id":"https:\/\/www.fscindigenousfoundation.org\/fr\/gagnants-du-concours-photo-solutions-innovatrices-des-peuples-autochtones\/#primaryimage"},"thumbnailUrl":"https:\/\/www.fscindigenousfoundation.org\/wp-content\/uploads\/2022\/06\/the-last-breath-scaled.jpg","datePublished":"2022-06-23T14:44:05+00:00","dateModified":"2025-10-31T18:45:51+00:00","description":"Nous vous pr\u00e9sentons les gagnants du concours de photographie \"Solutions innovantes pour les peuples autochtones\". D\u00e9couvrez les photos gagnantes dans cette note Web.","breadcrumb":{"@id":"https:\/\/www.fscindigenousfoundation.org\/fr\/gagnants-du-concours-photo-solutions-innovatrices-des-peuples-autochtones\/#breadcrumb"},"inLanguage":"fr-FR","potentialAction":[{"@type":"ReadAction","target":["https:\/\/www.fscindigenousfoundation.org\/fr\/gagnants-du-concours-photo-solutions-innovatrices-des-peuples-autochtones\/"]}]},{"@type":"ImageObject","inLanguage":"fr-FR","@id":"https:\/\/www.fscindigenousfoundation.org\/fr\/gagnants-du-concours-photo-solutions-innovatrices-des-peuples-autochtones\/#primaryimage","url":"https:\/\/www.fscindigenousfoundation.org\/wp-content\/uploads\/2022\/06\/the-last-breath-scaled.jpg","contentUrl":"https:\/\/www.fscindigenousfoundation.org\/wp-content\/uploads\/2022\/06\/the-last-breath-scaled.jpg","width":1698,"height":2560,"caption":"THEME;'' Nature-based solutions to climate change'' The image is of a young boy holding a tree seedling with one of its leaf wrapped on a polythene bag, a straw comes out seemingly from his nostrils to the bag as though is giving it air. He is in an unhealthy atmosphere as a sandstorm brews behind. The image symbolises that human beings are the on[y force of nature left to salvage the earth from drastic climate change and save the ozone layer from being totally destroyed. It is upto us to give rise to trees which are water catchment areas by nurturing their seedlings and planting them, in doing so, they help stop climate change by removing carbon(iv) oxide from the air, storing the carbon in trees and soil, and releasing oxygen into the atmosphere.Hence creating a conducive environment for life and nature as a whole."},{"@type":"BreadcrumbList","@id":"https:\/\/www.fscindigenousfoundation.org\/fr\/gagnants-du-concours-photo-solutions-innovatrices-des-peuples-autochtones\/#breadcrumb","itemListElement":[{"@type":"ListItem","position":1,"name":"Home","item":"https:\/\/www.fscindigenousfoundation.org\/fr\/"},{"@type":"ListItem","position":2,"name":"Gagnants du Concours Photo \u201cSolutions Innovantes des Peuples Autochtones&#8221;"}]},{"@type":"WebSite","@id":"https:\/\/www.fscindigenousfoundation.org\/fr\/#website","url":"https:\/\/www.fscindigenousfoundation.org\/fr\/","name":"IPARD","description":"La Fondation Indig\u00e8ne FSC est une fondation cr\u00e9\u00e9e pour apporter des solutions qui garantissent les droits des Autochtones et prot\u00e8gent leur territoire, leurs for\u00eats et leurs connaissances ancestrales.","publisher":{"@id":"https:\/\/www.fscindigenousfoundation.org\/fr\/#organization"},"potentialAction":[{"@type":"SearchAction","target":{"@type":"EntryPoint","urlTemplate":"https:\/\/www.fscindigenousfoundation.org\/fr\/?s={search_term_string}"},"query-input":{"@type":"PropertyValueSpecification","valueRequired":true,"valueName":"search_term_string"}}],"inLanguage":"fr-FR"},{"@type":"Organization","@id":"https:\/\/www.fscindigenousfoundation.org\/fr\/#organization","name":"FSC Indigenous Foundation","url":"https:\/\/www.fscindigenousfoundation.org\/fr\/","logo":{"@type":"ImageObject","inLanguage":"fr-FR","@id":"https:\/\/www.fscindigenousfoundation.org\/fr\/#\/schema\/logo\/image\/","url":"https:\/\/www.fscindigenousfoundation.org\/wp-content\/uploads\/2021\/09\/fsc-indigenous-foundation-color.png","contentUrl":"https:\/\/www.fscindigenousfoundation.org\/wp-content\/uploads\/2021\/09\/fsc-indigenous-foundation-color.png","width":657,"height":197,"caption":"FSC Indigenous Foundation"},"image":{"@id":"https:\/\/www.fscindigenousfoundation.org\/fr\/#\/schema\/logo\/image\/"},"sameAs":["https:\/\/www.facebook.com\/fscindigenousfoundation","https:\/\/x.com\/fsc_if","https:\/\/instagram.com\/fscindigenousfoundation"]},{"@type":"Person","@id":"https:\/\/www.fscindigenousfoundation.org\/fr\/#\/schema\/person\/2771f0a521aa6f1f4ea54b5c74194ec4","name":"Admin","sameAs":["https:\/\/www.fscindigenousfoundation.org"],"url":"https:\/\/www.fscindigenousfoundation.org\/fr\/author\/admlab-ipard\/"}]}},"_links":{"self":[{"href":"https:\/\/www.fscindigenousfoundation.org\/fr\/wp-json\/wp\/v2\/posts\/5509","targetHints":{"allow":["GET"]}}],"collection":[{"href":"https:\/\/www.fscindigenousfoundation.org\/fr\/wp-json\/wp\/v2\/posts"}],"about":[{"href":"https:\/\/www.fscindigenousfoundation.org\/fr\/wp-json\/wp\/v2\/types\/post"}],"author":[{"embeddable":true,"href":"https:\/\/www.fscindigenousfoundation.org\/fr\/wp-json\/wp\/v2\/users\/1"}],"replies":[{"embeddable":true,"href":"https:\/\/www.fscindigenousfoundation.org\/fr\/wp-json\/wp\/v2\/comments?post=5509"}],"version-history":[{"count":39,"href":"https:\/\/www.fscindigenousfoundation.org\/fr\/wp-json\/wp\/v2\/posts\/5509\/revisions"}],"predecessor-version":[{"id":16936,"href":"https:\/\/www.fscindigenousfoundation.org\/fr\/wp-json\/wp\/v2\/posts\/5509\/revisions\/16936"}],"wp:featuredmedia":[{"embeddable":true,"href":"https:\/\/www.fscindigenousfoundation.org\/fr\/wp-json\/wp\/v2\/media\/5444"}],"wp:attachment":[{"href":"https:\/\/www.fscindigenousfoundation.org\/fr\/wp-json\/wp\/v2\/media?parent=5509"}],"wp:term":[{"taxonomy":"category","embeddable":true,"href":"https:\/\/www.fscindigenousfoundation.org\/fr\/wp-json\/wp\/v2\/categories?post=5509"},{"taxonomy":"post_tag","embeddable":true,"href":"https:\/\/www.fscindigenousfoundation.org\/fr\/wp-json\/wp\/v2\/tags?post=5509"}],"curies":[{"name":"wp","href":"https:\/\/api.w.org\/{rel}","templated":true}]}}