{"id":22142,"date":"2026-08-31T15:34:57","date_gmt":"2026-08-31T19:34:57","guid":{"rendered":"https:\/\/www.fscindigenousfoundation.org\/pastoralists-declaration-to-the-cop17\/"},"modified":"2026-08-31T15:52:02","modified_gmt":"2026-08-31T19:52:02","slug":"pastoralists-declaration-to-the-cop17","status":"publish","type":"post","link":"https:\/\/www.fscindigenousfoundation.org\/fr\/pastoralists-declaration-to-the-cop17\/","title":{"rendered":"D\u00e9claration des Pasteurs \u00e0 la COP17"},"content":{"rendered":"\n<figure class=\"wp-block-image size-full\"><img loading=\"lazy\" decoding=\"async\" width=\"1024\" height=\"576\" src=\"https:\/\/www.fscindigenousfoundation.org\/wp-content\/uploads\/2026\/08\/whatsapp-image-2026-08-17-at-84027-am-edited.jpeg\" alt=\"\" class=\"wp-image-22124\"\/><figcaption class=\"wp-element-caption\"><em>Photo par Kalea Aquino<\/em><\/figcaption><\/figure>\n\n\n\n<p>Le premier jour de #UNCCDCOP17, des pasteurs, des Peuples Autochtones et d&#8217;autres groupes de diverses r\u00e9gions du monde ont d\u00e9fil\u00e9 ensemble pour adresser \u00ab L&#8217;Appel mondial \u00e0 l&#8217;action des pasteurs et des peuples autochtones : D\u00e9claration d&#8217;Oulan-Bator \u00bb \u00e0 la pr\u00e9sidence de la COP17.<\/p>\n\n\n\n<p>Au c\u0153ur de la D\u00e9claration se trouve un rappel puissant :<\/p>\n\n\n\n<p><em>\u00ab Les pasteurs sont les gardiens de la nature, de la biodiversit\u00e9 et des \u00e9cosyst\u00e8mes, avec une base de connaissances syst\u00e9matique et fond\u00e9e sur l&#8217;exp\u00e9rience. \u00bb<\/em><\/p>\n\n\n\n<p>La D\u00e9claration appelle \u00e0 la reconnaissance et au soutien des contributions vitales des pasteurs \u00e0 l&#8217;entretien et \u00e0 la restauration des paysages pastoraux, \u00e0 la conservation de la biodiversit\u00e9, au renforcement de la sant\u00e9 des \u00e9cosyst\u00e8mes et \u00e0 la gestion durable des ressources naturelles.<\/p>\n\n\n\n<p>Nous vous invitons \u00e0 lire et partager la D\u00e9claration :<\/p>\n\n\n\n<div class=\"wp-block-buttons is-content-justification-center is-layout-flex wp-container-core-buttons-is-layout-16018d1d wp-block-buttons-is-layout-flex\">\n<div class=\"wp-block-button\"><a class=\"wp-block-button__link has-white-color has-text-color has-background has-link-color wp-element-button\" href=\"https:\/\/reindeerherding.org\/news\/497-anders-oskal-presented-pastoralists-declaration-to-the-cop17\" style=\"background-color:#0a5920\" target=\"_blank\" rel=\"noreferrer noopener\">La D\u00e9claration<\/a><\/div>\n<\/div>\n","protected":false},"excerpt":{"rendered":"<p>Les \u00e9leveurs sont des gardiens de la nature, de la biodiversit\u00e9 et des \u00e9cosyst\u00e8mes<\/p>\n","protected":false},"author":3,"featured_media":21999,"comment_status":"closed","ping_status":"closed","sticky":false,"template":"","format":"standard","meta":{"footnotes":""},"categories":[2,22],"tags":[585,847,368,829,49],"class_list":["post-22142","post","type-post","status-publish","format-standard","has-post-thumbnail","hentry","category-non-classifiee","category-outstanding-news-fr","tag-financement-climatique","tag-fsc-indigenous-foundation","tag-leadership-autochtone","tag-les-femmes-autochtones","tag-peuples-autochtones"],"acf":[],"yoast_head":"<!-- This site is optimized with the Yoast SEO plugin v26.9 - https:\/\/yoast.com\/product\/yoast-seo-wordpress\/ -->\n<title>D\u00e9claration des Pasteurs \u00e0 la COP17 - Fondation Indig\u00e8ne FSC<\/title>\n<meta name=\"description\" content=\"Les pasteurs et les Peuples Autochtones portent la D\u00e9claration d\u2019Oulan-Bator \u00e0 la COP17 de la CNULCD, appelant \u00e0 reconna\u00eetre leur r\u00f4le de gardiens de la nature.\" \/>\n<meta name=\"robots\" content=\"index, follow, max-snippet:-1, max-image-preview:large, max-video-preview:-1\" \/>\n<link rel=\"canonical\" href=\"https:\/\/www.fscindigenousfoundation.org\/fr\/pastoralists-declaration-to-the-cop17\/\" \/>\n<meta property=\"og:locale\" content=\"fr_FR\" \/>\n<meta property=\"og:type\" content=\"article\" \/>\n<meta property=\"og:title\" content=\"D\u00e9claration des Pasteurs \u00e0 la COP17 - Fondation Indig\u00e8ne FSC\" \/>\n<meta property=\"og:description\" content=\"Les pasteurs et les Peuples Autochtones portent la D\u00e9claration d\u2019Oulan-Bator \u00e0 la COP17 de la CNULCD, appelant \u00e0 reconna\u00eetre leur r\u00f4le de gardiens de la nature.\" \/>\n<meta property=\"og:url\" content=\"https:\/\/www.fscindigenousfoundation.org\/fr\/pastoralists-declaration-to-the-cop17\/\" \/>\n<meta property=\"og:site_name\" content=\"Fondation Indig\u00e8ne FSC\" \/>\n<meta property=\"article:publisher\" content=\"https:\/\/www.facebook.com\/fscindigenousfoundation\" \/>\n<meta property=\"article:published_time\" content=\"2026-08-31T19:34:57+00:00\" \/>\n<meta property=\"article:modified_time\" content=\"2026-08-31T19:52:02+00:00\" \/>\n<meta property=\"og:image\" content=\"https:\/\/www.fscindigenousfoundation.org\/wp-content\/uploads\/2026\/08\/whatsapp-image-2026-08-17-at-84027-am.jpeg\" \/>\n\t<meta property=\"og:image:width\" content=\"1024\" \/>\n\t<meta property=\"og:image:height\" content=\"768\" \/>\n\t<meta property=\"og:image:type\" content=\"image\/jpeg\" \/>\n<meta name=\"author\" content=\"FSC IF\" \/>\n<meta name=\"twitter:card\" content=\"summary_large_image\" \/>\n<meta name=\"twitter:creator\" content=\"@fsc_if\" \/>\n<meta name=\"twitter:site\" content=\"@fsc_if\" \/>\n<meta name=\"twitter:label1\" content=\"Written by\" \/>\n\t<meta name=\"twitter:data1\" content=\"FSC IF\" \/>\n\t<meta name=\"twitter:label2\" content=\"Est. reading time\" \/>\n\t<meta name=\"twitter:data2\" content=\"2 minutes\" \/>\n<script type=\"application\/ld+json\" class=\"yoast-schema-graph\">{\"@context\":\"https:\/\/schema.org\",\"@graph\":[{\"@type\":\"Article\",\"@id\":\"https:\/\/www.fscindigenousfoundation.org\/fr\/pastoralists-declaration-to-the-cop17\/#article\",\"isPartOf\":{\"@id\":\"https:\/\/www.fscindigenousfoundation.org\/fr\/pastoralists-declaration-to-the-cop17\/\"},\"author\":{\"name\":\"FSC IF\",\"@id\":\"https:\/\/www.fscindigenousfoundation.org\/fr\/#\/schema\/person\/58a930ad98efcb8e01aac64b85daeef4\"},\"headline\":\"D\u00e9claration des Pasteurs \u00e0 la COP17\",\"datePublished\":\"2026-08-31T19:34:57+00:00\",\"dateModified\":\"2026-08-31T19:52:02+00:00\",\"mainEntityOfPage\":{\"@id\":\"https:\/\/www.fscindigenousfoundation.org\/fr\/pastoralists-declaration-to-the-cop17\/\"},\"wordCount\":152,\"publisher\":{\"@id\":\"https:\/\/www.fscindigenousfoundation.org\/fr\/#organization\"},\"image\":{\"@id\":\"https:\/\/www.fscindigenousfoundation.org\/fr\/pastoralists-declaration-to-the-cop17\/#primaryimage\"},\"thumbnailUrl\":\"https:\/\/www.fscindigenousfoundation.org\/wp-content\/uploads\/2026\/08\/whatsapp-image-2026-08-17-at-84027-am.jpeg\",\"keywords\":[\"Financement Climatique\",\"FSC Indigenous Foundation\",\"Leadership autochtone\",\"Les femmes autochtones\",\"Peuples Autochtones\"],\"articleSection\":[\"Non classifi\u00e9(e)\",\"Outstanding news\"],\"inLanguage\":\"fr-FR\"},{\"@type\":\"WebPage\",\"@id\":\"https:\/\/www.fscindigenousfoundation.org\/fr\/pastoralists-declaration-to-the-cop17\/\",\"url\":\"https:\/\/www.fscindigenousfoundation.org\/fr\/pastoralists-declaration-to-the-cop17\/\",\"name\":\"D\u00e9claration des Pasteurs \u00e0 la COP17 - Fondation Indig\u00e8ne FSC\",\"isPartOf\":{\"@id\":\"https:\/\/www.fscindigenousfoundation.org\/fr\/#website\"},\"primaryImageOfPage\":{\"@id\":\"https:\/\/www.fscindigenousfoundation.org\/fr\/pastoralists-declaration-to-the-cop17\/#primaryimage\"},\"image\":{\"@id\":\"https:\/\/www.fscindigenousfoundation.org\/fr\/pastoralists-declaration-to-the-cop17\/#primaryimage\"},\"thumbnailUrl\":\"https:\/\/www.fscindigenousfoundation.org\/wp-content\/uploads\/2026\/08\/whatsapp-image-2026-08-17-at-84027-am.jpeg\",\"datePublished\":\"2026-08-31T19:34:57+00:00\",\"dateModified\":\"2026-08-31T19:52:02+00:00\",\"description\":\"Les pasteurs et les Peuples Autochtones portent la D\u00e9claration d\u2019Oulan-Bator \u00e0 la COP17 de la CNULCD, appelant \u00e0 reconna\u00eetre leur r\u00f4le de gardiens de la nature.\",\"breadcrumb\":{\"@id\":\"https:\/\/www.fscindigenousfoundation.org\/fr\/pastoralists-declaration-to-the-cop17\/#breadcrumb\"},\"inLanguage\":\"fr-FR\",\"potentialAction\":[{\"@type\":\"ReadAction\",\"target\":[\"https:\/\/www.fscindigenousfoundation.org\/fr\/pastoralists-declaration-to-the-cop17\/\"]}]},{\"@type\":\"ImageObject\",\"inLanguage\":\"fr-FR\",\"@id\":\"https:\/\/www.fscindigenousfoundation.org\/fr\/pastoralists-declaration-to-the-cop17\/#primaryimage\",\"url\":\"https:\/\/www.fscindigenousfoundation.org\/wp-content\/uploads\/2026\/08\/whatsapp-image-2026-08-17-at-84027-am.jpeg\",\"contentUrl\":\"https:\/\/www.fscindigenousfoundation.org\/wp-content\/uploads\/2026\/08\/whatsapp-image-2026-08-17-at-84027-am.jpeg\",\"width\":1024,\"height\":768},{\"@type\":\"BreadcrumbList\",\"@id\":\"https:\/\/www.fscindigenousfoundation.org\/fr\/pastoralists-declaration-to-the-cop17\/#breadcrumb\",\"itemListElement\":[{\"@type\":\"ListItem\",\"position\":1,\"name\":\"Home\",\"item\":\"https:\/\/www.fscindigenousfoundation.org\/fr\/\"},{\"@type\":\"ListItem\",\"position\":2,\"name\":\"D\u00e9claration des Pasteurs \u00e0 la COP17\"}]},{\"@type\":\"WebSite\",\"@id\":\"https:\/\/www.fscindigenousfoundation.org\/fr\/#website\",\"url\":\"https:\/\/www.fscindigenousfoundation.org\/fr\/\",\"name\":\"IPARD\",\"description\":\"La Fondation Indig\u00e8ne FSC est une fondation cr\u00e9\u00e9e pour apporter des solutions qui garantissent les droits des Autochtones et prot\u00e8gent leur territoire, leurs for\u00eats et leurs connaissances ancestrales.\",\"publisher\":{\"@id\":\"https:\/\/www.fscindigenousfoundation.org\/fr\/#organization\"},\"potentialAction\":[{\"@type\":\"SearchAction\",\"target\":{\"@type\":\"EntryPoint\",\"urlTemplate\":\"https:\/\/www.fscindigenousfoundation.org\/fr\/?s={search_term_string}\"},\"query-input\":{\"@type\":\"PropertyValueSpecification\",\"valueRequired\":true,\"valueName\":\"search_term_string\"}}],\"inLanguage\":\"fr-FR\"},{\"@type\":\"Organization\",\"@id\":\"https:\/\/www.fscindigenousfoundation.org\/fr\/#organization\",\"name\":\"FSC Indigenous Foundation\",\"url\":\"https:\/\/www.fscindigenousfoundation.org\/fr\/\",\"logo\":{\"@type\":\"ImageObject\",\"inLanguage\":\"fr-FR\",\"@id\":\"https:\/\/www.fscindigenousfoundation.org\/fr\/#\/schema\/logo\/image\/\",\"url\":\"https:\/\/www.fscindigenousfoundation.org\/wp-content\/uploads\/2021\/09\/fsc-indigenous-foundation-color.png\",\"contentUrl\":\"https:\/\/www.fscindigenousfoundation.org\/wp-content\/uploads\/2021\/09\/fsc-indigenous-foundation-color.png\",\"width\":657,\"height\":197,\"caption\":\"FSC Indigenous Foundation\"},\"image\":{\"@id\":\"https:\/\/www.fscindigenousfoundation.org\/fr\/#\/schema\/logo\/image\/\"},\"sameAs\":[\"https:\/\/www.facebook.com\/fscindigenousfoundation\",\"https:\/\/x.com\/fsc_if\",\"https:\/\/instagram.com\/fscindigenousfoundation\"]},{\"@type\":\"Person\",\"@id\":\"https:\/\/www.fscindigenousfoundation.org\/fr\/#\/schema\/person\/58a930ad98efcb8e01aac64b85daeef4\",\"name\":\"FSC IF\",\"url\":\"https:\/\/www.fscindigenousfoundation.org\/fr\/author\/communication\/\"}]}<\/script>\n<!-- \/ Yoast SEO plugin. -->","yoast_head_json":{"title":"D\u00e9claration des Pasteurs \u00e0 la COP17 - Fondation Indig\u00e8ne FSC","description":"Les pasteurs et les Peuples Autochtones portent la D\u00e9claration d\u2019Oulan-Bator \u00e0 la COP17 de la CNULCD, appelant \u00e0 reconna\u00eetre leur r\u00f4le de gardiens de la nature.","robots":{"index":"index","follow":"follow","max-snippet":"max-snippet:-1","max-image-preview":"max-image-preview:large","max-video-preview":"max-video-preview:-1"},"canonical":"https:\/\/www.fscindigenousfoundation.org\/fr\/pastoralists-declaration-to-the-cop17\/","og_locale":"fr_FR","og_type":"article","og_title":"D\u00e9claration des Pasteurs \u00e0 la COP17 - Fondation Indig\u00e8ne FSC","og_description":"Les pasteurs et les Peuples Autochtones portent la D\u00e9claration d\u2019Oulan-Bator \u00e0 la COP17 de la CNULCD, appelant \u00e0 reconna\u00eetre leur r\u00f4le de gardiens de la nature.","og_url":"https:\/\/www.fscindigenousfoundation.org\/fr\/pastoralists-declaration-to-the-cop17\/","og_site_name":"Fondation Indig\u00e8ne FSC","article_publisher":"https:\/\/www.facebook.com\/fscindigenousfoundation","article_published_time":"2026-08-31T19:34:57+00:00","article_modified_time":"2026-08-31T19:52:02+00:00","og_image":[{"width":1024,"height":768,"url":"https:\/\/www.fscindigenousfoundation.org\/wp-content\/uploads\/2026\/08\/whatsapp-image-2026-08-17-at-84027-am.jpeg","type":"image\/jpeg"}],"author":"FSC IF","twitter_card":"summary_large_image","twitter_creator":"@fsc_if","twitter_site":"@fsc_if","twitter_misc":{"Written by":"FSC IF","Est. reading time":"2 minutes"},"schema":{"@context":"https:\/\/schema.org","@graph":[{"@type":"Article","@id":"https:\/\/www.fscindigenousfoundation.org\/fr\/pastoralists-declaration-to-the-cop17\/#article","isPartOf":{"@id":"https:\/\/www.fscindigenousfoundation.org\/fr\/pastoralists-declaration-to-the-cop17\/"},"author":{"name":"FSC IF","@id":"https:\/\/www.fscindigenousfoundation.org\/fr\/#\/schema\/person\/58a930ad98efcb8e01aac64b85daeef4"},"headline":"D\u00e9claration des Pasteurs \u00e0 la COP17","datePublished":"2026-08-31T19:34:57+00:00","dateModified":"2026-08-31T19:52:02+00:00","mainEntityOfPage":{"@id":"https:\/\/www.fscindigenousfoundation.org\/fr\/pastoralists-declaration-to-the-cop17\/"},"wordCount":152,"publisher":{"@id":"https:\/\/www.fscindigenousfoundation.org\/fr\/#organization"},"image":{"@id":"https:\/\/www.fscindigenousfoundation.org\/fr\/pastoralists-declaration-to-the-cop17\/#primaryimage"},"thumbnailUrl":"https:\/\/www.fscindigenousfoundation.org\/wp-content\/uploads\/2026\/08\/whatsapp-image-2026-08-17-at-84027-am.jpeg","keywords":["Financement Climatique","FSC Indigenous Foundation","Leadership autochtone","Les femmes autochtones","Peuples Autochtones"],"articleSection":["Non classifi\u00e9(e)","Outstanding news"],"inLanguage":"fr-FR"},{"@type":"WebPage","@id":"https:\/\/www.fscindigenousfoundation.org\/fr\/pastoralists-declaration-to-the-cop17\/","url":"https:\/\/www.fscindigenousfoundation.org\/fr\/pastoralists-declaration-to-the-cop17\/","name":"D\u00e9claration des Pasteurs \u00e0 la COP17 - Fondation Indig\u00e8ne FSC","isPartOf":{"@id":"https:\/\/www.fscindigenousfoundation.org\/fr\/#website"},"primaryImageOfPage":{"@id":"https:\/\/www.fscindigenousfoundation.org\/fr\/pastoralists-declaration-to-the-cop17\/#primaryimage"},"image":{"@id":"https:\/\/www.fscindigenousfoundation.org\/fr\/pastoralists-declaration-to-the-cop17\/#primaryimage"},"thumbnailUrl":"https:\/\/www.fscindigenousfoundation.org\/wp-content\/uploads\/2026\/08\/whatsapp-image-2026-08-17-at-84027-am.jpeg","datePublished":"2026-08-31T19:34:57+00:00","dateModified":"2026-08-31T19:52:02+00:00","description":"Les pasteurs et les Peuples Autochtones portent la D\u00e9claration d\u2019Oulan-Bator \u00e0 la COP17 de la CNULCD, appelant \u00e0 reconna\u00eetre leur r\u00f4le de gardiens de la nature.","breadcrumb":{"@id":"https:\/\/www.fscindigenousfoundation.org\/fr\/pastoralists-declaration-to-the-cop17\/#breadcrumb"},"inLanguage":"fr-FR","potentialAction":[{"@type":"ReadAction","target":["https:\/\/www.fscindigenousfoundation.org\/fr\/pastoralists-declaration-to-the-cop17\/"]}]},{"@type":"ImageObject","inLanguage":"fr-FR","@id":"https:\/\/www.fscindigenousfoundation.org\/fr\/pastoralists-declaration-to-the-cop17\/#primaryimage","url":"https:\/\/www.fscindigenousfoundation.org\/wp-content\/uploads\/2026\/08\/whatsapp-image-2026-08-17-at-84027-am.jpeg","contentUrl":"https:\/\/www.fscindigenousfoundation.org\/wp-content\/uploads\/2026\/08\/whatsapp-image-2026-08-17-at-84027-am.jpeg","width":1024,"height":768},{"@type":"BreadcrumbList","@id":"https:\/\/www.fscindigenousfoundation.org\/fr\/pastoralists-declaration-to-the-cop17\/#breadcrumb","itemListElement":[{"@type":"ListItem","position":1,"name":"Home","item":"https:\/\/www.fscindigenousfoundation.org\/fr\/"},{"@type":"ListItem","position":2,"name":"D\u00e9claration des Pasteurs \u00e0 la COP17"}]},{"@type":"WebSite","@id":"https:\/\/www.fscindigenousfoundation.org\/fr\/#website","url":"https:\/\/www.fscindigenousfoundation.org\/fr\/","name":"IPARD","description":"La Fondation Indig\u00e8ne FSC est une fondation cr\u00e9\u00e9e pour apporter des solutions qui garantissent les droits des Autochtones et prot\u00e8gent leur territoire, leurs for\u00eats et leurs connaissances ancestrales.","publisher":{"@id":"https:\/\/www.fscindigenousfoundation.org\/fr\/#organization"},"potentialAction":[{"@type":"SearchAction","target":{"@type":"EntryPoint","urlTemplate":"https:\/\/www.fscindigenousfoundation.org\/fr\/?s={search_term_string}"},"query-input":{"@type":"PropertyValueSpecification","valueRequired":true,"valueName":"search_term_string"}}],"inLanguage":"fr-FR"},{"@type":"Organization","@id":"https:\/\/www.fscindigenousfoundation.org\/fr\/#organization","name":"FSC Indigenous Foundation","url":"https:\/\/www.fscindigenousfoundation.org\/fr\/","logo":{"@type":"ImageObject","inLanguage":"fr-FR","@id":"https:\/\/www.fscindigenousfoundation.org\/fr\/#\/schema\/logo\/image\/","url":"https:\/\/www.fscindigenousfoundation.org\/wp-content\/uploads\/2021\/09\/fsc-indigenous-foundation-color.png","contentUrl":"https:\/\/www.fscindigenousfoundation.org\/wp-content\/uploads\/2021\/09\/fsc-indigenous-foundation-color.png","width":657,"height":197,"caption":"FSC Indigenous Foundation"},"image":{"@id":"https:\/\/www.fscindigenousfoundation.org\/fr\/#\/schema\/logo\/image\/"},"sameAs":["https:\/\/www.facebook.com\/fscindigenousfoundation","https:\/\/x.com\/fsc_if","https:\/\/instagram.com\/fscindigenousfoundation"]},{"@type":"Person","@id":"https:\/\/www.fscindigenousfoundation.org\/fr\/#\/schema\/person\/58a930ad98efcb8e01aac64b85daeef4","name":"FSC IF","url":"https:\/\/www.fscindigenousfoundation.org\/fr\/author\/communication\/"}]}},"_links":{"self":[{"href":"https:\/\/www.fscindigenousfoundation.org\/fr\/wp-json\/wp\/v2\/posts\/22142","targetHints":{"allow":["GET"]}}],"collection":[{"href":"https:\/\/www.fscindigenousfoundation.org\/fr\/wp-json\/wp\/v2\/posts"}],"about":[{"href":"https:\/\/www.fscindigenousfoundation.org\/fr\/wp-json\/wp\/v2\/types\/post"}],"author":[{"embeddable":true,"href":"https:\/\/www.fscindigenousfoundation.org\/fr\/wp-json\/wp\/v2\/users\/3"}],"replies":[{"embeddable":true,"href":"https:\/\/www.fscindigenousfoundation.org\/fr\/wp-json\/wp\/v2\/comments?post=22142"}],"version-history":[{"count":3,"href":"https:\/\/www.fscindigenousfoundation.org\/fr\/wp-json\/wp\/v2\/posts\/22142\/revisions"}],"predecessor-version":[{"id":22146,"href":"https:\/\/www.fscindigenousfoundation.org\/fr\/wp-json\/wp\/v2\/posts\/22142\/revisions\/22146"}],"wp:featuredmedia":[{"embeddable":true,"href":"https:\/\/www.fscindigenousfoundation.org\/fr\/wp-json\/wp\/v2\/media\/21999"}],"wp:attachment":[{"href":"https:\/\/www.fscindigenousfoundation.org\/fr\/wp-json\/wp\/v2\/media?parent=22142"}],"wp:term":[{"taxonomy":"category","embeddable":true,"href":"https:\/\/www.fscindigenousfoundation.org\/fr\/wp-json\/wp\/v2\/categories?post=22142"},{"taxonomy":"post_tag","embeddable":true,"href":"https:\/\/www.fscindigenousfoundation.org\/fr\/wp-json\/wp\/v2\/tags?post=22142"}],"curies":[{"name":"wp","href":"https:\/\/api.w.org\/{rel}","templated":true}]}}