{"id":20134,"date":"2026-04-27T12:32:15","date_gmt":"2026-04-27T16:32:15","guid":{"rendered":"https:\/\/www.fscindigenousfoundation.org\/?p=20134"},"modified":"2026-04-27T12:32:19","modified_gmt":"2026-04-27T16:32:19","slug":"communaute-de-pratique-panama-mexique","status":"publish","type":"post","link":"https:\/\/www.fscindigenousfoundation.org\/fr\/communaute-de-pratique-panama-mexique\/","title":{"rendered":"Communaut\u00e9 de pratique Panama, Mexique"},"content":{"rendered":"\n<p>Avril 2026, Ixtl\u00e1n de Ju\u00e1rez, Oaxaca, Mexique<\/p>\n\n\n\n<p>Les 1er et 2 avril 2026, une d\u00e9l\u00e9gation de Peuples Autochtones du Dari\u00e9n, Panama, a visit\u00e9 Ixtl\u00e1n de Ju\u00e1rez, dans la Sierra Norte de Oaxaca, dans le cadre de la \u2018\u2018 Communaut\u00e9 de Pratique Panama \u2013 Mexique \u2019\u2019, un espace d\u2019\u00e9change impuls\u00e9 par la Fondation Autochtone FSC (FSC-IF) avec le soutien du laboratoire d\u2019innovation du Groupe Banque Interam\u00e9ricaine de D\u00e9veloppement.<\/p>\n\n\n\n<p>La d\u00e9l\u00e9gation \u00e9tait compos\u00e9e de repr\u00e9sentants des communaut\u00e9s d\u2019Alto Play\u00f3n, Puerto Lara, Arimae et Ember\u00e1 Puru, appartenant aux Peuples Ember\u00e1 et Wounaan, qui ont maintenu un dialogue direct avec les autorit\u00e9s communales du Peuple Zapot\u00e8que d\u2019Ixtl\u00e1n de Ju\u00e1rez, accompagn\u00e9s par l\u2019\u00e9quipe technique du projet et FSC Mexique.<\/p>\n\n\n\n<p><\/p>\n\n\n\n<figure class=\"wp-block-image size-full is-resized\"><img loading=\"lazy\" decoding=\"async\" width=\"1000\" height=\"292\" src=\"https:\/\/www.fscindigenousfoundation.org\/wp-content\/uploads\/2026\/04\/1-2.png\" alt=\"\" class=\"wp-image-19134\" style=\"width:1241px;height:auto\"\/><figcaption class=\"wp-element-caption\"><em>C\u00e9r\u00e9monie traditionnelle et dialogue<\/em><\/figcaption><\/figure>\n\n\n\n<p>Cet \u00e9change s\u2019inscrit dans le projet <strong>\u2018\u2018Promouvoir des Mod\u00e8les d\u2019Affaires Autochtones Bas\u00e9s sur la Nature \u2019\u2019<\/strong>, une initiative port\u00e9e par la Fondation Autochtone FSC et cofinanc\u00e9e par BID Lab, qui accompagne les communaut\u00e9s autochtones dans la construction d\u2019\u00e9conomies propres bas\u00e9es sur leur relation avec le territoire.<\/p>\n\n\n\n<p>\u00c0 travers ce processus, les communaut\u00e9s du Dari\u00e9n explorent comment transformer leurs savoirs, pratiques et formes d\u2019organisation en mod\u00e8les \u00e9conomiques g\u00e9n\u00e9rant des revenus sans rompre l\u2019\u00e9quilibre avec la nature, ainsi que l\u2019identification de m\u00e9canismes permettant de reconna\u00eetre et de communiquer la valeur culturelle, sociale et environnementale de leurs produits et services.<\/p>\n\n\n\n<p>L\u2019apprentissage entre peuples, comme celui v\u00e9cu \u00e0 Ixtl\u00e1n de Ju\u00e1rez, devient ainsi un outil cl\u00e9 pour identifier des voies propres de d\u00e9veloppement tout en renfor\u00e7ant la gouvernance communautaire et la capacit\u00e9 de prise de d\u00e9cisions \u00e0 long terme.<\/p>\n\n\n\n<h2 class=\"wp-block-heading\"><strong>Gouvernance et vision communautaire<\/strong>\u00a0<\/h2>\n\n\n\n<figure class=\"wp-block-image size-full is-resized\"><img loading=\"lazy\" decoding=\"async\" width=\"1000\" height=\"292\" src=\"https:\/\/www.fscindigenousfoundation.org\/wp-content\/uploads\/2026\/04\/2-1.png\" alt=\"\" class=\"wp-image-19138\" style=\"width:1241px;height:auto\"\/><figcaption class=\"wp-element-caption\"><em>Visite de la r\u00e9serve communautaire<\/em><\/figcaption><\/figure>\n\n\n\n<p>\u00c0 Ixtl\u00e1n de Ju\u00e1rez, la for\u00eat est une partie centrale de la vie communautaire. Sa gestion repose sur une structure de gouvernance bas\u00e9e sur l\u2019assembl\u00e9e, o\u00f9 les d\u00e9cisions r\u00e9pondent \u00e0 une vision collective \u00e0 long terme. Ce mod\u00e8le se renforce \u00e0 travers la gestion foresti\u00e8re certifi\u00e9e FSC, qui a contribu\u00e9 \u00e0 \u00e9tablir des crit\u00e8res clairs pour la gestion de la for\u00eat et \u00e0 consolider des pratiques d\u2019administration responsables.<\/p>\n\n\n\n<p>Au cours de l\u2019\u00e9change, le Commissariat des Biens Communaux, Amado Maurilio M\u00e9ndez Pacheco, a partag\u00e9 certains des principes qui ont permis de consolider ce mod\u00e8le :<\/p>\n\n\n\n<p><em>\u2018\u2018 Souvent, nous voulons voir des r\u00e9sultats rapides, mais les processus communautaires sont de long terme. Une entreprise a besoin de temps pour m\u00fbrir. Ici, nous avons appris \u00e0 nous organiser, \u00e0 r\u00e9investir et \u00e0 avoir une vision claire de la direction que nous voulons prendre en tant que communaut\u00e9. \u2019\u2019<\/em><\/p>\n\n\n\n<p>Plus que des initiatives isol\u00e9es, les entreprises, la gestion de la for\u00eat et l\u2019organisation sociale font partie d\u2019un m\u00eame syst\u00e8me r\u00e9pondant au bien-\u00eatre communautaire.<\/p>\n\n\n\n<h2 class=\"wp-block-heading\"><strong>Au-del\u00e0 de la for\u00eat : entreprises communautaires<\/strong><\/h2>\n\n\n\n<p>L\u2019un des axes principaux de la visite a \u00e9t\u00e9 de conna\u00eetre l\u2019ensemble des entreprises communales qu\u2019Ixtl\u00e1n a d\u00e9velopp\u00e9es \u00e0 partir de son territoire.<\/p>\n\n\n\n<p>La d\u00e9l\u00e9gation a visit\u00e9 diff\u00e9rentes initiatives productives cr\u00e9\u00e9es et administr\u00e9es par la communaut\u00e9 elle-m\u00eame, parmi lesquelles la scierie, la fabrique de meubles, l\u2019embouteilleuse d\u2019eau purifi\u00e9e et le parc \u00e9cotouristique Ecoturixtl\u00e1n, o\u00f9 ils ont \u00e9galement s\u00e9journ\u00e9.<\/p>\n\n\n\n<p><\/p>\n\n\n\n<figure class=\"wp-block-image size-full is-resized\"><img loading=\"lazy\" decoding=\"async\" width=\"1000\" height=\"292\" src=\"https:\/\/www.fscindigenousfoundation.org\/wp-content\/uploads\/2026\/04\/5-1.png\" alt=\"\" class=\"wp-image-19142\" style=\"width:1241px;height:auto\"\/><figcaption class=\"wp-element-caption\"><em>Visite de la scierie et de l\u2019embouteilleuse<\/em><\/figcaption><\/figure>\n\n\n\n<p>Parmi les espaces visit\u00e9s, le Belv\u00e9d\u00e8re en Verre s\u2019est distingu\u00e9, l\u2019un des belv\u00e9d\u00e8res de ce type les plus hauts d\u2019Am\u00e9rique latine et un point embl\u00e9matique du mod\u00e8le touristique communautaire. Son d\u00e9veloppement a g\u00e9n\u00e9r\u00e9 de l\u2019emploi et des revenus non seulement pour Ixtl\u00e1n, mais aussi pour les communaut\u00e9s voisines qui participent \u00e0 la cha\u00eene de valeur du tourisme.<\/p>\n\n\n\n<p><\/p>\n\n\n\n<figure class=\"wp-block-image size-full is-resized\"><img loading=\"lazy\" decoding=\"async\" width=\"1000\" height=\"292\" src=\"https:\/\/www.fscindigenousfoundation.org\/wp-content\/uploads\/2026\/04\/4-1.png\" alt=\"\" class=\"wp-image-19146\" style=\"width:1241px;height:auto\"\/><figcaption class=\"wp-element-caption\"><em>Belv\u00e9d\u00e8re en Verre<\/em><\/figcaption><\/figure>\n\n\n\n<p>L\u2019initiative Juguetearte Capul\u00e1lpam a \u00e9galement particip\u00e9, produisant des jouets \u00e0 partir de bois r\u00e9siduel de la for\u00eat. Ce mod\u00e8le a particuli\u00e8rement attir\u00e9 l\u2019attention des participantes, en montrant comment il est possible de valoriser des mat\u00e9riaux qui n\u2019entrent pas dans les processus industriels pour g\u00e9n\u00e9rer de la valeur \u00e9conomique tout en contribuant \u00e0 la conservation de la for\u00eat.<\/p>\n\n\n\n<h2 class=\"wp-block-heading\"><strong>\u00c9conomie communautaire et prise de d\u00e9cisions<\/strong><\/h2>\n\n\n\n<p>L\u2019\u00e9change a permis de comprendre comment la communaut\u00e9 organise et distribue les b\u00e9n\u00e9fices de ses activit\u00e9s \u00e9conomiques.<\/p>\n\n\n\n<p>\u00c0 Ixtl\u00e1n, les revenus ne sont pas uniquement destin\u00e9s \u00e0 la distribution individuelle. Une partie est affect\u00e9e \u00e0 la provision sociale, une autre au r\u00e9investissement dans la for\u00eat et dans les entreprises, et seule une fraction est distribu\u00e9e directement.<\/p>\n\n\n\n<p>Selon C\u00e9sar Canseco, Chef Op\u00e9rationnel d\u2019Ecoturixtl\u00e1n :<\/p>\n\n\n\n<blockquote class=\"wp-block-quote is-layout-flow wp-block-quote-is-layout-flow\">\n<p><em>\u2018\u2018 Ixtl\u00e1n ne cherche pas \u00e0 devenir millionnaire gr\u00e2ce \u00e0 ses entreprises, mais \u00e0 g\u00e9n\u00e9rer des emplois. Cela permet aux jeunes de rester, de trouver des opportunit\u00e9s au sein de la communaut\u00e9. Avant, beaucoup voulaient devenir ing\u00e9nieurs forestiers parce que c\u2019\u00e9tait le principal moyen de subsistance ; aujourd\u2019hui, ils cherchent aussi \u00e0 se former dans le tourisme, l\u2019administration et d\u2019autres domaines. \u2019\u2019<\/em><\/p>\n<\/blockquote>\n\n\n\n<p>Ce mod\u00e8le r\u00e9pond \u00e0 une logique de durabilit\u00e9 \u00e0 long terme, o\u00f9 le d\u00e9veloppement \u00e9conomique se construit sans compromettre le territoire.<br><br>De m\u00eame, l\u2019importance de disposer d\u2019un accompagnement technique pour renforcer la gestion des entreprises communautaires et leur viabilit\u00e9 dans le temps a \u00e9t\u00e9 soulign\u00e9e.<\/p>\n\n\n\n<h2 class=\"wp-block-heading\"><strong>Apprentissage sur le territoire<\/strong><\/h2>\n\n\n\n<p>Les activit\u00e9s ont inclus des parcours dans la for\u00eat m\u00e9sophile de montagne, ainsi que des visites de projets productifs et touristiques de la communaut\u00e9.<\/p>\n\n\n\n<p><\/p>\n\n\n\n<figure class=\"wp-block-image size-full\"><img loading=\"lazy\" decoding=\"async\" width=\"1000\" height=\"292\" src=\"https:\/\/www.fscindigenousfoundation.org\/wp-content\/uploads\/2026\/04\/3-1.png\" alt=\"\" class=\"wp-image-19150\"\/><figcaption class=\"wp-element-caption\"><em>Parc \u00e9cotouristique Ecoturixtl\u00e1n<\/em><\/figcaption><\/figure>\n\n\n\n<p>Au cours de ces espaces, Alina Santiago, leader autochtone zapot\u00e8que d\u2019Ixtl\u00e1n de Ju\u00e1rez, a jou\u00e9 un r\u00f4le cl\u00e9 dans la pr\u00e9sentation du mod\u00e8le communautaire. Avec Alejandro Reynosa, de FSC Mexique, ils ont pr\u00e9sent\u00e9 la certification de gestion foresti\u00e8re FSC et r\u00e9pondu aux questions de la d\u00e9l\u00e9gation, notamment sur la mani\u00e8re dont cet outil peut renforcer la gestion de la for\u00eat et contribuer \u00e0 diversifier les sources de revenus des communaut\u00e9s autochtones.<\/p>\n\n\n\n<p>Au-del\u00e0 des contenus techniques, la rencontre a inclus des c\u00e9r\u00e9monies, des expressions culturelles et des espaces de dialogue refl\u00e9tant la relation profonde entre territoire, identit\u00e9 et communaut\u00e9.<\/p>\n\n\n\n<p>La d\u00e9l\u00e9gation des Peuples Ember\u00e1 et Wounaan a partag\u00e9 avec grand int\u00e9r\u00eat et admiration l\u2019impact que leur a produit la d\u00e9couverte du travail r\u00e9alis\u00e9 par leurs fr\u00e8res du Peuple Zapot\u00e8que. Ils ont exprim\u00e9 leur enthousiasme en observant les r\u00e9sultats d\u2019un processus construit sur 60 ans, ainsi que la croissance atteinte et le d\u00e9veloppement d\u2019initiatives productives avec un haut niveau d\u2019organisation. Ils ont particuli\u00e8rement soulign\u00e9 la mani\u00e8re dont les ressources foresti\u00e8res ont \u00e9t\u00e9 exploit\u00e9es de mani\u00e8re durable, tout en maintenant la for\u00eat forte, saine et prot\u00e9g\u00e9e.<\/p>\n\n\n\n<p>Luviana Chamapuro, pr\u00e9sidente de l\u2019organisation autochtone Orop\u00e9ndolas, a partag\u00e9 cet enthousiasme :<\/p>\n\n\n\n<blockquote class=\"wp-block-quote is-layout-flow wp-block-quote-is-layout-flow\">\n<p><em>\u2018\u2018 Je retourne tr\u00e8s heureuse dans ma communaut\u00e9 parce que je peux partager cela ; c\u2019est pour cela que je suis venue : voir et partager avec ma communaut\u00e9. Le tourisme est important et bien accueillir les touristes ; nous sommes artisanes, nous pouvons offrir de bons produits, un bon accueil, et je partagerai cela avec le groupe qui accueille les touristes. Ils ont r\u00e9ussi ces grands projets qu\u2019ils r\u00e9alisent et ce n\u2019est pas facile ; ce sont de nombreuses ann\u00e9es, mais ils y sont parvenus et je n\u2019ai pas de mots. \u2019\u2019<\/em><\/p>\n<\/blockquote>\n\n\n\n<p>La cacique Aulina Ismare Opua, cacique du Congr\u00e8s G\u00e9n\u00e9ral du Peuple Wounaan, a \u00e9galement partag\u00e9 :<\/p>\n\n\n\n<blockquote class=\"wp-block-quote is-layout-flow wp-block-quote-is-layout-flow\">\n<p><em>\u2018\u2018 La partie environnementale : je suis surprise de voir l\u2019am\u00e9nagement du territoire \u00e0 l\u2019int\u00e9rieur des hectares. Au Panama, certaines communaut\u00e9s l\u2019ont ; il manque seulement de renforcer le potentiel technique et d\u2019apporter une valeur ajout\u00e9e. Cela nous aide \u00e0 dire \u00e0 l\u2019\u00c9tat que nous ne voulons pas seulement l\u2019avoir pour l\u2019avoir, mais que nous voulons d\u00e9cider de la mani\u00e8re de le prot\u00e9ger, et cela contribue aussi au d\u00e9veloppement de la population et de l\u2019\u00c9tat lui-m\u00eame. \u2019\u2019<\/em><\/p>\n<\/blockquote>\n\n\n\n<p><\/p>\n\n\n\n<figure class=\"wp-block-image size-full\"><img loading=\"lazy\" decoding=\"async\" width=\"2000\" height=\"1125\" src=\"https:\/\/www.fscindigenousfoundation.org\/wp-content\/uploads\/2026\/04\/dsc06985.jpg\" alt=\"\" class=\"wp-image-18933\"\/><figcaption class=\"wp-element-caption\">Partie de la d\u00e9l\u00e9gation, Peuples Ember\u00e1 et Wounaan<\/figcaption><\/figure>\n\n\n\n<h2 class=\"wp-block-heading\">Diversification et services \u00e9cosyst\u00e9miques<\/h2>\n\n\n\n<p>L\u2019un des th\u00e8mes importants de l\u2019\u00e9change a \u00e9t\u00e9 la diversification des revenus \u00e0 partir des services \u00e9cosyst\u00e9miques, notamment en raison de l\u2019int\u00e9r\u00eat des communaut\u00e9s du Panama \u00e0 identifier de nouvelles opportunit\u00e9s \u00e9conomiques au-del\u00e0 de l\u2019exploitation du bois.<\/p>\n\n\n\n<p>Comme l\u2019a indiqu\u00e9 Me Alina Santiago : <em>\u2018\u2018 Il existe d\u2019autres produits d\u00e9riv\u00e9s de la for\u00eat : l\u2019eau, l\u2019artisanat, la biodiversit\u00e9, les cr\u00e9dits carbone. Il y a sept services \u00e9cosyst\u00e9miques que g\u00e8re le FSC. \u2019\u2019<\/em><\/p>\n\n\n\n<p>Cette approche a permis de rendre visibles les b\u00e9n\u00e9fices de la for\u00eat pouvant se traduire en mod\u00e8les \u00e9conomiques ne d\u00e9pendant pas uniquement du bois, ouvrant des opportunit\u00e9s pour des communaut\u00e9s qui, en raison de leurs conditions territoriales, ne disposent pas de grands volumes forestiers.<\/p>\n\n\n\n<p>Dans ce sens, la gestion foresti\u00e8re certifi\u00e9e FSC a \u00e9t\u00e9 pr\u00e9sent\u00e9e comme un outil qui renforce l\u2019organisation communautaire, facilite une meilleure gestion de la for\u00eat, permet d\u2019identifier des opportunit\u00e9s de diversification \u00e9conomique et ouvre des possibilit\u00e9s d\u2019acc\u00e8s \u00e0 de nouveaux march\u00e9s, y compris des m\u00e9canismes comme le march\u00e9 du carbone.<\/p>\n\n\n\n<h2 class=\"wp-block-heading\">Un dialogue entre territoires<\/h2>\n\n\n\n<p>L\u2019exp\u00e9rience \u00e0 Ixtl\u00e1n de Ju\u00e1rez offre des \u00e9l\u00e9ments pouvant \u00eatre adapt\u00e9s \u00e0 diff\u00e9rents contextes, en reconnaissant que chaque territoire poss\u00e8de ses propres conditions, mais aussi qu\u2019il existe des principes communs dans la construction de mod\u00e8les communautaires durables.<\/p>\n\n\n\n<p><br>De la Sierra Norte de Oaxaca au Dari\u00e9n panam\u00e9en, la for\u00eat reste un point de rencontre, o\u00f9 la durabilit\u00e9 n\u2019est pas un concept abstrait, mais une pratique construite depuis la communaut\u00e9.<\/p>\n\n\n\n<p><\/p>\n\n\n<div class=\"wp-block-image\">\n<figure class=\"alignleft size-full is-resized\"><img loading=\"lazy\" decoding=\"async\" width=\"900\" height=\"718\" src=\"https:\/\/www.fscindigenousfoundation.org\/wp-content\/uploads\/2026\/04\/img-20260402-081756-1.jpg\" alt=\"\" class=\"wp-image-19154\" style=\"width:1241px;height:auto\"\/><\/figure><\/div>\n\n\n<p>D\u00e9l\u00e9gation du Panama, FSC-IF et FSC Mexique<\/p>\n","protected":false},"excerpt":{"rendered":"<p>\u00c9change entre Peuples Autochtones et construction de mod\u00e8les \u00e9conomiques bas\u00e9s sur la nature<\/p>\n","protected":false},"author":1,"featured_media":19135,"comment_status":"closed","ping_status":"closed","sticky":false,"template":"","format":"standard","meta":{"footnotes":""},"categories":[2,22],"tags":[366,367,64,94,297],"class_list":["post-20134","post","type-post","status-publish","format-standard","has-post-thumbnail","hentry","category-non-classifiee","category-outstanding-news-fr","tag-forest-stewardship-council-fr","tag-fsc-fr","tag-indigenous-peoples-fr","tag-indigenous-women-2-fr","tag-traditional-knowledge-fr"],"acf":[],"yoast_head":"<!-- This site is optimized with the Yoast SEO plugin v26.9 - https:\/\/yoast.com\/product\/yoast-seo-wordpress\/ -->\n<title>Communaut\u00e9 de pratique Panama, Mexique - Fondation Indig\u00e8ne FSC<\/title>\n<meta name=\"description\" content=\"Les 1er et 2 avril 2026, une d\u00e9l\u00e9gation de Peuples Autochtones du Dari\u00e9n, Panama, a visit\u00e9 Ixtl\u00e1n de Ju\u00e1rez, dans la Sierra Norte de Oaxaca, dans le cadre de la \u2018\u2018 Communaut\u00e9 de Pratique Panama \u2013 Mexique \u2019\u2019, un espace d\u2019\u00e9change impuls\u00e9 par la Fondation Autochtone FSC (FSC-IF) avec le soutien du laboratoire d\u2019innovation du Groupe Banque Interam\u00e9ricaine de D\u00e9veloppement.\" \/>\n<meta name=\"robots\" content=\"index, follow, max-snippet:-1, max-image-preview:large, max-video-preview:-1\" \/>\n<link rel=\"canonical\" href=\"https:\/\/www.fscindigenousfoundation.org\/fr\/communaute-de-pratique-panama-mexique\/\" \/>\n<meta property=\"og:locale\" content=\"fr_FR\" \/>\n<meta property=\"og:type\" content=\"article\" \/>\n<meta property=\"og:title\" content=\"Communaut\u00e9 de pratique Panama, Mexique - Fondation Indig\u00e8ne FSC\" \/>\n<meta property=\"og:description\" content=\"Les 1er et 2 avril 2026, une d\u00e9l\u00e9gation de Peuples Autochtones du Dari\u00e9n, Panama, a visit\u00e9 Ixtl\u00e1n de Ju\u00e1rez, dans la Sierra Norte de Oaxaca, dans le cadre de la \u2018\u2018 Communaut\u00e9 de Pratique Panama \u2013 Mexique \u2019\u2019, un espace d\u2019\u00e9change impuls\u00e9 par la Fondation Autochtone FSC (FSC-IF) avec le soutien du laboratoire d\u2019innovation du Groupe Banque Interam\u00e9ricaine de D\u00e9veloppement.\" \/>\n<meta property=\"og:url\" content=\"https:\/\/www.fscindigenousfoundation.org\/fr\/communaute-de-pratique-panama-mexique\/\" \/>\n<meta property=\"og:site_name\" content=\"Fondation Indig\u00e8ne FSC\" \/>\n<meta property=\"article:publisher\" content=\"https:\/\/www.facebook.com\/fscindigenousfoundation\" \/>\n<meta property=\"article:published_time\" content=\"2026-04-27T16:32:15+00:00\" \/>\n<meta property=\"article:modified_time\" content=\"2026-04-27T16:32:19+00:00\" \/>\n<meta property=\"og:image\" content=\"https:\/\/www.fscindigenousfoundation.org\/wp-content\/uploads\/2026\/04\/1-2.png\" \/>\n\t<meta property=\"og:image:width\" content=\"1000\" \/>\n\t<meta property=\"og:image:height\" content=\"292\" \/>\n\t<meta property=\"og:image:type\" content=\"image\/png\" \/>\n<meta name=\"author\" content=\"Admin\" \/>\n<meta name=\"twitter:card\" content=\"summary_large_image\" \/>\n<meta name=\"twitter:creator\" content=\"@fsc_if\" \/>\n<meta name=\"twitter:site\" content=\"@fsc_if\" \/>\n<meta name=\"twitter:label1\" content=\"Written by\" \/>\n\t<meta name=\"twitter:data1\" content=\"Admin\" \/>\n\t<meta name=\"twitter:label2\" content=\"Est. reading time\" \/>\n\t<meta name=\"twitter:data2\" content=\"7 minutes\" \/>\n<script type=\"application\/ld+json\" class=\"yoast-schema-graph\">{\"@context\":\"https:\/\/schema.org\",\"@graph\":[{\"@type\":\"Article\",\"@id\":\"https:\/\/www.fscindigenousfoundation.org\/fr\/communaute-de-pratique-panama-mexique\/#article\",\"isPartOf\":{\"@id\":\"https:\/\/www.fscindigenousfoundation.org\/fr\/communaute-de-pratique-panama-mexique\/\"},\"author\":{\"name\":\"Admin\",\"@id\":\"https:\/\/www.fscindigenousfoundation.org\/fr\/#\/schema\/person\/2771f0a521aa6f1f4ea54b5c74194ec4\"},\"headline\":\"Communaut\u00e9 de pratique Panama, Mexique\",\"datePublished\":\"2026-04-27T16:32:15+00:00\",\"dateModified\":\"2026-04-27T16:32:19+00:00\",\"mainEntityOfPage\":{\"@id\":\"https:\/\/www.fscindigenousfoundation.org\/fr\/communaute-de-pratique-panama-mexique\/\"},\"wordCount\":1704,\"publisher\":{\"@id\":\"https:\/\/www.fscindigenousfoundation.org\/fr\/#organization\"},\"image\":{\"@id\":\"https:\/\/www.fscindigenousfoundation.org\/fr\/communaute-de-pratique-panama-mexique\/#primaryimage\"},\"thumbnailUrl\":\"https:\/\/www.fscindigenousfoundation.org\/wp-content\/uploads\/2026\/04\/1-2.png\",\"keywords\":[\"Forest Stewardship Council\",\"FSC\",\"Indigenous Peoples\",\"Indigenous women\",\"traditional knowledge\"],\"articleSection\":[\"Non classifi\u00e9(e)\",\"Outstanding news\"],\"inLanguage\":\"fr-FR\"},{\"@type\":\"WebPage\",\"@id\":\"https:\/\/www.fscindigenousfoundation.org\/fr\/communaute-de-pratique-panama-mexique\/\",\"url\":\"https:\/\/www.fscindigenousfoundation.org\/fr\/communaute-de-pratique-panama-mexique\/\",\"name\":\"Communaut\u00e9 de pratique Panama, Mexique - Fondation Indig\u00e8ne FSC\",\"isPartOf\":{\"@id\":\"https:\/\/www.fscindigenousfoundation.org\/fr\/#website\"},\"primaryImageOfPage\":{\"@id\":\"https:\/\/www.fscindigenousfoundation.org\/fr\/communaute-de-pratique-panama-mexique\/#primaryimage\"},\"image\":{\"@id\":\"https:\/\/www.fscindigenousfoundation.org\/fr\/communaute-de-pratique-panama-mexique\/#primaryimage\"},\"thumbnailUrl\":\"https:\/\/www.fscindigenousfoundation.org\/wp-content\/uploads\/2026\/04\/1-2.png\",\"datePublished\":\"2026-04-27T16:32:15+00:00\",\"dateModified\":\"2026-04-27T16:32:19+00:00\",\"description\":\"Les 1er et 2 avril 2026, une d\u00e9l\u00e9gation de Peuples Autochtones du Dari\u00e9n, Panama, a visit\u00e9 Ixtl\u00e1n de Ju\u00e1rez, dans la Sierra Norte de Oaxaca, dans le cadre de la \u2018\u2018 Communaut\u00e9 de Pratique Panama \u2013 Mexique \u2019\u2019, un espace d\u2019\u00e9change impuls\u00e9 par la Fondation Autochtone FSC (FSC-IF) avec le soutien du laboratoire d\u2019innovation du Groupe Banque Interam\u00e9ricaine de D\u00e9veloppement.\",\"breadcrumb\":{\"@id\":\"https:\/\/www.fscindigenousfoundation.org\/fr\/communaute-de-pratique-panama-mexique\/#breadcrumb\"},\"inLanguage\":\"fr-FR\",\"potentialAction\":[{\"@type\":\"ReadAction\",\"target\":[\"https:\/\/www.fscindigenousfoundation.org\/fr\/communaute-de-pratique-panama-mexique\/\"]}]},{\"@type\":\"ImageObject\",\"inLanguage\":\"fr-FR\",\"@id\":\"https:\/\/www.fscindigenousfoundation.org\/fr\/communaute-de-pratique-panama-mexique\/#primaryimage\",\"url\":\"https:\/\/www.fscindigenousfoundation.org\/wp-content\/uploads\/2026\/04\/1-2.png\",\"contentUrl\":\"https:\/\/www.fscindigenousfoundation.org\/wp-content\/uploads\/2026\/04\/1-2.png\",\"width\":1000,\"height\":292},{\"@type\":\"BreadcrumbList\",\"@id\":\"https:\/\/www.fscindigenousfoundation.org\/fr\/communaute-de-pratique-panama-mexique\/#breadcrumb\",\"itemListElement\":[{\"@type\":\"ListItem\",\"position\":1,\"name\":\"Home\",\"item\":\"https:\/\/www.fscindigenousfoundation.org\/fr\/\"},{\"@type\":\"ListItem\",\"position\":2,\"name\":\"Communaut\u00e9 de pratique Panama, Mexique\"}]},{\"@type\":\"WebSite\",\"@id\":\"https:\/\/www.fscindigenousfoundation.org\/fr\/#website\",\"url\":\"https:\/\/www.fscindigenousfoundation.org\/fr\/\",\"name\":\"IPARD\",\"description\":\"La Fondation Indig\u00e8ne FSC est une fondation cr\u00e9\u00e9e pour apporter des solutions qui garantissent les droits des Autochtones et prot\u00e8gent leur territoire, leurs for\u00eats et leurs connaissances ancestrales.\",\"publisher\":{\"@id\":\"https:\/\/www.fscindigenousfoundation.org\/fr\/#organization\"},\"potentialAction\":[{\"@type\":\"SearchAction\",\"target\":{\"@type\":\"EntryPoint\",\"urlTemplate\":\"https:\/\/www.fscindigenousfoundation.org\/fr\/?s={search_term_string}\"},\"query-input\":{\"@type\":\"PropertyValueSpecification\",\"valueRequired\":true,\"valueName\":\"search_term_string\"}}],\"inLanguage\":\"fr-FR\"},{\"@type\":\"Organization\",\"@id\":\"https:\/\/www.fscindigenousfoundation.org\/fr\/#organization\",\"name\":\"FSC Indigenous Foundation\",\"url\":\"https:\/\/www.fscindigenousfoundation.org\/fr\/\",\"logo\":{\"@type\":\"ImageObject\",\"inLanguage\":\"fr-FR\",\"@id\":\"https:\/\/www.fscindigenousfoundation.org\/fr\/#\/schema\/logo\/image\/\",\"url\":\"https:\/\/www.fscindigenousfoundation.org\/wp-content\/uploads\/2021\/09\/fsc-indigenous-foundation-color.png\",\"contentUrl\":\"https:\/\/www.fscindigenousfoundation.org\/wp-content\/uploads\/2021\/09\/fsc-indigenous-foundation-color.png\",\"width\":657,\"height\":197,\"caption\":\"FSC Indigenous Foundation\"},\"image\":{\"@id\":\"https:\/\/www.fscindigenousfoundation.org\/fr\/#\/schema\/logo\/image\/\"},\"sameAs\":[\"https:\/\/www.facebook.com\/fscindigenousfoundation\",\"https:\/\/x.com\/fsc_if\",\"https:\/\/instagram.com\/fscindigenousfoundation\"]},{\"@type\":\"Person\",\"@id\":\"https:\/\/www.fscindigenousfoundation.org\/fr\/#\/schema\/person\/2771f0a521aa6f1f4ea54b5c74194ec4\",\"name\":\"Admin\",\"sameAs\":[\"https:\/\/www.fscindigenousfoundation.org\"],\"url\":\"https:\/\/www.fscindigenousfoundation.org\/fr\/author\/admlab-ipard\/\"}]}<\/script>\n<!-- \/ Yoast SEO plugin. -->","yoast_head_json":{"title":"Communaut\u00e9 de pratique Panama, Mexique - Fondation Indig\u00e8ne FSC","description":"Les 1er et 2 avril 2026, une d\u00e9l\u00e9gation de Peuples Autochtones du Dari\u00e9n, Panama, a visit\u00e9 Ixtl\u00e1n de Ju\u00e1rez, dans la Sierra Norte de Oaxaca, dans le cadre de la \u2018\u2018 Communaut\u00e9 de Pratique Panama \u2013 Mexique \u2019\u2019, un espace d\u2019\u00e9change impuls\u00e9 par la Fondation Autochtone FSC (FSC-IF) avec le soutien du laboratoire d\u2019innovation du Groupe Banque Interam\u00e9ricaine de D\u00e9veloppement.","robots":{"index":"index","follow":"follow","max-snippet":"max-snippet:-1","max-image-preview":"max-image-preview:large","max-video-preview":"max-video-preview:-1"},"canonical":"https:\/\/www.fscindigenousfoundation.org\/fr\/communaute-de-pratique-panama-mexique\/","og_locale":"fr_FR","og_type":"article","og_title":"Communaut\u00e9 de pratique Panama, Mexique - Fondation Indig\u00e8ne FSC","og_description":"Les 1er et 2 avril 2026, une d\u00e9l\u00e9gation de Peuples Autochtones du Dari\u00e9n, Panama, a visit\u00e9 Ixtl\u00e1n de Ju\u00e1rez, dans la Sierra Norte de Oaxaca, dans le cadre de la \u2018\u2018 Communaut\u00e9 de Pratique Panama \u2013 Mexique \u2019\u2019, un espace d\u2019\u00e9change impuls\u00e9 par la Fondation Autochtone FSC (FSC-IF) avec le soutien du laboratoire d\u2019innovation du Groupe Banque Interam\u00e9ricaine de D\u00e9veloppement.","og_url":"https:\/\/www.fscindigenousfoundation.org\/fr\/communaute-de-pratique-panama-mexique\/","og_site_name":"Fondation Indig\u00e8ne FSC","article_publisher":"https:\/\/www.facebook.com\/fscindigenousfoundation","article_published_time":"2026-04-27T16:32:15+00:00","article_modified_time":"2026-04-27T16:32:19+00:00","og_image":[{"width":1000,"height":292,"url":"https:\/\/www.fscindigenousfoundation.org\/wp-content\/uploads\/2026\/04\/1-2.png","type":"image\/png"}],"author":"Admin","twitter_card":"summary_large_image","twitter_creator":"@fsc_if","twitter_site":"@fsc_if","twitter_misc":{"Written by":"Admin","Est. reading time":"7 minutes"},"schema":{"@context":"https:\/\/schema.org","@graph":[{"@type":"Article","@id":"https:\/\/www.fscindigenousfoundation.org\/fr\/communaute-de-pratique-panama-mexique\/#article","isPartOf":{"@id":"https:\/\/www.fscindigenousfoundation.org\/fr\/communaute-de-pratique-panama-mexique\/"},"author":{"name":"Admin","@id":"https:\/\/www.fscindigenousfoundation.org\/fr\/#\/schema\/person\/2771f0a521aa6f1f4ea54b5c74194ec4"},"headline":"Communaut\u00e9 de pratique Panama, Mexique","datePublished":"2026-04-27T16:32:15+00:00","dateModified":"2026-04-27T16:32:19+00:00","mainEntityOfPage":{"@id":"https:\/\/www.fscindigenousfoundation.org\/fr\/communaute-de-pratique-panama-mexique\/"},"wordCount":1704,"publisher":{"@id":"https:\/\/www.fscindigenousfoundation.org\/fr\/#organization"},"image":{"@id":"https:\/\/www.fscindigenousfoundation.org\/fr\/communaute-de-pratique-panama-mexique\/#primaryimage"},"thumbnailUrl":"https:\/\/www.fscindigenousfoundation.org\/wp-content\/uploads\/2026\/04\/1-2.png","keywords":["Forest Stewardship Council","FSC","Indigenous Peoples","Indigenous women","traditional knowledge"],"articleSection":["Non classifi\u00e9(e)","Outstanding news"],"inLanguage":"fr-FR"},{"@type":"WebPage","@id":"https:\/\/www.fscindigenousfoundation.org\/fr\/communaute-de-pratique-panama-mexique\/","url":"https:\/\/www.fscindigenousfoundation.org\/fr\/communaute-de-pratique-panama-mexique\/","name":"Communaut\u00e9 de pratique Panama, Mexique - Fondation Indig\u00e8ne FSC","isPartOf":{"@id":"https:\/\/www.fscindigenousfoundation.org\/fr\/#website"},"primaryImageOfPage":{"@id":"https:\/\/www.fscindigenousfoundation.org\/fr\/communaute-de-pratique-panama-mexique\/#primaryimage"},"image":{"@id":"https:\/\/www.fscindigenousfoundation.org\/fr\/communaute-de-pratique-panama-mexique\/#primaryimage"},"thumbnailUrl":"https:\/\/www.fscindigenousfoundation.org\/wp-content\/uploads\/2026\/04\/1-2.png","datePublished":"2026-04-27T16:32:15+00:00","dateModified":"2026-04-27T16:32:19+00:00","description":"Les 1er et 2 avril 2026, une d\u00e9l\u00e9gation de Peuples Autochtones du Dari\u00e9n, Panama, a visit\u00e9 Ixtl\u00e1n de Ju\u00e1rez, dans la Sierra Norte de Oaxaca, dans le cadre de la \u2018\u2018 Communaut\u00e9 de Pratique Panama \u2013 Mexique \u2019\u2019, un espace d\u2019\u00e9change impuls\u00e9 par la Fondation Autochtone FSC (FSC-IF) avec le soutien du laboratoire d\u2019innovation du Groupe Banque Interam\u00e9ricaine de D\u00e9veloppement.","breadcrumb":{"@id":"https:\/\/www.fscindigenousfoundation.org\/fr\/communaute-de-pratique-panama-mexique\/#breadcrumb"},"inLanguage":"fr-FR","potentialAction":[{"@type":"ReadAction","target":["https:\/\/www.fscindigenousfoundation.org\/fr\/communaute-de-pratique-panama-mexique\/"]}]},{"@type":"ImageObject","inLanguage":"fr-FR","@id":"https:\/\/www.fscindigenousfoundation.org\/fr\/communaute-de-pratique-panama-mexique\/#primaryimage","url":"https:\/\/www.fscindigenousfoundation.org\/wp-content\/uploads\/2026\/04\/1-2.png","contentUrl":"https:\/\/www.fscindigenousfoundation.org\/wp-content\/uploads\/2026\/04\/1-2.png","width":1000,"height":292},{"@type":"BreadcrumbList","@id":"https:\/\/www.fscindigenousfoundation.org\/fr\/communaute-de-pratique-panama-mexique\/#breadcrumb","itemListElement":[{"@type":"ListItem","position":1,"name":"Home","item":"https:\/\/www.fscindigenousfoundation.org\/fr\/"},{"@type":"ListItem","position":2,"name":"Communaut\u00e9 de pratique Panama, Mexique"}]},{"@type":"WebSite","@id":"https:\/\/www.fscindigenousfoundation.org\/fr\/#website","url":"https:\/\/www.fscindigenousfoundation.org\/fr\/","name":"IPARD","description":"La Fondation Indig\u00e8ne FSC est une fondation cr\u00e9\u00e9e pour apporter des solutions qui garantissent les droits des Autochtones et prot\u00e8gent leur territoire, leurs for\u00eats et leurs connaissances ancestrales.","publisher":{"@id":"https:\/\/www.fscindigenousfoundation.org\/fr\/#organization"},"potentialAction":[{"@type":"SearchAction","target":{"@type":"EntryPoint","urlTemplate":"https:\/\/www.fscindigenousfoundation.org\/fr\/?s={search_term_string}"},"query-input":{"@type":"PropertyValueSpecification","valueRequired":true,"valueName":"search_term_string"}}],"inLanguage":"fr-FR"},{"@type":"Organization","@id":"https:\/\/www.fscindigenousfoundation.org\/fr\/#organization","name":"FSC Indigenous Foundation","url":"https:\/\/www.fscindigenousfoundation.org\/fr\/","logo":{"@type":"ImageObject","inLanguage":"fr-FR","@id":"https:\/\/www.fscindigenousfoundation.org\/fr\/#\/schema\/logo\/image\/","url":"https:\/\/www.fscindigenousfoundation.org\/wp-content\/uploads\/2021\/09\/fsc-indigenous-foundation-color.png","contentUrl":"https:\/\/www.fscindigenousfoundation.org\/wp-content\/uploads\/2021\/09\/fsc-indigenous-foundation-color.png","width":657,"height":197,"caption":"FSC Indigenous Foundation"},"image":{"@id":"https:\/\/www.fscindigenousfoundation.org\/fr\/#\/schema\/logo\/image\/"},"sameAs":["https:\/\/www.facebook.com\/fscindigenousfoundation","https:\/\/x.com\/fsc_if","https:\/\/instagram.com\/fscindigenousfoundation"]},{"@type":"Person","@id":"https:\/\/www.fscindigenousfoundation.org\/fr\/#\/schema\/person\/2771f0a521aa6f1f4ea54b5c74194ec4","name":"Admin","sameAs":["https:\/\/www.fscindigenousfoundation.org"],"url":"https:\/\/www.fscindigenousfoundation.org\/fr\/author\/admlab-ipard\/"}]}},"_links":{"self":[{"href":"https:\/\/www.fscindigenousfoundation.org\/fr\/wp-json\/wp\/v2\/posts\/20134","targetHints":{"allow":["GET"]}}],"collection":[{"href":"https:\/\/www.fscindigenousfoundation.org\/fr\/wp-json\/wp\/v2\/posts"}],"about":[{"href":"https:\/\/www.fscindigenousfoundation.org\/fr\/wp-json\/wp\/v2\/types\/post"}],"author":[{"embeddable":true,"href":"https:\/\/www.fscindigenousfoundation.org\/fr\/wp-json\/wp\/v2\/users\/1"}],"replies":[{"embeddable":true,"href":"https:\/\/www.fscindigenousfoundation.org\/fr\/wp-json\/wp\/v2\/comments?post=20134"}],"version-history":[{"count":1,"href":"https:\/\/www.fscindigenousfoundation.org\/fr\/wp-json\/wp\/v2\/posts\/20134\/revisions"}],"predecessor-version":[{"id":20135,"href":"https:\/\/www.fscindigenousfoundation.org\/fr\/wp-json\/wp\/v2\/posts\/20134\/revisions\/20135"}],"wp:featuredmedia":[{"embeddable":true,"href":"https:\/\/www.fscindigenousfoundation.org\/fr\/wp-json\/wp\/v2\/media\/19135"}],"wp:attachment":[{"href":"https:\/\/www.fscindigenousfoundation.org\/fr\/wp-json\/wp\/v2\/media?parent=20134"}],"wp:term":[{"taxonomy":"category","embeddable":true,"href":"https:\/\/www.fscindigenousfoundation.org\/fr\/wp-json\/wp\/v2\/categories?post=20134"},{"taxonomy":"post_tag","embeddable":true,"href":"https:\/\/www.fscindigenousfoundation.org\/fr\/wp-json\/wp\/v2\/tags?post=20134"}],"curies":[{"name":"wp","href":"https:\/\/api.w.org\/{rel}","templated":true}]}}