{"id":17289,"date":"2025-12-14T16:44:54","date_gmt":"2025-12-14T21:44:54","guid":{"rendered":"https:\/\/www.fscindigenousfoundation.org\/webinar-launch-recording-on-indigenous-peoples-and-just-energy-transition\/"},"modified":"2025-12-15T09:04:55","modified_gmt":"2025-12-15T14:04:55","slug":"webinar-launch-recording-on-indigenous-peoples-and-just-energy-transition","status":"publish","type":"post","link":"https:\/\/www.fscindigenousfoundation.org\/fr\/webinar-launch-recording-on-indigenous-peoples-and-just-energy-transition\/","title":{"rendered":"Rapport du WWF et de l&#8217;AJET sur les Peuples Autochtones et la transition \u00e9nerg\u00e9tique \u00e9quitable"},"content":{"rendered":"\n<figure class=\"wp-block-image size-full\"><img loading=\"lazy\" decoding=\"async\" width=\"2560\" height=\"1440\" src=\"https:\/\/www.fscindigenousfoundation.org\/wp-content\/uploads\/2025\/12\/ip-jet-cover-twitter-scaled.jpg\" alt=\"\" class=\"wp-image-17252\"\/><\/figure>\n\n\n\n<p><\/p>\n\n\n\n<p>Le 10 d\u00e9cembre, le <a href=\"https:\/\/wwf.panda.org\/\" target=\"_blank\" rel=\"noreferrer noopener\">Fonds mondial pour la nature (WWF)<\/a>, en collaboration avec l&#8217;<a href=\"https:\/\/wwf.panda.org\/discover\/our_focus\/climate_and_energy_practice\/what_we_do\/changing_energy_use\/alliance_just_energy_transformation\/\" target=\"_blank\" rel=\"noreferrer noopener\">Alliance pour une transition \u00e9nerg\u00e9tique juste (AJET)<\/a>, a pr\u00e9sent\u00e9 le rapport <a href=\"https:\/\/wwf.panda.org\/discover\/our_focus\/climate_and_energy_practice\/what_we_do\/changing_energy_use\/alliance_just_energy_transformation\/?15466466%2FWWF-Putting-Indigenous-Rights-Heart-Energy-Transition\" target=\"_blank\" rel=\"noreferrer noopener\">\u00ab Peuples Autochtones et transition \u00e9nerg\u00e9tique juste \u00bb,<\/a> avec le soutien de la <a href=\"https:\/\/www.fscindigenousfoundation.org\/fr\/lancement-du-rapport-peuples-autochtones-et-transition-energetique-juste\/\" target=\"_blank\" rel=\"noreferrer noopener\">Fondation autochtone FSC.<\/a>&nbsp;<\/p>\n\n\n\n<p><\/p>\n\n\n\n<div class=\"wp-block-buttons is-content-justification-center is-layout-flex wp-container-core-buttons-is-layout-16018d1d wp-block-buttons-is-layout-flex\">\n<div class=\"wp-block-button\"><a class=\"wp-block-button__link wp-element-button\" href=\"https:\/\/wwf.panda.org\/discover\/our_focus\/climate_and_energy_practice\/what_we_do\/changing_energy_use\/alliance_just_energy_transformation\/?15466466%2FWWF-Putting-Indigenous-Rights-Heart-Energy-Transition\" target=\"_blank\" rel=\"noreferrer noopener\"><strong><strong>Lisez le rapport complet ici<\/strong><\/strong><\/a><\/div>\n<\/div>\n\n\n\n<p><\/p>\n\n\n\n<h2 class=\"wp-block-heading\">Points forts du webinaire:<\/h2>\n\n\n<div class=\"wp-block-image\">\n<figure class=\"aligncenter size-full is-resized\"><img loading=\"lazy\" decoding=\"async\" width=\"1694\" height=\"940\" src=\"https:\/\/www.fscindigenousfoundation.org\/wp-content\/uploads\/2025\/12\/screenshot-2025-12-11-at-105859am.png\" alt=\"\" class=\"wp-image-17256\" style=\"width:788px;height:auto\"\/><\/figure><\/div>\n\n\n<p><\/p>\n\n\n\n<p>Sergio Bonati, responsable Climat et \u00c9nergie au <a href=\"https:\/\/wwf.panda.org\/\" target=\"_blank\" rel=\"noreferrer noopener\">WWF<\/a> Espagne, a pr\u00e9sent\u00e9 le rapport comme une base pour le travail continu de l&#8217;AJET, a formul\u00e9 des recommandations politiques telles que la d\u00e9fense des droits des peuples autochtones, y compris le FPIC, et a partag\u00e9 deux \u00e9tudes de cas tir\u00e9es du rapport:<\/p>\n\n\n\n<ul class=\"wp-block-list\">\n<li>\u00ab Grand-m\u00e8res solaires \u00bb \u00e0 Madagascar : des femmes locales form\u00e9es comme ing\u00e9nieures solaires.&nbsp;<\/li>\n<\/ul>\n\n\n\n<ul class=\"wp-block-list\">\n<li>Les Samis de l&#8217;Arctique confront\u00e9s \u00e0 la perturbation des routes migratoires des rennes due \u00e0 l&#8217;exploitation mini\u00e8re, au changement climatique et aux infrastructures d&#8217;\u00e9nergie renouvelable.&nbsp;<\/li>\n<\/ul>\n\n\n<div class=\"wp-block-image\">\n<figure class=\"aligncenter size-full is-resized\"><img loading=\"lazy\" decoding=\"async\" width=\"1692\" height=\"946\" src=\"https:\/\/www.fscindigenousfoundation.org\/wp-content\/uploads\/2025\/12\/screenshot-2025-12-11-at-110125am.png\" alt=\"\" class=\"wp-image-17260\" style=\"width:758px;height:auto\"\/><\/figure><\/div>\n\n\n<p><\/p>\n\n\n\n<p>Minnie Degawan (Kankanaey-Igorot), directrice g\u00e9n\u00e9rale de la <strong><a href=\"https:\/\/www.fscindigenousfoundation.org\/fr\/\" target=\"_blank\" rel=\"noreferrer noopener\">Fondation autochtone FSC:<\/a><\/strong><\/p>\n\n\n\n<ul class=\"wp-block-list\">\n<li>Elle a r\u00e9fl\u00e9chi \u00e0 la <a href=\"https:\/\/www.un.org\/en\/observances\/human-rights-day\" target=\"_blank\" rel=\"noreferrer noopener\"><strong>Journ\u00e9e des droits de l&#8217;homme<\/strong><\/a><strong>, et<\/strong> a soulign\u00e9 les violations qui continuent d&#8217;\u00eatre commises, telles que la criminalisation des d\u00e9fenseurs autochtones.&nbsp;<\/li>\n<\/ul>\n\n\n\n<ul class=\"wp-block-list\">\n<li>Elle a mis en garde contre une \u00ab transition verte \u00bb qui porterait pr\u00e9judice aux peuples autochtones en raison de la demande en min\u00e9raux ou de projets d&#8217;\u00e9nergies renouvelables mal planifi\u00e9s. &nbsp;<\/li>\n<\/ul>\n\n\n\n<ul class=\"wp-block-list\">\n<li>Elle a appel\u00e9 \u00e0 un changement de discours et a invit\u00e9 les partenaires \u00e0 consid\u00e9rer l&#8217;inclusion autochtone non pas comme un co\u00fbt, mais comme un moyen d&#8217;obtenir des r\u00e9sultats durables.&nbsp;<\/li>\n<\/ul>\n\n\n<div class=\"wp-block-image\">\n<figure class=\"aligncenter size-full is-resized\"><img loading=\"lazy\" decoding=\"async\" width=\"1692\" height=\"944\" src=\"https:\/\/www.fscindigenousfoundation.org\/wp-content\/uploads\/2025\/12\/screenshot-2025-12-11-at-110504am.png\" alt=\"\" class=\"wp-image-17264\" style=\"width:747px;height:auto\"\/><\/figure><\/div>\n\n\n<p><\/p>\n\n\n\n<p>Whitner Chase, directeur principal chez <a href=\"https:\/\/senecaenvironmental.com\/\" target=\"_blank\" rel=\"noreferrer noopener\">Seneca Environmental<\/a> : &nbsp;<\/p>\n\n\n\n<ul class=\"wp-block-list\">\n<li>Il a expliqu\u00e9 comment Seneca Environmental aide \u00e0 commercialiser <strong>les certificats d&#8217;\u00e9nergie renouvelable (REC) appartenant aux tribus<\/strong>, en mettant en relation les projets tribaux avec les acheteurs corporatifs.&nbsp;<\/li>\n<\/ul>\n\n\n\n<ul class=\"wp-block-list\">\n<li>Il a encourag\u00e9 la collaboration et soulign\u00e9 les avantages \u00e9conomiques et en termes de souverainet\u00e9 des projets d&#8217;\u00e9nergie propre appartenant aux tribus.&nbsp;<\/li>\n<\/ul>\n\n\n\n<ul class=\"wp-block-list\">\n<li>Il a partag\u00e9 des exemples de r\u00e9ussite actuels de projets solaires \u00e0 grande \u00e9chelle qui g\u00e9n\u00e8rent des revenus et des emplois, d&#8217;\u00e9nergie \u00e9olienne qui alimente des milliers de foyers et de r\u00e9duction de la d\u00e9pendance au gaz fossile.&nbsp;<\/li>\n<\/ul>\n\n\n<div class=\"wp-block-image\">\n<figure class=\"aligncenter size-full is-resized\"><img loading=\"lazy\" decoding=\"async\" width=\"1696\" height=\"956\" src=\"https:\/\/www.fscindigenousfoundation.org\/wp-content\/uploads\/2025\/12\/screenshot-2025-12-11-at-111046am.png\" alt=\"\" class=\"wp-image-17268\" style=\"width:726px;height:auto\"\/><\/figure><\/div>\n\n\n<p><\/p>\n\n\n\n<p>Bryan Bixcul (maya-tz\u2019utujil), coordinateur mondial de la <a href=\"https:\/\/www.sirgecoalition.org\/\" target=\"_blank\" rel=\"noreferrer noopener\">Coalition SIRGE :<\/a> &nbsp;<\/p>\n\n\n\n<ul class=\"wp-block-list\">\n<li>Il a d\u00e9crit les luttes actuelles des gouvernements qui font pression pour supprimer les r\u00e9f\u00e9rences aux impacts de l&#8217;exploitation mini\u00e8re et du mouvement autochtone qui continue de plaider en faveur de <strong>zones interdites<\/strong>, du consentement libre, pr\u00e9alable et \u00e9clair\u00e9 (CLPE) et de m\u00e9canismes de protection.&nbsp;<\/li>\n<\/ul>\n\n\n\n<ul class=\"wp-block-list\">\n<li>Il a partag\u00e9 les principales r\u00e9alisations de la <a href=\"https:\/\/unfccc.int\/cop30\" target=\"_blank\" rel=\"noreferrer noopener\">COP30<\/a> pour les peuples autochtones: &nbsp;\n<ul class=\"wp-block-list\">\n<li>Reconnaissance explicite des <strong>droits \u00e0 l&#8217;autod\u00e9termination<\/strong>.&nbsp;<\/li>\n\n\n\n<li>Premi\u00e8re reconnaissance par la CCNUCC des <strong>peuples autochtones en isolement volontaire<\/strong>. &nbsp;<\/li>\n\n\n\n<li>R\u00e9f\u00e9rence aux <strong>Principes directeurs relatifs aux entreprises et aux droits de l&#8217;homme<\/strong> des Nations unies, qui cr\u00e9ent des obligations pour les entreprises, et pas seulement pour les \u00c9tats.&nbsp;<\/li>\n<\/ul>\n<\/li>\n<\/ul>\n\n\n<div class=\"wp-block-image\">\n<figure class=\"aligncenter size-full is-resized\"><img loading=\"lazy\" decoding=\"async\" width=\"1690\" height=\"934\" src=\"https:\/\/www.fscindigenousfoundation.org\/wp-content\/uploads\/2025\/12\/screenshot-2025-12-11-at-123435pm.png\" alt=\"\" class=\"wp-image-17272\" style=\"width:726px;height:auto\"\/><\/figure><\/div>\n\n\n<p><\/p>\n\n\n\n<p>Dean Cooper, directeur mondial du programme \u00c9nergie du WWF, a prononc\u00e9 les discours d&#8217;ouverture et de cl\u00f4ture :<\/p>\n\n\n\n<ul class=\"wp-block-list\">\n<li>Il a pr\u00e9sent\u00e9 le rapport comme un outil visant \u00e0 sensibiliser et \u00e0 promouvoir la participation des peuples autochtones en tant que <strong>partenaires<\/strong>, et non en tant que parties prenantes, dans la transition \u00e9nerg\u00e9tique.<\/li>\n\n\n\n<li>Il a r\u00e9affirm\u00e9 que le rapport constituait <strong>le d\u00e9but<\/strong>, et non la fin, de ce travail.<\/li>\n\n\n\n<li>Il a soulign\u00e9 les th\u00e8mes cl\u00e9s abord\u00e9s :\n<ul class=\"wp-block-list\">\n<li>L&#8217;\u00e9nergie, le climat et la nature sont interd\u00e9pendants.<\/li>\n\n\n\n<li>Les droits des peuples autochtones et la gestion des terres sont fondamentaux, et non facultatifs.<\/li>\n<\/ul>\n<\/li>\n<\/ul>\n\n\n\n<p><mark style=\"background-color:rgba(0, 0, 0, 0)\" class=\"has-inline-color has-vivid-red-color\"><strong><em>D\u00e9couvrez comment vous pouvez rejoindre l&#8217;Alliance pour une transition \u00e9nerg\u00e9tique juste <\/em><\/strong><a href=\"https:\/\/wwf.panda.org\/discover\/our_focus\/climate_and_energy_practice\/what_we_do\/changing_energy_use\/alliance_just_energy_transformation\/\"><strong><em>ici<\/em><\/strong><\/a><em>.<\/em><\/mark><\/p>\n\n\n\n<p><\/p>\n\n\n\n<h2 class=\"wp-block-heading\"><strong><strong>Questions et r\u00e9ponses du s\u00e9minaire :<\/strong>&nbsp;<\/strong><\/h2>\n\n\n\n<p>Q : Merci pour ce rapport. Quand sera-t-il disponible en espagnol ? &nbsp;<\/p>\n\n\n\n<p>R : Merci beaucoup pour votre question. Pour l&#8217;instant, aucune traduction n&#8217;est pr\u00e9vue. Mais nous vous recommandons de consulter le site web et les r\u00e9seaux sociaux de l&#8217;AJET et du WWF pour vous tenir au courant de toute nouvelle information \u00e0 ce sujet. Merci ! &nbsp;<\/p>\n\n\n\n<p>Q : Quelle excellente observation que celle selon laquelle les relations sont attendues du point de vue des peuples autochtones, et quelle id\u00e9e pertinente que celle selon laquelle il est n\u00e9cessaire de changer le discours. Existe-t-il une approche consensuelle pour garantir la coh\u00e9rence de ce message en ce qui concerne le FPIC ?&nbsp;<\/p>\n\n\n\n<p>R : Comme le souligne le rapport, il existe une pluralit\u00e9 de contextes et, par cons\u00e9quent, il ne peut y avoir de mod\u00e8le unique pour le CLIP, chaque communaut\u00e9 a son propre protocole et cela doit \u00eatre respect\u00e9. L&#8217;essentiel est de reconna\u00eetre que les peuples autochtones sont divers et qu&#8217;il est donc fondamental d&#8217;\u00e9tablir des relations respectueuses.&nbsp;<\/p>\n\n\n\n<p>Q : Les certificats d&#8217;\u00e9nergie propre peuvent parfois reproduire les probl\u00e8mes li\u00e9s aux compensations carbone, en permettant aux entreprises d&#8217;acheter des cr\u00e9dits au lieu de r\u00e9duire leurs propres \u00e9missions. Quelles sont les garanties mises en place pour \u00e9viter que les certificats ne deviennent une autre faille juridique permettant aux entreprises de continuer \u00e0 polluer ?&nbsp;<\/p>\n\n\n\n<p>R : Nous consid\u00e9rons que les certificats d&#8217;\u00e9nergie propre sont un outil efficace pour permettre le d\u00e9veloppement de nouveaux projets d&#8217;\u00e9nergie renouvelable et nous pensons que les communaut\u00e9s autochtones devraient pouvoir acc\u00e9der \u00e0 cette source de revenus aussi facilement que les autres propri\u00e9taires d&#8217;actifs d&#8217;\u00e9nergie renouvelable. Cependant, tous nos clients ont des strat\u00e9gies climatiques globales, dans lesquelles l&#8217;achat de certificats d&#8217;\u00e9nergie propre s&#8217;accompagne d&#8217;efforts internes de r\u00e9duction des \u00e9missions.&nbsp;<\/p>\n\n\n\n<p>Q : L&#8217;histoire \u00e0 succ\u00e8s des Am\u00e9rindiens est tr\u00e8s int\u00e9ressante, et je pense que la possibilit\u00e9 de devenir propri\u00e9taire foncier ou d&#8217;une entreprise est essentielle. Pensez-vous que d&#8217;autres pays, o\u00f9 les droits fonciers sont contest\u00e9s par le gouvernement, pourraient \u00e9voluer dans une direction similaire ? Y a-t-il d&#8217;autres le\u00e7ons \u00e0 tirer de cette communaut\u00e9 ?&nbsp;<\/p>\n\n\n\n<p>R : Bien s\u00fbr, \u00e0 ces deux questions ! Il y a trop de le\u00e7ons \u00e0 tirer pour une pr\u00e9sentation de 10 minutes ! N&#8217;h\u00e9sitez pas \u00e0 contacter <a href=\"mailto:wchase@senecaenvironmental.com\" target=\"_blank\" rel=\"noreferrer noopener\">wchase@senecaenvironmental.com<\/a> pour toute discussion suppl\u00e9mentaire dans votre contexte sp\u00e9cifique. &nbsp;<\/p>\n\n\n\n<p>Q : Comment les jeunes peuvent-ils s&#8217;impliquer ? \ud83d\ude42 &nbsp;<\/p>\n\n\n\n<p>R : Vous jouez un r\u00f4le cl\u00e9 en impliquant vos communaut\u00e9s et en faisant conna\u00eetre les connaissances et les priorit\u00e9s autochtones sur la sc\u00e8ne internationale. Vous pouvez contacter le Forum international des jeunes autochtones sur le changement climatique (<a href=\"https:\/\/www.instagram.com\/iiyf.climatechange?igsh=ZXhoenZ3eXIxbDk2\" target=\"_blank\" rel=\"noreferrer noopener\">IIYFCC<\/a>) et contribuer \u00e0 l&#8217;\u00e9laboration de solutions climatiques et \u00e9nerg\u00e9tiques fond\u00e9es sur les droits, la culture et l&#8217;autod\u00e9termination.&nbsp;<\/p>\n\n\n\n<p>Q : Whitner, pourrions-nous contacter SENECA par votre interm\u00e9diaire ? &nbsp;<\/p>\n\n\n\n<p>R : Oui, n&#8217;h\u00e9sitez pas \u00e0 contacter <a href=\"mailto:wchase@senecaenvironmental.com\" target=\"_blank\" rel=\"noreferrer noopener\">wchase@senecaenvironmental.com<\/a>&nbsp;<\/p>\n\n\n\n<p><mark style=\"background-color:rgba(0, 0, 0, 0)\" class=\"has-inline-color has-vivid-red-color\"><em>Acc\u00e9dez aux pr\u00e9sentations <\/em>partag\u00e9es <a href=\"https:\/\/drive.google.com\/drive\/folders\/1QqkaGUPNLiVLdV4BtRl2OuITAIYb9SyO?usp=sharing\"><strong><em>ici<\/em><\/strong><\/a><em>.<\/em><\/mark><\/p>\n\n\n\n<p><\/p>\n\n\n\n<h2 class=\"wp-block-heading\">\ud83d\udd17<strong> Regardez le webinaire sur YouTube<\/strong>:<\/h2>\n\n\n\n<figure class=\"wp-block-embed is-type-video is-provider-youtube wp-block-embed-youtube wp-embed-aspect-16-9 wp-has-aspect-ratio\"><div class=\"wp-block-embed__wrapper\">\n<iframe loading=\"lazy\" title=\"Indigenous Peoples and Just Energy Transition \u2013 Report Launch\" width=\"640\" height=\"360\" src=\"https:\/\/www.youtube.com\/embed\/Ztz-fZLxz_E?feature=oembed\" frameborder=\"0\" allow=\"accelerometer; autoplay; clipboard-write; encrypted-media; gyroscope; picture-in-picture; web-share\" referrerpolicy=\"strict-origin-when-cross-origin\" allowfullscreen><\/iframe>\n<\/div><\/figure>\n\n\n\n<p><\/p>\n\n\n\n<p><strong>Comment activer la traduction automatique pour les sous-titres YouTube<\/strong>&nbsp;<\/p>\n\n\n\n<ul class=\"wp-block-list\">\n<li>Cliquez sur l&#8217;ic\u00f4ne <strong>Param\u00e8tres \u2699\ufe0f<\/strong> (en bas \u00e0 droite de la vid\u00e9o).&nbsp;<\/li>\n\n\n\n<li>S\u00e9lectionnez <strong>Sous-titres\/CC<\/strong>.&nbsp;<\/li>\n\n\n\n<li>Choisissez d&#8217;abord la langue des sous-titres disponibles (souvent <strong>l&#8217;anglais (g\u00e9n\u00e9r\u00e9 automatiquement)<\/strong>.&nbsp;<\/li>\n\n\n\n<li>Ouvrez \u00e0 nouveau <strong>Param\u00e8tres \u2699\ufe0f<\/strong> \u2192 cliquez sur <strong>Sous-titres\/CC<\/strong> \u2192 choisissez <strong>Traduire automatiquement<\/strong>.&nbsp;<\/li>\n\n\n\n<li>S\u00e9lectionnez votre langue pr\u00e9f\u00e9r\u00e9e dans la liste (+80 langues, y compris des langues indig\u00e8nes telles que le Maori et le Quechua).&nbsp;<\/li>\n\n\n\n<li>Tous les appareils mobiles n&#8217;affichent pas l&#8217;option de la m\u00eame mani\u00e8re ; il est parfois n\u00e9cessaire de mettre \u00e0 jour l&#8217;application.&nbsp;<\/li>\n<\/ul>\n","protected":false},"excerpt":{"rendered":"<p>Rapport et webinaire sur les Peuples Autochtones et la transition \u00e9nerg\u00e9tique \u00e9quitable.<\/p>\n","protected":false},"author":3,"featured_media":17253,"comment_status":"closed","ping_status":"closed","sticky":false,"template":"","format":"standard","meta":{"footnotes":""},"categories":[2,22],"tags":[63,797,64,65,798,297],"class_list":["post-17289","post","type-post","status-publish","format-standard","has-post-thumbnail","hentry","category-non-classifiee","category-outstanding-news-fr","tag-climate-change-fr","tag-fsc-if-3-fr","tag-indigenous-peoples-fr","tag-indigenous-rights-fr","tag-just-energy-transition-fr","tag-traditional-knowledge-fr"],"acf":[],"yoast_head":"<!-- This site is optimized with the Yoast SEO plugin v26.9 - https:\/\/yoast.com\/product\/yoast-seo-wordpress\/ -->\n<title>Rapport du WWF et de l&#039;AJET sur les Peuples Autochtones et la transition \u00e9nerg\u00e9tique \u00e9quitable - Fondation Indig\u00e8ne FSC<\/title>\n<meta name=\"description\" content=\"Le 10 d\u00e9cembre, le Fonds mondial pour la nature (WWF), en collaboration avec l&#039;Alliance pour une transition \u00e9nerg\u00e9tique juste (AJET), a pr\u00e9sent\u00e9 le rapport \u00ab Peuples autochtones et transition \u00e9nerg\u00e9tique juste \u00bb, avec le soutien de la Fondation autochtone FSC.\" \/>\n<meta name=\"robots\" content=\"index, follow, max-snippet:-1, max-image-preview:large, max-video-preview:-1\" \/>\n<link rel=\"canonical\" href=\"https:\/\/www.fscindigenousfoundation.org\/fr\/webinar-launch-recording-on-indigenous-peoples-and-just-energy-transition\/\" \/>\n<meta property=\"og:locale\" content=\"fr_FR\" \/>\n<meta property=\"og:type\" content=\"article\" \/>\n<meta property=\"og:title\" content=\"Rapport du WWF et de l&#039;AJET sur les Peuples Autochtones et la transition \u00e9nerg\u00e9tique \u00e9quitable - Fondation Indig\u00e8ne FSC\" \/>\n<meta property=\"og:description\" content=\"Le 10 d\u00e9cembre, le Fonds mondial pour la nature (WWF), en collaboration avec l&#039;Alliance pour une transition \u00e9nerg\u00e9tique juste (AJET), a pr\u00e9sent\u00e9 le rapport \u00ab Peuples autochtones et transition \u00e9nerg\u00e9tique juste \u00bb, avec le soutien de la Fondation autochtone FSC.\" \/>\n<meta property=\"og:url\" content=\"https:\/\/www.fscindigenousfoundation.org\/fr\/webinar-launch-recording-on-indigenous-peoples-and-just-energy-transition\/\" \/>\n<meta property=\"og:site_name\" content=\"Fondation Indig\u00e8ne FSC\" \/>\n<meta property=\"article:publisher\" content=\"https:\/\/www.facebook.com\/fscindigenousfoundation\" \/>\n<meta property=\"article:published_time\" content=\"2025-12-14T21:44:54+00:00\" \/>\n<meta property=\"article:modified_time\" content=\"2025-12-15T14:04:55+00:00\" \/>\n<meta property=\"og:image\" content=\"https:\/\/www.fscindigenousfoundation.org\/wp-content\/uploads\/2025\/12\/ip-jet-cover-twitter-scaled.jpg\" \/>\n\t<meta property=\"og:image:width\" content=\"2560\" \/>\n\t<meta property=\"og:image:height\" content=\"1440\" \/>\n\t<meta property=\"og:image:type\" content=\"image\/jpeg\" \/>\n<meta name=\"author\" content=\"FSC IF\" \/>\n<meta name=\"twitter:card\" content=\"summary_large_image\" \/>\n<meta name=\"twitter:creator\" content=\"@fsc_if\" \/>\n<meta name=\"twitter:site\" content=\"@fsc_if\" \/>\n<meta name=\"twitter:label1\" content=\"Written by\" \/>\n\t<meta name=\"twitter:data1\" content=\"FSC IF\" \/>\n\t<meta name=\"twitter:label2\" content=\"Est. reading time\" \/>\n\t<meta name=\"twitter:data2\" content=\"7 minutes\" \/>\n<script type=\"application\/ld+json\" class=\"yoast-schema-graph\">{\"@context\":\"https:\/\/schema.org\",\"@graph\":[{\"@type\":\"Article\",\"@id\":\"https:\/\/www.fscindigenousfoundation.org\/fr\/webinar-launch-recording-on-indigenous-peoples-and-just-energy-transition\/#article\",\"isPartOf\":{\"@id\":\"https:\/\/www.fscindigenousfoundation.org\/fr\/webinar-launch-recording-on-indigenous-peoples-and-just-energy-transition\/\"},\"author\":{\"name\":\"FSC IF\",\"@id\":\"https:\/\/www.fscindigenousfoundation.org\/fr\/#\/schema\/person\/58a930ad98efcb8e01aac64b85daeef4\"},\"headline\":\"Rapport du WWF et de l&#8217;AJET sur les Peuples Autochtones et la transition \u00e9nerg\u00e9tique \u00e9quitable\",\"datePublished\":\"2025-12-14T21:44:54+00:00\",\"dateModified\":\"2025-12-15T14:04:55+00:00\",\"mainEntityOfPage\":{\"@id\":\"https:\/\/www.fscindigenousfoundation.org\/fr\/webinar-launch-recording-on-indigenous-peoples-and-just-energy-transition\/\"},\"wordCount\":1291,\"publisher\":{\"@id\":\"https:\/\/www.fscindigenousfoundation.org\/fr\/#organization\"},\"image\":{\"@id\":\"https:\/\/www.fscindigenousfoundation.org\/fr\/webinar-launch-recording-on-indigenous-peoples-and-just-energy-transition\/#primaryimage\"},\"thumbnailUrl\":\"https:\/\/www.fscindigenousfoundation.org\/wp-content\/uploads\/2025\/12\/ip-jet-cover-twitter-scaled.jpg\",\"keywords\":[\"Climate Change\",\"FSC-IF\",\"Indigenous Peoples\",\"indigenous rights\",\"Just Energy Transition\",\"traditional knowledge\"],\"articleSection\":[\"Non classifi\u00e9(e)\",\"Outstanding news\"],\"inLanguage\":\"fr-FR\"},{\"@type\":\"WebPage\",\"@id\":\"https:\/\/www.fscindigenousfoundation.org\/fr\/webinar-launch-recording-on-indigenous-peoples-and-just-energy-transition\/\",\"url\":\"https:\/\/www.fscindigenousfoundation.org\/fr\/webinar-launch-recording-on-indigenous-peoples-and-just-energy-transition\/\",\"name\":\"Rapport du WWF et de l'AJET sur les Peuples Autochtones et la transition \u00e9nerg\u00e9tique \u00e9quitable - Fondation Indig\u00e8ne FSC\",\"isPartOf\":{\"@id\":\"https:\/\/www.fscindigenousfoundation.org\/fr\/#website\"},\"primaryImageOfPage\":{\"@id\":\"https:\/\/www.fscindigenousfoundation.org\/fr\/webinar-launch-recording-on-indigenous-peoples-and-just-energy-transition\/#primaryimage\"},\"image\":{\"@id\":\"https:\/\/www.fscindigenousfoundation.org\/fr\/webinar-launch-recording-on-indigenous-peoples-and-just-energy-transition\/#primaryimage\"},\"thumbnailUrl\":\"https:\/\/www.fscindigenousfoundation.org\/wp-content\/uploads\/2025\/12\/ip-jet-cover-twitter-scaled.jpg\",\"datePublished\":\"2025-12-14T21:44:54+00:00\",\"dateModified\":\"2025-12-15T14:04:55+00:00\",\"description\":\"Le 10 d\u00e9cembre, le Fonds mondial pour la nature (WWF), en collaboration avec l'Alliance pour une transition \u00e9nerg\u00e9tique juste (AJET), a pr\u00e9sent\u00e9 le rapport \u00ab Peuples autochtones et transition \u00e9nerg\u00e9tique juste \u00bb, avec le soutien de la Fondation autochtone FSC.\",\"breadcrumb\":{\"@id\":\"https:\/\/www.fscindigenousfoundation.org\/fr\/webinar-launch-recording-on-indigenous-peoples-and-just-energy-transition\/#breadcrumb\"},\"inLanguage\":\"fr-FR\",\"potentialAction\":[{\"@type\":\"ReadAction\",\"target\":[\"https:\/\/www.fscindigenousfoundation.org\/fr\/webinar-launch-recording-on-indigenous-peoples-and-just-energy-transition\/\"]}]},{\"@type\":\"ImageObject\",\"inLanguage\":\"fr-FR\",\"@id\":\"https:\/\/www.fscindigenousfoundation.org\/fr\/webinar-launch-recording-on-indigenous-peoples-and-just-energy-transition\/#primaryimage\",\"url\":\"https:\/\/www.fscindigenousfoundation.org\/wp-content\/uploads\/2025\/12\/ip-jet-cover-twitter-scaled.jpg\",\"contentUrl\":\"https:\/\/www.fscindigenousfoundation.org\/wp-content\/uploads\/2025\/12\/ip-jet-cover-twitter-scaled.jpg\",\"width\":2560,\"height\":1440},{\"@type\":\"BreadcrumbList\",\"@id\":\"https:\/\/www.fscindigenousfoundation.org\/fr\/webinar-launch-recording-on-indigenous-peoples-and-just-energy-transition\/#breadcrumb\",\"itemListElement\":[{\"@type\":\"ListItem\",\"position\":1,\"name\":\"Home\",\"item\":\"https:\/\/www.fscindigenousfoundation.org\/fr\/\"},{\"@type\":\"ListItem\",\"position\":2,\"name\":\"Rapport du WWF et de l&#8217;AJET sur les Peuples Autochtones et la transition \u00e9nerg\u00e9tique \u00e9quitable\"}]},{\"@type\":\"WebSite\",\"@id\":\"https:\/\/www.fscindigenousfoundation.org\/fr\/#website\",\"url\":\"https:\/\/www.fscindigenousfoundation.org\/fr\/\",\"name\":\"IPARD\",\"description\":\"La Fondation Indig\u00e8ne FSC est une fondation cr\u00e9\u00e9e pour apporter des solutions qui garantissent les droits des Autochtones et prot\u00e8gent leur territoire, leurs for\u00eats et leurs connaissances ancestrales.\",\"publisher\":{\"@id\":\"https:\/\/www.fscindigenousfoundation.org\/fr\/#organization\"},\"potentialAction\":[{\"@type\":\"SearchAction\",\"target\":{\"@type\":\"EntryPoint\",\"urlTemplate\":\"https:\/\/www.fscindigenousfoundation.org\/fr\/?s={search_term_string}\"},\"query-input\":{\"@type\":\"PropertyValueSpecification\",\"valueRequired\":true,\"valueName\":\"search_term_string\"}}],\"inLanguage\":\"fr-FR\"},{\"@type\":\"Organization\",\"@id\":\"https:\/\/www.fscindigenousfoundation.org\/fr\/#organization\",\"name\":\"FSC Indigenous Foundation\",\"url\":\"https:\/\/www.fscindigenousfoundation.org\/fr\/\",\"logo\":{\"@type\":\"ImageObject\",\"inLanguage\":\"fr-FR\",\"@id\":\"https:\/\/www.fscindigenousfoundation.org\/fr\/#\/schema\/logo\/image\/\",\"url\":\"https:\/\/www.fscindigenousfoundation.org\/wp-content\/uploads\/2021\/09\/fsc-indigenous-foundation-color.png\",\"contentUrl\":\"https:\/\/www.fscindigenousfoundation.org\/wp-content\/uploads\/2021\/09\/fsc-indigenous-foundation-color.png\",\"width\":657,\"height\":197,\"caption\":\"FSC Indigenous Foundation\"},\"image\":{\"@id\":\"https:\/\/www.fscindigenousfoundation.org\/fr\/#\/schema\/logo\/image\/\"},\"sameAs\":[\"https:\/\/www.facebook.com\/fscindigenousfoundation\",\"https:\/\/x.com\/fsc_if\",\"https:\/\/instagram.com\/fscindigenousfoundation\"]},{\"@type\":\"Person\",\"@id\":\"https:\/\/www.fscindigenousfoundation.org\/fr\/#\/schema\/person\/58a930ad98efcb8e01aac64b85daeef4\",\"name\":\"FSC IF\",\"url\":\"https:\/\/www.fscindigenousfoundation.org\/fr\/author\/communication\/\"}]}<\/script>\n<!-- \/ Yoast SEO plugin. -->","yoast_head_json":{"title":"Rapport du WWF et de l'AJET sur les Peuples Autochtones et la transition \u00e9nerg\u00e9tique \u00e9quitable - Fondation Indig\u00e8ne FSC","description":"Le 10 d\u00e9cembre, le Fonds mondial pour la nature (WWF), en collaboration avec l'Alliance pour une transition \u00e9nerg\u00e9tique juste (AJET), a pr\u00e9sent\u00e9 le rapport \u00ab Peuples autochtones et transition \u00e9nerg\u00e9tique juste \u00bb, avec le soutien de la Fondation autochtone FSC.","robots":{"index":"index","follow":"follow","max-snippet":"max-snippet:-1","max-image-preview":"max-image-preview:large","max-video-preview":"max-video-preview:-1"},"canonical":"https:\/\/www.fscindigenousfoundation.org\/fr\/webinar-launch-recording-on-indigenous-peoples-and-just-energy-transition\/","og_locale":"fr_FR","og_type":"article","og_title":"Rapport du WWF et de l'AJET sur les Peuples Autochtones et la transition \u00e9nerg\u00e9tique \u00e9quitable - Fondation Indig\u00e8ne FSC","og_description":"Le 10 d\u00e9cembre, le Fonds mondial pour la nature (WWF), en collaboration avec l'Alliance pour une transition \u00e9nerg\u00e9tique juste (AJET), a pr\u00e9sent\u00e9 le rapport \u00ab Peuples autochtones et transition \u00e9nerg\u00e9tique juste \u00bb, avec le soutien de la Fondation autochtone FSC.","og_url":"https:\/\/www.fscindigenousfoundation.org\/fr\/webinar-launch-recording-on-indigenous-peoples-and-just-energy-transition\/","og_site_name":"Fondation Indig\u00e8ne FSC","article_publisher":"https:\/\/www.facebook.com\/fscindigenousfoundation","article_published_time":"2025-12-14T21:44:54+00:00","article_modified_time":"2025-12-15T14:04:55+00:00","og_image":[{"width":2560,"height":1440,"url":"https:\/\/www.fscindigenousfoundation.org\/wp-content\/uploads\/2025\/12\/ip-jet-cover-twitter-scaled.jpg","type":"image\/jpeg"}],"author":"FSC IF","twitter_card":"summary_large_image","twitter_creator":"@fsc_if","twitter_site":"@fsc_if","twitter_misc":{"Written by":"FSC IF","Est. reading time":"7 minutes"},"schema":{"@context":"https:\/\/schema.org","@graph":[{"@type":"Article","@id":"https:\/\/www.fscindigenousfoundation.org\/fr\/webinar-launch-recording-on-indigenous-peoples-and-just-energy-transition\/#article","isPartOf":{"@id":"https:\/\/www.fscindigenousfoundation.org\/fr\/webinar-launch-recording-on-indigenous-peoples-and-just-energy-transition\/"},"author":{"name":"FSC IF","@id":"https:\/\/www.fscindigenousfoundation.org\/fr\/#\/schema\/person\/58a930ad98efcb8e01aac64b85daeef4"},"headline":"Rapport du WWF et de l&#8217;AJET sur les Peuples Autochtones et la transition \u00e9nerg\u00e9tique \u00e9quitable","datePublished":"2025-12-14T21:44:54+00:00","dateModified":"2025-12-15T14:04:55+00:00","mainEntityOfPage":{"@id":"https:\/\/www.fscindigenousfoundation.org\/fr\/webinar-launch-recording-on-indigenous-peoples-and-just-energy-transition\/"},"wordCount":1291,"publisher":{"@id":"https:\/\/www.fscindigenousfoundation.org\/fr\/#organization"},"image":{"@id":"https:\/\/www.fscindigenousfoundation.org\/fr\/webinar-launch-recording-on-indigenous-peoples-and-just-energy-transition\/#primaryimage"},"thumbnailUrl":"https:\/\/www.fscindigenousfoundation.org\/wp-content\/uploads\/2025\/12\/ip-jet-cover-twitter-scaled.jpg","keywords":["Climate Change","FSC-IF","Indigenous Peoples","indigenous rights","Just Energy Transition","traditional knowledge"],"articleSection":["Non classifi\u00e9(e)","Outstanding news"],"inLanguage":"fr-FR"},{"@type":"WebPage","@id":"https:\/\/www.fscindigenousfoundation.org\/fr\/webinar-launch-recording-on-indigenous-peoples-and-just-energy-transition\/","url":"https:\/\/www.fscindigenousfoundation.org\/fr\/webinar-launch-recording-on-indigenous-peoples-and-just-energy-transition\/","name":"Rapport du WWF et de l'AJET sur les Peuples Autochtones et la transition \u00e9nerg\u00e9tique \u00e9quitable - Fondation Indig\u00e8ne FSC","isPartOf":{"@id":"https:\/\/www.fscindigenousfoundation.org\/fr\/#website"},"primaryImageOfPage":{"@id":"https:\/\/www.fscindigenousfoundation.org\/fr\/webinar-launch-recording-on-indigenous-peoples-and-just-energy-transition\/#primaryimage"},"image":{"@id":"https:\/\/www.fscindigenousfoundation.org\/fr\/webinar-launch-recording-on-indigenous-peoples-and-just-energy-transition\/#primaryimage"},"thumbnailUrl":"https:\/\/www.fscindigenousfoundation.org\/wp-content\/uploads\/2025\/12\/ip-jet-cover-twitter-scaled.jpg","datePublished":"2025-12-14T21:44:54+00:00","dateModified":"2025-12-15T14:04:55+00:00","description":"Le 10 d\u00e9cembre, le Fonds mondial pour la nature (WWF), en collaboration avec l'Alliance pour une transition \u00e9nerg\u00e9tique juste (AJET), a pr\u00e9sent\u00e9 le rapport \u00ab Peuples autochtones et transition \u00e9nerg\u00e9tique juste \u00bb, avec le soutien de la Fondation autochtone FSC.","breadcrumb":{"@id":"https:\/\/www.fscindigenousfoundation.org\/fr\/webinar-launch-recording-on-indigenous-peoples-and-just-energy-transition\/#breadcrumb"},"inLanguage":"fr-FR","potentialAction":[{"@type":"ReadAction","target":["https:\/\/www.fscindigenousfoundation.org\/fr\/webinar-launch-recording-on-indigenous-peoples-and-just-energy-transition\/"]}]},{"@type":"ImageObject","inLanguage":"fr-FR","@id":"https:\/\/www.fscindigenousfoundation.org\/fr\/webinar-launch-recording-on-indigenous-peoples-and-just-energy-transition\/#primaryimage","url":"https:\/\/www.fscindigenousfoundation.org\/wp-content\/uploads\/2025\/12\/ip-jet-cover-twitter-scaled.jpg","contentUrl":"https:\/\/www.fscindigenousfoundation.org\/wp-content\/uploads\/2025\/12\/ip-jet-cover-twitter-scaled.jpg","width":2560,"height":1440},{"@type":"BreadcrumbList","@id":"https:\/\/www.fscindigenousfoundation.org\/fr\/webinar-launch-recording-on-indigenous-peoples-and-just-energy-transition\/#breadcrumb","itemListElement":[{"@type":"ListItem","position":1,"name":"Home","item":"https:\/\/www.fscindigenousfoundation.org\/fr\/"},{"@type":"ListItem","position":2,"name":"Rapport du WWF et de l&#8217;AJET sur les Peuples Autochtones et la transition \u00e9nerg\u00e9tique \u00e9quitable"}]},{"@type":"WebSite","@id":"https:\/\/www.fscindigenousfoundation.org\/fr\/#website","url":"https:\/\/www.fscindigenousfoundation.org\/fr\/","name":"IPARD","description":"La Fondation Indig\u00e8ne FSC est une fondation cr\u00e9\u00e9e pour apporter des solutions qui garantissent les droits des Autochtones et prot\u00e8gent leur territoire, leurs for\u00eats et leurs connaissances ancestrales.","publisher":{"@id":"https:\/\/www.fscindigenousfoundation.org\/fr\/#organization"},"potentialAction":[{"@type":"SearchAction","target":{"@type":"EntryPoint","urlTemplate":"https:\/\/www.fscindigenousfoundation.org\/fr\/?s={search_term_string}"},"query-input":{"@type":"PropertyValueSpecification","valueRequired":true,"valueName":"search_term_string"}}],"inLanguage":"fr-FR"},{"@type":"Organization","@id":"https:\/\/www.fscindigenousfoundation.org\/fr\/#organization","name":"FSC Indigenous Foundation","url":"https:\/\/www.fscindigenousfoundation.org\/fr\/","logo":{"@type":"ImageObject","inLanguage":"fr-FR","@id":"https:\/\/www.fscindigenousfoundation.org\/fr\/#\/schema\/logo\/image\/","url":"https:\/\/www.fscindigenousfoundation.org\/wp-content\/uploads\/2021\/09\/fsc-indigenous-foundation-color.png","contentUrl":"https:\/\/www.fscindigenousfoundation.org\/wp-content\/uploads\/2021\/09\/fsc-indigenous-foundation-color.png","width":657,"height":197,"caption":"FSC Indigenous Foundation"},"image":{"@id":"https:\/\/www.fscindigenousfoundation.org\/fr\/#\/schema\/logo\/image\/"},"sameAs":["https:\/\/www.facebook.com\/fscindigenousfoundation","https:\/\/x.com\/fsc_if","https:\/\/instagram.com\/fscindigenousfoundation"]},{"@type":"Person","@id":"https:\/\/www.fscindigenousfoundation.org\/fr\/#\/schema\/person\/58a930ad98efcb8e01aac64b85daeef4","name":"FSC IF","url":"https:\/\/www.fscindigenousfoundation.org\/fr\/author\/communication\/"}]}},"_links":{"self":[{"href":"https:\/\/www.fscindigenousfoundation.org\/fr\/wp-json\/wp\/v2\/posts\/17289","targetHints":{"allow":["GET"]}}],"collection":[{"href":"https:\/\/www.fscindigenousfoundation.org\/fr\/wp-json\/wp\/v2\/posts"}],"about":[{"href":"https:\/\/www.fscindigenousfoundation.org\/fr\/wp-json\/wp\/v2\/types\/post"}],"author":[{"embeddable":true,"href":"https:\/\/www.fscindigenousfoundation.org\/fr\/wp-json\/wp\/v2\/users\/3"}],"replies":[{"embeddable":true,"href":"https:\/\/www.fscindigenousfoundation.org\/fr\/wp-json\/wp\/v2\/comments?post=17289"}],"version-history":[{"count":6,"href":"https:\/\/www.fscindigenousfoundation.org\/fr\/wp-json\/wp\/v2\/posts\/17289\/revisions"}],"predecessor-version":[{"id":17309,"href":"https:\/\/www.fscindigenousfoundation.org\/fr\/wp-json\/wp\/v2\/posts\/17289\/revisions\/17309"}],"wp:featuredmedia":[{"embeddable":true,"href":"https:\/\/www.fscindigenousfoundation.org\/fr\/wp-json\/wp\/v2\/media\/17253"}],"wp:attachment":[{"href":"https:\/\/www.fscindigenousfoundation.org\/fr\/wp-json\/wp\/v2\/media?parent=17289"}],"wp:term":[{"taxonomy":"category","embeddable":true,"href":"https:\/\/www.fscindigenousfoundation.org\/fr\/wp-json\/wp\/v2\/categories?post=17289"},{"taxonomy":"post_tag","embeddable":true,"href":"https:\/\/www.fscindigenousfoundation.org\/fr\/wp-json\/wp\/v2\/tags?post=17289"}],"curies":[{"name":"wp","href":"https:\/\/api.w.org\/{rel}","templated":true}]}}