{"id":16279,"date":"2025-09-11T15:22:28","date_gmt":"2025-09-11T19:22:28","guid":{"rendered":"https:\/\/www.fscindigenousfoundation.org\/?p=16279"},"modified":"2025-11-03T17:58:45","modified_gmt":"2025-11-03T22:58:45","slug":"forum-cadre-reparation-fsc-jakarta","status":"publish","type":"post","link":"https:\/\/www.fscindigenousfoundation.org\/fr\/forum-cadre-reparation-fsc-jakarta\/","title":{"rendered":"Forum sur le Cadre de Rem\u00e9diation du FSC \u00e0 Jakarta: R\u00e9flexions sur l\u2019\u00e9quilibre sacr\u00e9 entre les for\u00eats et les peuples"},"content":{"rendered":"\n<p>L&#8217;unit\u00e9 charg\u00e9e de l&#8217;int\u00e9grit\u00e9 du syst\u00e8me du Forest Stewardship Council (FSC) &#8211; a organis\u00e9 le Forum sur le Cadre de Rem\u00e9diation du FSC Asie-Pacifique \u00e0 Jakarta, en Indon\u00e9sie, r\u00e9unissant des d\u00e9tenteurs de droits, des chefs autochtones, des ONG, des entreprises, des chercheurs et des repr\u00e9sentants gouvernementaux afin d&#8217;approfondir la compr\u00e9hension et l&#8217;engagement autour du cadre rem\u00e9diation du FSC.&nbsp;<\/p>\n\n\n\n<figure class=\"wp-block-image size-full\"><img loading=\"lazy\" decoding=\"async\" width=\"2040\" height=\"1530\" src=\"https:\/\/www.fscindigenousfoundation.org\/wp-content\/uploads\/2025\/09\/article-ips-min.jpeg\" alt=\"FSC Remedy Forum in Jakarta\" class=\"wp-image-16240\"\/><\/figure>\n\n\n\n<p><\/p>\n\n\n\n<h2 class=\"wp-block-heading\">Qu&#8217;est-ce que le cadre de rem\u00e9diation du FSC ?<\/h2>\n\n\n\n<p><a href=\"https:\/\/connect.fsc.org\/current-processes\/fsc-remedy-framework\" target=\"_blank\" rel=\"noreferrer noopener\"><strong>Le cadre de rem\u00e9diation du FSC<\/strong><\/a> est un syst\u00e8me normalis\u00e9 qui guide la mani\u00e8re dont les entreprises doivent traiter les dommages environnementaux et sociaux pass\u00e9s li\u00e9s \u00e0 la conversion des for\u00eats.&nbsp;<\/p>\n\n\n\n<p>Il encourage la restauration par le biais de mesures sociales et environnementales, garantit la transparence dans la mani\u00e8re dont le FSC traite les entreprises non conformes et fournit des feuilles de route \u00e9quitables pour la mise en \u0153uvre de mesures correctives. Son objectif ultime est de restaurer les for\u00eats et les communaut\u00e9s, d&#8217;am\u00e9liorer l&#8217;int\u00e9grit\u00e9 du syst\u00e8me de certification FSC et d&#8217;\u00e9tablir des conditions mesurables pour mettre fin \u00e0 la dissociation et r\u00e9tablir la confiance.&nbsp;<\/p>\n\n\n\n<h2 class=\"wp-block-heading\">Un nouveau chapitre pour les mesures correctives<\/h2>\n\n\n\n<p>Depuis son entr\u00e9e en vigueur le 1er juillet 2023, le cadre de rem\u00e9diation du FSC vise \u00e0 rem\u00e9dier aux dommages sociaux et environnementaux r\u00e9sultant des op\u00e9rations foresti\u00e8res. L&#8217;Indon\u00e9sie, en tant que cadre d&#8217;s pilote pour la mise en \u0153uvre de l&#8217;, a fourni une \u00e9tude de cas essentielle sur les opportunit\u00e9s et les d\u00e9fis. Le forum de Jakarta a servi non seulement de plateforme de consultation, mais aussi d&#8217;espace de gu\u00e9rison, de dialogue et de r\u00e9conciliation, mettant en \u00e9vidence le potentiel positif des mesures correctives pour restaurer les \u00e9cosyst\u00e8mes forestiers, prot\u00e9ger la biodiversit\u00e9 et offrir une r\u00e9paration aux communaut\u00e9s touch\u00e9es.<\/p>\n\n\n\n<p><\/p>\n\n\n\n<figure class=\"wp-block-image size-full\"><img loading=\"lazy\" decoding=\"async\" width=\"1530\" height=\"2040\" src=\"https:\/\/www.fscindigenousfoundation.org\/wp-content\/uploads\/2025\/09\/article-image2-min.jpeg\" alt=\"FSC Remedy Forum in Jakarta\" class=\"wp-image-16244\"\/><\/figure>\n\n\n\n<p><\/p>\n\n\n\n<h2 class=\"wp-block-heading\">Voix du forum<\/h2>\n\n\n\n<p>Repr\u00e9sentant la Fondation autochtone du FSC, <strong>Nicholas Mujah <\/strong>(membre du conseil d&#8217;administration du FSC-IF), <strong>Praful Lakra <\/strong>(copr\u00e9sident de l&#8217; e du Comit\u00e9 permanent des peuples autochtones du FSC (PIPC) pour la r\u00e9gion Asie), <strong>Minnie Degawan <\/strong>(directrice g\u00e9n\u00e9rale de la FSC-IF) et <strong>Dian Intarini <\/strong>(responsable mondiale des peuples autochtones pour la foresterie et la certification) ont particip\u00e9 activement au Forum de Jakarta sur les mesures correctives, apportant des perspectives diverses en mati\u00e8re de leadership, de gouvernance et d&#8217;engagement communautaire. &nbsp;<\/p>\n\n\n\n<p>Au cours du forum, les participants ont fait valoir que si les droits sont mal compris, n\u00e9glig\u00e9s ou seulement reconnus de mani\u00e8re superficielle, les mesures correctives risquent de devenir purement symboliques et peuvent reproduire le pr\u00e9judice plut\u00f4t que de le r\u00e9parer. Nicholas a soulign\u00e9 ce point, rappelant aux participants combien il est essentiel de comprendre les droits des titulaires de droits dans le cadre du syst\u00e8me de gestion foresti\u00e8re.&nbsp;&nbsp;<\/p>\n\n\n\n<p>&nbsp;De plus, Praful a partag\u00e9 des informations sur sa r\u00e9gion, l&#8217;Inde, soulignant la n\u00e9cessit\u00e9 d&#8217;int\u00e9grer les connaissances autochtones dans le processus et tirant des le\u00e7ons des mesures correctives prises dans le domaine minier dans ce pays. En tant que copr\u00e9sident du Comit\u00e9 permanent des peuples autochtones (PIPC), la participation de Praful rev\u00eatait une importance particuli\u00e8re. Avec Marchus Colchester (membre du conseil d&#8217;administration du FSC et agent de liaison du PIPC), qui a \u00e9galement particip\u00e9 au forum, leur pr\u00e9sence a soulign\u00e9 l&#8217;importance de veiller \u00e0 ce que les perspectives autochtones soient syst\u00e9matiquement prises en compte dans les processus du FSC. La pr\u00e9sence du PIPC \u00e0 l&#8217;\u00e9v\u00e9nement a cr\u00e9\u00e9 un espace pr\u00e9cieux pour le dialogue, le partage des connaissances et la r\u00e9flexion, qui peut contribuer \u00e0 renforcer la prise de d\u00e9cision au niveau mondial.&nbsp;<\/p>\n\n\n\n<figure class=\"wp-block-image size-full\"><img loading=\"lazy\" decoding=\"async\" width=\"1261\" height=\"734\" src=\"https:\/\/www.fscindigenousfoundation.org\/wp-content\/uploads\/2025\/09\/praful-article-min.jpeg\" alt=\"FSC Remedy Forum in Jakarta\" class=\"wp-image-16248\"\/><\/figure>\n\n\n\n<figure class=\"wp-block-image size-full\"><img loading=\"lazy\" decoding=\"async\" width=\"1824\" height=\"1074\" src=\"https:\/\/www.fscindigenousfoundation.org\/wp-content\/uploads\/2025\/09\/article-jakarta-min.jpeg\" alt=\"FSC Remedy Forum in Jakarta\" class=\"wp-image-16252\"\/><figcaption class=\"wp-element-caption\">De gauche \u00e0 droite : Praful Lakra (copr\u00e9sident du PIPC, r\u00e9gion Asie), Marchus Colchester (conseil d&#8217;administration du FSC), Nicholas Mujah (membre du conseil FSC-IF), Dian Intarini (responsable mondial des peuples autochtones pour la foresterie et la certification)&nbsp;<br>&nbsp;<\/figcaption><\/figure>\n\n\n\n<figure class=\"wp-block-image size-full\"><img loading=\"lazy\" decoding=\"async\" width=\"1460\" height=\"888\" src=\"https:\/\/www.fscindigenousfoundation.org\/wp-content\/uploads\/2025\/09\/jakarta-group2-min.jpeg\" alt=\"FSC Remedy Forum in Jakarta\" class=\"wp-image-16256\"\/><figcaption class=\"wp-element-caption\">De gauche \u00e0 droite : Isnadi de Riau, Kuspawansyah de Kalimantan oriental, Nicholas Mujah (membre du Conseil FSC-IF) et Minnie Degawan (directrice g\u00e9n\u00e9rale FSC-IF)&nbsp;<\/figcaption><\/figure>\n\n\n\n<p><\/p>\n\n\n\n<p>De plus, Minnie a rappel\u00e9 aux participants que pour les peuples autochtones, la rem\u00e9diation ne consiste pas en une liste de consultations ou d&#8217;activit\u00e9s, mais plut\u00f4t en un r\u00e9tablissement de l&#8217;\u00e9quilibre et en une pr\u00e9servation des relations: avec la terre, les communaut\u00e9s et l&#8217;invisible.&nbsp;<\/p>\n\n\n\n<figure class=\"wp-block-image size-full\"><img loading=\"lazy\" decoding=\"async\" width=\"1920\" height=\"1413\" src=\"https:\/\/www.fscindigenousfoundation.org\/wp-content\/uploads\/2025\/09\/image-article-team-min.jpeg\" alt=\"FSC Remedy Forum in Jakarta\" class=\"wp-image-16260\"\/><\/figure>\n\n\n\n<p><\/p>\n\n\n\n<p><em>&#8220;Les for\u00eats sont nos proches,&#8221; <\/em>a-t-elle d\u00e9clar\u00e9. <em>&#8220;Elles sont le lieu de repos de nos anc\u00eatres, o\u00f9 nous enterrons les cordons ombilicaux de nos enfants pour les relier \u00e0 la Terre M\u00e8re. Pr\u00e9server la for\u00eat, c&#8217;est pr\u00e9server la Terre et la communaut\u00e9. Pour nous, la r\u00e9paration signifie r\u00e9tablir cet \u00e9quilibre sacr\u00e9.<\/em>&#8220;<\/p>\n\n\n\n<p>Minnie a soulign\u00e9 la n\u00e9cessit\u00e9 d&#8217;une communication plus claire sur ce qu&#8217;est le cadre de rem\u00e9diation et ce qu&#8217;il n&#8217;est pas. Elle a insist\u00e9 sur le fait que sans cette clart\u00e9, les communaut\u00e9s risquent d&#8217;avoir de fausses attentes et de subir davantage de pr\u00e9judices.&nbsp;&nbsp;<\/p>\n\n\n\n<figure class=\"wp-block-image size-full\"><img loading=\"lazy\" decoding=\"async\" width=\"2040\" height=\"1530\" src=\"https:\/\/www.fscindigenousfoundation.org\/wp-content\/uploads\/2025\/09\/article-minnie-min.jpeg\" alt=\"FSC Remedy Forum in Jakarta\" class=\"wp-image-16264\"\/><\/figure>\n\n\n\n<p><\/p>\n\n\n\n<p>Au c\u0153ur de son message se trouvait l&#8217;appel \u00e0 red\u00e9finir le consentement libre, pr\u00e9alable et \u00e9clair\u00e9 (FPIC) comme un processus de construction de relations plut\u00f4t que comme une \u00e9tape proc\u00e9durale, rappelant aux participants que le consentement est fond\u00e9 sur la confiance, l&#8217;\u00e9quit\u00e9 et la compr\u00e9hension mutuelle.&nbsp;&nbsp;<\/p>\n\n\n\n<p>Enfin, Dian Intarini a sugg\u00e9r\u00e9 que les mesures de r\u00e9paration soient align\u00e9es sur les politiques nationales en mati\u00e8re d&#8217;autonomisation des communaut\u00e9s et de droits fonciers, par exemple la loi indon\u00e9sienne sur les villages, afin de soutenir la durabilit\u00e9 \u00e0 long terme de ces mesures.&nbsp;<\/p>\n\n\n\n<h2 class=\"wp-block-heading\">Observations cl\u00e9s<\/h2>\n\n\n\n<p>Au cours des trois jours, l&#8217;ordre du jour est pass\u00e9 de l&#8217;exploration de solutions pour acc\u00e9l\u00e9rer les mesures correctives \u00e0 des pr\u00e9sentations sur la gu\u00e9rison sociale et culturelle dans les conflits non r\u00e9solus, puis \u00e0 une r\u00e9union \u00e0 huis clos avec les titulaires de droits pour r\u00e9fl\u00e9chir \u00e0 leurs pr\u00e9occupations et \u00e0 leurs attentes.&nbsp;&nbsp;<\/p>\n\n\n\n<p><\/p>\n\n\n\n<figure class=\"wp-block-image size-full\"><img loading=\"lazy\" decoding=\"async\" width=\"2048\" height=\"1536\" src=\"https:\/\/www.fscindigenousfoundation.org\/wp-content\/uploads\/2025\/09\/article-image-min.jpeg\" alt=\"FSC Remedy Forum in Jakarta\" class=\"wp-image-16268\"\/><\/figure>\n\n\n\n<p>Le forum a r\u00e9ussi \u00e0 favoriser un dialogue ouvert et constructif, m\u00eame s&#8217;il a \u00e9galement r\u00e9v\u00e9l\u00e9 un d\u00e9calage dans la mani\u00e8re dont les parties prenantes comprenaient le cadre et mis en \u00e9vidence des tensions entre les peuples autochtones et les communaut\u00e9s de migrants\/transmigrants qui n\u00e9cessitent des approches sensibles. Au milieu de ces dynamiques, la Fondation autochtone du FSC s&#8217;est impos\u00e9e comme un facilitateur neutre et fiable, pr\u00eat \u00e0 soutenir continuellement le processus.&nbsp;<\/p>\n\n\n\n<p><\/p>\n\n\n\n<figure class=\"wp-block-image size-full\"><img loading=\"lazy\" decoding=\"async\" width=\"1530\" height=\"2040\" src=\"https:\/\/www.fscindigenousfoundation.org\/wp-content\/uploads\/2025\/09\/article-closed-meet-min.jpeg\" alt=\"FSC Remedy Forum in Jakarta\" class=\"wp-image-16272\"\/><\/figure>\n\n\n\n<p><\/p>\n\n\n\n<h2 class=\"wp-block-heading\">Perspectives d&#8217;avenir<\/h2>\n\n\n\n<p>Alors que le cadre de rem\u00e9diation du FSC continue de prendre forme, les enseignements tir\u00e9s du forum de Jakarta nous rappellent que la rem\u00e9diation doit \u00eatre intentionnelle, inclusive et ancr\u00e9e dans le respect des droits et des visions du monde des peuples autochtones.&nbsp;&nbsp;<\/p>\n\n\n\n<p>Le travail qui nous attend ne sera pas facile, mais comme l&#8217;a soulign\u00e9 Minnie: <em>&#8220;Nous avons surv\u00e9cu au g\u00e9nocide et \u00e0 la colonisation en agissant de mani\u00e8re r\u00e9fl\u00e9chie et prudente. Ne nous pr\u00e9cipitons pas, mais veillons \u00e0 ce que les mesures correctives soient v\u00e9ritablement efficaces.<\/em>&#8220;<\/p>\n","protected":false},"excerpt":{"rendered":"<p>L\u2019unit\u00e9 d\u2019int\u00e9grit\u00e9 du syst\u00e8me du FSC a organis\u00e9 le Forum de Rem\u00e9diation Asie-Pacifique \u00e0 Jakarta, r\u00e9unissant divers acteurs pour renforcer la compr\u00e9hension du Cadre de Rem\u00e9diation du FSC<\/p>\n","protected":false},"author":3,"featured_media":16253,"comment_status":"closed","ping_status":"closed","sticky":false,"template":"","format":"standard","meta":{"footnotes":""},"categories":[2,22],"tags":[76,63,91,366,367,93,64,65,94,368,49,369],"class_list":["post-16279","post","type-post","status-publish","format-standard","has-post-thumbnail","hentry","category-non-classifiee","category-outstanding-news-fr","tag-changement-climatique","tag-climate-change-fr","tag-climate-finance-fr","tag-forest-stewardship-council-fr","tag-fsc-fr","tag-indigenous-leadership-fr","tag-indigenous-peoples-fr","tag-indigenous-rights-fr","tag-indigenous-women-2-fr","tag-leadership-autochtone","tag-peuples-autochtones","tag-savoir-traditionnel"],"acf":[],"yoast_head":"<!-- This site is optimized with the Yoast SEO plugin v26.9 - https:\/\/yoast.com\/product\/yoast-seo-wordpress\/ -->\n<title>Forum sur le Cadre de Rem\u00e9diation du FSC \u00e0 Jakarta: R\u00e9flexions sur l\u2019\u00e9quilibre sacr\u00e9 entre les for\u00eats et les peuples - Fondation Indig\u00e8ne FSC<\/title>\n<meta name=\"description\" content=\"Le FSC a organis\u00e9 un forum \u00e0 Jakarta sur son Cadre de R\u00e9paration du FSC, r\u00e9unissant des leaders autochtones et des parties prenantes pour d\u00e9battre de la restauration des for\u00eats et des communaut\u00e9s.\" \/>\n<meta name=\"robots\" content=\"index, follow, max-snippet:-1, max-image-preview:large, max-video-preview:-1\" \/>\n<link rel=\"canonical\" href=\"https:\/\/www.fscindigenousfoundation.org\/fr\/forum-cadre-reparation-fsc-jakarta\/\" \/>\n<meta property=\"og:locale\" content=\"fr_FR\" \/>\n<meta property=\"og:type\" content=\"article\" \/>\n<meta property=\"og:title\" content=\"Forum sur le Cadre de Rem\u00e9diation du FSC \u00e0 Jakarta: R\u00e9flexions sur l\u2019\u00e9quilibre sacr\u00e9 entre les for\u00eats et les peuples - Fondation Indig\u00e8ne FSC\" \/>\n<meta property=\"og:description\" content=\"Le FSC a organis\u00e9 un forum \u00e0 Jakarta sur son Cadre de R\u00e9paration du FSC, r\u00e9unissant des leaders autochtones et des parties prenantes pour d\u00e9battre de la restauration des for\u00eats et des communaut\u00e9s.\" \/>\n<meta property=\"og:url\" content=\"https:\/\/www.fscindigenousfoundation.org\/fr\/forum-cadre-reparation-fsc-jakarta\/\" \/>\n<meta property=\"og:site_name\" content=\"Fondation Indig\u00e8ne FSC\" \/>\n<meta property=\"article:publisher\" content=\"https:\/\/www.facebook.com\/fscindigenousfoundation\" \/>\n<meta property=\"article:published_time\" content=\"2025-09-11T19:22:28+00:00\" \/>\n<meta property=\"article:modified_time\" content=\"2025-11-03T22:58:45+00:00\" \/>\n<meta property=\"og:image\" content=\"https:\/\/www.fscindigenousfoundation.org\/wp-content\/uploads\/2025\/09\/article-jakarta-min.jpeg\" \/>\n\t<meta property=\"og:image:width\" content=\"1824\" \/>\n\t<meta property=\"og:image:height\" content=\"1074\" \/>\n\t<meta property=\"og:image:type\" content=\"image\/jpeg\" \/>\n<meta name=\"author\" content=\"FSC IF\" \/>\n<meta name=\"twitter:card\" content=\"summary_large_image\" \/>\n<meta name=\"twitter:creator\" content=\"@fsc_if\" \/>\n<meta name=\"twitter:site\" content=\"@fsc_if\" \/>\n<meta name=\"twitter:label1\" content=\"Written by\" \/>\n\t<meta name=\"twitter:data1\" content=\"FSC IF\" \/>\n\t<meta name=\"twitter:label2\" content=\"Est. reading time\" \/>\n\t<meta name=\"twitter:data2\" content=\"7 minutes\" \/>\n<script type=\"application\/ld+json\" class=\"yoast-schema-graph\">{\"@context\":\"https:\/\/schema.org\",\"@graph\":[{\"@type\":\"Article\",\"@id\":\"https:\/\/www.fscindigenousfoundation.org\/fr\/forum-cadre-reparation-fsc-jakarta\/#article\",\"isPartOf\":{\"@id\":\"https:\/\/www.fscindigenousfoundation.org\/fr\/forum-cadre-reparation-fsc-jakarta\/\"},\"author\":{\"name\":\"FSC IF\",\"@id\":\"https:\/\/www.fscindigenousfoundation.org\/fr\/#\/schema\/person\/58a930ad98efcb8e01aac64b85daeef4\"},\"headline\":\"Forum sur le Cadre de Rem\u00e9diation du FSC \u00e0 Jakarta: R\u00e9flexions sur l\u2019\u00e9quilibre sacr\u00e9 entre les for\u00eats et les peuples\",\"datePublished\":\"2025-09-11T19:22:28+00:00\",\"dateModified\":\"2025-11-03T22:58:45+00:00\",\"mainEntityOfPage\":{\"@id\":\"https:\/\/www.fscindigenousfoundation.org\/fr\/forum-cadre-reparation-fsc-jakarta\/\"},\"wordCount\":1261,\"publisher\":{\"@id\":\"https:\/\/www.fscindigenousfoundation.org\/fr\/#organization\"},\"image\":{\"@id\":\"https:\/\/www.fscindigenousfoundation.org\/fr\/forum-cadre-reparation-fsc-jakarta\/#primaryimage\"},\"thumbnailUrl\":\"https:\/\/www.fscindigenousfoundation.org\/wp-content\/uploads\/2025\/09\/article-jakarta-min.jpeg\",\"keywords\":[\"changement climatique\",\"Climate Change\",\"Climate Finance\",\"Forest Stewardship Council\",\"FSC\",\"Indigenous leadership\",\"Indigenous Peoples\",\"indigenous rights\",\"Indigenous women\",\"Leadership autochtone\",\"Peuples Autochtones\",\"savoir traditionnel\"],\"articleSection\":[\"Non classifi\u00e9(e)\",\"Outstanding news\"],\"inLanguage\":\"fr-FR\"},{\"@type\":\"WebPage\",\"@id\":\"https:\/\/www.fscindigenousfoundation.org\/fr\/forum-cadre-reparation-fsc-jakarta\/\",\"url\":\"https:\/\/www.fscindigenousfoundation.org\/fr\/forum-cadre-reparation-fsc-jakarta\/\",\"name\":\"Forum sur le Cadre de Rem\u00e9diation du FSC \u00e0 Jakarta: R\u00e9flexions sur l\u2019\u00e9quilibre sacr\u00e9 entre les for\u00eats et les peuples - Fondation Indig\u00e8ne FSC\",\"isPartOf\":{\"@id\":\"https:\/\/www.fscindigenousfoundation.org\/fr\/#website\"},\"primaryImageOfPage\":{\"@id\":\"https:\/\/www.fscindigenousfoundation.org\/fr\/forum-cadre-reparation-fsc-jakarta\/#primaryimage\"},\"image\":{\"@id\":\"https:\/\/www.fscindigenousfoundation.org\/fr\/forum-cadre-reparation-fsc-jakarta\/#primaryimage\"},\"thumbnailUrl\":\"https:\/\/www.fscindigenousfoundation.org\/wp-content\/uploads\/2025\/09\/article-jakarta-min.jpeg\",\"datePublished\":\"2025-09-11T19:22:28+00:00\",\"dateModified\":\"2025-11-03T22:58:45+00:00\",\"description\":\"Le FSC a organis\u00e9 un forum \u00e0 Jakarta sur son Cadre de R\u00e9paration du FSC, r\u00e9unissant des leaders autochtones et des parties prenantes pour d\u00e9battre de la restauration des for\u00eats et des communaut\u00e9s.\",\"breadcrumb\":{\"@id\":\"https:\/\/www.fscindigenousfoundation.org\/fr\/forum-cadre-reparation-fsc-jakarta\/#breadcrumb\"},\"inLanguage\":\"fr-FR\",\"potentialAction\":[{\"@type\":\"ReadAction\",\"target\":[\"https:\/\/www.fscindigenousfoundation.org\/fr\/forum-cadre-reparation-fsc-jakarta\/\"]}]},{\"@type\":\"ImageObject\",\"inLanguage\":\"fr-FR\",\"@id\":\"https:\/\/www.fscindigenousfoundation.org\/fr\/forum-cadre-reparation-fsc-jakarta\/#primaryimage\",\"url\":\"https:\/\/www.fscindigenousfoundation.org\/wp-content\/uploads\/2025\/09\/article-jakarta-min.jpeg\",\"contentUrl\":\"https:\/\/www.fscindigenousfoundation.org\/wp-content\/uploads\/2025\/09\/article-jakarta-min.jpeg\",\"width\":1824,\"height\":1074,\"caption\":\"FSC Remedy Forum in Jakarta\"},{\"@type\":\"BreadcrumbList\",\"@id\":\"https:\/\/www.fscindigenousfoundation.org\/fr\/forum-cadre-reparation-fsc-jakarta\/#breadcrumb\",\"itemListElement\":[{\"@type\":\"ListItem\",\"position\":1,\"name\":\"Home\",\"item\":\"https:\/\/www.fscindigenousfoundation.org\/fr\/\"},{\"@type\":\"ListItem\",\"position\":2,\"name\":\"Forum sur le Cadre de Rem\u00e9diation du FSC \u00e0 Jakarta: R\u00e9flexions sur l\u2019\u00e9quilibre sacr\u00e9 entre les for\u00eats et les peuples\"}]},{\"@type\":\"WebSite\",\"@id\":\"https:\/\/www.fscindigenousfoundation.org\/fr\/#website\",\"url\":\"https:\/\/www.fscindigenousfoundation.org\/fr\/\",\"name\":\"IPARD\",\"description\":\"La Fondation Indig\u00e8ne FSC est une fondation cr\u00e9\u00e9e pour apporter des solutions qui garantissent les droits des Autochtones et prot\u00e8gent leur territoire, leurs for\u00eats et leurs connaissances ancestrales.\",\"publisher\":{\"@id\":\"https:\/\/www.fscindigenousfoundation.org\/fr\/#organization\"},\"potentialAction\":[{\"@type\":\"SearchAction\",\"target\":{\"@type\":\"EntryPoint\",\"urlTemplate\":\"https:\/\/www.fscindigenousfoundation.org\/fr\/?s={search_term_string}\"},\"query-input\":{\"@type\":\"PropertyValueSpecification\",\"valueRequired\":true,\"valueName\":\"search_term_string\"}}],\"inLanguage\":\"fr-FR\"},{\"@type\":\"Organization\",\"@id\":\"https:\/\/www.fscindigenousfoundation.org\/fr\/#organization\",\"name\":\"FSC Indigenous Foundation\",\"url\":\"https:\/\/www.fscindigenousfoundation.org\/fr\/\",\"logo\":{\"@type\":\"ImageObject\",\"inLanguage\":\"fr-FR\",\"@id\":\"https:\/\/www.fscindigenousfoundation.org\/fr\/#\/schema\/logo\/image\/\",\"url\":\"https:\/\/www.fscindigenousfoundation.org\/wp-content\/uploads\/2021\/09\/fsc-indigenous-foundation-color.png\",\"contentUrl\":\"https:\/\/www.fscindigenousfoundation.org\/wp-content\/uploads\/2021\/09\/fsc-indigenous-foundation-color.png\",\"width\":657,\"height\":197,\"caption\":\"FSC Indigenous Foundation\"},\"image\":{\"@id\":\"https:\/\/www.fscindigenousfoundation.org\/fr\/#\/schema\/logo\/image\/\"},\"sameAs\":[\"https:\/\/www.facebook.com\/fscindigenousfoundation\",\"https:\/\/x.com\/fsc_if\",\"https:\/\/instagram.com\/fscindigenousfoundation\"]},{\"@type\":\"Person\",\"@id\":\"https:\/\/www.fscindigenousfoundation.org\/fr\/#\/schema\/person\/58a930ad98efcb8e01aac64b85daeef4\",\"name\":\"FSC IF\",\"url\":\"https:\/\/www.fscindigenousfoundation.org\/fr\/author\/communication\/\"}]}<\/script>\n<!-- \/ Yoast SEO plugin. -->","yoast_head_json":{"title":"Forum sur le Cadre de Rem\u00e9diation du FSC \u00e0 Jakarta: R\u00e9flexions sur l\u2019\u00e9quilibre sacr\u00e9 entre les for\u00eats et les peuples - Fondation Indig\u00e8ne FSC","description":"Le FSC a organis\u00e9 un forum \u00e0 Jakarta sur son Cadre de R\u00e9paration du FSC, r\u00e9unissant des leaders autochtones et des parties prenantes pour d\u00e9battre de la restauration des for\u00eats et des communaut\u00e9s.","robots":{"index":"index","follow":"follow","max-snippet":"max-snippet:-1","max-image-preview":"max-image-preview:large","max-video-preview":"max-video-preview:-1"},"canonical":"https:\/\/www.fscindigenousfoundation.org\/fr\/forum-cadre-reparation-fsc-jakarta\/","og_locale":"fr_FR","og_type":"article","og_title":"Forum sur le Cadre de Rem\u00e9diation du FSC \u00e0 Jakarta: R\u00e9flexions sur l\u2019\u00e9quilibre sacr\u00e9 entre les for\u00eats et les peuples - Fondation Indig\u00e8ne FSC","og_description":"Le FSC a organis\u00e9 un forum \u00e0 Jakarta sur son Cadre de R\u00e9paration du FSC, r\u00e9unissant des leaders autochtones et des parties prenantes pour d\u00e9battre de la restauration des for\u00eats et des communaut\u00e9s.","og_url":"https:\/\/www.fscindigenousfoundation.org\/fr\/forum-cadre-reparation-fsc-jakarta\/","og_site_name":"Fondation Indig\u00e8ne FSC","article_publisher":"https:\/\/www.facebook.com\/fscindigenousfoundation","article_published_time":"2025-09-11T19:22:28+00:00","article_modified_time":"2025-11-03T22:58:45+00:00","og_image":[{"width":1824,"height":1074,"url":"https:\/\/www.fscindigenousfoundation.org\/wp-content\/uploads\/2025\/09\/article-jakarta-min.jpeg","type":"image\/jpeg"}],"author":"FSC IF","twitter_card":"summary_large_image","twitter_creator":"@fsc_if","twitter_site":"@fsc_if","twitter_misc":{"Written by":"FSC IF","Est. reading time":"7 minutes"},"schema":{"@context":"https:\/\/schema.org","@graph":[{"@type":"Article","@id":"https:\/\/www.fscindigenousfoundation.org\/fr\/forum-cadre-reparation-fsc-jakarta\/#article","isPartOf":{"@id":"https:\/\/www.fscindigenousfoundation.org\/fr\/forum-cadre-reparation-fsc-jakarta\/"},"author":{"name":"FSC IF","@id":"https:\/\/www.fscindigenousfoundation.org\/fr\/#\/schema\/person\/58a930ad98efcb8e01aac64b85daeef4"},"headline":"Forum sur le Cadre de Rem\u00e9diation du FSC \u00e0 Jakarta: R\u00e9flexions sur l\u2019\u00e9quilibre sacr\u00e9 entre les for\u00eats et les peuples","datePublished":"2025-09-11T19:22:28+00:00","dateModified":"2025-11-03T22:58:45+00:00","mainEntityOfPage":{"@id":"https:\/\/www.fscindigenousfoundation.org\/fr\/forum-cadre-reparation-fsc-jakarta\/"},"wordCount":1261,"publisher":{"@id":"https:\/\/www.fscindigenousfoundation.org\/fr\/#organization"},"image":{"@id":"https:\/\/www.fscindigenousfoundation.org\/fr\/forum-cadre-reparation-fsc-jakarta\/#primaryimage"},"thumbnailUrl":"https:\/\/www.fscindigenousfoundation.org\/wp-content\/uploads\/2025\/09\/article-jakarta-min.jpeg","keywords":["changement climatique","Climate Change","Climate Finance","Forest Stewardship Council","FSC","Indigenous leadership","Indigenous Peoples","indigenous rights","Indigenous women","Leadership autochtone","Peuples Autochtones","savoir traditionnel"],"articleSection":["Non classifi\u00e9(e)","Outstanding news"],"inLanguage":"fr-FR"},{"@type":"WebPage","@id":"https:\/\/www.fscindigenousfoundation.org\/fr\/forum-cadre-reparation-fsc-jakarta\/","url":"https:\/\/www.fscindigenousfoundation.org\/fr\/forum-cadre-reparation-fsc-jakarta\/","name":"Forum sur le Cadre de Rem\u00e9diation du FSC \u00e0 Jakarta: R\u00e9flexions sur l\u2019\u00e9quilibre sacr\u00e9 entre les for\u00eats et les peuples - Fondation Indig\u00e8ne FSC","isPartOf":{"@id":"https:\/\/www.fscindigenousfoundation.org\/fr\/#website"},"primaryImageOfPage":{"@id":"https:\/\/www.fscindigenousfoundation.org\/fr\/forum-cadre-reparation-fsc-jakarta\/#primaryimage"},"image":{"@id":"https:\/\/www.fscindigenousfoundation.org\/fr\/forum-cadre-reparation-fsc-jakarta\/#primaryimage"},"thumbnailUrl":"https:\/\/www.fscindigenousfoundation.org\/wp-content\/uploads\/2025\/09\/article-jakarta-min.jpeg","datePublished":"2025-09-11T19:22:28+00:00","dateModified":"2025-11-03T22:58:45+00:00","description":"Le FSC a organis\u00e9 un forum \u00e0 Jakarta sur son Cadre de R\u00e9paration du FSC, r\u00e9unissant des leaders autochtones et des parties prenantes pour d\u00e9battre de la restauration des for\u00eats et des communaut\u00e9s.","breadcrumb":{"@id":"https:\/\/www.fscindigenousfoundation.org\/fr\/forum-cadre-reparation-fsc-jakarta\/#breadcrumb"},"inLanguage":"fr-FR","potentialAction":[{"@type":"ReadAction","target":["https:\/\/www.fscindigenousfoundation.org\/fr\/forum-cadre-reparation-fsc-jakarta\/"]}]},{"@type":"ImageObject","inLanguage":"fr-FR","@id":"https:\/\/www.fscindigenousfoundation.org\/fr\/forum-cadre-reparation-fsc-jakarta\/#primaryimage","url":"https:\/\/www.fscindigenousfoundation.org\/wp-content\/uploads\/2025\/09\/article-jakarta-min.jpeg","contentUrl":"https:\/\/www.fscindigenousfoundation.org\/wp-content\/uploads\/2025\/09\/article-jakarta-min.jpeg","width":1824,"height":1074,"caption":"FSC Remedy Forum in Jakarta"},{"@type":"BreadcrumbList","@id":"https:\/\/www.fscindigenousfoundation.org\/fr\/forum-cadre-reparation-fsc-jakarta\/#breadcrumb","itemListElement":[{"@type":"ListItem","position":1,"name":"Home","item":"https:\/\/www.fscindigenousfoundation.org\/fr\/"},{"@type":"ListItem","position":2,"name":"Forum sur le Cadre de Rem\u00e9diation du FSC \u00e0 Jakarta: R\u00e9flexions sur l\u2019\u00e9quilibre sacr\u00e9 entre les for\u00eats et les peuples"}]},{"@type":"WebSite","@id":"https:\/\/www.fscindigenousfoundation.org\/fr\/#website","url":"https:\/\/www.fscindigenousfoundation.org\/fr\/","name":"IPARD","description":"La Fondation Indig\u00e8ne FSC est une fondation cr\u00e9\u00e9e pour apporter des solutions qui garantissent les droits des Autochtones et prot\u00e8gent leur territoire, leurs for\u00eats et leurs connaissances ancestrales.","publisher":{"@id":"https:\/\/www.fscindigenousfoundation.org\/fr\/#organization"},"potentialAction":[{"@type":"SearchAction","target":{"@type":"EntryPoint","urlTemplate":"https:\/\/www.fscindigenousfoundation.org\/fr\/?s={search_term_string}"},"query-input":{"@type":"PropertyValueSpecification","valueRequired":true,"valueName":"search_term_string"}}],"inLanguage":"fr-FR"},{"@type":"Organization","@id":"https:\/\/www.fscindigenousfoundation.org\/fr\/#organization","name":"FSC Indigenous Foundation","url":"https:\/\/www.fscindigenousfoundation.org\/fr\/","logo":{"@type":"ImageObject","inLanguage":"fr-FR","@id":"https:\/\/www.fscindigenousfoundation.org\/fr\/#\/schema\/logo\/image\/","url":"https:\/\/www.fscindigenousfoundation.org\/wp-content\/uploads\/2021\/09\/fsc-indigenous-foundation-color.png","contentUrl":"https:\/\/www.fscindigenousfoundation.org\/wp-content\/uploads\/2021\/09\/fsc-indigenous-foundation-color.png","width":657,"height":197,"caption":"FSC Indigenous Foundation"},"image":{"@id":"https:\/\/www.fscindigenousfoundation.org\/fr\/#\/schema\/logo\/image\/"},"sameAs":["https:\/\/www.facebook.com\/fscindigenousfoundation","https:\/\/x.com\/fsc_if","https:\/\/instagram.com\/fscindigenousfoundation"]},{"@type":"Person","@id":"https:\/\/www.fscindigenousfoundation.org\/fr\/#\/schema\/person\/58a930ad98efcb8e01aac64b85daeef4","name":"FSC IF","url":"https:\/\/www.fscindigenousfoundation.org\/fr\/author\/communication\/"}]}},"_links":{"self":[{"href":"https:\/\/www.fscindigenousfoundation.org\/fr\/wp-json\/wp\/v2\/posts\/16279","targetHints":{"allow":["GET"]}}],"collection":[{"href":"https:\/\/www.fscindigenousfoundation.org\/fr\/wp-json\/wp\/v2\/posts"}],"about":[{"href":"https:\/\/www.fscindigenousfoundation.org\/fr\/wp-json\/wp\/v2\/types\/post"}],"author":[{"embeddable":true,"href":"https:\/\/www.fscindigenousfoundation.org\/fr\/wp-json\/wp\/v2\/users\/3"}],"replies":[{"embeddable":true,"href":"https:\/\/www.fscindigenousfoundation.org\/fr\/wp-json\/wp\/v2\/comments?post=16279"}],"version-history":[{"count":4,"href":"https:\/\/www.fscindigenousfoundation.org\/fr\/wp-json\/wp\/v2\/posts\/16279\/revisions"}],"predecessor-version":[{"id":16920,"href":"https:\/\/www.fscindigenousfoundation.org\/fr\/wp-json\/wp\/v2\/posts\/16279\/revisions\/16920"}],"wp:featuredmedia":[{"embeddable":true,"href":"https:\/\/www.fscindigenousfoundation.org\/fr\/wp-json\/wp\/v2\/media\/16253"}],"wp:attachment":[{"href":"https:\/\/www.fscindigenousfoundation.org\/fr\/wp-json\/wp\/v2\/media?parent=16279"}],"wp:term":[{"taxonomy":"category","embeddable":true,"href":"https:\/\/www.fscindigenousfoundation.org\/fr\/wp-json\/wp\/v2\/categories?post=16279"},{"taxonomy":"post_tag","embeddable":true,"href":"https:\/\/www.fscindigenousfoundation.org\/fr\/wp-json\/wp\/v2\/tags?post=16279"}],"curies":[{"name":"wp","href":"https:\/\/api.w.org\/{rel}","templated":true}]}}