{"id":16000,"date":"2025-08-09T12:49:45","date_gmt":"2025-08-09T16:49:45","guid":{"rendered":"https:\/\/www.fscindigenousfoundation.org\/?p=16000"},"modified":"2025-11-03T16:26:43","modified_gmt":"2025-11-03T21:26:43","slug":"peuples-autochtones-intelligence-artificielle","status":"publish","type":"post","link":"https:\/\/www.fscindigenousfoundation.org\/fr\/peuples-autochtones-intelligence-artificielle\/","title":{"rendered":"Les Peuples Autochtones et l&#8217;intelligence artificielle: d\u00e9fendre les droits gr\u00e2ce aux principes du respect et du consentement"},"content":{"rendered":"\n<figure class=\"wp-block-image size-full\"><img loading=\"lazy\" decoding=\"async\" width=\"1920\" height=\"1080\" src=\"https:\/\/www.fscindigenousfoundation.org\/wp-content\/uploads\/2025\/08\/comarca-naso-website-min.jpg\" alt=\"FSC Comarca Naso, Panama\" class=\"wp-image-15981\"\/><\/figure>\n\n\n\n<p>Aujourd&#8217;hui, 9 ao\u00fbt, le monde entier se r\u00e9unit pour c\u00e9l\u00e9brer la Journ\u00e9e internationale des peuples autochtones. Des for\u00eats tropicales d&#8217;Am\u00e9rique latine aux savanes d&#8217;Afrique, en passant par les \u00eeles d&#8217;Asie, les montagnes d&#8217;Oc\u00e9anie et les toundras de l&#8217;Arctique, les Peuples Autochtones continuent de prot\u00e9ger la biodiversit\u00e9 mondiale, de pr\u00e9server les connaissances traditionnelles et de d\u00e9fendre des cultures profond\u00e9ment enracin\u00e9es dans leur terre.&nbsp;<\/p>\n\n\n\n<p>Les Peuples Autochtones cultivent un \u00e9ventail extraordinaire de traditions vivantes, allant de pratiques et de savoir-faire \u00e0 des syst\u00e8mes de connaissances et d&#8217;expressions qui incarnent les valeurs de respect, de soin et de r\u00e9ciprocit\u00e9 avec la nature. Ces traditions renforcent \u00e9galement la compr\u00e9hension des nombreuses visions du monde et des syst\u00e8mes de valeurs qui guident les relations des peuples autochtones avec le monde naturel.<\/p>\n\n\n\n<figure class=\"wp-block-image size-full\"><img loading=\"lazy\" decoding=\"async\" width=\"2560\" height=\"1707\" src=\"https:\/\/www.fscindigenousfoundation.org\/wp-content\/uploads\/2025\/08\/maya-mam-people-guatemala-fsc-if-photo-contest-2023-min-scaled.jpg\" alt=\"Hijos de la Tierra, Concours photo, 2023\" class=\"wp-image-15985\"\/><figcaption class=\"wp-element-caption\">Hijos de la Tierra, Concours photo, 2023<\/figcaption><\/figure>\n\n\n\n<p>En pratiquant et en transmettant cet h\u00e9ritage, les communaut\u00e9s autochtones pr\u00e9servent leur vitalit\u00e9, leur r\u00e9silience et leur bien-\u00eatre collectif.&nbsp;<\/p>\n\n\n\n<p>La Journ\u00e9e des peuples autochtones est plus importante aujourd&#8217;hui qu&#8217;\u00e0 aucun autre moment de l&#8217;histoire, car les d\u00e9fis auxquels nous sommes confront\u00e9s \u2013 changement climatique, perte de biodiversit\u00e9 et essor rapide des nouvelles technologies \u2013 exigent que la sagesse, le leadership et les droits des peuples autochtones soient au c\u0153ur des solutions mondiales.&nbsp;<\/p>\n\n\n\n<p><a href=\"https:\/\/www.wri.org\/insights\/numbers-indigenous-and-community-land-rights\" target=\"_blank\" rel=\"noreferrer noopener\">Les Peuples Autochtones et les communaut\u00e9s locales prot\u00e8gent au moins la moiti\u00e9 des terres de la plan\u00e8te<\/a>, qui abritent la majeure partie de sa biodiversit\u00e9. Leur patrimoine vivant \u2013 connaissances, pratiques et valeurs enracin\u00e9es dans le respect, la gestion responsable et la r\u00e9ciprocit\u00e9 avec la nature \u2013 offre des solutions \u00e9prouv\u00e9es pour faire face aux crises climatiques et \u00e9cologiques actuelles. Lorsque les for\u00eats sont menac\u00e9es, lorsque des esp\u00e8ces disparaissent et lorsque les effets du changement climatique s&#8217;intensifient, les peuples autochtones se dressent comme les gardiens de l&#8217;\u00e9quilibre entre l&#8217;humanit\u00e9 et le monde naturel.<\/p>\n\n\n\n<figure class=\"wp-block-image size-full\"><img loading=\"lazy\" decoding=\"async\" width=\"2560\" height=\"1707\" src=\"https:\/\/www.fscindigenousfoundation.org\/wp-content\/uploads\/2025\/08\/pusaka-min-scaled.jpg\" alt=\"Pusaka, Concours photo, 2023\" class=\"wp-image-15989\"\/><figcaption class=\"wp-element-caption\">Pusaka, Concours photo, 2023<\/figcaption><\/figure>\n\n\n\n<h3 class=\"wp-block-heading\">Engagement authentique et consentement libre, pr\u00e9alable et \u00e9clair\u00e9<\/h3>\n\n\n\n<p>Cette journ\u00e9e nous rappelle \u00e9galement les principes qui doivent guider nos actions lorsque nous nous engageons aupr\u00e8s de nos fr\u00e8res et s\u0153urs autochtones : le respect, l&#8217; l&#8217;authenticit\u00e9, l&#8217;engagement et le consentement libre, pr\u00e9alable et \u00e9clair\u00e9. Tout comme les peuples autochtones d\u00e9cident de la mani\u00e8re dont leurs connaissances et leur culture sont partag\u00e9es, le monde doit veiller \u00e0 ce que les nouveaux outils, tels que l&#8217;intelligence artificielle, soient utilis\u00e9s de mani\u00e8re \u00e9thique, en amplifiant les voix autochtones plut\u00f4t qu&#8217;en se les appropriant.&nbsp;<\/p>\n\n\n\n<p>Notre directrice g\u00e9n\u00e9rale, Minnie Degawan, a pr\u00e9sent\u00e9 les principes de l&#8217;engagement avec les peuples autochtones lors d&#8217;un webinaire organis\u00e9 par Asia Pacific Resources International Limited (APRIL). Elle nous rappelle qu&#8217;un v\u00e9ritable engagement avec les peuples autochtones doit \u00eatre fond\u00e9 sur le respect, la confiance et le consentement. <a href=\"https:\/\/www.aprildialog.com\/en\/2025\/08\/01\/indigenous-peoples-enriching-our-understanding-and-engagement\/\" target=\"_blank\" rel=\"noreferrer noopener\">Entrer sur le territoire autochtone, c&#8217;est entrer chez quelqu&#8217;un<\/a>.&nbsp;&nbsp;<\/p>\n\n\n\n<figure class=\"wp-block-image size-full\"><img loading=\"lazy\" decoding=\"async\" width=\"1080\" height=\"1080\" src=\"https:\/\/www.fscindigenousfoundation.org\/wp-content\/uploads\/2025\/08\/webinar-with-april-1-min.png\" alt=\"Minnie Degawan, directrice g\u00e9n\u00e9rale de la FSC Indigenous Foundation\u00a0\" class=\"wp-image-15993\"\/><figcaption class=\"wp-element-caption\">Minnie Degawan, directrice g\u00e9n\u00e9rale de la FSC Indigenous Foundation&nbsp;<\/figcaption><\/figure>\n\n\n\n<p>Un engagement authentique n\u00e9cessite \u00e9coute, co-cr\u00e9ation et collaboration. Il ne s&#8217;agit pas de consultations ponctuelles, mais de relations continues fond\u00e9es sur la dignit\u00e9. Pour le secteur priv\u00e9, cela signifie \u00e9tablir une confiance qui m\u00e8ne \u00e0 des partenariats \u00e0 long terme, \u00e0 une licence sociale d&#8217;exploitation et \u00e0 des r\u00e9sultats plus durables. Pour les gouvernements, cela renforce la l\u00e9gitimit\u00e9, garantit que les politiques sont adapt\u00e9es \u00e0 la culture et soutient des actions efficaces en faveur du climat et de la biodiversit\u00e9. Dans les deux cas, l&#8217;\u00e9tablissement de relations n&#8217;est pas seulement une question de respect, il est essentiel pour un impact durable.&nbsp;<\/p>\n\n\n\n<p>Le consentement n&#8217;est pas une liste de contr\u00f4le. Il s&#8217;agit d&#8217;un dialogue vivant, d&#8217;un spectre qui va de &#8220;non&#8221; \u00e0 &#8220;peut-\u00eatre,&#8221; &#8220;oui, si&#8221; et &#8220;oui,&#8221; toujours fa\u00e7onn\u00e9 par les traditions culturelles et les voix de la communaut\u00e9. Les communaut\u00e9s expriment cela notamment \u00e0 travers l&#8217;art et la photographie: elles choisissent les histoires qu&#8217;elles souhaitent partager, la mani\u00e8re de les partager et avec qui.&nbsp;<\/p>\n\n\n\n<figure class=\"wp-block-image size-full\"><img loading=\"lazy\" decoding=\"async\" width=\"1707\" height=\"2560\" src=\"https:\/\/www.fscindigenousfoundation.org\/wp-content\/uploads\/2025\/08\/engitok-the-maasai-woman-min-scaled.jpg\" alt=\"ENGITOK - la femme Maasai, concours photo, 2023\" class=\"wp-image-15975\"\/><figcaption class=\"wp-element-caption\">ENGITOK &#8211; la femme Maasai, concours photo, 2023<\/figcaption><\/figure>\n\n\n\n<h3 class=\"wp-block-heading\">Souverainet\u00e9 des donn\u00e9es autochtones: un appel mondial en faveur d&#8217;une technologie \u00e9thique<\/h3>\n\n\n\n<p>Tout comme les photographies n\u00e9cessitent le consentement et le respect, il en va de m\u00eame pour l&#8217;utilisation des nouvelles technologies telles que l&#8217;intelligence artificielle. Les peuples autochtones doivent garder le contr\u00f4le de leurs connaissances, de leurs images et de leurs voix, ainsi que de la mani\u00e8re et du moment o\u00f9 celles-ci sont utilis\u00e9es. La technologie doit <strong>amplifier l&#8217;autorepr\u00e9sentation des Peuples Autochtones, et non s&#8217;en approprier<\/strong>.<\/p>\n\n\n\n<p>Un exemple frappant nous vient d&#8217;Aotearoa (Nouvelle-Z\u00e9lande), o\u00f9 les dirigeants maoris fa\u00e7onnent le d\u00e9bat sur l&#8217;intelligence artificielle. Lors du <a href=\"https:\/\/aiforum.org.nz\/2023\/11\/30\/aotearoa-ai-summit-engaging-with-maori-in-artificial-intelligence\/\" target=\"_blank\" rel=\"noreferrer noopener\">sommet sur l&#8217;intelligence artificielle organis\u00e9 par l&#8217;<\/a> , des experts tels que le Dr Karaitiana Taiuru, Elle Archer et Moka Apiti ont soulign\u00e9 que les donn\u00e9es maories doivent \u00eatre trait\u00e9es comme <em>des taonga<\/em>, c&#8217;est-\u00e0-dire des tr\u00e9sors prot\u00e9g\u00e9s par le Te Tiriti o Waitangi (le trait\u00e9 de Waitangi). Ils nous ont rappel\u00e9 que l&#8217;implication des communaut\u00e9s autochtones dans le d\u00e9veloppement de l&#8217;IA n\u00e9cessite l&#8217;\u00e9tablissement de relations, un engagement \u00e0 long terme et le respect des protocoles culturels, qu&#8217;il s&#8217;agisse de prononcer correctement les noms ou d&#8217;impliquer les communaut\u00e9s d\u00e8s le d\u00e9but. Leur message \u00e9tait clair: l&#8217;IA ne doit pas \u00eatre un outil d&#8217;extraction, mais un moyen d&#8217;amplifier la sagesse collective, de pr\u00e9server le patrimoine culturel et de d\u00e9fendre la souverainet\u00e9 des donn\u00e9es autochtones. Cette vision fait \u00e9cho aux principes d&#8217;engagement \u2014 respect, confiance et r\u00e9ciprocit\u00e9 \u2014 qui sont essentiels pour tous les peuples autochtones \u00e0 travers le monde. (Culture &amp;amp; Design Lab, 2023) <sup>1<\/sup><\/p>\n\n\n\n<p>Lors du webinaire virtuel organis\u00e9 \u00e0 l&#8217;occasion de la Journ\u00e9e internationale des peuples autochtones 2025, intitul\u00e9 <em>&#8220;Peuples autochtones et IA: d\u00e9fendre les droits, fa\u00e7onner l&#8217;avenir<\/em>,&#8221; et anim\u00e9 par la Division du d\u00e9veloppement des peuples autochtones du Secr\u00e9tariat du Forum permanent sur les questions autochtones, les voix puissantes des pan\u00e9listes autochtones ont fait \u00e9cho \u00e0 un message clair: l&#8217;intelligence artificielle doit \u00eatre \u00e9thique, inclusive et fond\u00e9e sur les droits des peuples autochtones.&nbsp;&nbsp;<\/p>\n\n\n\n<p>Comme l&#8217;a d\u00e9clar\u00e9 <a href=\"https:\/\/www.inuitcircumpolar.com\/press-releases\/icc-chair-at-un-permanent-forum-this-is-the-time-to-stand-firm-on-the-rights-of-indigenous-peoples\/\" target=\"_blank\" rel=\"noreferrer noopener\">Aluki Kotierk,<\/a> leader inuit et pr\u00e9sidente du Forum permanent sur les questions autochtones: <em>&#8220;Sans garanties, l&#8217;IA risque d&#8217;engendrer une nouvelle forme de colonisation, cod\u00e9e dans des algorithmes qui fa\u00e7onnent nos vies. Pour garantir que l&#8217;IA serve les peuples autochtones, nous devons adopter une approche fond\u00e9e sur les droits. Les peuples autochtones doivent guider le d\u00e9veloppement de l&#8217;IA, et la gouvernance des donn\u00e9es est essentielle.<\/em>&#8220;<\/p>\n\n\n\n<p>Au cours du webinaire, <a href=\"https:\/\/www.danielleboyer.org\/\" target=\"_blank\" rel=\"noreferrer noopener\">Danielle Boyer<\/a>, jeune inventrice autochtone ojibw\u00e9e dans le domaine de la robotique, a d\u00e9clar\u00e9<em>: &#8220;Les gens oublient souvent que nous, les peuples autochtones, avons toujours \u00e9t\u00e9 des inventeurs, des scientifiques et des ing\u00e9nieurs. Nos jeunes sont brillants: mes \u00e9l\u00e8ves cr\u00e9ent des applications, fondent des organisations, con\u00e7oivent des robots et \u00e9laborent des solutions. Ils disposent d\u00e9j\u00e0 des outils dont nous avons besoin pour fa\u00e7onner l&#8217;avenir.&#8221; <\/em>Danielle a expliqu\u00e9 que ce qui manque, ce sont les opportunit\u00e9s, telles que la possibilit\u00e9 de dialoguer directement avec les grandes entreprises et de combler le foss\u00e9 qui les s\u00e9pare des communaut\u00e9s autochtones.&nbsp;&nbsp;<\/p>\n\n\n\n<h3 class=\"wp-block-heading\"><strong>Conclusion:<\/strong>&nbsp;<\/h3>\n\n\n\n<p>En cette Journ\u00e9e des Peuples Autochtones, nous nous rappelons que le respect, la confiance et le consentement sont les fondements d&#8217;un engagement \u00e9thique. Que ce soit dans le domaine de l&#8217;action climatique, de la conservation de la biodiversit\u00e9 ou de l&#8217;intelligence artificielle, les peuples autochtones doivent rester au centre en tant que d\u00e9tenteurs de droits et leaders, en particulier les jeunes autochtones, car ils sont essentiels \u00e0 cet avenir, apportant innovation, connaissances et engagement \u00e0 leurs communaut\u00e9s.<\/p>\n\n\n\n<p>Il est temps de d\u00e9fendre, de soutenir et de partager, afin que les voix autochtones montrent la voie \u00e0 suivre.&nbsp;<\/p>\n\n\n\n<figure class=\"wp-block-embed is-type-video is-provider-youtube wp-block-embed-youtube wp-embed-aspect-16-9 wp-has-aspect-ratio\"><div class=\"wp-block-embed__wrapper\">\n<iframe loading=\"lazy\" title=\"World&#039;s Indigenous Peoples - Respect. Consent. Future.\" width=\"640\" height=\"360\" src=\"https:\/\/www.youtube.com\/embed\/3sbTnnhlnG0?feature=oembed\" frameborder=\"0\" allow=\"accelerometer; autoplay; clipboard-write; encrypted-media; gyroscope; picture-in-picture; web-share\" referrerpolicy=\"strict-origin-when-cross-origin\" allowfullscreen><\/iframe>\n<\/div><\/figure>\n\n\n\n<h4 class=\"wp-block-heading\">Source:&nbsp;<\/h4>\n\n\n\n<ol start=\"1\" class=\"wp-block-list\">\n<li>Culture &amp; Design Lab (2023).<em> Engaging with M\u0101ori in Artificial Intelligence<\/em>. Culture &amp; Design Lab.&nbsp;<\/li>\n<\/ol>\n\n\n\n<p><a href=\"https:\/\/cultureanddesignlab.com\/blog\/article-145901\">https:\/\/cultureanddesignlab.com\/blog\/article-145901<\/a><\/p>\n","protected":false},"excerpt":{"rendered":"<p>\u00c0 l&#8217;occasion de la Journ\u00e9e des Peuples Autochtones, nous soulignons que le respect et le consentement doivent guider \u00e0 la fois l&#8217;engagement et l&#8217;utilisation \u00e9thique de l&#8217;intelligence artificielle.<\/p>\n","protected":false},"author":3,"featured_media":15990,"comment_status":"closed","ping_status":"closed","sticky":false,"template":"","format":"standard","meta":{"footnotes":""},"categories":[2,22],"tags":[200,63,64,65,356,355,354,49],"class_list":["post-16000","post","type-post","status-publish","format-standard","has-post-thumbnail","hentry","category-non-classifiee","category-outstanding-news-fr","tag-capacity-development-fr","tag-climate-change-fr","tag-indigenous-peoples-fr","tag-indigenous-rights-fr","tag-intelligence-artificielle","tag-jeunesse-autochtone","tag-journee-internationale-des-peuples-autochtones","tag-peuples-autochtones"],"acf":[],"yoast_head":"<!-- This site is optimized with the Yoast SEO plugin v26.9 - https:\/\/yoast.com\/product\/yoast-seo-wordpress\/ -->\n<title>Les Peuples Autochtones et l&#039;intelligence artificielle: d\u00e9fendre les droits gr\u00e2ce aux principes du respect et du consentement - Fondation Indig\u00e8ne FSC<\/title>\n<meta name=\"description\" content=\"Lors de la Journ\u00e9e des Peuples Autochtones, le d\u00e9bat porte sur l&#039;intelligence artificielle. L&#039;appel est \u00e0 une technologie \u00e9thique, bas\u00e9e sur le respect, le consentement et la souverainet\u00e9 des donn\u00e9es autochtones.\" \/>\n<meta name=\"robots\" content=\"index, follow, max-snippet:-1, max-image-preview:large, max-video-preview:-1\" \/>\n<link rel=\"canonical\" href=\"https:\/\/www.fscindigenousfoundation.org\/fr\/peuples-autochtones-intelligence-artificielle\/\" \/>\n<meta property=\"og:locale\" content=\"fr_FR\" \/>\n<meta property=\"og:type\" content=\"article\" \/>\n<meta property=\"og:title\" content=\"Les Peuples Autochtones et l&#039;intelligence artificielle: d\u00e9fendre les droits gr\u00e2ce aux principes du respect et du consentement - Fondation Indig\u00e8ne FSC\" \/>\n<meta property=\"og:description\" content=\"Lors de la Journ\u00e9e des Peuples Autochtones, le d\u00e9bat porte sur l&#039;intelligence artificielle. L&#039;appel est \u00e0 une technologie \u00e9thique, bas\u00e9e sur le respect, le consentement et la souverainet\u00e9 des donn\u00e9es autochtones.\" \/>\n<meta property=\"og:url\" content=\"https:\/\/www.fscindigenousfoundation.org\/fr\/peuples-autochtones-intelligence-artificielle\/\" \/>\n<meta property=\"og:site_name\" content=\"Fondation Indig\u00e8ne FSC\" \/>\n<meta property=\"article:publisher\" content=\"https:\/\/www.facebook.com\/fscindigenousfoundation\" \/>\n<meta property=\"article:published_time\" content=\"2025-08-09T16:49:45+00:00\" \/>\n<meta property=\"article:modified_time\" content=\"2025-11-03T21:26:43+00:00\" \/>\n<meta property=\"og:image\" content=\"https:\/\/www.fscindigenousfoundation.org\/wp-content\/uploads\/2025\/08\/pusaka-min-scaled.jpg\" \/>\n\t<meta property=\"og:image:width\" content=\"2560\" \/>\n\t<meta property=\"og:image:height\" content=\"1707\" \/>\n\t<meta property=\"og:image:type\" content=\"image\/jpeg\" \/>\n<meta name=\"author\" content=\"FSC IF\" \/>\n<meta name=\"twitter:card\" content=\"summary_large_image\" \/>\n<meta name=\"twitter:creator\" content=\"@fsc_if\" \/>\n<meta name=\"twitter:site\" content=\"@fsc_if\" \/>\n<meta name=\"twitter:label1\" content=\"Written by\" \/>\n\t<meta name=\"twitter:data1\" content=\"FSC IF\" \/>\n\t<meta name=\"twitter:label2\" content=\"Est. reading time\" \/>\n\t<meta name=\"twitter:data2\" content=\"7 minutes\" \/>\n<script type=\"application\/ld+json\" class=\"yoast-schema-graph\">{\"@context\":\"https:\/\/schema.org\",\"@graph\":[{\"@type\":\"Article\",\"@id\":\"https:\/\/www.fscindigenousfoundation.org\/fr\/peuples-autochtones-intelligence-artificielle\/#article\",\"isPartOf\":{\"@id\":\"https:\/\/www.fscindigenousfoundation.org\/fr\/peuples-autochtones-intelligence-artificielle\/\"},\"author\":{\"name\":\"FSC IF\",\"@id\":\"https:\/\/www.fscindigenousfoundation.org\/fr\/#\/schema\/person\/58a930ad98efcb8e01aac64b85daeef4\"},\"headline\":\"Les Peuples Autochtones et l&#8217;intelligence artificielle: d\u00e9fendre les droits gr\u00e2ce aux principes du respect et du consentement\",\"datePublished\":\"2025-08-09T16:49:45+00:00\",\"dateModified\":\"2025-11-03T21:26:43+00:00\",\"mainEntityOfPage\":{\"@id\":\"https:\/\/www.fscindigenousfoundation.org\/fr\/peuples-autochtones-intelligence-artificielle\/\"},\"wordCount\":1429,\"publisher\":{\"@id\":\"https:\/\/www.fscindigenousfoundation.org\/fr\/#organization\"},\"image\":{\"@id\":\"https:\/\/www.fscindigenousfoundation.org\/fr\/peuples-autochtones-intelligence-artificielle\/#primaryimage\"},\"thumbnailUrl\":\"https:\/\/www.fscindigenousfoundation.org\/wp-content\/uploads\/2025\/08\/pusaka-min-scaled.jpg\",\"keywords\":[\"capacity development\",\"Climate Change\",\"Indigenous Peoples\",\"indigenous rights\",\"intelligence artificielle\",\"jeunesse autochtone\",\"Journ\u00e9e internationale des peuples autochtones\",\"Peuples Autochtones\"],\"articleSection\":[\"Non classifi\u00e9(e)\",\"Outstanding news\"],\"inLanguage\":\"fr-FR\"},{\"@type\":\"WebPage\",\"@id\":\"https:\/\/www.fscindigenousfoundation.org\/fr\/peuples-autochtones-intelligence-artificielle\/\",\"url\":\"https:\/\/www.fscindigenousfoundation.org\/fr\/peuples-autochtones-intelligence-artificielle\/\",\"name\":\"Les Peuples Autochtones et l'intelligence artificielle: d\u00e9fendre les droits gr\u00e2ce aux principes du respect et du consentement - Fondation Indig\u00e8ne FSC\",\"isPartOf\":{\"@id\":\"https:\/\/www.fscindigenousfoundation.org\/fr\/#website\"},\"primaryImageOfPage\":{\"@id\":\"https:\/\/www.fscindigenousfoundation.org\/fr\/peuples-autochtones-intelligence-artificielle\/#primaryimage\"},\"image\":{\"@id\":\"https:\/\/www.fscindigenousfoundation.org\/fr\/peuples-autochtones-intelligence-artificielle\/#primaryimage\"},\"thumbnailUrl\":\"https:\/\/www.fscindigenousfoundation.org\/wp-content\/uploads\/2025\/08\/pusaka-min-scaled.jpg\",\"datePublished\":\"2025-08-09T16:49:45+00:00\",\"dateModified\":\"2025-11-03T21:26:43+00:00\",\"description\":\"Lors de la Journ\u00e9e des Peuples Autochtones, le d\u00e9bat porte sur l'intelligence artificielle. L'appel est \u00e0 une technologie \u00e9thique, bas\u00e9e sur le respect, le consentement et la souverainet\u00e9 des donn\u00e9es autochtones.\",\"breadcrumb\":{\"@id\":\"https:\/\/www.fscindigenousfoundation.org\/fr\/peuples-autochtones-intelligence-artificielle\/#breadcrumb\"},\"inLanguage\":\"fr-FR\",\"potentialAction\":[{\"@type\":\"ReadAction\",\"target\":[\"https:\/\/www.fscindigenousfoundation.org\/fr\/peuples-autochtones-intelligence-artificielle\/\"]}]},{\"@type\":\"ImageObject\",\"inLanguage\":\"fr-FR\",\"@id\":\"https:\/\/www.fscindigenousfoundation.org\/fr\/peuples-autochtones-intelligence-artificielle\/#primaryimage\",\"url\":\"https:\/\/www.fscindigenousfoundation.org\/wp-content\/uploads\/2025\/08\/pusaka-min-scaled.jpg\",\"contentUrl\":\"https:\/\/www.fscindigenousfoundation.org\/wp-content\/uploads\/2025\/08\/pusaka-min-scaled.jpg\",\"width\":2560,\"height\":1707,\"caption\":\"Pusaka, Photo contest, 2023\"},{\"@type\":\"BreadcrumbList\",\"@id\":\"https:\/\/www.fscindigenousfoundation.org\/fr\/peuples-autochtones-intelligence-artificielle\/#breadcrumb\",\"itemListElement\":[{\"@type\":\"ListItem\",\"position\":1,\"name\":\"Home\",\"item\":\"https:\/\/www.fscindigenousfoundation.org\/fr\/\"},{\"@type\":\"ListItem\",\"position\":2,\"name\":\"Les Peuples Autochtones et l&#8217;intelligence artificielle: d\u00e9fendre les droits gr\u00e2ce aux principes du respect et du consentement\"}]},{\"@type\":\"WebSite\",\"@id\":\"https:\/\/www.fscindigenousfoundation.org\/fr\/#website\",\"url\":\"https:\/\/www.fscindigenousfoundation.org\/fr\/\",\"name\":\"IPARD\",\"description\":\"La Fondation Indig\u00e8ne FSC est une fondation cr\u00e9\u00e9e pour apporter des solutions qui garantissent les droits des Autochtones et prot\u00e8gent leur territoire, leurs for\u00eats et leurs connaissances ancestrales.\",\"publisher\":{\"@id\":\"https:\/\/www.fscindigenousfoundation.org\/fr\/#organization\"},\"potentialAction\":[{\"@type\":\"SearchAction\",\"target\":{\"@type\":\"EntryPoint\",\"urlTemplate\":\"https:\/\/www.fscindigenousfoundation.org\/fr\/?s={search_term_string}\"},\"query-input\":{\"@type\":\"PropertyValueSpecification\",\"valueRequired\":true,\"valueName\":\"search_term_string\"}}],\"inLanguage\":\"fr-FR\"},{\"@type\":\"Organization\",\"@id\":\"https:\/\/www.fscindigenousfoundation.org\/fr\/#organization\",\"name\":\"FSC Indigenous Foundation\",\"url\":\"https:\/\/www.fscindigenousfoundation.org\/fr\/\",\"logo\":{\"@type\":\"ImageObject\",\"inLanguage\":\"fr-FR\",\"@id\":\"https:\/\/www.fscindigenousfoundation.org\/fr\/#\/schema\/logo\/image\/\",\"url\":\"https:\/\/www.fscindigenousfoundation.org\/wp-content\/uploads\/2021\/09\/fsc-indigenous-foundation-color.png\",\"contentUrl\":\"https:\/\/www.fscindigenousfoundation.org\/wp-content\/uploads\/2021\/09\/fsc-indigenous-foundation-color.png\",\"width\":657,\"height\":197,\"caption\":\"FSC Indigenous Foundation\"},\"image\":{\"@id\":\"https:\/\/www.fscindigenousfoundation.org\/fr\/#\/schema\/logo\/image\/\"},\"sameAs\":[\"https:\/\/www.facebook.com\/fscindigenousfoundation\",\"https:\/\/x.com\/fsc_if\",\"https:\/\/instagram.com\/fscindigenousfoundation\"]},{\"@type\":\"Person\",\"@id\":\"https:\/\/www.fscindigenousfoundation.org\/fr\/#\/schema\/person\/58a930ad98efcb8e01aac64b85daeef4\",\"name\":\"FSC IF\",\"url\":\"https:\/\/www.fscindigenousfoundation.org\/fr\/author\/communication\/\"}]}<\/script>\n<!-- \/ Yoast SEO plugin. -->","yoast_head_json":{"title":"Les Peuples Autochtones et l'intelligence artificielle: d\u00e9fendre les droits gr\u00e2ce aux principes du respect et du consentement - Fondation Indig\u00e8ne FSC","description":"Lors de la Journ\u00e9e des Peuples Autochtones, le d\u00e9bat porte sur l'intelligence artificielle. L'appel est \u00e0 une technologie \u00e9thique, bas\u00e9e sur le respect, le consentement et la souverainet\u00e9 des donn\u00e9es autochtones.","robots":{"index":"index","follow":"follow","max-snippet":"max-snippet:-1","max-image-preview":"max-image-preview:large","max-video-preview":"max-video-preview:-1"},"canonical":"https:\/\/www.fscindigenousfoundation.org\/fr\/peuples-autochtones-intelligence-artificielle\/","og_locale":"fr_FR","og_type":"article","og_title":"Les Peuples Autochtones et l'intelligence artificielle: d\u00e9fendre les droits gr\u00e2ce aux principes du respect et du consentement - Fondation Indig\u00e8ne FSC","og_description":"Lors de la Journ\u00e9e des Peuples Autochtones, le d\u00e9bat porte sur l'intelligence artificielle. L'appel est \u00e0 une technologie \u00e9thique, bas\u00e9e sur le respect, le consentement et la souverainet\u00e9 des donn\u00e9es autochtones.","og_url":"https:\/\/www.fscindigenousfoundation.org\/fr\/peuples-autochtones-intelligence-artificielle\/","og_site_name":"Fondation Indig\u00e8ne FSC","article_publisher":"https:\/\/www.facebook.com\/fscindigenousfoundation","article_published_time":"2025-08-09T16:49:45+00:00","article_modified_time":"2025-11-03T21:26:43+00:00","og_image":[{"width":2560,"height":1707,"url":"https:\/\/www.fscindigenousfoundation.org\/wp-content\/uploads\/2025\/08\/pusaka-min-scaled.jpg","type":"image\/jpeg"}],"author":"FSC IF","twitter_card":"summary_large_image","twitter_creator":"@fsc_if","twitter_site":"@fsc_if","twitter_misc":{"Written by":"FSC IF","Est. reading time":"7 minutes"},"schema":{"@context":"https:\/\/schema.org","@graph":[{"@type":"Article","@id":"https:\/\/www.fscindigenousfoundation.org\/fr\/peuples-autochtones-intelligence-artificielle\/#article","isPartOf":{"@id":"https:\/\/www.fscindigenousfoundation.org\/fr\/peuples-autochtones-intelligence-artificielle\/"},"author":{"name":"FSC IF","@id":"https:\/\/www.fscindigenousfoundation.org\/fr\/#\/schema\/person\/58a930ad98efcb8e01aac64b85daeef4"},"headline":"Les Peuples Autochtones et l&#8217;intelligence artificielle: d\u00e9fendre les droits gr\u00e2ce aux principes du respect et du consentement","datePublished":"2025-08-09T16:49:45+00:00","dateModified":"2025-11-03T21:26:43+00:00","mainEntityOfPage":{"@id":"https:\/\/www.fscindigenousfoundation.org\/fr\/peuples-autochtones-intelligence-artificielle\/"},"wordCount":1429,"publisher":{"@id":"https:\/\/www.fscindigenousfoundation.org\/fr\/#organization"},"image":{"@id":"https:\/\/www.fscindigenousfoundation.org\/fr\/peuples-autochtones-intelligence-artificielle\/#primaryimage"},"thumbnailUrl":"https:\/\/www.fscindigenousfoundation.org\/wp-content\/uploads\/2025\/08\/pusaka-min-scaled.jpg","keywords":["capacity development","Climate Change","Indigenous Peoples","indigenous rights","intelligence artificielle","jeunesse autochtone","Journ\u00e9e internationale des peuples autochtones","Peuples Autochtones"],"articleSection":["Non classifi\u00e9(e)","Outstanding news"],"inLanguage":"fr-FR"},{"@type":"WebPage","@id":"https:\/\/www.fscindigenousfoundation.org\/fr\/peuples-autochtones-intelligence-artificielle\/","url":"https:\/\/www.fscindigenousfoundation.org\/fr\/peuples-autochtones-intelligence-artificielle\/","name":"Les Peuples Autochtones et l'intelligence artificielle: d\u00e9fendre les droits gr\u00e2ce aux principes du respect et du consentement - Fondation Indig\u00e8ne FSC","isPartOf":{"@id":"https:\/\/www.fscindigenousfoundation.org\/fr\/#website"},"primaryImageOfPage":{"@id":"https:\/\/www.fscindigenousfoundation.org\/fr\/peuples-autochtones-intelligence-artificielle\/#primaryimage"},"image":{"@id":"https:\/\/www.fscindigenousfoundation.org\/fr\/peuples-autochtones-intelligence-artificielle\/#primaryimage"},"thumbnailUrl":"https:\/\/www.fscindigenousfoundation.org\/wp-content\/uploads\/2025\/08\/pusaka-min-scaled.jpg","datePublished":"2025-08-09T16:49:45+00:00","dateModified":"2025-11-03T21:26:43+00:00","description":"Lors de la Journ\u00e9e des Peuples Autochtones, le d\u00e9bat porte sur l'intelligence artificielle. L'appel est \u00e0 une technologie \u00e9thique, bas\u00e9e sur le respect, le consentement et la souverainet\u00e9 des donn\u00e9es autochtones.","breadcrumb":{"@id":"https:\/\/www.fscindigenousfoundation.org\/fr\/peuples-autochtones-intelligence-artificielle\/#breadcrumb"},"inLanguage":"fr-FR","potentialAction":[{"@type":"ReadAction","target":["https:\/\/www.fscindigenousfoundation.org\/fr\/peuples-autochtones-intelligence-artificielle\/"]}]},{"@type":"ImageObject","inLanguage":"fr-FR","@id":"https:\/\/www.fscindigenousfoundation.org\/fr\/peuples-autochtones-intelligence-artificielle\/#primaryimage","url":"https:\/\/www.fscindigenousfoundation.org\/wp-content\/uploads\/2025\/08\/pusaka-min-scaled.jpg","contentUrl":"https:\/\/www.fscindigenousfoundation.org\/wp-content\/uploads\/2025\/08\/pusaka-min-scaled.jpg","width":2560,"height":1707,"caption":"Pusaka, Photo contest, 2023"},{"@type":"BreadcrumbList","@id":"https:\/\/www.fscindigenousfoundation.org\/fr\/peuples-autochtones-intelligence-artificielle\/#breadcrumb","itemListElement":[{"@type":"ListItem","position":1,"name":"Home","item":"https:\/\/www.fscindigenousfoundation.org\/fr\/"},{"@type":"ListItem","position":2,"name":"Les Peuples Autochtones et l&#8217;intelligence artificielle: d\u00e9fendre les droits gr\u00e2ce aux principes du respect et du consentement"}]},{"@type":"WebSite","@id":"https:\/\/www.fscindigenousfoundation.org\/fr\/#website","url":"https:\/\/www.fscindigenousfoundation.org\/fr\/","name":"IPARD","description":"La Fondation Indig\u00e8ne FSC est une fondation cr\u00e9\u00e9e pour apporter des solutions qui garantissent les droits des Autochtones et prot\u00e8gent leur territoire, leurs for\u00eats et leurs connaissances ancestrales.","publisher":{"@id":"https:\/\/www.fscindigenousfoundation.org\/fr\/#organization"},"potentialAction":[{"@type":"SearchAction","target":{"@type":"EntryPoint","urlTemplate":"https:\/\/www.fscindigenousfoundation.org\/fr\/?s={search_term_string}"},"query-input":{"@type":"PropertyValueSpecification","valueRequired":true,"valueName":"search_term_string"}}],"inLanguage":"fr-FR"},{"@type":"Organization","@id":"https:\/\/www.fscindigenousfoundation.org\/fr\/#organization","name":"FSC Indigenous Foundation","url":"https:\/\/www.fscindigenousfoundation.org\/fr\/","logo":{"@type":"ImageObject","inLanguage":"fr-FR","@id":"https:\/\/www.fscindigenousfoundation.org\/fr\/#\/schema\/logo\/image\/","url":"https:\/\/www.fscindigenousfoundation.org\/wp-content\/uploads\/2021\/09\/fsc-indigenous-foundation-color.png","contentUrl":"https:\/\/www.fscindigenousfoundation.org\/wp-content\/uploads\/2021\/09\/fsc-indigenous-foundation-color.png","width":657,"height":197,"caption":"FSC Indigenous Foundation"},"image":{"@id":"https:\/\/www.fscindigenousfoundation.org\/fr\/#\/schema\/logo\/image\/"},"sameAs":["https:\/\/www.facebook.com\/fscindigenousfoundation","https:\/\/x.com\/fsc_if","https:\/\/instagram.com\/fscindigenousfoundation"]},{"@type":"Person","@id":"https:\/\/www.fscindigenousfoundation.org\/fr\/#\/schema\/person\/58a930ad98efcb8e01aac64b85daeef4","name":"FSC IF","url":"https:\/\/www.fscindigenousfoundation.org\/fr\/author\/communication\/"}]}},"_links":{"self":[{"href":"https:\/\/www.fscindigenousfoundation.org\/fr\/wp-json\/wp\/v2\/posts\/16000","targetHints":{"allow":["GET"]}}],"collection":[{"href":"https:\/\/www.fscindigenousfoundation.org\/fr\/wp-json\/wp\/v2\/posts"}],"about":[{"href":"https:\/\/www.fscindigenousfoundation.org\/fr\/wp-json\/wp\/v2\/types\/post"}],"author":[{"embeddable":true,"href":"https:\/\/www.fscindigenousfoundation.org\/fr\/wp-json\/wp\/v2\/users\/3"}],"replies":[{"embeddable":true,"href":"https:\/\/www.fscindigenousfoundation.org\/fr\/wp-json\/wp\/v2\/comments?post=16000"}],"version-history":[{"count":5,"href":"https:\/\/www.fscindigenousfoundation.org\/fr\/wp-json\/wp\/v2\/posts\/16000\/revisions"}],"predecessor-version":[{"id":16923,"href":"https:\/\/www.fscindigenousfoundation.org\/fr\/wp-json\/wp\/v2\/posts\/16000\/revisions\/16923"}],"wp:featuredmedia":[{"embeddable":true,"href":"https:\/\/www.fscindigenousfoundation.org\/fr\/wp-json\/wp\/v2\/media\/15990"}],"wp:attachment":[{"href":"https:\/\/www.fscindigenousfoundation.org\/fr\/wp-json\/wp\/v2\/media?parent=16000"}],"wp:term":[{"taxonomy":"category","embeddable":true,"href":"https:\/\/www.fscindigenousfoundation.org\/fr\/wp-json\/wp\/v2\/categories?post=16000"},{"taxonomy":"post_tag","embeddable":true,"href":"https:\/\/www.fscindigenousfoundation.org\/fr\/wp-json\/wp\/v2\/tags?post=16000"}],"curies":[{"name":"wp","href":"https:\/\/api.w.org\/{rel}","templated":true}]}}