{"id":15910,"date":"2025-08-04T09:52:03","date_gmt":"2025-08-04T13:52:03","guid":{"rendered":"https:\/\/www.fscindigenousfoundation.org\/?p=15910"},"modified":"2025-11-03T16:23:02","modified_gmt":"2025-11-03T21:23:02","slug":"femmes-autochtones-cop30-panama","status":"publish","type":"post","link":"https:\/\/www.fscindigenousfoundation.org\/fr\/femmes-autochtones-cop30-panama\/","title":{"rendered":"De la terre \u00e0 la sc\u00e8ne mondiale: les femmes autochtones se pr\u00e9parent pour la COP30"},"content":{"rendered":"\n<figure class=\"wp-block-image size-full\"><img loading=\"lazy\" decoding=\"async\" width=\"1170\" height=\"433\" src=\"https:\/\/www.fscindigenousfoundation.org\/wp-content\/uploads\/2025\/08\/front-cover.png\" alt=\"Banner Voices of the Land\" class=\"wp-image-15871\"\/><\/figure>\n\n\n\n<p>Au cours de la Semaine du climat au Panama 2025, un rassemblement important de femmes leaders autochtones de toute l&#8217;Am\u00e9rique latine a eu lieu. L&#8217;atelier de renforcement des capacit\u00e9s des femmes autochtones pour la d\u00e9fense des n\u00e9gociations sur le climat et la biodiversit\u00e9, organis\u00e9 par le M\u00e9canisme de subventions sp\u00e9cialis\u00e9es (DGM), Conservation International et la Fondation autochtone du FSC, a cr\u00e9\u00e9 un espace de dialogue, d&#8217;apprentissage et d&#8217;action collective. Les participantes venues du Mexique, de Colombie, d&#8217;\u00c9quateur, du Honduras, du Br\u00e9sil et du Guatemala se sont r\u00e9unies pour renforcer leurs comp\u00e9tences techniques, \u00e9changer leurs exp\u00e9riences et approfondir leur impact sur la gouvernance environnementale mondiale. Qu&#8217;elles soient d\u00e9j\u00e0 engag\u00e9es dans des activit\u00e9s de plaidoyer au niveau national ou qu&#8217;elles commencent tout juste leur parcours, elles partageaient toutes le m\u00eame engagement : faire progresser le leadership autochtone dans les n\u00e9gociations sur le climat et la biodiversit\u00e9.&nbsp;&nbsp;<\/p>\n\n\n\n<figure class=\"wp-block-image size-full\"><img loading=\"lazy\" decoding=\"async\" width=\"2560\" height=\"1920\" src=\"https:\/\/www.fscindigenousfoundation.org\/wp-content\/uploads\/2025\/08\/img-20250521-092304-scaled.jpg\" alt=\"FSC-IF Meeting\" class=\"wp-image-15875\"\/><\/figure>\n\n\n\n<h3 class=\"wp-block-heading\">R\u00e9flexions des femmes leaders autochtones<\/h3>\n\n\n\n<p>L&#8217;apprentissage ne passe pas seulement par les connaissances techniques, mais aussi par le dialogue interg\u00e9n\u00e9rationnel et la revitalisation du savoir ancestral. Au cours de l&#8217;atelier, les participantes ont partag\u00e9 plusieurs r\u00e9flexions :&nbsp;&nbsp;<\/p>\n\n\n\n<p>La COP a d\u00e9but\u00e9 il y a 33 ans, mais les engagements pris n&#8217;ont pas beaucoup progress\u00e9 au cours des trois derni\u00e8res d\u00e9cennies. Il a \u00e9t\u00e9 observ\u00e9 que de nombreuses d\u00e9cisions restent concentr\u00e9es entre les mains des gouvernements et qu&#8217;il est n\u00e9cessaire d&#8217;int\u00e9grer les connaissances ancestrales dans les politiques climatiques afin de garantir des progr\u00e8s \u00e0 la fois durables et collectifs.&nbsp;&nbsp;<\/p>\n\n\n\n<p>Les participants ont \u00e9galement reconnu la complexit\u00e9 des questions climatiques et ont not\u00e9 que celles-ci ne sont souvent pas communiqu\u00e9es de mani\u00e8re accessible aux communaut\u00e9s. Ils ont appel\u00e9 \u00e0 traduire les concepts techniques dans des formats plus compr\u00e9hensibles afin que les communaut\u00e9s puissent s&#8217;y r\u00e9f\u00e9rer dans leur propre contexte. Bien que ces questions puissent sembler nouvelles dans les forums internationaux, elles existent depuis longtemps dans les pratiques ancestrales, les visions du monde et les valeurs des peuples autochtones.&nbsp;&nbsp;<\/p>\n\n\n\n<p><strong><em>\u00ab Ces questions ne sont pas nouvelles pour nous. Ce dont nous avons besoin, c&#8217;est que notre fa\u00e7on de les nommer soit reconnue \u00bb, a d\u00e9clar\u00e9 un participant.&nbsp;&nbsp;<\/em><\/strong><\/p>\n\n\n\n<h3 class=\"wp-block-heading\">Les jeunes montrent la voie<\/h3>\n\n\n\n<p>Les nouvelles g\u00e9n\u00e9rations de peuples autochtones sont pr\u00eates \u00e0 relever le d\u00e9fi du changement climatique \u00e0 partir de leurs propres r\u00e9alit\u00e9s et perspectives. Parmi elles, on trouve de jeunes professionnels qui combinent les connaissances traditionnelles et une formation formelle pour d\u00e9fendre leurs communaut\u00e9s sur la sc\u00e8ne internationale. L&#8217;un des moments les plus inspirants a \u00e9t\u00e9 d&#8217;entendre des jeunes femmes autochtones exprimer leurs pr\u00e9occupations et leurs aspirations \u00e0 \u00eatre des agents du changement au sein de leurs communaut\u00e9s. Elles ont parl\u00e9 de trouver des solutions et de faire entendre la voix de leurs peuples sur la sc\u00e8ne internationale.&nbsp;&nbsp;<\/p>\n\n\n\n<p>Rosibel Rodr\u00edguez Gallardo, du peuple Ng\u00e4be du sud du Costa Rica, a d\u00e9clar\u00e9:&nbsp;&nbsp;<\/p>\n\n\n\n<blockquote class=\"wp-block-quote is-layout-flow wp-block-quote-is-layout-flow\">\n<p>\u00ab C&#8217;est un privil\u00e8ge de participer pour la premi\u00e8re fois \u00e0 un rassemblement international de femmes autochtones au Panama. Je veux apprendre beaucoup afin de pouvoir partager mes connaissances avec mon peuple. \u00bb<\/p>\n<\/blockquote>\n\n\n\n<p>Ce changement g\u00e9n\u00e9rationnel, ancr\u00e9 dans le respect et la continuit\u00e9 des connaissances ancestrales, t\u00e9moigne d&#8217;un engagement durable en faveur de la lutte des peuples autochtones pour la justice environnementale et climatique.&nbsp;&nbsp;<\/p>\n\n\n\n<h3 class=\"wp-block-heading\">Un partenariat pour l&#8217;avenir<\/h3>\n\n\n\n<p>La r\u00e9union a \u00e9galement \u00e9t\u00e9 l&#8217;occasion de cr\u00e9er des r\u00e9seaux de soutien entre les femmes autochtones de diff\u00e9rents pays, de promouvoir l&#8217;apprentissage mutuel et de renforcer le leadership de chaque participante. Les jeunes femmes ont d\u00e9montr\u00e9 leur engagement envers leurs communaut\u00e9s et leur volont\u00e9 de continuer \u00e0 influencer l&#8217;agenda climatique.&nbsp;&nbsp;<\/p>\n\n\n\n<figure class=\"wp-block-image size-full\"><img loading=\"lazy\" decoding=\"async\" width=\"1600\" height=\"900\" src=\"https:\/\/www.fscindigenousfoundation.org\/wp-content\/uploads\/2025\/08\/rosibel-and-yeshing.jpg\" alt=\"FSC-IF Meeting\" class=\"wp-image-15879\"\/><figcaption class=\"wp-element-caption\">De gauche \u00e0 droite : Rosibel Rodr\u00edguez Gallardo et Yeshing Up\u00fan<\/figcaption><\/figure>\n\n\n\n<p>Yeshing Up\u00fan, Maya Kaqchikel et membre du R\u00e9seau des femmes autochtones pour la biodiversit\u00e9 en Am\u00e9rique latine et dans les Cara\u00efbes, a d\u00e9clar\u00e9:&nbsp;<\/p>\n\n\n\n<blockquote class=\"wp-block-quote is-layout-flow wp-block-quote-is-layout-flow\">\n<p>\u00ab C&#8217;est un plaisir d&#8217;\u00e9changer des exp\u00e9riences et des connaissances, mais surtout d&#8217;unir nos efforts et de faire entendre notre voix en r\u00e9ponse aux diff\u00e9rentes propositions qui seront \u00e9labor\u00e9es dans le cadre de la COP30 et des n\u00e9gociations en cours sur la biodiversit\u00e9. \u00bb \u2014 Yeshing Up\u00fan&nbsp;<\/p>\n<\/blockquote>\n\n\n\n<p>\u00c0 l&#8217;issue de la Semaine du climat, Minnie Degawan, directrice g\u00e9n\u00e9rale de la Fondation autochtone FSC, a d\u00e9clar\u00e9 :&nbsp;&nbsp;<\/p>\n\n\n\n<blockquote class=\"wp-block-quote is-layout-flow wp-block-quote-is-layout-flow\">\n<p>\u00ab La Semaine du climat devrait \u00eatre plus sensible aux aspects culturels des populations locales. \u00bb<\/p>\n<\/blockquote>\n\n\n\n<figure class=\"wp-block-image size-full\"><img loading=\"lazy\" decoding=\"async\" width=\"2560\" height=\"2196\" src=\"https:\/\/www.fscindigenousfoundation.org\/wp-content\/uploads\/2025\/08\/minnied-scaled.jpg\" alt=\"FSC-IF Meeting\" class=\"wp-image-15883\"\/><figcaption class=\"wp-element-caption\">Minnie Degawan, directrice g\u00e9n\u00e9rale de la Fondation autochtone FSC<\/figcaption><\/figure>\n\n\n\n<p>Ses paroles nous rappellent qu&#8217;il n&#8217;est pas possible d&#8217;avancer vers un avenir climatique juste sans une \u00e9coute active, un profond respect et une inclusion v\u00e9ritable de ceux qui, depuis des temps imm\u00e9moriaux, prot\u00e8gent la vie en harmonie avec la Terre M\u00e8re.&nbsp;&nbsp;<\/p>\n\n\n\n<figure class=\"wp-block-image size-full\"><img loading=\"lazy\" decoding=\"async\" width=\"1531\" height=\"1816\" src=\"https:\/\/www.fscindigenousfoundation.org\/wp-content\/uploads\/2025\/08\/sineia.jpg\" alt=\"FSC-IF Meeting\" class=\"wp-image-15887\"\/><figcaption class=\"wp-element-caption\">Sineia do Vale &#8211; Copr\u00e9sidente du Caucus des peuples autochtones&nbsp;&nbsp;<\/figcaption><\/figure>\n\n\n\n<h3 class=\"wp-block-heading\">La justice climatique s&#8217;exprime : un pas vers la COP30<\/h3>\n\n\n\n<p>Alors que le monde se tourne vers la COP30 \u00e0 Bel\u00e9m, les femmes autochtones renforcent non seulement leur leadership, mais acqui\u00e8rent \u00e9galement les connaissances techniques n\u00e9cessaires pour participer aux n\u00e9gociations internationales sur le climat. Si l&#8217;atelier de Panama \u00e9tait ax\u00e9 sur le renforcement des capacit\u00e9s, les strat\u00e9gies de plaidoyer et l&#8217;apprentissage entre pairs, il s&#8217;inscrivait \u00e9galement dans un effort plus large visant \u00e0 garantir que les femmes autochtones soient outill\u00e9es pour participer de mani\u00e8re significative \u00e0 des espaces formels tels que la 62e session des organes subsidiaires (SB62) dans le cadre du processus de la CCNUCC.&nbsp;<\/p>\n\n\n\n<p>Organis\u00e9e parall\u00e8lement \u00e0 la Semaine du climat 2025 au Panama, cette r\u00e9union a compl\u00e9t\u00e9 d&#8217;autres efforts pr\u00e9paratoires, tels que les formations techniques organis\u00e9es plus t\u00f4t en juin par des partenaires tels que le Forum international des peuples autochtones sur le changement climatique (IIFCC), le Forum international des jeunes autochtones sur le changement climatique (IIYFCC), le DOCIP, Nia Tero et le Fonds volontaire des Nations unies pour les peuples autochtones (UNVFIP). Ces sessions ont port\u00e9 sur la structure et l&#8217;ordre du jour de la SB62 et sa pertinence pour la COP30, y compris les principaux axes de n\u00e9gociation tels que l&#8217;objectif mondial d&#8217;adaptation et l&#8217;article 6 de l&#8217;Accord de Paris.&nbsp;<\/p>\n\n\n\n<p>Ensemble, ces efforts soulignent l&#8217;importance de lier le plaidoyer politique \u00e0 la pr\u00e9paration technique, afin de garantir que les femmes autochtones soient non seulement visibles dans les espaces mondiaux consacr\u00e9s au climat, mais aussi pleinement pr\u00e9par\u00e9es \u00e0 fa\u00e7onner les r\u00e9sultats.&nbsp;<\/p>\n\n\n\n<figure class=\"wp-block-image size-full\"><img loading=\"lazy\" decoding=\"async\" width=\"2560\" height=\"1920\" src=\"https:\/\/www.fscindigenousfoundation.org\/wp-content\/uploads\/2025\/08\/img-20250521-wa0026-scaled.jpg\" alt=\"FSC-IF Meeting\" class=\"wp-image-15891\"\/><\/figure>\n\n\n\n<h3 class=\"wp-block-heading\">R\u00e9flexions finales<\/h3>\n\n\n\n<p>Alors que le monde se pr\u00e9pare pour la COP30 \u00e0 Bel\u00e9m, les voix, les connaissances et le leadership des femmes autochtones doivent rester au centre des n\u00e9gociations sur le climat et la biodiversit\u00e9. Cet atelier, rendu possible gr\u00e2ce \u00e0 la collaboration entre DGM Global, Conservation International et la FSC Indigenous Foundation, a r\u00e9affirm\u00e9 le pouvoir des partenariats pour cr\u00e9er des espaces o\u00f9 les femmes autochtones peuvent d\u00e9velopper leurs comp\u00e9tences, partager leurs connaissances et fa\u00e7onner les agendas mondiaux. Il est essentiel de renforcer ces alliances afin de garantir que les femmes autochtones ne soient pas seulement pr\u00e9sentes dans les espaces d\u00e9cisionnels, mais qu&#8217;elles m\u00e8nent \u00e9galement les efforts visant \u00e0 construire un avenir plus juste et plus durable pour tous.&nbsp;&nbsp;<\/p>\n\n\n\n<p><strong><em>Par Maria De Leon (FSC Indigenous Foundation) et Lidiane Castro (Conservation International)<\/em><\/strong><\/p>\n\n\n\n<figure class=\"wp-block-image size-full\"><img loading=\"lazy\" decoding=\"async\" width=\"1277\" height=\"473\" src=\"https:\/\/www.fscindigenousfoundation.org\/wp-content\/uploads\/2025\/08\/banner-climate-week-2025-fr.jpg\" alt=\"Former les jeunes autochtones \u00e0 devenir des leaders lors de la COP30 et au-del\u00e0\" class=\"wp-image-16526\"\/><\/figure>\n","protected":false},"excerpt":{"rendered":"<p>Une formation r\u00e9gionale co-organis\u00e9e par DGM Global, Conservation International et la Fondation autochtone FSC pendant la Semaine du climat au Panama 2025<\/p>\n","protected":false},"author":3,"featured_media":15892,"comment_status":"closed","ping_status":"closed","sticky":false,"template":"","format":"standard","meta":{"footnotes":""},"categories":[2,22],"tags":[200,63,338,93,64,65,94,297],"class_list":["post-15910","post","type-post","status-publish","format-standard","has-post-thumbnail","hentry","category-non-classifiee","category-outstanding-news-fr","tag-capacity-development-fr","tag-climate-change-fr","tag-cop30-fr","tag-indigenous-leadership-fr","tag-indigenous-peoples-fr","tag-indigenous-rights-fr","tag-indigenous-women-2-fr","tag-traditional-knowledge-fr"],"acf":[],"yoast_head":"<!-- This site is optimized with the Yoast SEO plugin v26.9 - https:\/\/yoast.com\/product\/yoast-seo-wordpress\/ -->\n<title>De la terre \u00e0 la sc\u00e8ne mondiale: les femmes autochtones se pr\u00e9parent pour la COP30 - Fondation Indig\u00e8ne FSC<\/title>\n<meta name=\"description\" content=\"Un atelier au Panama a pr\u00e9par\u00e9 des Femmes Autochtones d&#039;Am\u00e9rique latine pour les n\u00e9gociations climatiques de la COP30. D\u00e9couvrez leurs r\u00e9flexions et leur parcours vers le leadership mondial.\" \/>\n<meta name=\"robots\" content=\"index, follow, max-snippet:-1, max-image-preview:large, max-video-preview:-1\" \/>\n<link rel=\"canonical\" href=\"https:\/\/www.fscindigenousfoundation.org\/fr\/femmes-autochtones-cop30-panama\/\" \/>\n<meta property=\"og:locale\" content=\"fr_FR\" \/>\n<meta property=\"og:type\" content=\"article\" \/>\n<meta property=\"og:title\" content=\"De la terre \u00e0 la sc\u00e8ne mondiale: les femmes autochtones se pr\u00e9parent pour la COP30 - Fondation Indig\u00e8ne FSC\" \/>\n<meta property=\"og:description\" content=\"Un atelier au Panama a pr\u00e9par\u00e9 des Femmes Autochtones d&#039;Am\u00e9rique latine pour les n\u00e9gociations climatiques de la COP30. D\u00e9couvrez leurs r\u00e9flexions et leur parcours vers le leadership mondial.\" \/>\n<meta property=\"og:url\" content=\"https:\/\/www.fscindigenousfoundation.org\/fr\/femmes-autochtones-cop30-panama\/\" \/>\n<meta property=\"og:site_name\" content=\"Fondation Indig\u00e8ne FSC\" \/>\n<meta property=\"article:publisher\" content=\"https:\/\/www.facebook.com\/fscindigenousfoundation\" \/>\n<meta property=\"article:published_time\" content=\"2025-08-04T13:52:03+00:00\" \/>\n<meta property=\"article:modified_time\" content=\"2025-11-03T21:23:02+00:00\" \/>\n<meta property=\"og:image\" content=\"https:\/\/www.fscindigenousfoundation.org\/wp-content\/uploads\/2025\/08\/img-20250521-wa0026-scaled.jpg\" \/>\n\t<meta property=\"og:image:width\" content=\"2560\" \/>\n\t<meta property=\"og:image:height\" content=\"1920\" \/>\n\t<meta property=\"og:image:type\" content=\"image\/jpeg\" \/>\n<meta name=\"author\" content=\"FSC IF\" \/>\n<meta name=\"twitter:card\" content=\"summary_large_image\" \/>\n<meta name=\"twitter:creator\" content=\"@fsc_if\" \/>\n<meta name=\"twitter:site\" content=\"@fsc_if\" \/>\n<meta name=\"twitter:label1\" content=\"Written by\" \/>\n\t<meta name=\"twitter:data1\" content=\"FSC IF\" \/>\n\t<meta name=\"twitter:label2\" content=\"Est. reading time\" \/>\n\t<meta name=\"twitter:data2\" content=\"7 minutes\" \/>\n<script type=\"application\/ld+json\" class=\"yoast-schema-graph\">{\"@context\":\"https:\/\/schema.org\",\"@graph\":[{\"@type\":\"Article\",\"@id\":\"https:\/\/www.fscindigenousfoundation.org\/fr\/femmes-autochtones-cop30-panama\/#article\",\"isPartOf\":{\"@id\":\"https:\/\/www.fscindigenousfoundation.org\/fr\/femmes-autochtones-cop30-panama\/\"},\"author\":{\"name\":\"FSC IF\",\"@id\":\"https:\/\/www.fscindigenousfoundation.org\/fr\/#\/schema\/person\/58a930ad98efcb8e01aac64b85daeef4\"},\"headline\":\"De la terre \u00e0 la sc\u00e8ne mondiale: les femmes autochtones se pr\u00e9parent pour la COP30\",\"datePublished\":\"2025-08-04T13:52:03+00:00\",\"dateModified\":\"2025-11-03T21:23:02+00:00\",\"mainEntityOfPage\":{\"@id\":\"https:\/\/www.fscindigenousfoundation.org\/fr\/femmes-autochtones-cop30-panama\/\"},\"wordCount\":1317,\"publisher\":{\"@id\":\"https:\/\/www.fscindigenousfoundation.org\/fr\/#organization\"},\"image\":{\"@id\":\"https:\/\/www.fscindigenousfoundation.org\/fr\/femmes-autochtones-cop30-panama\/#primaryimage\"},\"thumbnailUrl\":\"https:\/\/www.fscindigenousfoundation.org\/wp-content\/uploads\/2025\/08\/img-20250521-wa0026-scaled.jpg\",\"keywords\":[\"capacity development\",\"Climate Change\",\"COP30\",\"Indigenous leadership\",\"Indigenous Peoples\",\"indigenous rights\",\"Indigenous women\",\"traditional knowledge\"],\"articleSection\":[\"Non classifi\u00e9(e)\",\"Outstanding news\"],\"inLanguage\":\"fr-FR\"},{\"@type\":\"WebPage\",\"@id\":\"https:\/\/www.fscindigenousfoundation.org\/fr\/femmes-autochtones-cop30-panama\/\",\"url\":\"https:\/\/www.fscindigenousfoundation.org\/fr\/femmes-autochtones-cop30-panama\/\",\"name\":\"De la terre \u00e0 la sc\u00e8ne mondiale: les femmes autochtones se pr\u00e9parent pour la COP30 - Fondation Indig\u00e8ne FSC\",\"isPartOf\":{\"@id\":\"https:\/\/www.fscindigenousfoundation.org\/fr\/#website\"},\"primaryImageOfPage\":{\"@id\":\"https:\/\/www.fscindigenousfoundation.org\/fr\/femmes-autochtones-cop30-panama\/#primaryimage\"},\"image\":{\"@id\":\"https:\/\/www.fscindigenousfoundation.org\/fr\/femmes-autochtones-cop30-panama\/#primaryimage\"},\"thumbnailUrl\":\"https:\/\/www.fscindigenousfoundation.org\/wp-content\/uploads\/2025\/08\/img-20250521-wa0026-scaled.jpg\",\"datePublished\":\"2025-08-04T13:52:03+00:00\",\"dateModified\":\"2025-11-03T21:23:02+00:00\",\"description\":\"Un atelier au Panama a pr\u00e9par\u00e9 des Femmes Autochtones d'Am\u00e9rique latine pour les n\u00e9gociations climatiques de la COP30. D\u00e9couvrez leurs r\u00e9flexions et leur parcours vers le leadership mondial.\",\"breadcrumb\":{\"@id\":\"https:\/\/www.fscindigenousfoundation.org\/fr\/femmes-autochtones-cop30-panama\/#breadcrumb\"},\"inLanguage\":\"fr-FR\",\"potentialAction\":[{\"@type\":\"ReadAction\",\"target\":[\"https:\/\/www.fscindigenousfoundation.org\/fr\/femmes-autochtones-cop30-panama\/\"]}]},{\"@type\":\"ImageObject\",\"inLanguage\":\"fr-FR\",\"@id\":\"https:\/\/www.fscindigenousfoundation.org\/fr\/femmes-autochtones-cop30-panama\/#primaryimage\",\"url\":\"https:\/\/www.fscindigenousfoundation.org\/wp-content\/uploads\/2025\/08\/img-20250521-wa0026-scaled.jpg\",\"contentUrl\":\"https:\/\/www.fscindigenousfoundation.org\/wp-content\/uploads\/2025\/08\/img-20250521-wa0026-scaled.jpg\",\"width\":2560,\"height\":1920,\"caption\":\"From the Ground to the Global Stage: Indigenous Women Prepare for COP30\"},{\"@type\":\"BreadcrumbList\",\"@id\":\"https:\/\/www.fscindigenousfoundation.org\/fr\/femmes-autochtones-cop30-panama\/#breadcrumb\",\"itemListElement\":[{\"@type\":\"ListItem\",\"position\":1,\"name\":\"Home\",\"item\":\"https:\/\/www.fscindigenousfoundation.org\/fr\/\"},{\"@type\":\"ListItem\",\"position\":2,\"name\":\"De la terre \u00e0 la sc\u00e8ne mondiale: les femmes autochtones se pr\u00e9parent pour la COP30\"}]},{\"@type\":\"WebSite\",\"@id\":\"https:\/\/www.fscindigenousfoundation.org\/fr\/#website\",\"url\":\"https:\/\/www.fscindigenousfoundation.org\/fr\/\",\"name\":\"IPARD\",\"description\":\"La Fondation Indig\u00e8ne FSC est une fondation cr\u00e9\u00e9e pour apporter des solutions qui garantissent les droits des Autochtones et prot\u00e8gent leur territoire, leurs for\u00eats et leurs connaissances ancestrales.\",\"publisher\":{\"@id\":\"https:\/\/www.fscindigenousfoundation.org\/fr\/#organization\"},\"potentialAction\":[{\"@type\":\"SearchAction\",\"target\":{\"@type\":\"EntryPoint\",\"urlTemplate\":\"https:\/\/www.fscindigenousfoundation.org\/fr\/?s={search_term_string}\"},\"query-input\":{\"@type\":\"PropertyValueSpecification\",\"valueRequired\":true,\"valueName\":\"search_term_string\"}}],\"inLanguage\":\"fr-FR\"},{\"@type\":\"Organization\",\"@id\":\"https:\/\/www.fscindigenousfoundation.org\/fr\/#organization\",\"name\":\"FSC Indigenous Foundation\",\"url\":\"https:\/\/www.fscindigenousfoundation.org\/fr\/\",\"logo\":{\"@type\":\"ImageObject\",\"inLanguage\":\"fr-FR\",\"@id\":\"https:\/\/www.fscindigenousfoundation.org\/fr\/#\/schema\/logo\/image\/\",\"url\":\"https:\/\/www.fscindigenousfoundation.org\/wp-content\/uploads\/2021\/09\/fsc-indigenous-foundation-color.png\",\"contentUrl\":\"https:\/\/www.fscindigenousfoundation.org\/wp-content\/uploads\/2021\/09\/fsc-indigenous-foundation-color.png\",\"width\":657,\"height\":197,\"caption\":\"FSC Indigenous Foundation\"},\"image\":{\"@id\":\"https:\/\/www.fscindigenousfoundation.org\/fr\/#\/schema\/logo\/image\/\"},\"sameAs\":[\"https:\/\/www.facebook.com\/fscindigenousfoundation\",\"https:\/\/x.com\/fsc_if\",\"https:\/\/instagram.com\/fscindigenousfoundation\"]},{\"@type\":\"Person\",\"@id\":\"https:\/\/www.fscindigenousfoundation.org\/fr\/#\/schema\/person\/58a930ad98efcb8e01aac64b85daeef4\",\"name\":\"FSC IF\",\"url\":\"https:\/\/www.fscindigenousfoundation.org\/fr\/author\/communication\/\"}]}<\/script>\n<!-- \/ Yoast SEO plugin. -->","yoast_head_json":{"title":"De la terre \u00e0 la sc\u00e8ne mondiale: les femmes autochtones se pr\u00e9parent pour la COP30 - Fondation Indig\u00e8ne FSC","description":"Un atelier au Panama a pr\u00e9par\u00e9 des Femmes Autochtones d'Am\u00e9rique latine pour les n\u00e9gociations climatiques de la COP30. D\u00e9couvrez leurs r\u00e9flexions et leur parcours vers le leadership mondial.","robots":{"index":"index","follow":"follow","max-snippet":"max-snippet:-1","max-image-preview":"max-image-preview:large","max-video-preview":"max-video-preview:-1"},"canonical":"https:\/\/www.fscindigenousfoundation.org\/fr\/femmes-autochtones-cop30-panama\/","og_locale":"fr_FR","og_type":"article","og_title":"De la terre \u00e0 la sc\u00e8ne mondiale: les femmes autochtones se pr\u00e9parent pour la COP30 - Fondation Indig\u00e8ne FSC","og_description":"Un atelier au Panama a pr\u00e9par\u00e9 des Femmes Autochtones d'Am\u00e9rique latine pour les n\u00e9gociations climatiques de la COP30. D\u00e9couvrez leurs r\u00e9flexions et leur parcours vers le leadership mondial.","og_url":"https:\/\/www.fscindigenousfoundation.org\/fr\/femmes-autochtones-cop30-panama\/","og_site_name":"Fondation Indig\u00e8ne FSC","article_publisher":"https:\/\/www.facebook.com\/fscindigenousfoundation","article_published_time":"2025-08-04T13:52:03+00:00","article_modified_time":"2025-11-03T21:23:02+00:00","og_image":[{"width":2560,"height":1920,"url":"https:\/\/www.fscindigenousfoundation.org\/wp-content\/uploads\/2025\/08\/img-20250521-wa0026-scaled.jpg","type":"image\/jpeg"}],"author":"FSC IF","twitter_card":"summary_large_image","twitter_creator":"@fsc_if","twitter_site":"@fsc_if","twitter_misc":{"Written by":"FSC IF","Est. reading time":"7 minutes"},"schema":{"@context":"https:\/\/schema.org","@graph":[{"@type":"Article","@id":"https:\/\/www.fscindigenousfoundation.org\/fr\/femmes-autochtones-cop30-panama\/#article","isPartOf":{"@id":"https:\/\/www.fscindigenousfoundation.org\/fr\/femmes-autochtones-cop30-panama\/"},"author":{"name":"FSC IF","@id":"https:\/\/www.fscindigenousfoundation.org\/fr\/#\/schema\/person\/58a930ad98efcb8e01aac64b85daeef4"},"headline":"De la terre \u00e0 la sc\u00e8ne mondiale: les femmes autochtones se pr\u00e9parent pour la COP30","datePublished":"2025-08-04T13:52:03+00:00","dateModified":"2025-11-03T21:23:02+00:00","mainEntityOfPage":{"@id":"https:\/\/www.fscindigenousfoundation.org\/fr\/femmes-autochtones-cop30-panama\/"},"wordCount":1317,"publisher":{"@id":"https:\/\/www.fscindigenousfoundation.org\/fr\/#organization"},"image":{"@id":"https:\/\/www.fscindigenousfoundation.org\/fr\/femmes-autochtones-cop30-panama\/#primaryimage"},"thumbnailUrl":"https:\/\/www.fscindigenousfoundation.org\/wp-content\/uploads\/2025\/08\/img-20250521-wa0026-scaled.jpg","keywords":["capacity development","Climate Change","COP30","Indigenous leadership","Indigenous Peoples","indigenous rights","Indigenous women","traditional knowledge"],"articleSection":["Non classifi\u00e9(e)","Outstanding news"],"inLanguage":"fr-FR"},{"@type":"WebPage","@id":"https:\/\/www.fscindigenousfoundation.org\/fr\/femmes-autochtones-cop30-panama\/","url":"https:\/\/www.fscindigenousfoundation.org\/fr\/femmes-autochtones-cop30-panama\/","name":"De la terre \u00e0 la sc\u00e8ne mondiale: les femmes autochtones se pr\u00e9parent pour la COP30 - Fondation Indig\u00e8ne FSC","isPartOf":{"@id":"https:\/\/www.fscindigenousfoundation.org\/fr\/#website"},"primaryImageOfPage":{"@id":"https:\/\/www.fscindigenousfoundation.org\/fr\/femmes-autochtones-cop30-panama\/#primaryimage"},"image":{"@id":"https:\/\/www.fscindigenousfoundation.org\/fr\/femmes-autochtones-cop30-panama\/#primaryimage"},"thumbnailUrl":"https:\/\/www.fscindigenousfoundation.org\/wp-content\/uploads\/2025\/08\/img-20250521-wa0026-scaled.jpg","datePublished":"2025-08-04T13:52:03+00:00","dateModified":"2025-11-03T21:23:02+00:00","description":"Un atelier au Panama a pr\u00e9par\u00e9 des Femmes Autochtones d'Am\u00e9rique latine pour les n\u00e9gociations climatiques de la COP30. D\u00e9couvrez leurs r\u00e9flexions et leur parcours vers le leadership mondial.","breadcrumb":{"@id":"https:\/\/www.fscindigenousfoundation.org\/fr\/femmes-autochtones-cop30-panama\/#breadcrumb"},"inLanguage":"fr-FR","potentialAction":[{"@type":"ReadAction","target":["https:\/\/www.fscindigenousfoundation.org\/fr\/femmes-autochtones-cop30-panama\/"]}]},{"@type":"ImageObject","inLanguage":"fr-FR","@id":"https:\/\/www.fscindigenousfoundation.org\/fr\/femmes-autochtones-cop30-panama\/#primaryimage","url":"https:\/\/www.fscindigenousfoundation.org\/wp-content\/uploads\/2025\/08\/img-20250521-wa0026-scaled.jpg","contentUrl":"https:\/\/www.fscindigenousfoundation.org\/wp-content\/uploads\/2025\/08\/img-20250521-wa0026-scaled.jpg","width":2560,"height":1920,"caption":"From the Ground to the Global Stage: Indigenous Women Prepare for COP30"},{"@type":"BreadcrumbList","@id":"https:\/\/www.fscindigenousfoundation.org\/fr\/femmes-autochtones-cop30-panama\/#breadcrumb","itemListElement":[{"@type":"ListItem","position":1,"name":"Home","item":"https:\/\/www.fscindigenousfoundation.org\/fr\/"},{"@type":"ListItem","position":2,"name":"De la terre \u00e0 la sc\u00e8ne mondiale: les femmes autochtones se pr\u00e9parent pour la COP30"}]},{"@type":"WebSite","@id":"https:\/\/www.fscindigenousfoundation.org\/fr\/#website","url":"https:\/\/www.fscindigenousfoundation.org\/fr\/","name":"IPARD","description":"La Fondation Indig\u00e8ne FSC est une fondation cr\u00e9\u00e9e pour apporter des solutions qui garantissent les droits des Autochtones et prot\u00e8gent leur territoire, leurs for\u00eats et leurs connaissances ancestrales.","publisher":{"@id":"https:\/\/www.fscindigenousfoundation.org\/fr\/#organization"},"potentialAction":[{"@type":"SearchAction","target":{"@type":"EntryPoint","urlTemplate":"https:\/\/www.fscindigenousfoundation.org\/fr\/?s={search_term_string}"},"query-input":{"@type":"PropertyValueSpecification","valueRequired":true,"valueName":"search_term_string"}}],"inLanguage":"fr-FR"},{"@type":"Organization","@id":"https:\/\/www.fscindigenousfoundation.org\/fr\/#organization","name":"FSC Indigenous Foundation","url":"https:\/\/www.fscindigenousfoundation.org\/fr\/","logo":{"@type":"ImageObject","inLanguage":"fr-FR","@id":"https:\/\/www.fscindigenousfoundation.org\/fr\/#\/schema\/logo\/image\/","url":"https:\/\/www.fscindigenousfoundation.org\/wp-content\/uploads\/2021\/09\/fsc-indigenous-foundation-color.png","contentUrl":"https:\/\/www.fscindigenousfoundation.org\/wp-content\/uploads\/2021\/09\/fsc-indigenous-foundation-color.png","width":657,"height":197,"caption":"FSC Indigenous Foundation"},"image":{"@id":"https:\/\/www.fscindigenousfoundation.org\/fr\/#\/schema\/logo\/image\/"},"sameAs":["https:\/\/www.facebook.com\/fscindigenousfoundation","https:\/\/x.com\/fsc_if","https:\/\/instagram.com\/fscindigenousfoundation"]},{"@type":"Person","@id":"https:\/\/www.fscindigenousfoundation.org\/fr\/#\/schema\/person\/58a930ad98efcb8e01aac64b85daeef4","name":"FSC IF","url":"https:\/\/www.fscindigenousfoundation.org\/fr\/author\/communication\/"}]}},"_links":{"self":[{"href":"https:\/\/www.fscindigenousfoundation.org\/fr\/wp-json\/wp\/v2\/posts\/15910","targetHints":{"allow":["GET"]}}],"collection":[{"href":"https:\/\/www.fscindigenousfoundation.org\/fr\/wp-json\/wp\/v2\/posts"}],"about":[{"href":"https:\/\/www.fscindigenousfoundation.org\/fr\/wp-json\/wp\/v2\/types\/post"}],"author":[{"embeddable":true,"href":"https:\/\/www.fscindigenousfoundation.org\/fr\/wp-json\/wp\/v2\/users\/3"}],"replies":[{"embeddable":true,"href":"https:\/\/www.fscindigenousfoundation.org\/fr\/wp-json\/wp\/v2\/comments?post=15910"}],"version-history":[{"count":7,"href":"https:\/\/www.fscindigenousfoundation.org\/fr\/wp-json\/wp\/v2\/posts\/15910\/revisions"}],"predecessor-version":[{"id":16925,"href":"https:\/\/www.fscindigenousfoundation.org\/fr\/wp-json\/wp\/v2\/posts\/15910\/revisions\/16925"}],"wp:featuredmedia":[{"embeddable":true,"href":"https:\/\/www.fscindigenousfoundation.org\/fr\/wp-json\/wp\/v2\/media\/15892"}],"wp:attachment":[{"href":"https:\/\/www.fscindigenousfoundation.org\/fr\/wp-json\/wp\/v2\/media?parent=15910"}],"wp:term":[{"taxonomy":"category","embeddable":true,"href":"https:\/\/www.fscindigenousfoundation.org\/fr\/wp-json\/wp\/v2\/categories?post=15910"},{"taxonomy":"post_tag","embeddable":true,"href":"https:\/\/www.fscindigenousfoundation.org\/fr\/wp-json\/wp\/v2\/tags?post=15910"}],"curies":[{"name":"wp","href":"https:\/\/api.w.org\/{rel}","templated":true}]}}