{"id":15622,"date":"2025-05-16T21:13:49","date_gmt":"2025-05-17T01:13:49","guid":{"rendered":"https:\/\/www.fscindigenousfoundation.org\/la-fundacion-indigena-fsc-estara-presente-en-el-punto-de-encuentro-de-eventos-globales-en-panama-2025\/"},"modified":"2025-11-03T15:57:23","modified_gmt":"2025-11-03T20:57:23","slug":"fsc-if-panama-2025-climat-nature","status":"publish","type":"post","link":"https:\/\/www.fscindigenousfoundation.org\/fr\/fsc-if-panama-2025-climat-nature\/","title":{"rendered":"La Fondation Indig\u00e8ne FSC sera pr\u00e9sente au point de rencontre des \u00e9v\u00e9nements mondiaux \u00e0 Panama 2025"},"content":{"rendered":"\n<figure class=\"wp-block-image size-full\"><img loading=\"lazy\" decoding=\"async\" width=\"957\" height=\"354\" src=\"https:\/\/www.fscindigenousfoundation.org\/wp-content\/uploads\/2025\/05\/banner-climate-week-2025-2.png\" alt=\"Semana del Clima Nature Summit FSC IF\" class=\"wp-image-15623\"\/><\/figure>\n\n\n\n<p>L\u2019avenir du d\u00e9veloppement repose sur l\u2019int\u00e9gration des savoirs ancestraux, des technologies et de l\u2019\u00e9conomie circulaire afin de renforcer la r\u00e9silience et de s\u2019adapter au changement climatique. Du 19 au 23 mai 2025, le Panama accueillera la Semaine du Climat 2025 et le Sommet de la Nature, se positionnant comme un centre mondial de l\u2019action climatique. Bien que leurs approches diff\u00e8rent, les deux \u00e9v\u00e9nements partagent une vision commune : des solutions inclusives et transformatrices. La participation de la Fondation Indig\u00e8ne FSC \u2014 \u00e0 travers des leaders comme Hindou Oumarou Ibrahim et Minnie Degawan \u2014 souligne le r\u00f4le essentiel des voix autochtones dans la prise de d\u00e9cision climatique mondiale.&nbsp;<\/p>\n\n\n\n<h2 class=\"wp-block-heading\"><strong>Semaine du Climat : Des engagements \u00e0 l\u2019action<\/strong>&nbsp;<\/h2>\n\n\n\n<p>Organis\u00e9e par la CCNUCC, la Semaine du Climat est une plateforme mondiale r\u00e9unissant gouvernements, organisations et soci\u00e9t\u00e9 civile \u2014 mettant en lumi\u00e8re les contributions des Peuples Autochtones aux solutions climatiques. En 2025, deux \u00e9ditions sont pr\u00e9vues : la premi\u00e8re au Panama (du 19 au 23 mai) et la seconde en Afrique, toutes deux pr\u00e9paratoires \u00e0 la COP30 \u00e0 Bel\u00e9m, au Br\u00e9sil.&nbsp;<\/p>\n\n\n\n<p>Apr\u00e8s une pause, la Semaine du Climat revient avec l\u2019objectif de transformer les engagements de l\u2019Accord de Paris en actions concr\u00e8tes. Les principaux th\u00e8mes incluent la mise en \u0153uvre des Contributions D\u00e9termin\u00e9es au niveau National (CDN), le financement climatique, les technologies, les march\u00e9s du carbone, et le r\u00f4le central des communaut\u00e9s autochtones dans la gouvernance climatique.&nbsp;<\/p>\n\n\n\n<h2 class=\"wp-block-heading\"><strong>Sommet de la Nature : Stimuler l\u2019investissement<\/strong>&nbsp;<\/h2>\n\n\n\n<p>En parall\u00e8le \u00e0 la Semaine du Climat, le Sommet de la Nature se tiendra au Biomuseo de Panama, r\u00e9unissant des dirigeants gouvernementaux, des investisseurs et des experts pour promouvoir des solutions fond\u00e9es sur la nature. Ce sommet vise \u00e0 aligner les investissements publics et priv\u00e9s sur les objectifs des conventions des Nations Unies sur le climat, la biodiversit\u00e9 et la d\u00e9sertification \u2014 promouvant une \u00e9conomie r\u00e9g\u00e9n\u00e9ratrice fond\u00e9e sur la conservation des \u00e9cosyst\u00e8mes et le leadership autochtone.&nbsp;<\/p>\n\n\n\n<p>La Fondation Indig\u00e8ne FSC y jouera un r\u00f4le cl\u00e9 en mettant en valeur les solutions men\u00e9es par les Peuples Autochtones et en d\u00e9fendant un financement align\u00e9 sur leurs priorit\u00e9s. Comme l\u2019affirme la dirigeante autochtone Minnie Degawan : \u00ab Les financements doivent s\u2019aligner sur les priorit\u00e9s autochtones. \u00bb Tout comme la Semaine du Climat, le Sommet de la Nature constitue une plateforme de haut niveau pour mobiliser des capitaux, des partenariats et une volont\u00e9 politique gr\u00e2ce \u00e0 l\u2019innovation, la science et les savoirs ancestraux.&nbsp;<\/p>\n\n\n\n<figure class=\"wp-block-image size-full\"><img loading=\"lazy\" decoding=\"async\" width=\"940\" height=\"788\" src=\"https:\/\/www.fscindigenousfoundation.org\/wp-content\/uploads\/2025\/05\/biomuseo.jpg\" alt=\"Pexels Biomuseo\" class=\"wp-image-15587\"\/><\/figure>\n\n\n\n<h2 class=\"wp-block-heading\"><strong>Le r\u00f4le des Peuples Autochtones<\/strong>&nbsp;<\/h2>\n\n\n\n<p>Les deux \u00e9v\u00e9nements reconnaissent les Peuples Autochtones comme des acteurs essentiels dans la lutte climatique. Les communaut\u00e9s autochtones g\u00e8rent un quart des terres de la plan\u00e8te, abritant 80 % de la biodiversit\u00e9 mondiale. Cette r\u00e9alit\u00e9 d\u00e9montre que les Peuples Autochtones sont d\u00e9j\u00e0 \u00e0 l\u2019avant-garde des solutions fond\u00e9es sur leurs visions du monde, et que leurs savoirs ancestraux sont essentiels pour r\u00e9pondre aux d\u00e9fis climatiques et de conservation.&nbsp;<\/p>\n\n\n\n<p>Dans ce contexte \u2014 o\u00f9 les solutions conventionnelles se sont r\u00e9v\u00e9l\u00e9es insuffisantes \u2014 la Fondation Indig\u00e8ne FSC (FSC-IF), dirig\u00e9e par Minnie Degawan, accompagn\u00e9e d\u2019autres repr\u00e9sentants autochtones, mettra en lumi\u00e8re les contributions des Peuples Autochtones \u00e0 la r\u00e9solution des probl\u00e9matiques mondiales.&nbsp;<\/p>\n\n\n\n<p>Le r\u00f4le de la Fondation est de d\u00e9montrer que la gestion foresti\u00e8re autochtone, la gouvernance ancestrale et les savoirs interg\u00e9n\u00e9rationnels offrent des r\u00e9ponses viables et holistiques au changement climatique et \u00e0 la conservation de la biodiversit\u00e9. La FSC-IF soutient les efforts des Peuples Autochtones pour que ces messages atteignent les d\u00e9cideurs politiques et les autres parties prenantes.&nbsp;<\/p>\n\n\n\n<p>Elle \u0153uvre \u00e9galement \u00e0 ce que les politiques climatiques mondiales reconnaissent et respectent les droits territoriaux et culturels des Peuples Autochtones.&nbsp;<\/p>\n\n\n\n<figure class=\"wp-block-image size-full\"><img loading=\"lazy\" decoding=\"async\" width=\"940\" height=\"788\" src=\"https:\/\/www.fscindigenousfoundation.org\/wp-content\/uploads\/2025\/05\/gethsemane-womens-group.jpg\" alt=\"gethsemane womens group\" class=\"wp-image-16547\"\/><\/figure>\n\n\n\n<p>&nbsp;<\/p>\n\n\n\n<h2 class=\"wp-block-heading\">Deux chemins vers un m\u00eame objectif&nbsp;<\/h2>\n\n\n\n<p>Bien que la Semaine du Climat et le Sommet de la Nature partagent un objectif commun, leurs approches diff\u00e8rent. La Semaine du Climat met l\u2019accent sur le respect des engagements multilat\u00e9raux, le renforcement des capacit\u00e9s nationales et locales, et le dialogue entre acteurs par le biais d\u2019ateliers, forums et espaces participatifs. En revanche, le Sommet de la Nature se positionne comme une plateforme de haut niveau ax\u00e9e sur la mobilisation de ressources et d\u2019investissements, reliant gouvernements, bailleurs de fonds et leaders du secteur public \u00e0 des initiatives de conservation et de d\u00e9veloppement durable. Tandis que l\u2019un privil\u00e9gie l\u2019action \u00e0 travers la planification et les politiques, l\u2019autre mise sur la mise en \u0153uvre \u00e0 travers le financement strat\u00e9gique et les partenariats innovants. Tous deux contribuent \u00e0 une transition \u00e9cologique juste, efficace et inclusive.&nbsp;<\/p>\n\n\n\n<h2 class=\"wp-block-heading\"><strong>Suivons les voix qui prot\u00e8gent la Terre M\u00e8re<\/strong>&nbsp;<\/h2>\n\n\n\n<p>La participation de la Fondation Indig\u00e8ne FSC \u00e0 ces forums est une \u00e9tape de plus dans la lutte pour une action climatique qui reconna\u00eet les savoirs ancestraux et les droits des Peuples Autochtones. Depuis leur r\u00f4le actif dans la d\u00e9fense des territoires jusqu\u2019\u00e0 leur pr\u00e9sence dans les forums internationaux, ces voix sont essentielles pour imaginer un avenir durable, juste et diversifi\u00e9.&nbsp;<\/p>\n\n\n\n<p>Au fil des ann\u00e9es, la Fondation a collabor\u00e9 \u00e0 l\u2019\u00e9chelle mondiale avec des organisations autochtones pour renforcer leurs capacit\u00e9s, mettre en place des processus de dialogue et faire en sorte que leurs priorit\u00e9s soient plac\u00e9es au c\u0153ur des prises de d\u00e9cision. Cela inclut des formations en d\u00e9veloppement \u00e9conomique, en gestion durable des for\u00eats, ainsi que la mise en \u0153uvre de m\u00e9canismes d\u2019approbation de projets men\u00e9s par les Peuples Autochtones eux-m\u00eames.&nbsp;<\/p>\n\n\n\n<figure class=\"wp-block-image size-full\"><img loading=\"lazy\" decoding=\"async\" width=\"940\" height=\"788\" src=\"https:\/\/www.fscindigenousfoundation.org\/wp-content\/uploads\/2025\/05\/articulo-climate-week-1.jpg\" alt=\"FSC-IF Mamitupu Gun Ogob\" class=\"wp-image-15595\"\/><\/figure>\n\n\n\n<p>Nous invitons tous les acteurs gouvernementaux, financiers et sociaux \u00e0 suivre de pr\u00e8s le travail de la Fondation et \u00e0 s\u2019engager en faveur d\u2019un avenir o\u00f9 les investissements s\u2019alignent sur les voix et les priorit\u00e9s autochtones. Il est temps que le financement mondial s\u2019enracine dans ces r\u00e9alit\u00e9s.&nbsp;<\/p>\n","protected":false},"excerpt":{"rendered":"<p>La Semaine du Climat et le Sommet de la Nature \u00e0 Panama<\/p>\n","protected":false},"author":3,"featured_media":15608,"comment_status":"closed","ping_status":"closed","sticky":false,"template":"","format":"standard","meta":{"footnotes":""},"categories":[2,22],"tags":[324,93,64,65,325,297],"class_list":["post-15622","post","type-post","status-publish","format-standard","has-post-thumbnail","hentry","category-non-classifiee","category-outstanding-news-fr","tag-climate-week-fr","tag-indigenous-leadership-fr","tag-indigenous-peoples-fr","tag-indigenous-rights-fr","tag-nature-summit-fr","tag-traditional-knowledge-fr"],"acf":[],"yoast_head":"<!-- This site is optimized with the Yoast SEO plugin v26.9 - https:\/\/yoast.com\/product\/yoast-seo-wordpress\/ -->\n<title>La Fondation Indig\u00e8ne FSC sera pr\u00e9sente au point de rencontre des \u00e9v\u00e9nements mondiaux \u00e0 Panama 2025 - Fondation Indig\u00e8ne FSC<\/title>\n<meta name=\"description\" content=\"La Fondation Autochtone du FSC participera \u00e0 la Semaine du Climat et au Sommet de la Nature au Panama, soulignant le r\u00f4le cl\u00e9 des Peuples Autochtones dans les solutions climatiques mondiales.\" \/>\n<meta name=\"robots\" content=\"index, follow, max-snippet:-1, max-image-preview:large, max-video-preview:-1\" \/>\n<link rel=\"canonical\" href=\"https:\/\/www.fscindigenousfoundation.org\/fr\/fsc-if-panama-2025-climat-nature\/\" \/>\n<meta property=\"og:locale\" content=\"fr_FR\" \/>\n<meta property=\"og:type\" content=\"article\" \/>\n<meta property=\"og:title\" content=\"La Fondation Indig\u00e8ne FSC sera pr\u00e9sente au point de rencontre des \u00e9v\u00e9nements mondiaux \u00e0 Panama 2025 - Fondation Indig\u00e8ne FSC\" \/>\n<meta property=\"og:description\" content=\"La Fondation Autochtone du FSC participera \u00e0 la Semaine du Climat et au Sommet de la Nature au Panama, soulignant le r\u00f4le cl\u00e9 des Peuples Autochtones dans les solutions climatiques mondiales.\" \/>\n<meta property=\"og:url\" content=\"https:\/\/www.fscindigenousfoundation.org\/fr\/fsc-if-panama-2025-climat-nature\/\" \/>\n<meta property=\"og:site_name\" content=\"Fondation Indig\u00e8ne FSC\" \/>\n<meta property=\"article:publisher\" content=\"https:\/\/www.facebook.com\/fscindigenousfoundation\" \/>\n<meta property=\"article:published_time\" content=\"2025-05-17T01:13:49+00:00\" \/>\n<meta property=\"article:modified_time\" content=\"2025-11-03T20:57:23+00:00\" \/>\n<meta property=\"og:image\" content=\"https:\/\/www.fscindigenousfoundation.org\/wp-content\/uploads\/2025\/05\/banner-climate-week-2025-1-1.png\" \/>\n\t<meta property=\"og:image:width\" content=\"957\" \/>\n\t<meta property=\"og:image:height\" content=\"354\" \/>\n\t<meta property=\"og:image:type\" content=\"image\/png\" \/>\n<meta name=\"author\" content=\"FSC IF\" \/>\n<meta name=\"twitter:card\" content=\"summary_large_image\" \/>\n<meta name=\"twitter:creator\" content=\"@fsc_if\" \/>\n<meta name=\"twitter:site\" content=\"@fsc_if\" \/>\n<meta name=\"twitter:label1\" content=\"Written by\" \/>\n\t<meta name=\"twitter:data1\" content=\"FSC IF\" \/>\n\t<meta name=\"twitter:label2\" content=\"Est. reading time\" \/>\n\t<meta name=\"twitter:data2\" content=\"6 minutes\" \/>\n<script type=\"application\/ld+json\" class=\"yoast-schema-graph\">{\"@context\":\"https:\/\/schema.org\",\"@graph\":[{\"@type\":\"Article\",\"@id\":\"https:\/\/www.fscindigenousfoundation.org\/fr\/fsc-if-panama-2025-climat-nature\/#article\",\"isPartOf\":{\"@id\":\"https:\/\/www.fscindigenousfoundation.org\/fr\/fsc-if-panama-2025-climat-nature\/\"},\"author\":{\"name\":\"FSC IF\",\"@id\":\"https:\/\/www.fscindigenousfoundation.org\/fr\/#\/schema\/person\/58a930ad98efcb8e01aac64b85daeef4\"},\"headline\":\"La Fondation Indig\u00e8ne FSC sera pr\u00e9sente au point de rencontre des \u00e9v\u00e9nements mondiaux \u00e0 Panama 2025\",\"datePublished\":\"2025-05-17T01:13:49+00:00\",\"dateModified\":\"2025-11-03T20:57:23+00:00\",\"mainEntityOfPage\":{\"@id\":\"https:\/\/www.fscindigenousfoundation.org\/fr\/fsc-if-panama-2025-climat-nature\/\"},\"wordCount\":1033,\"publisher\":{\"@id\":\"https:\/\/www.fscindigenousfoundation.org\/fr\/#organization\"},\"image\":{\"@id\":\"https:\/\/www.fscindigenousfoundation.org\/fr\/fsc-if-panama-2025-climat-nature\/#primaryimage\"},\"thumbnailUrl\":\"https:\/\/www.fscindigenousfoundation.org\/wp-content\/uploads\/2025\/05\/banner-climate-week-2025-1-1.png\",\"keywords\":[\"climate week\",\"Indigenous leadership\",\"Indigenous Peoples\",\"indigenous rights\",\"Nature Summit\",\"traditional knowledge\"],\"articleSection\":[\"Non classifi\u00e9(e)\",\"Outstanding news\"],\"inLanguage\":\"fr-FR\"},{\"@type\":\"WebPage\",\"@id\":\"https:\/\/www.fscindigenousfoundation.org\/fr\/fsc-if-panama-2025-climat-nature\/\",\"url\":\"https:\/\/www.fscindigenousfoundation.org\/fr\/fsc-if-panama-2025-climat-nature\/\",\"name\":\"La Fondation Indig\u00e8ne FSC sera pr\u00e9sente au point de rencontre des \u00e9v\u00e9nements mondiaux \u00e0 Panama 2025 - Fondation Indig\u00e8ne FSC\",\"isPartOf\":{\"@id\":\"https:\/\/www.fscindigenousfoundation.org\/fr\/#website\"},\"primaryImageOfPage\":{\"@id\":\"https:\/\/www.fscindigenousfoundation.org\/fr\/fsc-if-panama-2025-climat-nature\/#primaryimage\"},\"image\":{\"@id\":\"https:\/\/www.fscindigenousfoundation.org\/fr\/fsc-if-panama-2025-climat-nature\/#primaryimage\"},\"thumbnailUrl\":\"https:\/\/www.fscindigenousfoundation.org\/wp-content\/uploads\/2025\/05\/banner-climate-week-2025-1-1.png\",\"datePublished\":\"2025-05-17T01:13:49+00:00\",\"dateModified\":\"2025-11-03T20:57:23+00:00\",\"description\":\"La Fondation Autochtone du FSC participera \u00e0 la Semaine du Climat et au Sommet de la Nature au Panama, soulignant le r\u00f4le cl\u00e9 des Peuples Autochtones dans les solutions climatiques mondiales.\",\"breadcrumb\":{\"@id\":\"https:\/\/www.fscindigenousfoundation.org\/fr\/fsc-if-panama-2025-climat-nature\/#breadcrumb\"},\"inLanguage\":\"fr-FR\",\"potentialAction\":[{\"@type\":\"ReadAction\",\"target\":[\"https:\/\/www.fscindigenousfoundation.org\/fr\/fsc-if-panama-2025-climat-nature\/\"]}]},{\"@type\":\"ImageObject\",\"inLanguage\":\"fr-FR\",\"@id\":\"https:\/\/www.fscindigenousfoundation.org\/fr\/fsc-if-panama-2025-climat-nature\/#primaryimage\",\"url\":\"https:\/\/www.fscindigenousfoundation.org\/wp-content\/uploads\/2025\/05\/banner-climate-week-2025-1-1.png\",\"contentUrl\":\"https:\/\/www.fscindigenousfoundation.org\/wp-content\/uploads\/2025\/05\/banner-climate-week-2025-1-1.png\",\"width\":957,\"height\":354,\"caption\":\"Semana del Clima Nature Summit FSC IF\"},{\"@type\":\"BreadcrumbList\",\"@id\":\"https:\/\/www.fscindigenousfoundation.org\/fr\/fsc-if-panama-2025-climat-nature\/#breadcrumb\",\"itemListElement\":[{\"@type\":\"ListItem\",\"position\":1,\"name\":\"Home\",\"item\":\"https:\/\/www.fscindigenousfoundation.org\/fr\/\"},{\"@type\":\"ListItem\",\"position\":2,\"name\":\"La Fondation Indig\u00e8ne FSC sera pr\u00e9sente au point de rencontre des \u00e9v\u00e9nements mondiaux \u00e0 Panama 2025\"}]},{\"@type\":\"WebSite\",\"@id\":\"https:\/\/www.fscindigenousfoundation.org\/fr\/#website\",\"url\":\"https:\/\/www.fscindigenousfoundation.org\/fr\/\",\"name\":\"IPARD\",\"description\":\"La Fondation Indig\u00e8ne FSC est une fondation cr\u00e9\u00e9e pour apporter des solutions qui garantissent les droits des Autochtones et prot\u00e8gent leur territoire, leurs for\u00eats et leurs connaissances ancestrales.\",\"publisher\":{\"@id\":\"https:\/\/www.fscindigenousfoundation.org\/fr\/#organization\"},\"potentialAction\":[{\"@type\":\"SearchAction\",\"target\":{\"@type\":\"EntryPoint\",\"urlTemplate\":\"https:\/\/www.fscindigenousfoundation.org\/fr\/?s={search_term_string}\"},\"query-input\":{\"@type\":\"PropertyValueSpecification\",\"valueRequired\":true,\"valueName\":\"search_term_string\"}}],\"inLanguage\":\"fr-FR\"},{\"@type\":\"Organization\",\"@id\":\"https:\/\/www.fscindigenousfoundation.org\/fr\/#organization\",\"name\":\"FSC Indigenous Foundation\",\"url\":\"https:\/\/www.fscindigenousfoundation.org\/fr\/\",\"logo\":{\"@type\":\"ImageObject\",\"inLanguage\":\"fr-FR\",\"@id\":\"https:\/\/www.fscindigenousfoundation.org\/fr\/#\/schema\/logo\/image\/\",\"url\":\"https:\/\/www.fscindigenousfoundation.org\/wp-content\/uploads\/2021\/09\/fsc-indigenous-foundation-color.png\",\"contentUrl\":\"https:\/\/www.fscindigenousfoundation.org\/wp-content\/uploads\/2021\/09\/fsc-indigenous-foundation-color.png\",\"width\":657,\"height\":197,\"caption\":\"FSC Indigenous Foundation\"},\"image\":{\"@id\":\"https:\/\/www.fscindigenousfoundation.org\/fr\/#\/schema\/logo\/image\/\"},\"sameAs\":[\"https:\/\/www.facebook.com\/fscindigenousfoundation\",\"https:\/\/x.com\/fsc_if\",\"https:\/\/instagram.com\/fscindigenousfoundation\"]},{\"@type\":\"Person\",\"@id\":\"https:\/\/www.fscindigenousfoundation.org\/fr\/#\/schema\/person\/58a930ad98efcb8e01aac64b85daeef4\",\"name\":\"FSC IF\",\"url\":\"https:\/\/www.fscindigenousfoundation.org\/fr\/author\/communication\/\"}]}<\/script>\n<!-- \/ Yoast SEO plugin. -->","yoast_head_json":{"title":"La Fondation Indig\u00e8ne FSC sera pr\u00e9sente au point de rencontre des \u00e9v\u00e9nements mondiaux \u00e0 Panama 2025 - Fondation Indig\u00e8ne FSC","description":"La Fondation Autochtone du FSC participera \u00e0 la Semaine du Climat et au Sommet de la Nature au Panama, soulignant le r\u00f4le cl\u00e9 des Peuples Autochtones dans les solutions climatiques mondiales.","robots":{"index":"index","follow":"follow","max-snippet":"max-snippet:-1","max-image-preview":"max-image-preview:large","max-video-preview":"max-video-preview:-1"},"canonical":"https:\/\/www.fscindigenousfoundation.org\/fr\/fsc-if-panama-2025-climat-nature\/","og_locale":"fr_FR","og_type":"article","og_title":"La Fondation Indig\u00e8ne FSC sera pr\u00e9sente au point de rencontre des \u00e9v\u00e9nements mondiaux \u00e0 Panama 2025 - Fondation Indig\u00e8ne FSC","og_description":"La Fondation Autochtone du FSC participera \u00e0 la Semaine du Climat et au Sommet de la Nature au Panama, soulignant le r\u00f4le cl\u00e9 des Peuples Autochtones dans les solutions climatiques mondiales.","og_url":"https:\/\/www.fscindigenousfoundation.org\/fr\/fsc-if-panama-2025-climat-nature\/","og_site_name":"Fondation Indig\u00e8ne FSC","article_publisher":"https:\/\/www.facebook.com\/fscindigenousfoundation","article_published_time":"2025-05-17T01:13:49+00:00","article_modified_time":"2025-11-03T20:57:23+00:00","og_image":[{"width":957,"height":354,"url":"https:\/\/www.fscindigenousfoundation.org\/wp-content\/uploads\/2025\/05\/banner-climate-week-2025-1-1.png","type":"image\/png"}],"author":"FSC IF","twitter_card":"summary_large_image","twitter_creator":"@fsc_if","twitter_site":"@fsc_if","twitter_misc":{"Written by":"FSC IF","Est. reading time":"6 minutes"},"schema":{"@context":"https:\/\/schema.org","@graph":[{"@type":"Article","@id":"https:\/\/www.fscindigenousfoundation.org\/fr\/fsc-if-panama-2025-climat-nature\/#article","isPartOf":{"@id":"https:\/\/www.fscindigenousfoundation.org\/fr\/fsc-if-panama-2025-climat-nature\/"},"author":{"name":"FSC IF","@id":"https:\/\/www.fscindigenousfoundation.org\/fr\/#\/schema\/person\/58a930ad98efcb8e01aac64b85daeef4"},"headline":"La Fondation Indig\u00e8ne FSC sera pr\u00e9sente au point de rencontre des \u00e9v\u00e9nements mondiaux \u00e0 Panama 2025","datePublished":"2025-05-17T01:13:49+00:00","dateModified":"2025-11-03T20:57:23+00:00","mainEntityOfPage":{"@id":"https:\/\/www.fscindigenousfoundation.org\/fr\/fsc-if-panama-2025-climat-nature\/"},"wordCount":1033,"publisher":{"@id":"https:\/\/www.fscindigenousfoundation.org\/fr\/#organization"},"image":{"@id":"https:\/\/www.fscindigenousfoundation.org\/fr\/fsc-if-panama-2025-climat-nature\/#primaryimage"},"thumbnailUrl":"https:\/\/www.fscindigenousfoundation.org\/wp-content\/uploads\/2025\/05\/banner-climate-week-2025-1-1.png","keywords":["climate week","Indigenous leadership","Indigenous Peoples","indigenous rights","Nature Summit","traditional knowledge"],"articleSection":["Non classifi\u00e9(e)","Outstanding news"],"inLanguage":"fr-FR"},{"@type":"WebPage","@id":"https:\/\/www.fscindigenousfoundation.org\/fr\/fsc-if-panama-2025-climat-nature\/","url":"https:\/\/www.fscindigenousfoundation.org\/fr\/fsc-if-panama-2025-climat-nature\/","name":"La Fondation Indig\u00e8ne FSC sera pr\u00e9sente au point de rencontre des \u00e9v\u00e9nements mondiaux \u00e0 Panama 2025 - Fondation Indig\u00e8ne FSC","isPartOf":{"@id":"https:\/\/www.fscindigenousfoundation.org\/fr\/#website"},"primaryImageOfPage":{"@id":"https:\/\/www.fscindigenousfoundation.org\/fr\/fsc-if-panama-2025-climat-nature\/#primaryimage"},"image":{"@id":"https:\/\/www.fscindigenousfoundation.org\/fr\/fsc-if-panama-2025-climat-nature\/#primaryimage"},"thumbnailUrl":"https:\/\/www.fscindigenousfoundation.org\/wp-content\/uploads\/2025\/05\/banner-climate-week-2025-1-1.png","datePublished":"2025-05-17T01:13:49+00:00","dateModified":"2025-11-03T20:57:23+00:00","description":"La Fondation Autochtone du FSC participera \u00e0 la Semaine du Climat et au Sommet de la Nature au Panama, soulignant le r\u00f4le cl\u00e9 des Peuples Autochtones dans les solutions climatiques mondiales.","breadcrumb":{"@id":"https:\/\/www.fscindigenousfoundation.org\/fr\/fsc-if-panama-2025-climat-nature\/#breadcrumb"},"inLanguage":"fr-FR","potentialAction":[{"@type":"ReadAction","target":["https:\/\/www.fscindigenousfoundation.org\/fr\/fsc-if-panama-2025-climat-nature\/"]}]},{"@type":"ImageObject","inLanguage":"fr-FR","@id":"https:\/\/www.fscindigenousfoundation.org\/fr\/fsc-if-panama-2025-climat-nature\/#primaryimage","url":"https:\/\/www.fscindigenousfoundation.org\/wp-content\/uploads\/2025\/05\/banner-climate-week-2025-1-1.png","contentUrl":"https:\/\/www.fscindigenousfoundation.org\/wp-content\/uploads\/2025\/05\/banner-climate-week-2025-1-1.png","width":957,"height":354,"caption":"Semana del Clima Nature Summit FSC IF"},{"@type":"BreadcrumbList","@id":"https:\/\/www.fscindigenousfoundation.org\/fr\/fsc-if-panama-2025-climat-nature\/#breadcrumb","itemListElement":[{"@type":"ListItem","position":1,"name":"Home","item":"https:\/\/www.fscindigenousfoundation.org\/fr\/"},{"@type":"ListItem","position":2,"name":"La Fondation Indig\u00e8ne FSC sera pr\u00e9sente au point de rencontre des \u00e9v\u00e9nements mondiaux \u00e0 Panama 2025"}]},{"@type":"WebSite","@id":"https:\/\/www.fscindigenousfoundation.org\/fr\/#website","url":"https:\/\/www.fscindigenousfoundation.org\/fr\/","name":"IPARD","description":"La Fondation Indig\u00e8ne FSC est une fondation cr\u00e9\u00e9e pour apporter des solutions qui garantissent les droits des Autochtones et prot\u00e8gent leur territoire, leurs for\u00eats et leurs connaissances ancestrales.","publisher":{"@id":"https:\/\/www.fscindigenousfoundation.org\/fr\/#organization"},"potentialAction":[{"@type":"SearchAction","target":{"@type":"EntryPoint","urlTemplate":"https:\/\/www.fscindigenousfoundation.org\/fr\/?s={search_term_string}"},"query-input":{"@type":"PropertyValueSpecification","valueRequired":true,"valueName":"search_term_string"}}],"inLanguage":"fr-FR"},{"@type":"Organization","@id":"https:\/\/www.fscindigenousfoundation.org\/fr\/#organization","name":"FSC Indigenous Foundation","url":"https:\/\/www.fscindigenousfoundation.org\/fr\/","logo":{"@type":"ImageObject","inLanguage":"fr-FR","@id":"https:\/\/www.fscindigenousfoundation.org\/fr\/#\/schema\/logo\/image\/","url":"https:\/\/www.fscindigenousfoundation.org\/wp-content\/uploads\/2021\/09\/fsc-indigenous-foundation-color.png","contentUrl":"https:\/\/www.fscindigenousfoundation.org\/wp-content\/uploads\/2021\/09\/fsc-indigenous-foundation-color.png","width":657,"height":197,"caption":"FSC Indigenous Foundation"},"image":{"@id":"https:\/\/www.fscindigenousfoundation.org\/fr\/#\/schema\/logo\/image\/"},"sameAs":["https:\/\/www.facebook.com\/fscindigenousfoundation","https:\/\/x.com\/fsc_if","https:\/\/instagram.com\/fscindigenousfoundation"]},{"@type":"Person","@id":"https:\/\/www.fscindigenousfoundation.org\/fr\/#\/schema\/person\/58a930ad98efcb8e01aac64b85daeef4","name":"FSC IF","url":"https:\/\/www.fscindigenousfoundation.org\/fr\/author\/communication\/"}]}},"_links":{"self":[{"href":"https:\/\/www.fscindigenousfoundation.org\/fr\/wp-json\/wp\/v2\/posts\/15622","targetHints":{"allow":["GET"]}}],"collection":[{"href":"https:\/\/www.fscindigenousfoundation.org\/fr\/wp-json\/wp\/v2\/posts"}],"about":[{"href":"https:\/\/www.fscindigenousfoundation.org\/fr\/wp-json\/wp\/v2\/types\/post"}],"author":[{"embeddable":true,"href":"https:\/\/www.fscindigenousfoundation.org\/fr\/wp-json\/wp\/v2\/users\/3"}],"replies":[{"embeddable":true,"href":"https:\/\/www.fscindigenousfoundation.org\/fr\/wp-json\/wp\/v2\/comments?post=15622"}],"version-history":[{"count":4,"href":"https:\/\/www.fscindigenousfoundation.org\/fr\/wp-json\/wp\/v2\/posts\/15622\/revisions"}],"predecessor-version":[{"id":16927,"href":"https:\/\/www.fscindigenousfoundation.org\/fr\/wp-json\/wp\/v2\/posts\/15622\/revisions\/16927"}],"wp:featuredmedia":[{"embeddable":true,"href":"https:\/\/www.fscindigenousfoundation.org\/fr\/wp-json\/wp\/v2\/media\/15608"}],"wp:attachment":[{"href":"https:\/\/www.fscindigenousfoundation.org\/fr\/wp-json\/wp\/v2\/media?parent=15622"}],"wp:term":[{"taxonomy":"category","embeddable":true,"href":"https:\/\/www.fscindigenousfoundation.org\/fr\/wp-json\/wp\/v2\/categories?post=15622"},{"taxonomy":"post_tag","embeddable":true,"href":"https:\/\/www.fscindigenousfoundation.org\/fr\/wp-json\/wp\/v2\/tags?post=15622"}],"curies":[{"name":"wp","href":"https:\/\/api.w.org\/{rel}","templated":true}]}}