{"id":13728,"date":"2024-09-30T09:00:00","date_gmt":"2024-09-30T13:00:00","guid":{"rendered":"https:\/\/www.fscindigenousfoundation.org\/?p=13728"},"modified":"2025-11-03T10:07:40","modified_gmt":"2025-11-03T15:07:40","slug":"nomination-subhra-bhattacharjee-directrice-generale-fsc","status":"publish","type":"post","link":"https:\/\/www.fscindigenousfoundation.org\/fr\/nomination-subhra-bhattacharjee-directrice-generale-fsc\/","title":{"rendered":"Subhra Bhattacharjee nomm\u00e9e Directrice g\u00e9n\u00e9rale de FSC International"},"content":{"rendered":"\n<p><\/p>\n\n\n\n<div class=\"wp-block-media-text alignwide is-stacked-on-mobile\" style=\"grid-template-columns:16% auto\"><figure class=\"wp-block-media-text__media\"><img loading=\"lazy\" decoding=\"async\" width=\"600\" height=\"1085\" src=\"https:\/\/www.fscindigenousfoundation.org\/wp-content\/uploads\/2024\/09\/subhra-headshot.jpg\" alt=\"Dr. Subhra Bhattacharjee\" class=\"wp-image-13716 size-full\"\/><\/figure><div class=\"wp-block-media-text__content\">\n<p><strong>[Bonn, Allemagne, 30 septembre 2024] <\/strong>\u2013 Au nom du Forest Stewardship Council (FSC), le conseil d&#8217;administration international de FSC a la joie de vous annoncer que Subhra Bhattacharjee est la nouvelle directrice g\u00e9n\u00e9rale de FSC \u00e0 compter du 1<sup>er <\/sup>octobre 2024.<\/p>\n\n\n\n<p>Subhra Bhattacharjee a plus de 20 ans d&#8217;exp\u00e9rience dans le domaine des politiques publiques et de la programmation en mati\u00e8re de changement climatique et de d\u00e9veloppement durable. Elle a travaill\u00e9 en \u00e9troite collaboration avec des gouvernements, des ONG, des universit\u00e9s et le secteur priv\u00e9 dans le monde entier. Apr\u00e8s avoir travaill\u00e9 pour la banque centrale indienne (Reserve Bank of India) et fait un bref passage dans le milieu universitaire, elle a rejoint les Nations Unies.<\/p>\n\n\n\n<p>Subhra Bhattacharjee est titulaire d&#8217;une ma\u00eetrise de philosophie en \u00e9conomie de l&#8217;universit\u00e9 Jawaharlal Nehru et d&#8217;un doctorat en \u00e9conomie de l&#8217;universit\u00e9 d&#8217;\u00c9tat de l&#8217;Iowa.<\/p>\n<\/div><\/div>\n\n\n\n<p><\/p>\n\n\n\n<p>Stuart Valintine, Pr\u00e9sident du Conseil d&#8217;administration de FSC International, a d\u00e9clar\u00e9, \u00ab <em>l&#8217;expertise de Subhra Bhattacharjee et son exp\u00e9rience dans le domaine du d\u00e9veloppement international et du leadership lui seront tr\u00e8s utiles \u00e0 cette \u00e9tape critique de la croissance organisationnelle de FSC<\/em>. \u00bb<\/p>\n\n\n\n<p>La vision ambitieuse de Subhra Bhattacharjee est en ad\u00e9quation avec la mission et les futurs objectifs de FSC, qui souhaite s&#8217;appuyer sur ses membres, son r\u00e9seau et des partenariats de collaboration pour renforcer la gestion des for\u00eats \u00e0 l&#8217;\u00e9chelle mondiale afin de les prot\u00e9ger et de les g\u00e9rer durablement. .<\/p>\n\n\n\n<p>Subhra Bhattacharjee a comment\u00e9 sa nomination en expliquant :<em> \u00ab c&#8217;est un honneur et un privil\u00e8ge de rejoindre FSC en tant que directrice g\u00e9n\u00e9rale. Nous devons agir de toute urgence <\/em><em>pour att\u00e9nuer les crises mondiales du climat et de la biodiversit\u00e9, et pour cela il est essentiel de pr\u00e9server, de restaurer et d&#8217;utiliser de mani\u00e8re durable les for\u00eats tout en respectant les communaut\u00e9s qui en d\u00e9pendent. Dans ce contexte, la mission et le r\u00f4le de FSC sont plus importants que jamais. Je me r\u00e9jouis de travailler avec l&#8217;ensemble de la communaut\u00e9 et des partenaires de FSC pour maximiser la contribution des for\u00eats au d\u00e9veloppement durable \u00bb.<\/em><\/p>\n\n\n\n<p>Le directeur g\u00e9n\u00e9ral sortant de FSC, Kim Carstensen, d\u00e9clare : \u00ab <em>Guid\u00e9 par sa vision mondiale consistant \u00e0 r\u00e9pondre aux besoins mondiaux en produits forestiers tout en prot\u00e9geant les for\u00eats, FSC a grandement contribu\u00e9 \u00e0 l&#8217;avenir de la plan\u00e8te au cours des 12 derni\u00e8res ann\u00e9es, et j&#8217;adresse \u00e0 Subhra Bhattacharjee tous mes v\u0153ux de succ\u00e8s dans ce r\u00f4le essentiel. Son expertise et sa vision correspondent exactement \u00e0 ce dont FSC a besoin pour continuer \u00e0 r\u00e9pondre \u00e0 certains des d\u00e9fis les plus pressants de notre \u00e9poque<\/em>. \u00bb<\/p>\n\n\n\n<p>La nomination de Subhra Bhattacharjee ouvre de nouvelles perspectives et insuffle de l&#8217;\u00e9nergie \u00e0 l&#8217;organisation, \u00e9crivant un nouveau chapitre de la mission de FSC pour promouvoir la gestion responsable des for\u00eats de la plan\u00e8te et assurer leur r\u00e9silience \u00e0 long terme.<\/p>\n\n\n\n<p><br><strong>A propos de FSC : <\/strong>FSC est une organisation \u00e0 but non lucratif qui propose une solution de gestion foresti\u00e8re durable ayant fait ses preuves. On recense actuellement dans le monde 160 millions d&#8217;hectares de for\u00eats certifi\u00e9s d&#8217;apr\u00e8s les normes FSC. FSC est largement consid\u00e9r\u00e9 comme le syst\u00e8me de certification foresti\u00e8re le plus rigoureux par les ONG, les consommateurs et les entreprises pour faire face aux d\u00e9fis actuels en mati\u00e8re de d\u00e9forestation, de climat et de biodiversit\u00e9. La norme de gestion foresti\u00e8re FSC est bas\u00e9e sur dix principes essentiels con\u00e7us pour couvrir un vaste \u00e9ventail de facteurs environnementaux, sociaux et \u00e9conomiques. Le label \u00ab arbre coch\u00e9 \u00bb de FSC figure sur des millions de produits d&#8217;origine foresti\u00e8re et atteste qu&#8217;ils proviennent d&#8217;une source durable, de la for\u00eat au consommateur<\/p>\n\n\n\n<p><strong>Pour toute demande de service de presse, veuillez contacter <\/strong><a href=\"mailto:media@fsc.org\">media@fsc.org<\/a><\/p>\n","protected":false},"excerpt":{"rendered":"<p>La FSC Indigenous Foundation souhaite la bienvenue \u00e0 Mme Bhattacharjee au sein de la famille FSC.<\/p>\n","protected":false},"author":2,"featured_media":13717,"comment_status":"closed","ping_status":"closed","sticky":false,"template":"","format":"standard","meta":{"footnotes":""},"categories":[2,22],"tags":[76,63,653,650,648,521,651,652,649],"class_list":["post-13728","post","type-post","status-publish","format-standard","has-post-thumbnail","hentry","category-non-classifiee","category-outstanding-news-fr","tag-changement-climatique","tag-climate-change-fr","tag-developpement-durable","tag-directrice-generale","tag-fsc-international","tag-fsc-if-4","tag-gestion-forestiere-responsable","tag-nomination","tag-subhra-bhattacharjee"],"acf":[],"yoast_head":"<!-- This site is optimized with the Yoast SEO plugin v26.9 - https:\/\/yoast.com\/product\/yoast-seo-wordpress\/ -->\n<title>Subhra Bhattacharjee nomm\u00e9e Directrice g\u00e9n\u00e9rale de FSC International - Fondation Indig\u00e8ne FSC<\/title>\n<meta name=\"description\" content=\"Subhra Bhattacharjee, experte en d\u00e9veloppement durable et changement climatique, est nomm\u00e9e nouvelle Directrice G\u00e9n\u00e9rale de FSC International. Sa vision renforcera la gestion responsable des for\u00eats mondiales.\" \/>\n<meta name=\"robots\" content=\"index, follow, max-snippet:-1, max-image-preview:large, max-video-preview:-1\" \/>\n<link rel=\"canonical\" href=\"https:\/\/www.fscindigenousfoundation.org\/fr\/nomination-subhra-bhattacharjee-directrice-generale-fsc\/\" \/>\n<meta property=\"og:locale\" content=\"fr_FR\" \/>\n<meta property=\"og:type\" content=\"article\" \/>\n<meta property=\"og:title\" content=\"Subhra Bhattacharjee nomm\u00e9e Directrice g\u00e9n\u00e9rale de FSC International\" \/>\n<meta property=\"og:description\" content=\"La FSC Indigenous Foundation souhaite la bienvenue \u00e0 Mme Bhattacharjee au sein de la famille FSC\" \/>\n<meta property=\"og:url\" content=\"https:\/\/www.fscindigenousfoundation.org\/fr\/nomination-subhra-bhattacharjee-directrice-generale-fsc\/\" \/>\n<meta property=\"og:site_name\" content=\"Fondation Indig\u00e8ne FSC\" \/>\n<meta property=\"article:publisher\" content=\"https:\/\/www.facebook.com\/fscindigenousfoundation\" \/>\n<meta property=\"article:published_time\" content=\"2024-09-30T13:00:00+00:00\" \/>\n<meta property=\"article:modified_time\" content=\"2025-11-03T15:07:40+00:00\" \/>\n<meta property=\"og:image\" content=\"https:\/\/www.fscindigenousfoundation.org\/wp-content\/uploads\/2024\/09\/subhra-headshot.jpg\" \/>\n\t<meta property=\"og:image:width\" content=\"600\" \/>\n\t<meta property=\"og:image:height\" content=\"1085\" \/>\n\t<meta property=\"og:image:type\" content=\"image\/jpeg\" \/>\n<meta name=\"author\" content=\"FSC-IF\" \/>\n<meta name=\"twitter:card\" content=\"summary_large_image\" \/>\n<meta name=\"twitter:title\" content=\"Subhra Bhattacharjee nomm\u00e9e Directrice g\u00e9n\u00e9rale de FSC International\" \/>\n<meta name=\"twitter:description\" content=\"La FSC Indigenous Foundation souhaite la bienvenue \u00e0 Mme Bhattacharjee au sein de la famille FSC\" \/>\n<meta name=\"twitter:image\" content=\"https:\/\/www.fscindigenousfoundation.org\/wp-content\/uploads\/2024\/09\/subhra-headshot.jpg\" \/>\n<meta name=\"twitter:creator\" content=\"@fsc_if\" \/>\n<meta name=\"twitter:site\" content=\"@fsc_if\" \/>\n<meta name=\"twitter:label1\" content=\"Written by\" \/>\n\t<meta name=\"twitter:data1\" content=\"FSC-IF\" \/>\n\t<meta name=\"twitter:label2\" content=\"Est. reading time\" \/>\n\t<meta name=\"twitter:data2\" content=\"4 minutes\" \/>\n<script type=\"application\/ld+json\" class=\"yoast-schema-graph\">{\"@context\":\"https:\/\/schema.org\",\"@graph\":[{\"@type\":\"Article\",\"@id\":\"https:\/\/www.fscindigenousfoundation.org\/fr\/nomination-subhra-bhattacharjee-directrice-generale-fsc\/#article\",\"isPartOf\":{\"@id\":\"https:\/\/www.fscindigenousfoundation.org\/fr\/nomination-subhra-bhattacharjee-directrice-generale-fsc\/\"},\"author\":{\"name\":\"FSC-IF\",\"@id\":\"https:\/\/www.fscindigenousfoundation.org\/fr\/#\/schema\/person\/0c54626e047eb40bf736bd993ad26ec9\"},\"headline\":\"Subhra Bhattacharjee nomm\u00e9e Directrice g\u00e9n\u00e9rale de FSC International\",\"datePublished\":\"2024-09-30T13:00:00+00:00\",\"dateModified\":\"2025-11-03T15:07:40+00:00\",\"mainEntityOfPage\":{\"@id\":\"https:\/\/www.fscindigenousfoundation.org\/fr\/nomination-subhra-bhattacharjee-directrice-generale-fsc\/\"},\"wordCount\":675,\"publisher\":{\"@id\":\"https:\/\/www.fscindigenousfoundation.org\/fr\/#organization\"},\"image\":{\"@id\":\"https:\/\/www.fscindigenousfoundation.org\/fr\/nomination-subhra-bhattacharjee-directrice-generale-fsc\/#primaryimage\"},\"thumbnailUrl\":\"https:\/\/www.fscindigenousfoundation.org\/wp-content\/uploads\/2024\/09\/subhra-headshot.jpg\",\"keywords\":[\"changement climatique\",\"Climate Change\",\"D\u00e9veloppement Durable\",\"Directrice G\u00e9n\u00e9rale\",\"FSC International\",\"FSC-IF\",\"Gestion Foresti\u00e8re Responsable\",\"Nomination\",\"Subhra Bhattacharjee\"],\"articleSection\":[\"Non classifi\u00e9(e)\",\"Outstanding news\"],\"inLanguage\":\"fr-FR\"},{\"@type\":\"WebPage\",\"@id\":\"https:\/\/www.fscindigenousfoundation.org\/fr\/nomination-subhra-bhattacharjee-directrice-generale-fsc\/\",\"url\":\"https:\/\/www.fscindigenousfoundation.org\/fr\/nomination-subhra-bhattacharjee-directrice-generale-fsc\/\",\"name\":\"Subhra Bhattacharjee nomm\u00e9e Directrice g\u00e9n\u00e9rale de FSC International - Fondation Indig\u00e8ne FSC\",\"isPartOf\":{\"@id\":\"https:\/\/www.fscindigenousfoundation.org\/fr\/#website\"},\"primaryImageOfPage\":{\"@id\":\"https:\/\/www.fscindigenousfoundation.org\/fr\/nomination-subhra-bhattacharjee-directrice-generale-fsc\/#primaryimage\"},\"image\":{\"@id\":\"https:\/\/www.fscindigenousfoundation.org\/fr\/nomination-subhra-bhattacharjee-directrice-generale-fsc\/#primaryimage\"},\"thumbnailUrl\":\"https:\/\/www.fscindigenousfoundation.org\/wp-content\/uploads\/2024\/09\/subhra-headshot.jpg\",\"datePublished\":\"2024-09-30T13:00:00+00:00\",\"dateModified\":\"2025-11-03T15:07:40+00:00\",\"description\":\"Subhra Bhattacharjee, experte en d\u00e9veloppement durable et changement climatique, est nomm\u00e9e nouvelle Directrice G\u00e9n\u00e9rale de FSC International. Sa vision renforcera la gestion responsable des for\u00eats mondiales.\",\"breadcrumb\":{\"@id\":\"https:\/\/www.fscindigenousfoundation.org\/fr\/nomination-subhra-bhattacharjee-directrice-generale-fsc\/#breadcrumb\"},\"inLanguage\":\"fr-FR\",\"potentialAction\":[{\"@type\":\"ReadAction\",\"target\":[\"https:\/\/www.fscindigenousfoundation.org\/fr\/nomination-subhra-bhattacharjee-directrice-generale-fsc\/\"]}]},{\"@type\":\"ImageObject\",\"inLanguage\":\"fr-FR\",\"@id\":\"https:\/\/www.fscindigenousfoundation.org\/fr\/nomination-subhra-bhattacharjee-directrice-generale-fsc\/#primaryimage\",\"url\":\"https:\/\/www.fscindigenousfoundation.org\/wp-content\/uploads\/2024\/09\/subhra-headshot.jpg\",\"contentUrl\":\"https:\/\/www.fscindigenousfoundation.org\/wp-content\/uploads\/2024\/09\/subhra-headshot.jpg\",\"width\":600,\"height\":1085,\"caption\":\"Dr. Subhra Bhattacharjee\"},{\"@type\":\"BreadcrumbList\",\"@id\":\"https:\/\/www.fscindigenousfoundation.org\/fr\/nomination-subhra-bhattacharjee-directrice-generale-fsc\/#breadcrumb\",\"itemListElement\":[{\"@type\":\"ListItem\",\"position\":1,\"name\":\"Home\",\"item\":\"https:\/\/www.fscindigenousfoundation.org\/fr\/\"},{\"@type\":\"ListItem\",\"position\":2,\"name\":\"Subhra Bhattacharjee nomm\u00e9e Directrice g\u00e9n\u00e9rale de FSC International\"}]},{\"@type\":\"WebSite\",\"@id\":\"https:\/\/www.fscindigenousfoundation.org\/fr\/#website\",\"url\":\"https:\/\/www.fscindigenousfoundation.org\/fr\/\",\"name\":\"IPARD\",\"description\":\"La Fondation Indig\u00e8ne FSC est une fondation cr\u00e9\u00e9e pour apporter des solutions qui garantissent les droits des Autochtones et prot\u00e8gent leur territoire, leurs for\u00eats et leurs connaissances ancestrales.\",\"publisher\":{\"@id\":\"https:\/\/www.fscindigenousfoundation.org\/fr\/#organization\"},\"potentialAction\":[{\"@type\":\"SearchAction\",\"target\":{\"@type\":\"EntryPoint\",\"urlTemplate\":\"https:\/\/www.fscindigenousfoundation.org\/fr\/?s={search_term_string}\"},\"query-input\":{\"@type\":\"PropertyValueSpecification\",\"valueRequired\":true,\"valueName\":\"search_term_string\"}}],\"inLanguage\":\"fr-FR\"},{\"@type\":\"Organization\",\"@id\":\"https:\/\/www.fscindigenousfoundation.org\/fr\/#organization\",\"name\":\"FSC Indigenous Foundation\",\"url\":\"https:\/\/www.fscindigenousfoundation.org\/fr\/\",\"logo\":{\"@type\":\"ImageObject\",\"inLanguage\":\"fr-FR\",\"@id\":\"https:\/\/www.fscindigenousfoundation.org\/fr\/#\/schema\/logo\/image\/\",\"url\":\"https:\/\/www.fscindigenousfoundation.org\/wp-content\/uploads\/2021\/09\/fsc-indigenous-foundation-color.png\",\"contentUrl\":\"https:\/\/www.fscindigenousfoundation.org\/wp-content\/uploads\/2021\/09\/fsc-indigenous-foundation-color.png\",\"width\":657,\"height\":197,\"caption\":\"FSC Indigenous Foundation\"},\"image\":{\"@id\":\"https:\/\/www.fscindigenousfoundation.org\/fr\/#\/schema\/logo\/image\/\"},\"sameAs\":[\"https:\/\/www.facebook.com\/fscindigenousfoundation\",\"https:\/\/x.com\/fsc_if\",\"https:\/\/instagram.com\/fscindigenousfoundation\"]},{\"@type\":\"Person\",\"@id\":\"https:\/\/www.fscindigenousfoundation.org\/fr\/#\/schema\/person\/0c54626e047eb40bf736bd993ad26ec9\",\"name\":\"FSC-IF\",\"url\":\"https:\/\/www.fscindigenousfoundation.org\/fr\/author\/fscif\/\"}]}<\/script>\n<!-- \/ Yoast SEO plugin. -->","yoast_head_json":{"title":"Subhra Bhattacharjee nomm\u00e9e Directrice g\u00e9n\u00e9rale de FSC International - Fondation Indig\u00e8ne FSC","description":"Subhra Bhattacharjee, experte en d\u00e9veloppement durable et changement climatique, est nomm\u00e9e nouvelle Directrice G\u00e9n\u00e9rale de FSC International. Sa vision renforcera la gestion responsable des for\u00eats mondiales.","robots":{"index":"index","follow":"follow","max-snippet":"max-snippet:-1","max-image-preview":"max-image-preview:large","max-video-preview":"max-video-preview:-1"},"canonical":"https:\/\/www.fscindigenousfoundation.org\/fr\/nomination-subhra-bhattacharjee-directrice-generale-fsc\/","og_locale":"fr_FR","og_type":"article","og_title":"Subhra Bhattacharjee nomm\u00e9e Directrice g\u00e9n\u00e9rale de FSC International","og_description":"La FSC Indigenous Foundation souhaite la bienvenue \u00e0 Mme Bhattacharjee au sein de la famille FSC","og_url":"https:\/\/www.fscindigenousfoundation.org\/fr\/nomination-subhra-bhattacharjee-directrice-generale-fsc\/","og_site_name":"Fondation Indig\u00e8ne FSC","article_publisher":"https:\/\/www.facebook.com\/fscindigenousfoundation","article_published_time":"2024-09-30T13:00:00+00:00","article_modified_time":"2025-11-03T15:07:40+00:00","og_image":[{"width":600,"height":1085,"url":"https:\/\/www.fscindigenousfoundation.org\/wp-content\/uploads\/2024\/09\/subhra-headshot.jpg","type":"image\/jpeg"}],"author":"FSC-IF","twitter_card":"summary_large_image","twitter_title":"Subhra Bhattacharjee nomm\u00e9e Directrice g\u00e9n\u00e9rale de FSC International","twitter_description":"La FSC Indigenous Foundation souhaite la bienvenue \u00e0 Mme Bhattacharjee au sein de la famille FSC","twitter_image":"https:\/\/www.fscindigenousfoundation.org\/wp-content\/uploads\/2024\/09\/subhra-headshot.jpg","twitter_creator":"@fsc_if","twitter_site":"@fsc_if","twitter_misc":{"Written by":"FSC-IF","Est. reading time":"4 minutes"},"schema":{"@context":"https:\/\/schema.org","@graph":[{"@type":"Article","@id":"https:\/\/www.fscindigenousfoundation.org\/fr\/nomination-subhra-bhattacharjee-directrice-generale-fsc\/#article","isPartOf":{"@id":"https:\/\/www.fscindigenousfoundation.org\/fr\/nomination-subhra-bhattacharjee-directrice-generale-fsc\/"},"author":{"name":"FSC-IF","@id":"https:\/\/www.fscindigenousfoundation.org\/fr\/#\/schema\/person\/0c54626e047eb40bf736bd993ad26ec9"},"headline":"Subhra Bhattacharjee nomm\u00e9e Directrice g\u00e9n\u00e9rale de FSC International","datePublished":"2024-09-30T13:00:00+00:00","dateModified":"2025-11-03T15:07:40+00:00","mainEntityOfPage":{"@id":"https:\/\/www.fscindigenousfoundation.org\/fr\/nomination-subhra-bhattacharjee-directrice-generale-fsc\/"},"wordCount":675,"publisher":{"@id":"https:\/\/www.fscindigenousfoundation.org\/fr\/#organization"},"image":{"@id":"https:\/\/www.fscindigenousfoundation.org\/fr\/nomination-subhra-bhattacharjee-directrice-generale-fsc\/#primaryimage"},"thumbnailUrl":"https:\/\/www.fscindigenousfoundation.org\/wp-content\/uploads\/2024\/09\/subhra-headshot.jpg","keywords":["changement climatique","Climate Change","D\u00e9veloppement Durable","Directrice G\u00e9n\u00e9rale","FSC International","FSC-IF","Gestion Foresti\u00e8re Responsable","Nomination","Subhra Bhattacharjee"],"articleSection":["Non classifi\u00e9(e)","Outstanding news"],"inLanguage":"fr-FR"},{"@type":"WebPage","@id":"https:\/\/www.fscindigenousfoundation.org\/fr\/nomination-subhra-bhattacharjee-directrice-generale-fsc\/","url":"https:\/\/www.fscindigenousfoundation.org\/fr\/nomination-subhra-bhattacharjee-directrice-generale-fsc\/","name":"Subhra Bhattacharjee nomm\u00e9e Directrice g\u00e9n\u00e9rale de FSC International - Fondation Indig\u00e8ne FSC","isPartOf":{"@id":"https:\/\/www.fscindigenousfoundation.org\/fr\/#website"},"primaryImageOfPage":{"@id":"https:\/\/www.fscindigenousfoundation.org\/fr\/nomination-subhra-bhattacharjee-directrice-generale-fsc\/#primaryimage"},"image":{"@id":"https:\/\/www.fscindigenousfoundation.org\/fr\/nomination-subhra-bhattacharjee-directrice-generale-fsc\/#primaryimage"},"thumbnailUrl":"https:\/\/www.fscindigenousfoundation.org\/wp-content\/uploads\/2024\/09\/subhra-headshot.jpg","datePublished":"2024-09-30T13:00:00+00:00","dateModified":"2025-11-03T15:07:40+00:00","description":"Subhra Bhattacharjee, experte en d\u00e9veloppement durable et changement climatique, est nomm\u00e9e nouvelle Directrice G\u00e9n\u00e9rale de FSC International. Sa vision renforcera la gestion responsable des for\u00eats mondiales.","breadcrumb":{"@id":"https:\/\/www.fscindigenousfoundation.org\/fr\/nomination-subhra-bhattacharjee-directrice-generale-fsc\/#breadcrumb"},"inLanguage":"fr-FR","potentialAction":[{"@type":"ReadAction","target":["https:\/\/www.fscindigenousfoundation.org\/fr\/nomination-subhra-bhattacharjee-directrice-generale-fsc\/"]}]},{"@type":"ImageObject","inLanguage":"fr-FR","@id":"https:\/\/www.fscindigenousfoundation.org\/fr\/nomination-subhra-bhattacharjee-directrice-generale-fsc\/#primaryimage","url":"https:\/\/www.fscindigenousfoundation.org\/wp-content\/uploads\/2024\/09\/subhra-headshot.jpg","contentUrl":"https:\/\/www.fscindigenousfoundation.org\/wp-content\/uploads\/2024\/09\/subhra-headshot.jpg","width":600,"height":1085,"caption":"Dr. Subhra Bhattacharjee"},{"@type":"BreadcrumbList","@id":"https:\/\/www.fscindigenousfoundation.org\/fr\/nomination-subhra-bhattacharjee-directrice-generale-fsc\/#breadcrumb","itemListElement":[{"@type":"ListItem","position":1,"name":"Home","item":"https:\/\/www.fscindigenousfoundation.org\/fr\/"},{"@type":"ListItem","position":2,"name":"Subhra Bhattacharjee nomm\u00e9e Directrice g\u00e9n\u00e9rale de FSC International"}]},{"@type":"WebSite","@id":"https:\/\/www.fscindigenousfoundation.org\/fr\/#website","url":"https:\/\/www.fscindigenousfoundation.org\/fr\/","name":"IPARD","description":"La Fondation Indig\u00e8ne FSC est une fondation cr\u00e9\u00e9e pour apporter des solutions qui garantissent les droits des Autochtones et prot\u00e8gent leur territoire, leurs for\u00eats et leurs connaissances ancestrales.","publisher":{"@id":"https:\/\/www.fscindigenousfoundation.org\/fr\/#organization"},"potentialAction":[{"@type":"SearchAction","target":{"@type":"EntryPoint","urlTemplate":"https:\/\/www.fscindigenousfoundation.org\/fr\/?s={search_term_string}"},"query-input":{"@type":"PropertyValueSpecification","valueRequired":true,"valueName":"search_term_string"}}],"inLanguage":"fr-FR"},{"@type":"Organization","@id":"https:\/\/www.fscindigenousfoundation.org\/fr\/#organization","name":"FSC Indigenous Foundation","url":"https:\/\/www.fscindigenousfoundation.org\/fr\/","logo":{"@type":"ImageObject","inLanguage":"fr-FR","@id":"https:\/\/www.fscindigenousfoundation.org\/fr\/#\/schema\/logo\/image\/","url":"https:\/\/www.fscindigenousfoundation.org\/wp-content\/uploads\/2021\/09\/fsc-indigenous-foundation-color.png","contentUrl":"https:\/\/www.fscindigenousfoundation.org\/wp-content\/uploads\/2021\/09\/fsc-indigenous-foundation-color.png","width":657,"height":197,"caption":"FSC Indigenous Foundation"},"image":{"@id":"https:\/\/www.fscindigenousfoundation.org\/fr\/#\/schema\/logo\/image\/"},"sameAs":["https:\/\/www.facebook.com\/fscindigenousfoundation","https:\/\/x.com\/fsc_if","https:\/\/instagram.com\/fscindigenousfoundation"]},{"@type":"Person","@id":"https:\/\/www.fscindigenousfoundation.org\/fr\/#\/schema\/person\/0c54626e047eb40bf736bd993ad26ec9","name":"FSC-IF","url":"https:\/\/www.fscindigenousfoundation.org\/fr\/author\/fscif\/"}]}},"_links":{"self":[{"href":"https:\/\/www.fscindigenousfoundation.org\/fr\/wp-json\/wp\/v2\/posts\/13728","targetHints":{"allow":["GET"]}}],"collection":[{"href":"https:\/\/www.fscindigenousfoundation.org\/fr\/wp-json\/wp\/v2\/posts"}],"about":[{"href":"https:\/\/www.fscindigenousfoundation.org\/fr\/wp-json\/wp\/v2\/types\/post"}],"author":[{"embeddable":true,"href":"https:\/\/www.fscindigenousfoundation.org\/fr\/wp-json\/wp\/v2\/users\/2"}],"replies":[{"embeddable":true,"href":"https:\/\/www.fscindigenousfoundation.org\/fr\/wp-json\/wp\/v2\/comments?post=13728"}],"version-history":[{"count":2,"href":"https:\/\/www.fscindigenousfoundation.org\/fr\/wp-json\/wp\/v2\/posts\/13728\/revisions"}],"predecessor-version":[{"id":16903,"href":"https:\/\/www.fscindigenousfoundation.org\/fr\/wp-json\/wp\/v2\/posts\/13728\/revisions\/16903"}],"wp:featuredmedia":[{"embeddable":true,"href":"https:\/\/www.fscindigenousfoundation.org\/fr\/wp-json\/wp\/v2\/media\/13717"}],"wp:attachment":[{"href":"https:\/\/www.fscindigenousfoundation.org\/fr\/wp-json\/wp\/v2\/media?parent=13728"}],"wp:term":[{"taxonomy":"category","embeddable":true,"href":"https:\/\/www.fscindigenousfoundation.org\/fr\/wp-json\/wp\/v2\/categories?post=13728"},{"taxonomy":"post_tag","embeddable":true,"href":"https:\/\/www.fscindigenousfoundation.org\/fr\/wp-json\/wp\/v2\/tags?post=13728"}],"curies":[{"name":"wp","href":"https:\/\/api.w.org\/{rel}","templated":true}]}}