{"id":13618,"date":"2024-09-11T18:44:36","date_gmt":"2024-09-11T22:44:36","guid":{"rendered":"https:\/\/www.fscindigenousfoundation.org\/introducing-our-deep-connections-fellows\/"},"modified":"2025-11-03T10:17:16","modified_gmt":"2025-11-03T15:17:16","slug":"boursiers-deep-connections-jeunes-leaders-autochtones","status":"publish","type":"post","link":"https:\/\/www.fscindigenousfoundation.org\/fr\/boursiers-deep-connections-jeunes-leaders-autochtones\/","title":{"rendered":"Nous vous pr\u00e9sentons nos boursiers Connexions profondes !"},"content":{"rendered":"\n<p>Des jeunes Autochtones du monde entier participeront au sommet One Young World et rejoindront notre r\u00e9seau de jeunes.<\/p>\n\n\n\n<p>Les jeunes Autochtones sont le pr\u00e9sent et l&#8217;avenir. Ils sont le pont entre les savoirs ancestraux et le monde moderne, porteurs des connaissances scientifiques et de la culture autochtones, et d\u00e9fendent les terres ancestrales. C&#8217;est pourquoi nous sommes heureux d&#8217;annoncer les 15 jeunes leaders Autochtones qui rejoindront notre bourse Deep Connections.<\/p>\n\n\n\n<p>Tous les boursiers rejoindront le r\u00e9seau de jeunes Autochtones de la FSC Indigenous Foundation et participeront au <a href=\"https:\/\/www.oneyoungworld.com\/summit-2024\" target=\"_blank\" rel=\"noreferrer noopener\">sommet One Young World<\/a> \u00e0 Montr\u00e9al, au Canada, du 17 au 21 septembre 2024.<\/p>\n\n\n\n<p>Rencontrez nos boursiers ci-dessous !<\/p>\n\n\n\n<p><\/p>\n\n\n\n<div class=\"wp-block-media-text alignwide is-stacked-on-mobile\"><figure class=\"wp-block-media-text__media\"><img loading=\"lazy\" decoding=\"async\" width=\"1200\" height=\"1200\" src=\"https:\/\/www.fscindigenousfoundation.org\/wp-content\/uploads\/2024\/09\/dcf-2-1.jpg\" alt=\"Daniel Jason Maches Deep Connections Fellowship\" class=\"wp-image-13573 size-full\"\/><\/figure><div class=\"wp-block-media-text__content\">\n<p><strong>Daniel Maches<\/strong><\/p>\n\n\n\n<p>Pays : Philippines<\/p>\n\n\n\n<p>Daniel Maches ou Kumafor est un jeune leader indig\u00e8ne de la tribu des Lias, dans le nord des Philippines. Depuis le lyc\u00e9e, il milite pour la conservation de leurs for\u00eats et de leur patrimoine culturel par le biais de publications et de productions multim\u00e9dias. Il s&#8217;est \u00e9galement engag\u00e9 activement aupr\u00e8s des jeunes pour qu&#8217;ils participent \u00e0 la d\u00e9fense de leurs int\u00e9r\u00eats. En 2021, il a lanc\u00e9 le projet Barlig Rainforest Coffee pour piloter l&#8217;agriculture durable dans la communaut\u00e9 et d\u00e9velopper des moyens de subsistance durables. Son objectif est que, gr\u00e2ce \u00e0 ce projet, davantage de membres de la communaut\u00e9 soient encourag\u00e9s \u00e0 planter des cultures de mani\u00e8re durable et en tenant compte des principes de l&#8217;agriculture indig\u00e8ne. Entre-temps, le projet a \u00e9galement permis de mettre le caf\u00e9 de sa communaut\u00e9 sous les feux de la rampe, puisque la production limit\u00e9e a \u00e9t\u00e9 pr\u00e9sent\u00e9e lors d&#8217;expositions nationales et internationales sur le caf\u00e9. En 2022, il a cr\u00e9\u00e9 une communaut\u00e9 Slow Food appel\u00e9e Indigenous Youth Eco-Cultural Warriors of Mountain Province pour promouvoir la pr\u00e9servation des aliments indig\u00e8nes. \u00c0 l&#8217;heure actuelle, il lance des projets visant \u00e0 documenter et \u00e0 pr\u00e9server les produits traditionnels de la communaut\u00e9 et les produits sauvages ayant un potentiel \u00e9conomique \u00e0 des fins de conservation. Il a \u00e9galement appel\u00e9 \u00e0 une bonne gestion des for\u00eats de sa communaut\u00e9 et a activement contribu\u00e9 \u00e0 la durabilit\u00e9 en tant qu&#8217;\u00e9crivain et chroniqueur dans les principaux journaux nationaux tels que le Manila Bulletin et le Philippine Star. De m\u00eame, il a d\u00e9fendu l&#8217;int\u00e9grit\u00e9 culturelle de sa communaut\u00e9 lors d&#8217;\u00e9v\u00e9nements internationaux tels que Terra Madre 2022 \u00e0 Turin, en Italie, et la formation des r\u00e9seaux de jeunes autochtones de Slow Food pour l&#8217;Asie et le Pacifique en 2024 \u00e0 Hualien, \u00e0 Ta\u00efwan. Aujourd&#8217;hui, il s&#8217;appuie \u00e9galement sur diverses plateformes de m\u00e9dias sociaux pour amplifier ses plaidoyers et encourager les actions locales.<\/p>\n<\/div><\/div>\n\n\n\n<div class=\"wp-block-media-text alignwide has-media-on-the-right is-stacked-on-mobile\"><div class=\"wp-block-media-text__content\">\n<p><strong>Didja Tchari Djibrillah<\/strong><\/p>\n\n\n\n<p>Pays : Tchad<\/p>\n\n\n\n<p>De la communaut\u00e9 Mbororos Fulani d&#8217;\u00e9leveurs nomades et semi-nomades.<\/p>\n\n\n\n<p>Etudes primaires \u00e0 Bongor et secondaires \u00e0 Ndjamena, Titulaire d&#8217;un dipl\u00f4me d&#8217;agent technique de sant\u00e9 \u00e0 l&#8217;institut des sciences de la sant\u00e9 et de l&#8217;assainissement de Toumai. De 2012 \u00e0 ce jour, membre de l&#8217;association et Charg\u00e9e du Genre et Tr\u00e9sori\u00e8re Adjointe de l&#8217;Association Des Femmes Peules &amp; Peuples Autochtones Du Tchad (Afpat).&nbsp;<\/p>\n\n\n\n<p>2015 Stagiaire au DOCIP \u00e0 Gen\u00e8ve (Centre de Documentation et de Recherche et d&#8217;Information des Peuples Autochtones)<\/p>\n\n\n\n<p>2017 B\u00e9n\u00e9ficiaire du programme de bourses pour les repr\u00e9sentants des peuples autochtones.<\/p>\n\n\n\n<p>2020 Stagiaire au bureau national de HCHD<\/p>\n\n\n\n<p>Responsable des questions de sant\u00e9 \u00e0 l&#8217;AFPAT. Formatrice, traductrice, aide \u00e0 l&#8217;\u00e9laboration de projets int\u00e9grant le concept de genre et les besoins de la communaut\u00e9 (\u00e9galement suivi et \u00e9valuation).<\/p>\n<\/div><figure class=\"wp-block-media-text__media\"><img decoding=\"async\" src=\"https:\/\/www.fscindigenousfoundation.org\/wp-content\/uploads\/2024\/09\/dcf-3-1.png\" alt=\"Didja Tchari Deep Connections Fellowship\" class=\"wp-image-13638 size-full\"\/><\/figure><\/div>\n\n\n\n<div class=\"wp-block-media-text alignwide is-stacked-on-mobile\"><figure class=\"wp-block-media-text__media\"><img decoding=\"async\" src=\"https:\/\/www.fscindigenousfoundation.org\/wp-content\/uploads\/2024\/09\/dcf-7-1.png\" alt=\"Emma Oliver Deep Connections Fellowship\" class=\"wp-image-13643 size-full\"\/><\/figure><div class=\"wp-block-media-text__content\">\n<p><strong>Emma Oliver<\/strong><\/p>\n\n\n\n<p>Pays : Papouasie-Nouvelle-Guin\u00e9e<\/p>\n\n\n\n<p>Emma Oliver est une tutrice d\u00e9vou\u00e9e \u00e0 l&#8217;Universit\u00e9 des ressources naturelles et de l&#8217;environnement de Papouasie-Nouvelle-Guin\u00e9e (PNG UNRE), o\u00f9 j&#8217;enseigne l&#8217;\u00e9cotourisme et le tourisme animalier, le tourisme durable et le travail avec les communaut\u00e9s locales. Ma passion pour la conservation de l&#8217;environnement s&#8217;\u00e9tend au-del\u00e0 de la salle de classe. Je m&#8217;engage activement aupr\u00e8s des communaut\u00e9s locales pour promouvoir des pratiques durables et prot\u00e9ger la biodiversit\u00e9. En tant que leader autochtone et fondatrice des ENB Sea Keepers, je me suis engag\u00e9e \u00e0 pr\u00e9server les \u00e9cosyst\u00e8mes marins et le patrimoine culturel de la province de Nouvelle-Bretagne orientale. Mon travail consiste \u00e0 combiner les connaissances traditionnelles et les techniques modernes de conservation pour restaurer les r\u00e9cifs coralliens, \u00e9tablir des zones marines prot\u00e9g\u00e9es et responsabiliser les jeunes gr\u00e2ce \u00e0 l&#8217;\u00e9ducation et \u00e0 un programme de formation pratique appel\u00e9 &#8220;Green Community Based Entrepreneur Program&#8221; (programme d&#8217;entrepreneuriat communautaire vert). Anim\u00e9e par un lien profond avec la nature et par le d\u00e9sir de cr\u00e9er des moyens de subsistance durables pour ma communaut\u00e9, je m&#8217;attache \u00e0 inspirer la prochaine g\u00e9n\u00e9ration de gardiens de l&#8217;environnement tout en sauvegardant les ressources naturelles qui sont essentielles \u00e0 la survie et \u00e0 la prosp\u00e9rit\u00e9 de notre peuple.<\/p>\n\n\n\n<p>En tant que leader autochtone dans ma communaut\u00e9, je veux laisser en h\u00e9ritage des communaut\u00e9s autonomes et autosuffisantes, profond\u00e9ment li\u00e9es \u00e0 leurs racines culturelles et engag\u00e9es dans la pr\u00e9servation de leur environnement naturel. En participant \u00e0 One Young World, j&#8217;esp\u00e8re inspirer un mouvement mondial qui valorise les connaissances traditionnelles parall\u00e8lement \u00e0 l&#8217;innovation moderne, en favorisant un avenir o\u00f9 les voix indig\u00e8nes m\u00e8nent la conservation de l&#8217;environnement et le d\u00e9veloppement durable.<\/p>\n\n\n\n<p>Ayant grandi dans un village c\u00f4tier de Papouasie-Nouvelle-Guin\u00e9e, j&#8217;ai \u00e9t\u00e9 t\u00e9moin de l&#8217;impact d\u00e9vastateur du changement climatique et des pratiques destructrices non durables de la p\u00eache \u00e0 la dynamite et \u00e0 la corde empoisonn\u00e9e sur nos r\u00e9cifs coralliens et notre vie marine. Voir nos \u00e9cosyst\u00e8mes autrefois florissants se d\u00e9t\u00e9riorer et les moyens de subsistance de ma communaut\u00e9 menac\u00e9s par ces changements m&#8217;a incit\u00e9 \u00e0 agir. Cette exp\u00e9rience personnelle a \u00e9veill\u00e9 ma passion pour la conservation marine et motive mon engagement \u00e0 donner aux communaut\u00e9s les moyens de prot\u00e9ger notre environnement et de pr\u00e9server notre patrimoine culturel pour les g\u00e9n\u00e9rations futures.<\/p>\n<\/div><\/div>\n\n\n\n<div class=\"wp-block-media-text alignwide has-media-on-the-right is-stacked-on-mobile\"><div class=\"wp-block-media-text__content\">\n<p><strong>Fernanda Purran<\/strong><\/p>\n\n\n\n<p>Pays : Chili<\/p>\n\n\n\n<p>Peuples indig\u00e8nes : Mapuche Penuche<\/p>\n\n\n\n<p>Je m&#8217;appelle Fernanda Purran, Mapuche Pewenche, n\u00e9e et \u00e9lev\u00e9e dans le territoire du haut Biob\u00edo.<\/p>\n\n\n\n<p>J&#8217;ai 32 ans, j&#8217;ai grandi avec ma grand-m\u00e8re, une femme tr\u00e8s forte qui a perdu son mari, mon grand-p\u00e8re, disparu lors du coup d&#8217;\u00c9tat au Chili en 1973. Comme je connaissais l&#8217;histoire de mon grand-p\u00e8re, je suis devenue une amie de la rivi\u00e8re Biob\u00edo et j&#8217;\u00e9tais sur ses rives tous les jours. Ma grand-m\u00e8re m&#8217;a appris \u00e0 parler notre langue et m&#8217;a dit, depuis que je suis toute petite, que notre langue \u00e9tait comprise par la rivi\u00e8re.<\/p>\n\n\n\n<p>Mon \u00e9ducation de base s&#8217;est toujours d\u00e9roul\u00e9e sur mon territoire, j&#8217;ai appris \u00e0 lire et \u00e0 \u00e9crire. Depuis mon enfance, j&#8217;ai vu ma famille se battre pour la d\u00e9fense du fleuve dans les ann\u00e9es 90, lorsqu&#8217;on mena\u00e7ait de construire des barrages sur le cours du deuxi\u00e8me plus long fleuve du Chili et fleuve sacr\u00e9 pour le territoire. J&#8217;ai \u00e9tudi\u00e9 le tourisme et j&#8217;ai travaill\u00e9 pendant trois ans en tant que coordinatrice d&#8217;un r\u00e9seau de tourisme communautaire, j&#8217;ai suivi une formation de guide de montagne et j&#8217;ai longtemps guid\u00e9 certains sentiers. Parall\u00e8lement, j&#8217;ai rejoint des groupes environnementaux qui luttaient contre l&#8217;extractivisme et prenaient soin des montagnes et des rivi\u00e8res que j&#8217;aime tant.<\/p>\n\n\n\n<p>\u00c0 l&#8217;\u00e2ge de 23 ans, j&#8217;ai \u00e9t\u00e9 appel\u00e9e \u00e0 enseigner dans une \u00e9cole et j&#8217;y ai pass\u00e9 quatre ans en tant que professeur de tourisme. J&#8217;ai profit\u00e9 de cette belle occasion pour cr\u00e9er des espaces de dialogue avec les jeunes. Nous avons fait du bon travail, nous sommes pass\u00e9s dans une \u00e9mission de t\u00e9l\u00e9vision pour montrer tout ce que nous faisions. J&#8217;ai beaucoup aim\u00e9 enseigner et j&#8217;ai commenc\u00e9 un dipl\u00f4me de troisi\u00e8me cycle en enseignement technique professionnel que j&#8217;ai termin\u00e9 en 2018.<\/p>\n\n\n\n<p>En 2016, ma vie a pris un cours qui ne s&#8217;est pas arr\u00eat\u00e9. Avec mon amie Yoana, nous avons cr\u00e9\u00e9 une \u00e9quipe de rafting, pour participer au festival Biob\u00edo vive, nous n&#8217;avions jamais navigu\u00e9 de notre vie, cependant nous avons obtenu une deuxi\u00e8me place. Cette exp\u00e9rience a marqu\u00e9 nos vies et c&#8217;est ainsi que nous avons cr\u00e9\u00e9 Malen Leubu, une organisation sportive qui cherche, par le biais de sports tels que le rafting, \u00e0 protester pour des rivi\u00e8res libres. <a href=\"https:\/\/www.youtube.com\/watch?v=pkRjM4qCr_0&amp;t=137s\" target=\"_blank\" rel=\"noreferrer noopener\">Malen Leubu<\/a> a \u00e9t\u00e9 ma vie pendant ces 8 ann\u00e9es. <\/p>\n\n\n\n<p>En 2017, j&#8217;ai voyag\u00e9 pour la premi\u00e8re fois en Patagonie chilienne et navigu\u00e9 sur une rivi\u00e8re des montagnes \u00e0 la mer, o\u00f9 j&#8217;ai appris \u00e0 conna\u00eetre in situ un lieu sur le point d&#8217;\u00eatre endigu\u00e9. J&#8217;ai \u00e9t\u00e9 invit\u00e9e par l&#8217;ONG Rios To Rivers \u00e0 partir en tant que moniteur avec 4 jeunes du Biob\u00edo.<\/p>\n<\/div><figure class=\"wp-block-media-text__media\"><img loading=\"lazy\" decoding=\"async\" width=\"1200\" height=\"1200\" src=\"https:\/\/www.fscindigenousfoundation.org\/wp-content\/uploads\/2024\/09\/dcf-11.png\" alt=\"Fernanda Purran Deep Connections Fellowship\" class=\"wp-image-13534 size-full\"\/><\/figure><\/div>\n\n\n\n<div class=\"wp-block-media-text alignwide is-stacked-on-mobile\"><figure class=\"wp-block-media-text__media\"><img loading=\"lazy\" decoding=\"async\" width=\"1200\" height=\"1200\" src=\"https:\/\/www.fscindigenousfoundation.org\/wp-content\/uploads\/2024\/09\/dcf-14-1.png\" alt=\"Keaton Thomas Deep Connections Fellowship\" class=\"wp-image-13550 size-full\"\/><\/figure><div class=\"wp-block-media-text__content\">\n<p><strong>Keaton Thomas-Sinclair<\/strong><\/p>\n\n\n\n<p>Pays : Canada<\/p>\n\n\n\n<p>Peuple autochtone : Nation crie de Chemamawin<\/p>\n\n\n\n<p>Keaton a grandi \u00e0 Mosakahiken et Chemawawin, profond\u00e9ment li\u00e9 \u00e0 son h\u00e9ritage cri. Apr\u00e8s avoir obtenu son dipl\u00f4me de l&#8217;\u00e9cole Frontier Mosakahiken en 2017, il s&#8217;est consacr\u00e9 au service de sa communaut\u00e9 en tant que coordinateur des ressources humaines \u00e0 la Nation crie de Chemawawin, o\u00f9 il s&#8217;efforce de cr\u00e9er un environnement s\u00fbr et favorable pour tous.<\/p>\n\n\n\n<p>Keaton est \u00e9galement un membre actif du Conseil des jeunes des Premi\u00e8res nations du Manitoba de l&#8217;Assembl\u00e9e des chefs du Manitoba (AMC), o\u00f9 il se fait le champion de l&#8217;autonomisation des jeunes et de la pr\u00e9servation des traditions autochtones. Son leadership est motiv\u00e9 par sa volont\u00e9 de s&#8217;attaquer \u00e0 des probl\u00e8mes cruciaux tels que la violence, la toxicomanie et la n\u00e9cessit\u00e9 de mettre en place des syst\u00e8mes de soutien plus solides pour les jeunes.<\/p>\n\n\n\n<p>Au-del\u00e0 de son travail professionnel, Keaton est un chasseur, un p\u00eacheur et un voyageur passionn\u00e9 par la terre et les traditions de son peuple. Il aime dialoguer avec les anciens pour d\u00e9couvrir l&#8217;h\u00e9ritage de son pays et partager ces connaissances avec les jeunes g\u00e9n\u00e9rations.<\/p>\n\n\n\n<p>La passion de Keaton r\u00e9side dans la construction de la communaut\u00e9 et dans l&#8217;inspiration de la prochaine g\u00e9n\u00e9ration pour cr\u00e9er un changement positif. Il croit au pouvoir de l&#8217;unit\u00e9 et de la r\u00e9silience, et s&#8217;attache \u00e0 favoriser un environnement o\u00f9 chacun se sent valoris\u00e9 et soutenu.<\/p>\n\n\n\n<p>Titre : (AMC) Conseil de la jeunesse des Premi\u00e8res nations du Manitoba<\/p>\n<\/div><\/div>\n\n\n\n<div class=\"wp-block-media-text alignwide has-media-on-the-right is-stacked-on-mobile\"><div class=\"wp-block-media-text__content\">\n<p><strong>Kleidy Migdalia Sacb\u00e1 Coc<\/strong><\/p>\n\n\n\n<p>Pays : Guatemala<\/p>\n\n\n\n<p>Kleidy Migdalia Sacb\u00e1 Coc, jeune Maya Q&#8217;eqchi&#8217;, est n\u00e9e \u00e0 Santa Catalina, La Tinta, Alta Verapaz, Guatemala.<\/p>\n\n\n\n<p>La Tinta, d\u00e9partement d&#8217;Alta Verapaz, Guatemala, a repr\u00e9sent\u00e9 la femme indig\u00e8ne en tant que Rab&#8217;in Aj Poop O&#8217;b&#8217;atz, princesse Tezulutlan et fleur nationale du peuple maya, a \u00e9t\u00e9 nomm\u00e9e fille pr\u00e9f\u00e9r\u00e9e d&#8217;Alta Verapaz, est experte en ressources naturelles avec une sp\u00e9cialisation en environnement durable et technicienne en agroforesterie, et \u00e9tudie actuellement l&#8217;ing\u00e9nierie agronomique \u00e0 l&#8217;URG.<\/p>\n\n\n\n<p>Elle travaille pour CONEXI\u00d3N ICCO LATINOAMERICA qui promeut le d\u00e9veloppement et l&#8217;autonomisation \u00e9conomique des jeunes et des femmes indig\u00e8nes dans les zones rurales et les communaut\u00e9s afin d&#8217;am\u00e9liorer leurs conditions de vie dans les pays du Costa Rica, du Honduras et du Guatemala. Elle fait partie de la coalition r\u00e9gionale pour le droit de vivre dans un environnement sain en Am\u00e9rique centrale de l&#8217;ASDEPAZ, o\u00f9 elle a promu l&#8217;accord d&#8217;Escaz\u00fa.<\/p>\n\n\n\n<p>Elle promeut le projet num\u00e9rique Q&#8217;eqchi&#8217; Xnimal Ruhil Chaq&#8217;rab&#8217; o\u00f9 elle partage des contenus informatifs tels que les articles de la Constitution politique de la R\u00e9publique du Guatemala, la sensibilisation \u00e0 l&#8217;environnement et les probl\u00e8mes sociaux en langue maya Q&#8217;eqchi&#8217; dans le but d&#8217;informer les communaut\u00e9s indig\u00e8nes de leurs droits en tant que citoyens guat\u00e9malt\u00e8ques et de promouvoir l&#8217;inclusion et la promotion de l&#8217;identit\u00e9 culturelle et de l&#8217;\u00e9ducation \u00e0 l&#8217;environnement.<\/p>\n\n\n\n<p>En tant qu&#8217;activiste, elle a d\u00e9fendu les droits des jeunes au Guatemala en demandant la mise en \u0153uvre et l&#8217;approbation d&#8217;une loi nationale sur la jeunesse, d&#8217;o\u00f9 la conviction de commencer \u00e0 travailler pour les jeunes et de cr\u00e9er des espaces pour renforcer l&#8217;ouverture et la participation dans toutes les sph\u00e8res sociales et environnementales.<\/p>\n\n\n\n<p><em>&#8220;Contribuons avec chacune de nos forces \u00e0 tous les niveaux et espaces d&#8217;action sociale et environnementale \u00e0 la construction d&#8217;un pays meilleur pour les g\u00e9n\u00e9rations futures&#8221;.<\/em><\/p>\n<\/div><figure class=\"wp-block-media-text__media\"><img loading=\"lazy\" decoding=\"async\" width=\"1200\" height=\"1200\" src=\"https:\/\/www.fscindigenousfoundation.org\/wp-content\/uploads\/2024\/09\/dcf-6.png\" alt=\"Kleidy Sacba Deep Connections Fellowship\" class=\"wp-image-13513 size-full\"\/><\/figure><\/div>\n\n\n\n<div class=\"wp-block-media-text alignwide is-stacked-on-mobile\"><figure class=\"wp-block-media-text__media\"><img loading=\"lazy\" decoding=\"async\" width=\"1200\" height=\"1200\" src=\"https:\/\/www.fscindigenousfoundation.org\/wp-content\/uploads\/2024\/09\/dcf-9.jpg\" alt=\"Malakai Parom Deep Connections Fellowship\" class=\"wp-image-13522 size-full\"\/><\/figure><div class=\"wp-block-media-text__content\">\n<p><strong>Malakai Parom<\/strong><\/p>\n\n\n\n<p>Pays : Papouasie-Nouvelle-Guin\u00e9e<\/p>\n\n\n\n<p>Je suis titulaire d&#8217;une licence en foresterie et d&#8217;un certificat en \u00e9cologie tropicale de l&#8217;Institut de recherche Nugini Binatang en 2015, et j&#8217;ai travaill\u00e9 avec l&#8217;organisation Rainforest Habitat and Conservation dans les domaines de l&#8217;entomologie, de la zoologie et de l&#8217;am\u00e9nagement du territoire pour l&#8217;embellissement de l&#8217;environnement avant de passer ma licence en foresterie au d\u00e9partement de foresterie de l&#8217;Universit\u00e9 de technologie de Papouasie-Nouvelle-Guin\u00e9e, avec pour projet de fin d&#8217;\u00e9tudes la biologie des semences des for\u00eats de plantation et l&#8217;infestation par les ravageurs et les maladies des for\u00eats naturelles. Les principales responsabilit\u00e9s auxquelles j&#8217;ai particip\u00e9 comprennent l&#8217;\u00e9valuation environnementale, l&#8217;\u00e9tude de la biodiversit\u00e9, la collecte d&#8217;esp\u00e8ces dans des pi\u00e8ges, la sensibilisation des \u00e9coles, des communaut\u00e9s et des villages \u00e0 l&#8217;importance de la biodiversit\u00e9 en tant que produit forestier non ligneux et la supervision de la production en utilisant la main-d&#8217;\u0153uvre et les ressources disponibles. Gr\u00e2ce \u00e0 ces exp\u00e9riences, comp\u00e9tences et connaissances, je pense \u00eatre apte \u00e0 occuper le poste demand\u00e9 et \u00e0 contribuer de mani\u00e8re significative aux buts, objectifs et finalit\u00e9s de l&#8217;Organisation. Je suis jeune, \u00e9nergique et flexible pour travailler dans n&#8217;importe quel environnement de travail, et je peux atteindre les objectifs et respecter les d\u00e9lais.<\/p>\n<\/div><\/div>\n\n\n\n<div class=\"wp-block-media-text alignwide has-media-on-the-right is-stacked-on-mobile\"><div class=\"wp-block-media-text__content\">\n<p><strong>Maricelma Fiaho<\/strong><\/p>\n\n\n\n<p>Pays : Br\u00e9sil<\/p>\n\n\n\n<p>Maricelma Fialho, une femme indig\u00e8ne du groupe ethnique Terena, est n\u00e9e et a grandi dans le village de Bananal, situ\u00e9 \u00e0 l&#8217;int\u00e9rieur du Mato Grosso do Sul, au Br\u00e9sil. Fille d&#8217;une m\u00e8re c\u00e9libataire, Maricelma a v\u00e9cu une enfance marqu\u00e9e par l&#8217;humilit\u00e9, mais a trouv\u00e9 dans l&#8217;\u00e9ducation une occasion de s&#8217;\u00e9panouir. \u00c0 l&#8217;\u00e2ge de 17 ans, elle a quitt\u00e9 son village pour entamer des \u00e9tudes de biom\u00e9decine, surmontant les difficult\u00e9s pour devenir le premier m\u00e9decin biom\u00e9dical de Terena.<\/p>\n\n\n\n<p>Dipl\u00f4m\u00e9e de la facult\u00e9 de m\u00e9decine de l&#8217;universit\u00e9 f\u00e9d\u00e9rale du Mato Grosso do Sul, Maricelma est titulaire d&#8217;une ma\u00eetrise en maladies infectieuses et parasitaires et est actuellement candidate au doctorat dans le cadre du m\u00eame programme. Ses recherches portent sur les communaut\u00e9s indig\u00e8nes rurales n\u00e9glig\u00e9es et visent \u00e0 trouver des solutions aux probl\u00e8mes de sant\u00e9 qui affectent sa communaut\u00e9.<\/p>\n\n\n\n<p>Outre ses r\u00e9sultats scolaires, Maricelma est traductrice b\u00e9n\u00e9vole de la langue indig\u00e8ne Terena pour la Croix-Rouge br\u00e9silienne et tr\u00e9sori\u00e8re de l&#8217;Institut d&#8217;\u00e9ducation interculturelle Terena. Son leadership et son engagement en faveur de l&#8217;\u00e9ducation et de la sant\u00e9 ont profit\u00e9 \u00e0 sa communaut\u00e9.<\/p>\n\n\n\n<p>Au niveau international, Maricelma repr\u00e9sente le Br\u00e9sil au sein de la Youth Leadership Coalition (IYLC) Latin America, ce qui permet aux jeunes indig\u00e8nes de s&#8217;exprimer dans les discussions mondiales sur la participation civique et politique. Sa participation au Forum de la jeunesse tribale de la Maison Blanche et \u00e0 d&#8217;autres r\u00e9unions importantes souligne son r\u00f4le de leader \u00e9mergent dans la d\u00e9fense des droits et de la sant\u00e9 des communaut\u00e9s indig\u00e8nes.<\/p>\n\n\n\n<p><em>&nbsp;&#8220;Terena femme Autochtone, j&#8217;honore mes racines dans le village de Bananal en utilisant la force ancestrale, l&#8217;\u00e9ducation et la science pour am\u00e9liorer ma communaut\u00e9 et construire un avenir juste et durable.<\/em><\/p>\n<\/div><figure class=\"wp-block-media-text__media\"><img loading=\"lazy\" decoding=\"async\" width=\"1200\" height=\"1200\" src=\"https:\/\/www.fscindigenousfoundation.org\/wp-content\/uploads\/2024\/09\/dcf-5.jpg\" alt=\"Maricela Candido Deep Connections Fellowship\" class=\"wp-image-13509 size-full\"\/><\/figure><\/div>\n\n\n\n<div class=\"wp-block-media-text alignwide is-stacked-on-mobile\"><figure class=\"wp-block-media-text__media\"><img decoding=\"async\" src=\"https:\/\/www.fscindigenousfoundation.org\/wp-content\/uploads\/2024\/09\/dcf-13-1.png\" alt=\"Moana Tepano Contese Deep Connections Fellowship\" class=\"wp-image-13647 size-full\"\/><\/figure><div class=\"wp-block-media-text__content\">\n<p><strong>Moana Tepano<\/strong><\/p>\n\n\n\n<p>Pays : Chili<\/p>\n\n\n\n<p>Peuples autochtones : Rapa Nui<\/p>\n\n\n\n<p>Moana Tepano Contesse est un jeune d\u00e9fenseur socio-environnemental de l&#8217;\u00eele de Rapa Nui et \u00e9tudiant en licence d&#8217;\u00e9tudes sociales avec une sp\u00e9cialisation en am\u00e9nagement du territoire et d\u00e9veloppement durable.<\/p>\n\n\n\n<p>Elle est cofondatrice et actuelle pr\u00e9sidente de l&#8217;organisation de jeunesse Mo&#8217;a Mau o te Taure&#8217;a-re&#8217;a ou Grand respect des jeunes aux jeunes, qui promeut diverses initiatives, telles que des ateliers, des nettoyages de c\u00f4tes, des discussions et des cours d&#8217;\u00e9t\u00e9 pour les jeunes afin de revitaliser la valeur ancestrale du Mo&#8217;a ou respect, dans diff\u00e9rents domaines (personnel, social, culturel et environnemental) de notre vie, en mettant l&#8217;accent sur le Mo&#8217;a envers la nature, r\u00e9alisant ainsi la durabilit\u00e9 d&#8217;un point de vue culturel unique de Rapa Nui.<\/p>\n\n\n\n<p>Il fait \u00e9galement partie de la r\u00e9cente organisation de jeunes \u00e9tudiants Rapa Nui dans le monde, appel\u00e9e Haka Nonoga. Il a particip\u00e9 \u00e0 diff\u00e9rentes r\u00e9unions au niveau local, national et international sur le changement climatique, la conservation de l&#8217;environnement, le leadership des jeunes et la durabilit\u00e9 (LCOY, RCOY, COP24, COP27).<\/p>\n\n\n\n<p>Elle a consacr\u00e9 du temps \u00e0 l&#8217;apprentissage de ses racines gr\u00e2ce aux sages ma\u00eetres de Rapa Nui, qui ont partag\u00e9 avec elle, par exemple, la pratique du t\u0101kona (peinture corporelle). Elle a trouv\u00e9 un moyen d&#8217;exprimer et d&#8217;envoyer un message aux gens sur des questions aussi importantes que la protection de l&#8217;environnement et l&#8217;\u00e9galit\u00e9 entre les hommes et les femmes. Tous ces messages sont exprim\u00e9s en langue rapanui.<\/p>\n<\/div><\/div>\n\n\n\n<div class=\"wp-block-media-text alignwide has-media-on-the-right is-stacked-on-mobile\"><div class=\"wp-block-media-text__content\">\n<p><strong>Nyssa Nepe<\/strong><\/p>\n\n\n\n<p>Pays : Nouvelle-Z\u00e9lande<\/p>\n\n\n\n<p>Les peuples indig\u00e8nes : Maori<\/p>\n\n\n\n<p>kia ora<\/p>\n\n\n\n<p>Il uri au Ng\u0101 Wairiki Ng\u0101ti Apa, Nga Rauru Kiitahi,<\/p>\n\n\n\n<p>Te Arihaunui-\u0101-papaerangi, Tuwharetoa<\/p>\n\n\n\n<p>Bonjour, je m&#8217;appelle Nyssa Nepe, j&#8217;ai 20 ans et je viens d&#8217;un pays appel\u00e9 Aotearoa. Je travaille avec ma tribu, je fais de la recherche et de l&#8217;administration et je facilite notre programme de bourses d&#8217;\u00e9tudes pour les jeunes, Maripi Tuatini. Je suis honor\u00e9e de faire partie de cette exp\u00e9rience et j&#8217;ai h\u00e2te de remplir ma tasse avec plus de connaissances sur la fa\u00e7on de devenir un meilleur leader, non seulement pour mon peuple, mais aussi pour le monde.<\/p>\n\n\n\n<p><em>&#8220;N&#8217;ayez jamais honte de ce que vous \u00eates&#8221;.<\/em><\/p>\n<\/div><figure class=\"wp-block-media-text__media\"><img loading=\"lazy\" decoding=\"async\" width=\"1200\" height=\"1200\" src=\"https:\/\/www.fscindigenousfoundation.org\/wp-content\/uploads\/2024\/09\/dcf-15.png\" alt=\"Nyssa Nepe Deep Connections Fellowship\" class=\"wp-image-13554 size-full\"\/><\/figure><\/div>\n\n\n\n<div class=\"wp-block-media-text alignwide is-stacked-on-mobile\"><figure class=\"wp-block-media-text__media\"><img decoding=\"async\" src=\"https:\/\/www.fscindigenousfoundation.org\/wp-content\/uploads\/2024\/09\/dcf-12-3-2.jpg\" alt=\"Rayen Alarc\u00f3n Deep Connections Fellowship\" class=\"wp-image-13688 size-full\"\/><\/figure><div class=\"wp-block-media-text__content\">\n<p><strong>Rayen Alarc\u00f3n Lipin<\/strong><\/p>\n\n\n\n<p>Pays : Chili<\/p>\n\n\n\n<p>Les peuples indig\u00e8nes : Mapuche<\/p>\n\n\n\n<p>Je suis l&#8217;a\u00een\u00e9e d&#8217;une fratrie de trois enfants. Ma m\u00e8re est mapuche et je nous ai donc \u00e9lev\u00e9s avec mon p\u00e8re comme des Mapuches, avec les traditions et la vision du monde qu&#8217;elle a acquises au sein de la communaut\u00e9. Ma m\u00e8re et mon p\u00e8re sont de belles personnes qui ont toujours essay\u00e9 de nous donner les meilleurs principes et nous ont soutenus dans nos luttes et nos r\u00eaves.<\/p>\n\n\n\n<p>Ma m\u00e8re dit que mon grand-p\u00e8re Pedro Lipin Motro a lutt\u00e9 pour les droits territoriaux et humains de notre peuple ; quant \u00e0 ma grand-m\u00e8re Graciela Millal\u00e9n Huenchu\u00f1ir, elle a toujours consid\u00e9r\u00e9 que l&#8217;\u00e9ducation dans les deux mondes serait un m\u00e9canisme permettant d&#8217;obtenir la reconnaissance et le respect de notre identit\u00e9.&nbsp; Je cherche donc \u00e0 influencer, dans tous les espaces, \u00e0 partir d&#8217;un leadership positif, avec des principes fermes et un engagement collectif, c&#8217;est-\u00e0-dire avec la r\u00e9alit\u00e9 territoriale. En tant que jeune personne qui a pu acc\u00e9der \u00e0 l&#8217;enseignement universitaire sans perdre sa pertinence et son identit\u00e9 mapuche, il est essentiel de rendre et de contribuer continuellement avec les connaissances et les outils acquis avec mon peuple et d&#8217;autres peuples indig\u00e8nes.<\/p>\n\n\n\n<p>Je conseille diverses organisations autochtones dans les diff\u00e9rentes communes de la r\u00e9gion m\u00e9tropolitaine, principalement des communaut\u00e9s mapuches urbaines mais aussi rurales, sur des questions relatives \u00e0 la Convention 169 de l&#8217;OIT, \u00e0 la restitution des terres et des eaux autochtones, au changement de nom de famille des Mapuches et aux droits de l&#8217;homme des peuples autochtones \u00e0 l&#8217;\u00e9chelon international.<\/p>\n\n\n\n<p>J&#8217;ai contribu\u00e9 en tant que conseiller indig\u00e8ne au processus de la Convention constitutionnelle du Chili. En 2024, j&#8217;ai re\u00e7u le prix &#8220;Leader du futur&#8221; d&#8217;Universitas 21 en reconnaissance de ma contribution \u00e0 la collaboration mondiale par le biais d&#8217;un leadership actif dans la g\u00e9n\u00e9ration de changements sociaux et la promotion de l&#8217;\u00e9ducation des autres.<\/p>\n\n\n\n<p><em>&#8220;Nous sommes le reflet des luttes de nos anc\u00eatres, les principes de nos racines, le peuple mapuche, sont notre guide, c&#8217;est pourquoi tout ce que nous apprenons, nous devons le partager avec notre peuple.<\/em><\/p>\n<\/div><\/div>\n\n\n\n<div class=\"wp-block-media-text alignwide has-media-on-the-right is-stacked-on-mobile\"><div class=\"wp-block-media-text__content\">\n<p><strong>Silvia Miranda<\/strong><\/p>\n\n\n\n<p>Pays : Honduras<\/p>\n\n\n\n<p>Silvia Miranda Loredo est une avocate garifuna hondurienne qui se consacre essentiellement \u00e0 la d\u00e9fense de l&#8217;\u00e9galit\u00e9 des droits de l&#8217;homme, \u00e0 la consolidation de la paix et \u00e0 la promotion de l&#8217;\u00e9mancipation des femmes. Elle est la fondatrice et la pr\u00e9sidente de la Fundaci\u00f3n Mujeres con Poder, qui vise \u00e0 fournir des ressources financi\u00e8res et acad\u00e9miques aux femmes et aux jeunes filles indig\u00e8nes et d&#8217;ascendance africaine dans le cadre de leur apprentissage tout au long de la vie.<\/p>\n\n\n\n<p>La Fundaci\u00f3n Mujeres con Poder autonomise les femmes et les jeunes filles par le biais d&#8217;activit\u00e9s de consolidation de la paix, d&#8217;ateliers de leadership et de cours d&#8217;anglais qui les encouragent \u00e0 d\u00e9fendre leurs droits. En \u0153uvrant pour la paix, l&#8217;\u00e9galit\u00e9 des droits et l&#8217;autonomisation des femmes, Silvia esp\u00e8re apporter l&#8217;\u00e9ducation aux communaut\u00e9s marginalis\u00e9es. Silvia poursuit actuellement son master en administration des affaires \u00e0 l&#8217;European Business School. Silvia souhaite un environnement plus pacifique et plus \u00e9quitable o\u00f9 toutes les filles ont acc\u00e8s \u00e0 une \u00e9ducation de qualit\u00e9.<\/p>\n<\/div><figure class=\"wp-block-media-text__media\"><img loading=\"lazy\" decoding=\"async\" width=\"1200\" height=\"1200\" src=\"https:\/\/www.fscindigenousfoundation.org\/wp-content\/uploads\/2024\/09\/dcf-4.jpg\" alt=\"Silvia Miranda Loredo Deep Connections Fellowship\" class=\"wp-image-13505 size-full\"\/><\/figure><\/div>\n\n\n\n<div class=\"wp-block-media-text alignwide is-stacked-on-mobile\"><figure class=\"wp-block-media-text__media\"><img loading=\"lazy\" decoding=\"async\" width=\"1200\" height=\"1200\" src=\"https:\/\/www.fscindigenousfoundation.org\/wp-content\/uploads\/2024\/09\/dcf-10.png\" alt=\"Tiana Jakecevich Deep Connections Fellowship\" class=\"wp-image-13530 size-full\"\/><\/figure><div class=\"wp-block-media-text__content\">\n<p><strong>Tiana Jakicevich<\/strong><\/p>\n\n\n\n<p>Pays : Aotearoa (Nouvelle-Z\u00e9lande)<\/p>\n\n\n\n<p>Tiana Jakicevich est une d\u00e9fenseuse interdisciplinaire des droits de l&#8217;homme, des terres et des oc\u00e9ans, originaire d&#8217;Aotearoa (Nouvelle-Z\u00e9lande). Elle est une descendante de Ng\u0101ti Kahungungu ki Te Wairoa, Whakat\u014dhea, et Ng\u0101i T\u016bhoe, trois tribus de la c\u00f4te est de l&#8217;\u00eele du Nord.<\/p>\n\n\n\n<p>Tiana a grandi entour\u00e9e des for\u00eats et des oc\u00e9ans de ses anc\u00eatres. Elle comprend intrins\u00e8quement que les solutions \u00e0 la crise climatique sont li\u00e9es \u00e0 la d\u00e9colonisation et \u00e0 la restauration des syst\u00e8mes de connaissances indig\u00e8nes et des relations avec les personnes et les lieux.<\/p>\n\n\n\n<p>Tiana d\u00e9fend la protection des droits de l&#8217;homme et la justice climatique autochtone au sein de ses communaut\u00e9s \u00e0 Aotearoa, en Nouvelle-Z\u00e9lande, et au niveau international avec des communaut\u00e9s autochtones du monde entier et dans le cadre de divers m\u00e9canismes des Nations unies. Elle est cofondatrice de Pakiaka, un groupe de r\u00e9flexion sur la justice climatique autochtone, qui renforce les capacit\u00e9s des peuples autochtones \u00e0 s&#8217;engager de mani\u00e8re proactive plut\u00f4t que r\u00e9active dans ce domaine.<\/p>\n\n\n\n<p>Tiana codirige actuellement un projet dans le Pacifique visant \u00e0 explorer la revitalisation des syst\u00e8mes de connaissances indig\u00e8nes pour att\u00e9nuer le changement climatique et s&#8217;y adapter. Elle est \u00e9galement membre du Pou Herenga (conseil consultatif M\u0101ori) de la Commission n\u00e9o-z\u00e9landaise sur le changement climatique.<\/p>\n<\/div><\/div>\n\n\n\n<div class=\"wp-block-media-text alignwide has-media-on-the-right is-stacked-on-mobile\"><div class=\"wp-block-media-text__content\">\n<p><strong>Venancio Co\u00f1uepan<\/strong><\/p>\n\n\n\n<p>Pays : Chili<\/p>\n\n\n\n<p>Venancio Co\u00f1uepan est un leader mondial, un activiste indig\u00e8ne mapuche, un avocat, un entrepreneur social et un consultant international. Sa mission est de transformer le paradigme des peuples autochtones, en promouvant leur reconnaissance, leur autonomisation et leur d\u00e9veloppement, et en garantissant leur impact sur l&#8217;action climatique, le d\u00e9veloppement durable et la construction de la paix. En tant que directeur d&#8217;Impacto Ind\u00edgena, un cabinet de conseil autochtone, il favorise le quadruple impact des entrepreneurs et des organisations autochtones au Chili et en Am\u00e9rique latine, en englobant les dimensions sociales, environnementales, \u00e9conomiques et culturelles.<\/p>\n\n\n\n<p>M. Venancio est \u00e9galement cofondateur et directeur de la Fundaci\u00f3n Empresas Ind\u00edgenas, directeur de la Fundaci\u00f3n Pacto Social, Global Solvers de la Fundaci\u00f3n Melton et pr\u00e9sident de la Fundaci\u00f3n Ko\u00f1wepang-Millakir por el resto del Mapu y la Reconciliaci\u00f3n de los Pueblos, o\u00f9 il s&#8217;efforce de positionner les peuples autochtones en tant qu&#8217;acteurs cl\u00e9s dans l&#8217;agenda mondial de la durabilit\u00e9 et des droits de l&#8217;homme. Son approche innovante remet en question les conceptions traditionnelles, en soulignant le r\u00f4le des peuples autochtones en tant que partenaires \u00e0 part enti\u00e8re dans la cr\u00e9ation d&#8217;un avenir plus \u00e9quitable et plus r\u00e9silient.<\/p>\n\n\n\n<p>Fort d&#8217;une solide exp\u00e9rience dans le domaine des droits de l&#8217;homme des peuples autochtones, de la m\u00e9diation socio-environnementale, des entreprises et des droits de l&#8217;homme, et de la durabilit\u00e9 des entreprises, Venancio a \u00e9t\u00e9 un conseiller et un directeur de premier plan au sein de plusieurs organisations. Son leadership se concentre sur la conception de projets ayant un impact et sur l&#8217;\u00e9tablissement d&#8217;alliances strat\u00e9giques qui promeuvent la valeur des peuples autochtones dans la construction d&#8217;un monde plus juste et plus durable pour tous.<\/p>\n<\/div><figure class=\"wp-block-media-text__media\"><img loading=\"lazy\" decoding=\"async\" width=\"1200\" height=\"1200\" src=\"https:\/\/www.fscindigenousfoundation.org\/wp-content\/uploads\/2024\/09\/dcf-8.jpg\" alt=\"Venacio Conuepan Deep Connections Fellowship\" class=\"wp-image-13563 size-full\"\/><\/figure><\/div>\n\n\n\n<div class=\"wp-block-media-text alignwide is-stacked-on-mobile\"><figure class=\"wp-block-media-text__media\"><img loading=\"lazy\" decoding=\"async\" width=\"1200\" height=\"1200\" src=\"https:\/\/www.fscindigenousfoundation.org\/wp-content\/uploads\/2024\/09\/dcf-1.jpg\" alt=\"Yoghikson Bang Deep Connections Fellowship\" class=\"wp-image-13501 size-full\"\/><\/figure><div class=\"wp-block-media-text__content\">\n<p><strong>Yodhikson Bang<\/strong><\/p>\n\n\n\n<p>Pays : Indon\u00e9sie<\/p>\n\n\n\n<p>Membre de la tribu Matulelang, \u00eele d&#8217;Alor, Indon\u00e9sie<\/p>\n\n\n\n<p>Je m&#8217;appelle Yodhikson M. Bang (Dicky) et je suis membre du groupe tribal Matulelang de l&#8217;\u00eele d&#8217;Alor, \u00e0 l&#8217;est de Nusa Tenggara, en Indon\u00e9sie. Je suis directeur des op\u00e9rations de Thresher Shark Indonesia (Yayasan Teman Laut Indonesia), une ONG dirig\u00e9e par des jeunes qui se consacre \u00e0 la conservation des requins renards menac\u00e9s d&#8217;extinction et au soutien des communaut\u00e9s c\u00f4ti\u00e8res. Dans le cadre de mes fonctions, je dirige des projets sur le terrain et j&#8217;\u00e9tablis des relations avec des partenaires, notamment le gouvernement, les communaut\u00e9s indig\u00e8nes, les acteurs du tourisme et le public. Actuellement, je dirige et soutiens plusieurs projets : am\u00e9lioration de la conservation des ressources marines et renforcement de la p\u00eache \u00e0 petite \u00e9chelle \u00e0 Alor, int\u00e9gration d&#8217;un programme de conservation marine dans les \u00e9coles \u00e9l\u00e9mentaires, aide aux anciens p\u00eacheurs de requins et \u00e0 leurs \u00e9pouses pour qu&#8217;ils trouvent de nouveaux moyens de subsistance, et sensibilisation \u00e0 la conservation dans les r\u00e9gions d&#8217;Alor, de Flores et de Banda.<\/p>\n\n\n\n<p>Avant de rejoindre Thresher Shark Indonesia, j&#8217;\u00e9tais animatrice \u00e0 Humanity Inclusion. J&#8217;ai aid\u00e9 des groupes communautaires vuln\u00e9rables, tels que les femmes, les filles et les personnes handicap\u00e9es, \u00e0 b\u00e9n\u00e9ficier d&#8217;un acc\u00e8s \u00e9gal au d\u00e9veloppement \u00e9conomique. En outre, je dirige la communaut\u00e9 de mon \u00e9glise, motivant les jeunes \u00e0 maximiser leur potentiel en minimisant l&#8217;utilisation du plastique et en restaurant les zones de mangrove pour la r\u00e9silience climatique.<\/p>\n<\/div><\/div>\n\n\n\n<p><\/p>\n\n\n\n<p>Gr\u00e2ce \u00e0 cette bourse, la FSC Indigenous Foundation (FSC-IF) et l&#8217;Agence des \u00c9tats-Unis pour le d\u00e9veloppement international (USAID) soutiennent le leadership des jeunes autochtones. Si vous souhaitez vous associer \u00e0 nous et aider les jeunes leaders autochtones \u00e0 innover en s&#8217;appuyant sur les connaissances ancestrales et \u00e0 lutter contre le changement climatique, veuillez nous contacter \u00e0 l&#8217;adresse suivante : <a href=\"mailto:fsc.if@fsc.org\">fsc.if@fsc.org<\/a>.<\/p>\n\n\n\n<p><\/p>\n\n\n\n<p><\/p>\n\n\n\n<p><\/p>\n\n\n\n<p><\/p>\n\n\n\n<p><\/p>\n","protected":false},"excerpt":{"rendered":"<p>Des jeunes Autochtones du monde entier participeront au sommet One Young World et rejoindront notre r\u00e9seau de jeunes.<\/p>\n","protected":false},"author":2,"featured_media":13569,"comment_status":"closed","ping_status":"closed","sticky":false,"template":"","format":"standard","meta":{"footnotes":""},"categories":[2,22],"tags":[669,674,521,671,670,672,676,673,675],"class_list":["post-13618","post","type-post","status-publish","format-standard","has-post-thumbnail","hentry","category-non-classifiee","category-outstanding-news-fr","tag-bourse-deep-connections","tag-developpement-du-leadership","tag-fsc-if-4","tag-jeunes-leaders-autochtones","tag-one-young-world-summit-2","tag-oyw-2","tag-plaidoyer-autochtone","tag-reseau-jeunesse","tag-savoir-ancestral"],"acf":[],"yoast_head":"<!-- This site is optimized with the Yoast SEO plugin v26.9 - https:\/\/yoast.com\/product\/yoast-seo-wordpress\/ -->\n<title>Nous vous pr\u00e9sentons nos boursiers Connexions profondes ! - Fondation Indig\u00e8ne FSC<\/title>\n<meta name=\"description\" content=\"La Fondation Autochtone FSC pr\u00e9sente les 15 Jeunes Leaders Autochtones s\u00e9lectionn\u00e9s pour la Bourse Deep Connections. Ils rejoindront le r\u00e9seau de jeunesse et participeront au Sommet One Young World \u00e0 Montr\u00e9al, Canada.\" \/>\n<meta name=\"robots\" content=\"index, follow, max-snippet:-1, max-image-preview:large, max-video-preview:-1\" \/>\n<link rel=\"canonical\" href=\"https:\/\/www.fscindigenousfoundation.org\/fr\/boursiers-deep-connections-jeunes-leaders-autochtones\/\" \/>\n<meta property=\"og:locale\" content=\"fr_FR\" \/>\n<meta property=\"og:type\" content=\"article\" \/>\n<meta property=\"og:title\" content=\"Nous vous pr\u00e9sentons nos boursiers &quot;Connexions profondes&quot; !\" \/>\n<meta property=\"og:description\" content=\"Des jeunes Autochtones du monde entier participeront au sommet One Young World et rejoindront notre r\u00e9seau de jeunes.\" \/>\n<meta property=\"og:url\" content=\"https:\/\/www.fscindigenousfoundation.org\/fr\/boursiers-deep-connections-jeunes-leaders-autochtones\/\" \/>\n<meta property=\"og:site_name\" content=\"Fondation Indig\u00e8ne FSC\" \/>\n<meta property=\"article:publisher\" content=\"https:\/\/www.facebook.com\/fscindigenousfoundation\" \/>\n<meta property=\"article:published_time\" content=\"2024-09-11T22:44:36+00:00\" \/>\n<meta property=\"article:modified_time\" content=\"2025-11-03T15:17:16+00:00\" \/>\n<meta property=\"og:image\" content=\"https:\/\/www.fscindigenousfoundation.org\/wp-content\/uploads\/2024\/09\/oyw-image.png\" \/>\n\t<meta property=\"og:image:width\" content=\"820\" \/>\n\t<meta property=\"og:image:height\" content=\"462\" \/>\n\t<meta property=\"og:image:type\" content=\"image\/png\" \/>\n<meta name=\"author\" content=\"FSC-IF\" \/>\n<meta name=\"twitter:card\" content=\"summary_large_image\" \/>\n<meta name=\"twitter:title\" content=\"Nous vous pr\u00e9sentons nos boursiers &quot;Connexions profondes&quot; !\" \/>\n<meta name=\"twitter:description\" content=\"Des jeunes Autochtones du monde entier participeront au sommet One Young World et rejoindront notre r\u00e9seau de jeunes.\" \/>\n<meta name=\"twitter:image\" content=\"https:\/\/www.fscindigenousfoundation.org\/wp-content\/uploads\/2024\/09\/oyw-image.png\" \/>\n<meta name=\"twitter:creator\" content=\"@fsc_if\" \/>\n<meta name=\"twitter:site\" content=\"@fsc_if\" \/>\n<meta name=\"twitter:label1\" content=\"Written by\" \/>\n\t<meta name=\"twitter:data1\" content=\"FSC-IF\" \/>\n\t<meta name=\"twitter:label2\" content=\"Est. reading time\" \/>\n\t<meta name=\"twitter:data2\" content=\"21 minutes\" \/>\n<script type=\"application\/ld+json\" class=\"yoast-schema-graph\">{\"@context\":\"https:\/\/schema.org\",\"@graph\":[{\"@type\":\"Article\",\"@id\":\"https:\/\/www.fscindigenousfoundation.org\/fr\/boursiers-deep-connections-jeunes-leaders-autochtones\/#article\",\"isPartOf\":{\"@id\":\"https:\/\/www.fscindigenousfoundation.org\/fr\/boursiers-deep-connections-jeunes-leaders-autochtones\/\"},\"author\":{\"name\":\"FSC-IF\",\"@id\":\"https:\/\/www.fscindigenousfoundation.org\/fr\/#\/schema\/person\/0c54626e047eb40bf736bd993ad26ec9\"},\"headline\":\"Nous vous pr\u00e9sentons nos boursiers Connexions profondes !\",\"datePublished\":\"2024-09-11T22:44:36+00:00\",\"dateModified\":\"2025-11-03T15:17:16+00:00\",\"mainEntityOfPage\":{\"@id\":\"https:\/\/www.fscindigenousfoundation.org\/fr\/boursiers-deep-connections-jeunes-leaders-autochtones\/\"},\"wordCount\":4539,\"publisher\":{\"@id\":\"https:\/\/www.fscindigenousfoundation.org\/fr\/#organization\"},\"image\":{\"@id\":\"https:\/\/www.fscindigenousfoundation.org\/fr\/boursiers-deep-connections-jeunes-leaders-autochtones\/#primaryimage\"},\"thumbnailUrl\":\"https:\/\/www.fscindigenousfoundation.org\/wp-content\/uploads\/2024\/09\/oyw-image.png\",\"keywords\":[\"Bourse Deep Connections\",\"D\u00e9veloppement du Leadership\",\"FSC-IF\",\"Jeunes Leaders Autochtones\",\"One Young World Summit\",\"OYW\",\"Plaidoyer Autochtone\",\"R\u00e9seau Jeunesse\",\"Savoir Ancestral\"],\"articleSection\":[\"Non classifi\u00e9(e)\",\"Outstanding news\"],\"inLanguage\":\"fr-FR\"},{\"@type\":\"WebPage\",\"@id\":\"https:\/\/www.fscindigenousfoundation.org\/fr\/boursiers-deep-connections-jeunes-leaders-autochtones\/\",\"url\":\"https:\/\/www.fscindigenousfoundation.org\/fr\/boursiers-deep-connections-jeunes-leaders-autochtones\/\",\"name\":\"Nous vous pr\u00e9sentons nos boursiers Connexions profondes ! - Fondation Indig\u00e8ne FSC\",\"isPartOf\":{\"@id\":\"https:\/\/www.fscindigenousfoundation.org\/fr\/#website\"},\"primaryImageOfPage\":{\"@id\":\"https:\/\/www.fscindigenousfoundation.org\/fr\/boursiers-deep-connections-jeunes-leaders-autochtones\/#primaryimage\"},\"image\":{\"@id\":\"https:\/\/www.fscindigenousfoundation.org\/fr\/boursiers-deep-connections-jeunes-leaders-autochtones\/#primaryimage\"},\"thumbnailUrl\":\"https:\/\/www.fscindigenousfoundation.org\/wp-content\/uploads\/2024\/09\/oyw-image.png\",\"datePublished\":\"2024-09-11T22:44:36+00:00\",\"dateModified\":\"2025-11-03T15:17:16+00:00\",\"description\":\"La Fondation Autochtone FSC pr\u00e9sente les 15 Jeunes Leaders Autochtones s\u00e9lectionn\u00e9s pour la Bourse Deep Connections. Ils rejoindront le r\u00e9seau de jeunesse et participeront au Sommet One Young World \u00e0 Montr\u00e9al, Canada.\",\"breadcrumb\":{\"@id\":\"https:\/\/www.fscindigenousfoundation.org\/fr\/boursiers-deep-connections-jeunes-leaders-autochtones\/#breadcrumb\"},\"inLanguage\":\"fr-FR\",\"potentialAction\":[{\"@type\":\"ReadAction\",\"target\":[\"https:\/\/www.fscindigenousfoundation.org\/fr\/boursiers-deep-connections-jeunes-leaders-autochtones\/\"]}]},{\"@type\":\"ImageObject\",\"inLanguage\":\"fr-FR\",\"@id\":\"https:\/\/www.fscindigenousfoundation.org\/fr\/boursiers-deep-connections-jeunes-leaders-autochtones\/#primaryimage\",\"url\":\"https:\/\/www.fscindigenousfoundation.org\/wp-content\/uploads\/2024\/09\/oyw-image.png\",\"contentUrl\":\"https:\/\/www.fscindigenousfoundation.org\/wp-content\/uploads\/2024\/09\/oyw-image.png\",\"width\":820,\"height\":462,\"caption\":\"Banner Deep Connections Fellows\"},{\"@type\":\"BreadcrumbList\",\"@id\":\"https:\/\/www.fscindigenousfoundation.org\/fr\/boursiers-deep-connections-jeunes-leaders-autochtones\/#breadcrumb\",\"itemListElement\":[{\"@type\":\"ListItem\",\"position\":1,\"name\":\"Home\",\"item\":\"https:\/\/www.fscindigenousfoundation.org\/fr\/\"},{\"@type\":\"ListItem\",\"position\":2,\"name\":\"Nous vous pr\u00e9sentons nos boursiers Connexions profondes !\"}]},{\"@type\":\"WebSite\",\"@id\":\"https:\/\/www.fscindigenousfoundation.org\/fr\/#website\",\"url\":\"https:\/\/www.fscindigenousfoundation.org\/fr\/\",\"name\":\"IPARD\",\"description\":\"La Fondation Indig\u00e8ne FSC est une fondation cr\u00e9\u00e9e pour apporter des solutions qui garantissent les droits des Autochtones et prot\u00e8gent leur territoire, leurs for\u00eats et leurs connaissances ancestrales.\",\"publisher\":{\"@id\":\"https:\/\/www.fscindigenousfoundation.org\/fr\/#organization\"},\"potentialAction\":[{\"@type\":\"SearchAction\",\"target\":{\"@type\":\"EntryPoint\",\"urlTemplate\":\"https:\/\/www.fscindigenousfoundation.org\/fr\/?s={search_term_string}\"},\"query-input\":{\"@type\":\"PropertyValueSpecification\",\"valueRequired\":true,\"valueName\":\"search_term_string\"}}],\"inLanguage\":\"fr-FR\"},{\"@type\":\"Organization\",\"@id\":\"https:\/\/www.fscindigenousfoundation.org\/fr\/#organization\",\"name\":\"FSC Indigenous Foundation\",\"url\":\"https:\/\/www.fscindigenousfoundation.org\/fr\/\",\"logo\":{\"@type\":\"ImageObject\",\"inLanguage\":\"fr-FR\",\"@id\":\"https:\/\/www.fscindigenousfoundation.org\/fr\/#\/schema\/logo\/image\/\",\"url\":\"https:\/\/www.fscindigenousfoundation.org\/wp-content\/uploads\/2021\/09\/fsc-indigenous-foundation-color.png\",\"contentUrl\":\"https:\/\/www.fscindigenousfoundation.org\/wp-content\/uploads\/2021\/09\/fsc-indigenous-foundation-color.png\",\"width\":657,\"height\":197,\"caption\":\"FSC Indigenous Foundation\"},\"image\":{\"@id\":\"https:\/\/www.fscindigenousfoundation.org\/fr\/#\/schema\/logo\/image\/\"},\"sameAs\":[\"https:\/\/www.facebook.com\/fscindigenousfoundation\",\"https:\/\/x.com\/fsc_if\",\"https:\/\/instagram.com\/fscindigenousfoundation\"]},{\"@type\":\"Person\",\"@id\":\"https:\/\/www.fscindigenousfoundation.org\/fr\/#\/schema\/person\/0c54626e047eb40bf736bd993ad26ec9\",\"name\":\"FSC-IF\",\"url\":\"https:\/\/www.fscindigenousfoundation.org\/fr\/author\/fscif\/\"}]}<\/script>\n<!-- \/ Yoast SEO plugin. -->","yoast_head_json":{"title":"Nous vous pr\u00e9sentons nos boursiers Connexions profondes ! - Fondation Indig\u00e8ne FSC","description":"La Fondation Autochtone FSC pr\u00e9sente les 15 Jeunes Leaders Autochtones s\u00e9lectionn\u00e9s pour la Bourse Deep Connections. Ils rejoindront le r\u00e9seau de jeunesse et participeront au Sommet One Young World \u00e0 Montr\u00e9al, Canada.","robots":{"index":"index","follow":"follow","max-snippet":"max-snippet:-1","max-image-preview":"max-image-preview:large","max-video-preview":"max-video-preview:-1"},"canonical":"https:\/\/www.fscindigenousfoundation.org\/fr\/boursiers-deep-connections-jeunes-leaders-autochtones\/","og_locale":"fr_FR","og_type":"article","og_title":"Nous vous pr\u00e9sentons nos boursiers \"Connexions profondes\" !","og_description":"Des jeunes Autochtones du monde entier participeront au sommet One Young World et rejoindront notre r\u00e9seau de jeunes.","og_url":"https:\/\/www.fscindigenousfoundation.org\/fr\/boursiers-deep-connections-jeunes-leaders-autochtones\/","og_site_name":"Fondation Indig\u00e8ne FSC","article_publisher":"https:\/\/www.facebook.com\/fscindigenousfoundation","article_published_time":"2024-09-11T22:44:36+00:00","article_modified_time":"2025-11-03T15:17:16+00:00","og_image":[{"width":820,"height":462,"url":"https:\/\/www.fscindigenousfoundation.org\/wp-content\/uploads\/2024\/09\/oyw-image.png","type":"image\/png"}],"author":"FSC-IF","twitter_card":"summary_large_image","twitter_title":"Nous vous pr\u00e9sentons nos boursiers \"Connexions profondes\" !","twitter_description":"Des jeunes Autochtones du monde entier participeront au sommet One Young World et rejoindront notre r\u00e9seau de jeunes.","twitter_image":"https:\/\/www.fscindigenousfoundation.org\/wp-content\/uploads\/2024\/09\/oyw-image.png","twitter_creator":"@fsc_if","twitter_site":"@fsc_if","twitter_misc":{"Written by":"FSC-IF","Est. reading time":"21 minutes"},"schema":{"@context":"https:\/\/schema.org","@graph":[{"@type":"Article","@id":"https:\/\/www.fscindigenousfoundation.org\/fr\/boursiers-deep-connections-jeunes-leaders-autochtones\/#article","isPartOf":{"@id":"https:\/\/www.fscindigenousfoundation.org\/fr\/boursiers-deep-connections-jeunes-leaders-autochtones\/"},"author":{"name":"FSC-IF","@id":"https:\/\/www.fscindigenousfoundation.org\/fr\/#\/schema\/person\/0c54626e047eb40bf736bd993ad26ec9"},"headline":"Nous vous pr\u00e9sentons nos boursiers Connexions profondes !","datePublished":"2024-09-11T22:44:36+00:00","dateModified":"2025-11-03T15:17:16+00:00","mainEntityOfPage":{"@id":"https:\/\/www.fscindigenousfoundation.org\/fr\/boursiers-deep-connections-jeunes-leaders-autochtones\/"},"wordCount":4539,"publisher":{"@id":"https:\/\/www.fscindigenousfoundation.org\/fr\/#organization"},"image":{"@id":"https:\/\/www.fscindigenousfoundation.org\/fr\/boursiers-deep-connections-jeunes-leaders-autochtones\/#primaryimage"},"thumbnailUrl":"https:\/\/www.fscindigenousfoundation.org\/wp-content\/uploads\/2024\/09\/oyw-image.png","keywords":["Bourse Deep Connections","D\u00e9veloppement du Leadership","FSC-IF","Jeunes Leaders Autochtones","One Young World Summit","OYW","Plaidoyer Autochtone","R\u00e9seau Jeunesse","Savoir Ancestral"],"articleSection":["Non classifi\u00e9(e)","Outstanding news"],"inLanguage":"fr-FR"},{"@type":"WebPage","@id":"https:\/\/www.fscindigenousfoundation.org\/fr\/boursiers-deep-connections-jeunes-leaders-autochtones\/","url":"https:\/\/www.fscindigenousfoundation.org\/fr\/boursiers-deep-connections-jeunes-leaders-autochtones\/","name":"Nous vous pr\u00e9sentons nos boursiers Connexions profondes ! - Fondation Indig\u00e8ne FSC","isPartOf":{"@id":"https:\/\/www.fscindigenousfoundation.org\/fr\/#website"},"primaryImageOfPage":{"@id":"https:\/\/www.fscindigenousfoundation.org\/fr\/boursiers-deep-connections-jeunes-leaders-autochtones\/#primaryimage"},"image":{"@id":"https:\/\/www.fscindigenousfoundation.org\/fr\/boursiers-deep-connections-jeunes-leaders-autochtones\/#primaryimage"},"thumbnailUrl":"https:\/\/www.fscindigenousfoundation.org\/wp-content\/uploads\/2024\/09\/oyw-image.png","datePublished":"2024-09-11T22:44:36+00:00","dateModified":"2025-11-03T15:17:16+00:00","description":"La Fondation Autochtone FSC pr\u00e9sente les 15 Jeunes Leaders Autochtones s\u00e9lectionn\u00e9s pour la Bourse Deep Connections. Ils rejoindront le r\u00e9seau de jeunesse et participeront au Sommet One Young World \u00e0 Montr\u00e9al, Canada.","breadcrumb":{"@id":"https:\/\/www.fscindigenousfoundation.org\/fr\/boursiers-deep-connections-jeunes-leaders-autochtones\/#breadcrumb"},"inLanguage":"fr-FR","potentialAction":[{"@type":"ReadAction","target":["https:\/\/www.fscindigenousfoundation.org\/fr\/boursiers-deep-connections-jeunes-leaders-autochtones\/"]}]},{"@type":"ImageObject","inLanguage":"fr-FR","@id":"https:\/\/www.fscindigenousfoundation.org\/fr\/boursiers-deep-connections-jeunes-leaders-autochtones\/#primaryimage","url":"https:\/\/www.fscindigenousfoundation.org\/wp-content\/uploads\/2024\/09\/oyw-image.png","contentUrl":"https:\/\/www.fscindigenousfoundation.org\/wp-content\/uploads\/2024\/09\/oyw-image.png","width":820,"height":462,"caption":"Banner Deep Connections Fellows"},{"@type":"BreadcrumbList","@id":"https:\/\/www.fscindigenousfoundation.org\/fr\/boursiers-deep-connections-jeunes-leaders-autochtones\/#breadcrumb","itemListElement":[{"@type":"ListItem","position":1,"name":"Home","item":"https:\/\/www.fscindigenousfoundation.org\/fr\/"},{"@type":"ListItem","position":2,"name":"Nous vous pr\u00e9sentons nos boursiers Connexions profondes !"}]},{"@type":"WebSite","@id":"https:\/\/www.fscindigenousfoundation.org\/fr\/#website","url":"https:\/\/www.fscindigenousfoundation.org\/fr\/","name":"IPARD","description":"La Fondation Indig\u00e8ne FSC est une fondation cr\u00e9\u00e9e pour apporter des solutions qui garantissent les droits des Autochtones et prot\u00e8gent leur territoire, leurs for\u00eats et leurs connaissances ancestrales.","publisher":{"@id":"https:\/\/www.fscindigenousfoundation.org\/fr\/#organization"},"potentialAction":[{"@type":"SearchAction","target":{"@type":"EntryPoint","urlTemplate":"https:\/\/www.fscindigenousfoundation.org\/fr\/?s={search_term_string}"},"query-input":{"@type":"PropertyValueSpecification","valueRequired":true,"valueName":"search_term_string"}}],"inLanguage":"fr-FR"},{"@type":"Organization","@id":"https:\/\/www.fscindigenousfoundation.org\/fr\/#organization","name":"FSC Indigenous Foundation","url":"https:\/\/www.fscindigenousfoundation.org\/fr\/","logo":{"@type":"ImageObject","inLanguage":"fr-FR","@id":"https:\/\/www.fscindigenousfoundation.org\/fr\/#\/schema\/logo\/image\/","url":"https:\/\/www.fscindigenousfoundation.org\/wp-content\/uploads\/2021\/09\/fsc-indigenous-foundation-color.png","contentUrl":"https:\/\/www.fscindigenousfoundation.org\/wp-content\/uploads\/2021\/09\/fsc-indigenous-foundation-color.png","width":657,"height":197,"caption":"FSC Indigenous Foundation"},"image":{"@id":"https:\/\/www.fscindigenousfoundation.org\/fr\/#\/schema\/logo\/image\/"},"sameAs":["https:\/\/www.facebook.com\/fscindigenousfoundation","https:\/\/x.com\/fsc_if","https:\/\/instagram.com\/fscindigenousfoundation"]},{"@type":"Person","@id":"https:\/\/www.fscindigenousfoundation.org\/fr\/#\/schema\/person\/0c54626e047eb40bf736bd993ad26ec9","name":"FSC-IF","url":"https:\/\/www.fscindigenousfoundation.org\/fr\/author\/fscif\/"}]}},"_links":{"self":[{"href":"https:\/\/www.fscindigenousfoundation.org\/fr\/wp-json\/wp\/v2\/posts\/13618","targetHints":{"allow":["GET"]}}],"collection":[{"href":"https:\/\/www.fscindigenousfoundation.org\/fr\/wp-json\/wp\/v2\/posts"}],"about":[{"href":"https:\/\/www.fscindigenousfoundation.org\/fr\/wp-json\/wp\/v2\/types\/post"}],"author":[{"embeddable":true,"href":"https:\/\/www.fscindigenousfoundation.org\/fr\/wp-json\/wp\/v2\/users\/2"}],"replies":[{"embeddable":true,"href":"https:\/\/www.fscindigenousfoundation.org\/fr\/wp-json\/wp\/v2\/comments?post=13618"}],"version-history":[{"count":10,"href":"https:\/\/www.fscindigenousfoundation.org\/fr\/wp-json\/wp\/v2\/posts\/13618\/revisions"}],"predecessor-version":[{"id":16895,"href":"https:\/\/www.fscindigenousfoundation.org\/fr\/wp-json\/wp\/v2\/posts\/13618\/revisions\/16895"}],"wp:featuredmedia":[{"embeddable":true,"href":"https:\/\/www.fscindigenousfoundation.org\/fr\/wp-json\/wp\/v2\/media\/13569"}],"wp:attachment":[{"href":"https:\/\/www.fscindigenousfoundation.org\/fr\/wp-json\/wp\/v2\/media?parent=13618"}],"wp:term":[{"taxonomy":"category","embeddable":true,"href":"https:\/\/www.fscindigenousfoundation.org\/fr\/wp-json\/wp\/v2\/categories?post=13618"},{"taxonomy":"post_tag","embeddable":true,"href":"https:\/\/www.fscindigenousfoundation.org\/fr\/wp-json\/wp\/v2\/tags?post=13618"}],"curies":[{"name":"wp","href":"https:\/\/api.w.org\/{rel}","templated":true}]}}