{"id":9713,"date":"2023-06-09T17:27:50","date_gmt":"2023-06-09T21:27:50","guid":{"rendered":"https:\/\/www.fscindigenousfoundation.org\/?p=9713"},"modified":"2023-09-28T09:44:16","modified_gmt":"2023-09-28T13:44:16","slug":"ampliar-las-soluciones-indigenas","status":"publish","type":"post","link":"https:\/\/www.fscindigenousfoundation.org\/es\/ampliar-las-soluciones-indigenas\/","title":{"rendered":"Ampliar las soluciones Ind\u00edgenas a la crisis del cambio clim\u00e1tico\u00a0"},"content":{"rendered":"\n<figure class=\"wp-block-image size-full\"><img decoding=\"async\" src=\"https:\/\/www.fscindigenousfoundation.org\/wp-content\/uploads\/2023\/06\/banneresp.jpg\" alt=\"\" class=\"wp-image-9714\"\/><\/figure>\n\n\n\n<p>El cambio clim\u00e1tico es un problema mundial acuciante que exige atenci\u00f3n inmediata. Para arrojar luz sobre la perspectiva Ind\u00edgena y presentar acciones lideradas por los Pueblos Ind\u00edgenas para hacer frente a esta crisis, l\u00edderes de Mesoam\u00e9rica y de todo el mundo se reunir\u00e1n en Ciudad de Panam\u00e1, Panam\u00e1, del 13 al 16 de junio de 2023, en la <strong>Semana Clim\u00e1tica Mesoamericana de los Pueblos Ind\u00edgenas y Comunidades Locales 2023<\/strong>. Este evento servir\u00e1 como plataforma para discusiones profundas sobre la salvaguarda de nuestros bosques y asegurar la supervivencia de nuestras comunidades.&nbsp;<\/p>\n\n\n\n<p>Este foro, organizado por la <a href=\"https:\/\/www.alianzamesoamericana.org\/es\/\" target=\"_blank\" rel=\"noreferrer noopener\">Alianza Mesoamericana de Pueblos y Bosques (AMPB)<\/a> y con el apoyo de la Fundaci\u00f3n Ind\u00edgena FSC a trav\u00e9s de la <a href=\"https:\/\/www.fscindigenousfoundation.org\/es\/ipard\/\" target=\"_blank\" rel=\"noreferrer noopener\">Alianza de los Pueblos Ind\u00edgenas por los Derechos y el Desarrollo (IPARD)<\/a>, es un espacio dise\u00f1ado por Pueblos Ind\u00edgenas y comunidades locales para presentar sus experiencias territoriales y explorar, junto a aliados estrat\u00e9gicos, las valiosas oportunidades de inversi\u00f3n territorial directa que permitan escalar soluciones ancestrales a la crisis clim\u00e1tica con perspectiva territorial.&nbsp;&nbsp;<\/p>\n\n\n<div class=\"wp-block-image\">\n<figure class=\"aligncenter size-full\"><img loading=\"lazy\" decoding=\"async\" width=\"2560\" height=\"1707\" src=\"https:\/\/www.fscindigenousfoundation.org\/wp-content\/uploads\/2023\/06\/dsc08581-scaled.jpg\" alt=\"\" class=\"wp-image-9684\"\/><\/figure><\/div>\n\n\n<p><\/p>\n\n\n\n<p><strong>Unidos contra el cambio clim\u00e1tico<\/strong>&nbsp;<\/p>\n\n\n\n<p>No hay un \u00fanico actor que pueda tener \u00e9xito en la lucha contra el cambio clim\u00e1tico, \u200bya que ne\u200bcesitamos la colaboraci\u00f3n entre los Pueblos Ind\u00edgenas, la sociedad civil, el sector privado y los gobiernos para reducir el riesgo clim\u00e1tico mediante soluciones Ind\u00edgenas basadas en la naturaleza.&nbsp;<\/p>\n\n\n\n<p>Los Pueblos Ind\u00edgenas y las comunidades locales de la regi\u00f3n est\u00e1n experimentando de primera mano los impactos del cambio clim\u00e1tico y han desarrollado estrategias innovadoras para adaptarse a la adversidad. Estas comunidades influyen en aproximadamente 50 millones de hect\u00e1reas de bosques que albergan el 8% de la biodiversidad mundial y almacenan el 47% de las reservas forestales de carbono de la regi\u00f3n.&nbsp;&nbsp;<\/p>\n\n\n\n<p>Durante esta semana, representantes de comunidades Ind\u00edgenas y locales compartir\u00e1n sus experiencias de resiliencia, lucha y adaptaci\u00f3n ante unas condiciones cada vez m\u00e1s extremas.&nbsp;<\/p>\n\n\n\n<p>Este evento h\u00edbrido contar\u00e1 con la participaci\u00f3n de gobiernos de la regi\u00f3n, alianzas regionales, cooperaci\u00f3n internacional y donantes filantr\u00f3picos que se organizar\u00e1 por las jornadas tem\u00e1ticas que se enumeran a continuaci\u00f3n.&nbsp;<\/p>\n\n\n\n<figure class=\"wp-block-gallery has-nested-images columns-default is-cropped wp-block-gallery-1 is-layout-flex wp-block-gallery-is-layout-flex\">\n<figure class=\"wp-block-image size-full\"><img decoding=\"async\" data-id=\"9719\" src=\"https:\/\/www.fscindigenousfoundation.org\/wp-content\/uploads\/2023\/06\/2-1-1.jpg\" alt=\"\" class=\"wp-image-9719\"\/><\/figure>\n\n\n\n<figure class=\"wp-block-image size-full\"><img decoding=\"async\" data-id=\"9723\" src=\"https:\/\/www.fscindigenousfoundation.org\/wp-content\/uploads\/2023\/06\/4-1-1.jpg\" alt=\"\" class=\"wp-image-9723\"\/><\/figure>\n<\/figure>\n\n\n\n<figure class=\"wp-block-gallery has-nested-images columns-default is-cropped wp-block-gallery-2 is-layout-flex wp-block-gallery-is-layout-flex\">\n<figure class=\"wp-block-image size-full\"><img decoding=\"async\" data-id=\"9727\" src=\"https:\/\/www.fscindigenousfoundation.org\/wp-content\/uploads\/2023\/06\/3-1.jpg\" alt=\"\" class=\"wp-image-9727\"\/><\/figure>\n\n\n\n<figure class=\"wp-block-image size-full\"><img decoding=\"async\" data-id=\"9731\" src=\"https:\/\/www.fscindigenousfoundation.org\/wp-content\/uploads\/2023\/06\/5-1-1.jpg\" alt=\"\" class=\"wp-image-9731\"\/><\/figure>\n<\/figure>\n\n\n\n<p><\/p>\n\n\n\n<p><strong>Un enfoque hol\u00edstico del cambio clim\u00e1tico<\/strong>&nbsp;<\/p>\n\n\n\n<p>En la Fundaci\u00f3n Ind\u00edgena FSC sabemos que los Pueblos Ind\u00edgenas est\u00e1n inextricablemente vinculados a sus tierras y recursos naturales. Por esta raz\u00f3n, nuestra <a href=\"https:\/\/www.fscindigenousfoundation.org\/fsc-indigenous-foundation-global-strategy\/\" target=\"_blank\" rel=\"noreferrer noopener\">Estrategia Global<\/a> se centra en los Paisajes Culturales Ind\u00edgenas, o paisajes vivos que tienen un inmenso valor para los Pueblos Ind\u00edgenas, que han mantenido relaciones duraderas con la tierra, el agua, la flora, la fauna y el esp\u00edritu. Este enfoque reconoce y admite la forma cultural y tradicional en que los Pueblos Ind\u00edgenas gestionan sus territorios sobre el terreno e incorpora una perspectiva territorial hol\u00edstica en todas nuestras \u00e1reas de trabajo.&nbsp;&nbsp;<\/p>\n\n\n\n<p>Apoyamos la Semana Clim\u00e1tica Mesoamericana&nbsp;a trav\u00e9s de nuestro Programa <a href=\"https:\/\/www.fscindigenousfoundation.org\/ipard\/\" target=\"_blank\" rel=\"noreferrer noopener\">Alianza de los Pueblos Ind\u00edgenas para los Derechos y el Desarrollo (IPARD<\/a>) y como parte de nuestros esfuerzos colectivos por fortalecer las organizaciones de los Pueblos Ind\u00edgenas a nivel regional para lograr el autodesarrollo, el autogobierno y la autosuficiencia. Estamos trabajando para empoderar a una nueva generaci\u00f3n de l\u00edderes Ind\u00edgenas para combatir los desaf\u00edos del cambio clim\u00e1tico y determinar un curso de acci\u00f3n diferente para el futuro del planeta. Esta semana ser\u00e1 una oportunidad incre\u00edble para avanzar en estos objetivos, y conectar a las comunidades Ind\u00edgenas y locales con los recursos que necesitan para ampliar sus soluciones ancestrales que han estado salvaguardando nuestro planeta durante milenios.&nbsp;<\/p>\n\n\n\n<p>\u00danete a nosotros para apoyar soluciones clim\u00e1ticas ancestrales Ind\u00edgenas y comunitarias para un futuro sostenible.&nbsp;&nbsp;<\/p>\n\n\n\n<p>Descargue la agenda completa de la Semana Clim\u00e1tica Mesoamericana de los Pueblos Ind\u00edgenas y Comunidades Locales 2023 <a href=\"https:\/\/www.alianzamesoamericana.org\/es\/wp-content\/uploads\/2023\/06\/Programa-Completo.pdf\" target=\"_blank\" rel=\"noreferrer noopener\">aqu\u00ed<\/a> y encuentra m\u00e1s informaci\u00f3n en el <a href=\"https:\/\/www.alianzamesoamericana.org\/es\/guardianes-de-los-bosques-de-mesoamerica-convocan-a-la-primera-semana-climatica-desde-los-pueblos-indigenas-y-las-comunidades-locales\/\" target=\"_blank\" rel=\"noreferrer noopener\">sitio web de la AMPB<\/a>. <\/p>\n\n\n\n<p>El lugar de la semana es el Hotel El Panam\u00e1 en Ciudad de Panam\u00e1, Panam\u00e1. Habr\u00e1 conexi\u00f3n virtual y transmisi\u00f3n en directo de las sesiones en ingl\u00e9s y espa\u00f1ol <a href=\"https:\/\/us06web.zoom.us\/j\/84854524360\" target=\"_blank\" rel=\"noreferrer noopener\">aqu\u00ed<\/a>.<\/p>\n\n\n\n<figure class=\"wp-block-image size-full\"><img loading=\"lazy\" decoding=\"async\" width=\"1548\" height=\"1600\" src=\"https:\/\/www.fscindigenousfoundation.org\/wp-content\/uploads\/2023\/06\/whatsapp-image-2023-06-09-at-144819.jpeg\" alt=\"\" class=\"wp-image-9754\"\/><\/figure>\n","protected":false},"excerpt":{"rendered":"<p>La Semana Clim\u00e1tica Mesoamericana 2023 de los Pueblos Ind\u00edgenas y Comunidades Locales convocar\u00e1 a actores multisectoriales para discutir y optimizar acciones contra el cambio clim\u00e1tico para la protecci\u00f3n de nuestros bosques, gente y futuro. <\/p>\n","protected":false},"author":2,"featured_media":9714,"comment_status":"closed","ping_status":"closed","sticky":false,"template":"","format":"standard","meta":{"footnotes":""},"categories":[24,4],"tags":[90,70,105,107,36,30],"class_list":["post-9713","post","type-post","status-publish","format-standard","has-post-thumbnail","hentry","category-outstanding-news-es","category-sin-categorizar","tag-cambio-climatico-2","tag-climate-change-es","tag-climate-finance-es","tag-indigenous-leadership-es","tag-indigenous-peoples-es","tag-pueblos-indigenas"],"acf":[],"yoast_head":"<!-- This site is optimized with the Yoast SEO plugin v26.9 - https:\/\/yoast.com\/product\/yoast-seo-wordpress\/ -->\n<title>Ampliar las soluciones Ind\u00edgenas a la crisis del cambio clim\u00e1tico\u00a0 - Fundaci\u00f3n Ind\u00edgena FSC<\/title>\n<meta name=\"description\" content=\"La Semana Clim\u00e1tica Mesoamericana 2023 de los Pueblos Ind\u00edgenas y Comunidades Locales convocar\u00e1 a actores multisectoriales para discutir y optimizar acciones contra el cambio clim\u00e1tico para la protecci\u00f3n de nuestros bosques, gente y futuro.\" \/>\n<meta name=\"robots\" content=\"index, follow, max-snippet:-1, max-image-preview:large, max-video-preview:-1\" \/>\n<link rel=\"canonical\" href=\"https:\/\/www.fscindigenousfoundation.org\/es\/ampliar-las-soluciones-indigenas\/\" \/>\n<meta property=\"og:locale\" content=\"es_ES\" \/>\n<meta property=\"og:type\" content=\"article\" \/>\n<meta property=\"og:title\" content=\"Ampliar las soluciones Ind\u00edgenas a la crisis del cambio clim\u00e1tico\u00a0\" \/>\n<meta property=\"og:description\" content=\"La Semana Clim\u00e1tica Mesoamericana convocar\u00e1 a actores multisectoriales para discutir y optimizar acciones contra el cambio clim\u00e1tico para la protecci\u00f3n de nuestros bosques, gente y futuro.\" \/>\n<meta property=\"og:url\" content=\"https:\/\/www.fscindigenousfoundation.org\/es\/ampliar-las-soluciones-indigenas\/\" \/>\n<meta property=\"og:site_name\" content=\"Fundaci\u00f3n Ind\u00edgena FSC\" \/>\n<meta property=\"article:publisher\" content=\"https:\/\/www.facebook.com\/fscindigenousfoundation\" \/>\n<meta property=\"article:published_time\" content=\"2023-06-09T21:27:50+00:00\" \/>\n<meta property=\"article:modified_time\" content=\"2023-09-28T13:44:16+00:00\" \/>\n<meta property=\"og:image\" content=\"http:\/\/www.fscindigenousfoundation.org\/wp-content\/uploads\/2023\/06\/banneresp.png\" \/>\n\t<meta property=\"og:image:width\" content=\"3240\" \/>\n\t<meta property=\"og:image:height\" content=\"1080\" \/>\n\t<meta property=\"og:image:type\" content=\"image\/png\" \/>\n<meta name=\"author\" content=\"FSC-IF\" \/>\n<meta name=\"twitter:card\" content=\"summary_large_image\" \/>\n<meta name=\"twitter:title\" content=\"Ampliar las soluciones Ind\u00edgenas a la crisis del cambio clim\u00e1tico\u00a0\" \/>\n<meta name=\"twitter:description\" content=\"La Semana Clim\u00e1tica Mesoamericana convocar\u00e1 a actores multisectoriales para discutir y optimizar acciones contra el cambio clim\u00e1tico para la protecci\u00f3n de nuestros bosques, gente y futuro.\" \/>\n<meta name=\"twitter:image\" content=\"https:\/\/www.fscindigenousfoundation.org\/wp-content\/uploads\/2023\/06\/banneresp.png\" \/>\n<meta name=\"twitter:creator\" content=\"@fsc_if\" \/>\n<meta name=\"twitter:site\" content=\"@fsc_if\" \/>\n<meta name=\"twitter:label1\" content=\"Written by\" \/>\n\t<meta name=\"twitter:data1\" content=\"FSC-IF\" \/>\n\t<meta name=\"twitter:label2\" content=\"Est. reading time\" \/>\n\t<meta name=\"twitter:data2\" content=\"5 minutes\" \/>\n<script type=\"application\/ld+json\" class=\"yoast-schema-graph\">{\"@context\":\"https:\/\/schema.org\",\"@graph\":[{\"@type\":\"Article\",\"@id\":\"https:\/\/www.fscindigenousfoundation.org\/es\/ampliar-las-soluciones-indigenas\/#article\",\"isPartOf\":{\"@id\":\"https:\/\/www.fscindigenousfoundation.org\/es\/ampliar-las-soluciones-indigenas\/\"},\"author\":{\"name\":\"FSC-IF\",\"@id\":\"https:\/\/www.fscindigenousfoundation.org\/es\/#\/schema\/person\/0c54626e047eb40bf736bd993ad26ec9\"},\"headline\":\"Ampliar las soluciones Ind\u00edgenas a la crisis del cambio clim\u00e1tico\u00a0\",\"datePublished\":\"2023-06-09T21:27:50+00:00\",\"dateModified\":\"2023-09-28T13:44:16+00:00\",\"mainEntityOfPage\":{\"@id\":\"https:\/\/www.fscindigenousfoundation.org\/es\/ampliar-las-soluciones-indigenas\/\"},\"wordCount\":721,\"publisher\":{\"@id\":\"https:\/\/www.fscindigenousfoundation.org\/es\/#organization\"},\"image\":{\"@id\":\"https:\/\/www.fscindigenousfoundation.org\/es\/ampliar-las-soluciones-indigenas\/#primaryimage\"},\"thumbnailUrl\":\"https:\/\/www.fscindigenousfoundation.org\/wp-content\/uploads\/2023\/06\/banneresp.png\",\"keywords\":[\"cambio climatico\",\"Climate Change\",\"Climate Finance\",\"Indigenous leadership\",\"Indigenous Peoples\",\"Pueblos Ind\u00edgenas\"],\"articleSection\":[\"Outstanding news\",\"Sin categorizar\"],\"inLanguage\":\"es-ES\"},{\"@type\":\"WebPage\",\"@id\":\"https:\/\/www.fscindigenousfoundation.org\/es\/ampliar-las-soluciones-indigenas\/\",\"url\":\"https:\/\/www.fscindigenousfoundation.org\/es\/ampliar-las-soluciones-indigenas\/\",\"name\":\"Ampliar las soluciones Ind\u00edgenas a la crisis del cambio clim\u00e1tico\u00a0 - Fundaci\u00f3n Ind\u00edgena FSC\",\"isPartOf\":{\"@id\":\"https:\/\/www.fscindigenousfoundation.org\/es\/#website\"},\"primaryImageOfPage\":{\"@id\":\"https:\/\/www.fscindigenousfoundation.org\/es\/ampliar-las-soluciones-indigenas\/#primaryimage\"},\"image\":{\"@id\":\"https:\/\/www.fscindigenousfoundation.org\/es\/ampliar-las-soluciones-indigenas\/#primaryimage\"},\"thumbnailUrl\":\"https:\/\/www.fscindigenousfoundation.org\/wp-content\/uploads\/2023\/06\/banneresp.png\",\"datePublished\":\"2023-06-09T21:27:50+00:00\",\"dateModified\":\"2023-09-28T13:44:16+00:00\",\"description\":\"La Semana Clim\u00e1tica Mesoamericana 2023 de los Pueblos Ind\u00edgenas y Comunidades Locales convocar\u00e1 a actores multisectoriales para discutir y optimizar acciones contra el cambio clim\u00e1tico para la protecci\u00f3n de nuestros bosques, gente y futuro.\",\"breadcrumb\":{\"@id\":\"https:\/\/www.fscindigenousfoundation.org\/es\/ampliar-las-soluciones-indigenas\/#breadcrumb\"},\"inLanguage\":\"es-ES\",\"potentialAction\":[{\"@type\":\"ReadAction\",\"target\":[\"https:\/\/www.fscindigenousfoundation.org\/es\/ampliar-las-soluciones-indigenas\/\"]}]},{\"@type\":\"ImageObject\",\"inLanguage\":\"es-ES\",\"@id\":\"https:\/\/www.fscindigenousfoundation.org\/es\/ampliar-las-soluciones-indigenas\/#primaryimage\",\"url\":\"https:\/\/www.fscindigenousfoundation.org\/wp-content\/uploads\/2023\/06\/banneresp.png\",\"contentUrl\":\"https:\/\/www.fscindigenousfoundation.org\/wp-content\/uploads\/2023\/06\/banneresp.png\",\"width\":3240,\"height\":1080},{\"@type\":\"BreadcrumbList\",\"@id\":\"https:\/\/www.fscindigenousfoundation.org\/es\/ampliar-las-soluciones-indigenas\/#breadcrumb\",\"itemListElement\":[{\"@type\":\"ListItem\",\"position\":1,\"name\":\"Home\",\"item\":\"https:\/\/www.fscindigenousfoundation.org\/es\/\"},{\"@type\":\"ListItem\",\"position\":2,\"name\":\"Ampliar las soluciones Ind\u00edgenas a la crisis del cambio clim\u00e1tico\u00a0\"}]},{\"@type\":\"WebSite\",\"@id\":\"https:\/\/www.fscindigenousfoundation.org\/es\/#website\",\"url\":\"https:\/\/www.fscindigenousfoundation.org\/es\/\",\"name\":\"IPARD\",\"description\":\"La Fundaci\u00f3n Ind\u00edgena FSC es una fundaci\u00f3n creada para proporcionar soluciones que garanticen los derechos ind\u00edgenas y proteger sus territorios, bosques y conocimiento ancestral.\",\"publisher\":{\"@id\":\"https:\/\/www.fscindigenousfoundation.org\/es\/#organization\"},\"potentialAction\":[{\"@type\":\"SearchAction\",\"target\":{\"@type\":\"EntryPoint\",\"urlTemplate\":\"https:\/\/www.fscindigenousfoundation.org\/es\/?s={search_term_string}\"},\"query-input\":{\"@type\":\"PropertyValueSpecification\",\"valueRequired\":true,\"valueName\":\"search_term_string\"}}],\"inLanguage\":\"es-ES\"},{\"@type\":\"Organization\",\"@id\":\"https:\/\/www.fscindigenousfoundation.org\/es\/#organization\",\"name\":\"FSC Indigenous Foundation\",\"url\":\"https:\/\/www.fscindigenousfoundation.org\/es\/\",\"logo\":{\"@type\":\"ImageObject\",\"inLanguage\":\"es-ES\",\"@id\":\"https:\/\/www.fscindigenousfoundation.org\/es\/#\/schema\/logo\/image\/\",\"url\":\"https:\/\/www.fscindigenousfoundation.org\/wp-content\/uploads\/2021\/09\/fsc-indigenous-foundation-color.png\",\"contentUrl\":\"https:\/\/www.fscindigenousfoundation.org\/wp-content\/uploads\/2021\/09\/fsc-indigenous-foundation-color.png\",\"width\":657,\"height\":197,\"caption\":\"FSC Indigenous Foundation\"},\"image\":{\"@id\":\"https:\/\/www.fscindigenousfoundation.org\/es\/#\/schema\/logo\/image\/\"},\"sameAs\":[\"https:\/\/www.facebook.com\/fscindigenousfoundation\",\"https:\/\/x.com\/fsc_if\",\"https:\/\/instagram.com\/fscindigenousfoundation\"]},{\"@type\":\"Person\",\"@id\":\"https:\/\/www.fscindigenousfoundation.org\/es\/#\/schema\/person\/0c54626e047eb40bf736bd993ad26ec9\",\"name\":\"FSC-IF\",\"url\":\"https:\/\/www.fscindigenousfoundation.org\/es\/author\/fscif\/\"}]}<\/script>\n<!-- \/ Yoast SEO plugin. -->","yoast_head_json":{"title":"Ampliar las soluciones Ind\u00edgenas a la crisis del cambio clim\u00e1tico\u00a0 - Fundaci\u00f3n Ind\u00edgena FSC","description":"La Semana Clim\u00e1tica Mesoamericana 2023 de los Pueblos Ind\u00edgenas y Comunidades Locales convocar\u00e1 a actores multisectoriales para discutir y optimizar acciones contra el cambio clim\u00e1tico para la protecci\u00f3n de nuestros bosques, gente y futuro.","robots":{"index":"index","follow":"follow","max-snippet":"max-snippet:-1","max-image-preview":"max-image-preview:large","max-video-preview":"max-video-preview:-1"},"canonical":"https:\/\/www.fscindigenousfoundation.org\/es\/ampliar-las-soluciones-indigenas\/","og_locale":"es_ES","og_type":"article","og_title":"Ampliar las soluciones Ind\u00edgenas a la crisis del cambio clim\u00e1tico\u00a0","og_description":"La Semana Clim\u00e1tica Mesoamericana convocar\u00e1 a actores multisectoriales para discutir y optimizar acciones contra el cambio clim\u00e1tico para la protecci\u00f3n de nuestros bosques, gente y futuro.","og_url":"https:\/\/www.fscindigenousfoundation.org\/es\/ampliar-las-soluciones-indigenas\/","og_site_name":"Fundaci\u00f3n Ind\u00edgena FSC","article_publisher":"https:\/\/www.facebook.com\/fscindigenousfoundation","article_published_time":"2023-06-09T21:27:50+00:00","article_modified_time":"2023-09-28T13:44:16+00:00","og_image":[{"url":"http:\/\/www.fscindigenousfoundation.org\/wp-content\/uploads\/2023\/06\/banneresp.png","width":3240,"height":1080,"type":"image\/png"}],"author":"FSC-IF","twitter_card":"summary_large_image","twitter_title":"Ampliar las soluciones Ind\u00edgenas a la crisis del cambio clim\u00e1tico\u00a0","twitter_description":"La Semana Clim\u00e1tica Mesoamericana convocar\u00e1 a actores multisectoriales para discutir y optimizar acciones contra el cambio clim\u00e1tico para la protecci\u00f3n de nuestros bosques, gente y futuro.","twitter_image":"https:\/\/www.fscindigenousfoundation.org\/wp-content\/uploads\/2023\/06\/banneresp.png","twitter_creator":"@fsc_if","twitter_site":"@fsc_if","twitter_misc":{"Written by":"FSC-IF","Est. reading time":"5 minutes"},"schema":{"@context":"https:\/\/schema.org","@graph":[{"@type":"Article","@id":"https:\/\/www.fscindigenousfoundation.org\/es\/ampliar-las-soluciones-indigenas\/#article","isPartOf":{"@id":"https:\/\/www.fscindigenousfoundation.org\/es\/ampliar-las-soluciones-indigenas\/"},"author":{"name":"FSC-IF","@id":"https:\/\/www.fscindigenousfoundation.org\/es\/#\/schema\/person\/0c54626e047eb40bf736bd993ad26ec9"},"headline":"Ampliar las soluciones Ind\u00edgenas a la crisis del cambio clim\u00e1tico\u00a0","datePublished":"2023-06-09T21:27:50+00:00","dateModified":"2023-09-28T13:44:16+00:00","mainEntityOfPage":{"@id":"https:\/\/www.fscindigenousfoundation.org\/es\/ampliar-las-soluciones-indigenas\/"},"wordCount":721,"publisher":{"@id":"https:\/\/www.fscindigenousfoundation.org\/es\/#organization"},"image":{"@id":"https:\/\/www.fscindigenousfoundation.org\/es\/ampliar-las-soluciones-indigenas\/#primaryimage"},"thumbnailUrl":"https:\/\/www.fscindigenousfoundation.org\/wp-content\/uploads\/2023\/06\/banneresp.png","keywords":["cambio climatico","Climate Change","Climate Finance","Indigenous leadership","Indigenous Peoples","Pueblos Ind\u00edgenas"],"articleSection":["Outstanding news","Sin categorizar"],"inLanguage":"es-ES"},{"@type":"WebPage","@id":"https:\/\/www.fscindigenousfoundation.org\/es\/ampliar-las-soluciones-indigenas\/","url":"https:\/\/www.fscindigenousfoundation.org\/es\/ampliar-las-soluciones-indigenas\/","name":"Ampliar las soluciones Ind\u00edgenas a la crisis del cambio clim\u00e1tico\u00a0 - Fundaci\u00f3n Ind\u00edgena FSC","isPartOf":{"@id":"https:\/\/www.fscindigenousfoundation.org\/es\/#website"},"primaryImageOfPage":{"@id":"https:\/\/www.fscindigenousfoundation.org\/es\/ampliar-las-soluciones-indigenas\/#primaryimage"},"image":{"@id":"https:\/\/www.fscindigenousfoundation.org\/es\/ampliar-las-soluciones-indigenas\/#primaryimage"},"thumbnailUrl":"https:\/\/www.fscindigenousfoundation.org\/wp-content\/uploads\/2023\/06\/banneresp.png","datePublished":"2023-06-09T21:27:50+00:00","dateModified":"2023-09-28T13:44:16+00:00","description":"La Semana Clim\u00e1tica Mesoamericana 2023 de los Pueblos Ind\u00edgenas y Comunidades Locales convocar\u00e1 a actores multisectoriales para discutir y optimizar acciones contra el cambio clim\u00e1tico para la protecci\u00f3n de nuestros bosques, gente y futuro.","breadcrumb":{"@id":"https:\/\/www.fscindigenousfoundation.org\/es\/ampliar-las-soluciones-indigenas\/#breadcrumb"},"inLanguage":"es-ES","potentialAction":[{"@type":"ReadAction","target":["https:\/\/www.fscindigenousfoundation.org\/es\/ampliar-las-soluciones-indigenas\/"]}]},{"@type":"ImageObject","inLanguage":"es-ES","@id":"https:\/\/www.fscindigenousfoundation.org\/es\/ampliar-las-soluciones-indigenas\/#primaryimage","url":"https:\/\/www.fscindigenousfoundation.org\/wp-content\/uploads\/2023\/06\/banneresp.png","contentUrl":"https:\/\/www.fscindigenousfoundation.org\/wp-content\/uploads\/2023\/06\/banneresp.png","width":3240,"height":1080},{"@type":"BreadcrumbList","@id":"https:\/\/www.fscindigenousfoundation.org\/es\/ampliar-las-soluciones-indigenas\/#breadcrumb","itemListElement":[{"@type":"ListItem","position":1,"name":"Home","item":"https:\/\/www.fscindigenousfoundation.org\/es\/"},{"@type":"ListItem","position":2,"name":"Ampliar las soluciones Ind\u00edgenas a la crisis del cambio clim\u00e1tico\u00a0"}]},{"@type":"WebSite","@id":"https:\/\/www.fscindigenousfoundation.org\/es\/#website","url":"https:\/\/www.fscindigenousfoundation.org\/es\/","name":"IPARD","description":"La Fundaci\u00f3n Ind\u00edgena FSC es una fundaci\u00f3n creada para proporcionar soluciones que garanticen los derechos ind\u00edgenas y proteger sus territorios, bosques y conocimiento ancestral.","publisher":{"@id":"https:\/\/www.fscindigenousfoundation.org\/es\/#organization"},"potentialAction":[{"@type":"SearchAction","target":{"@type":"EntryPoint","urlTemplate":"https:\/\/www.fscindigenousfoundation.org\/es\/?s={search_term_string}"},"query-input":{"@type":"PropertyValueSpecification","valueRequired":true,"valueName":"search_term_string"}}],"inLanguage":"es-ES"},{"@type":"Organization","@id":"https:\/\/www.fscindigenousfoundation.org\/es\/#organization","name":"FSC Indigenous Foundation","url":"https:\/\/www.fscindigenousfoundation.org\/es\/","logo":{"@type":"ImageObject","inLanguage":"es-ES","@id":"https:\/\/www.fscindigenousfoundation.org\/es\/#\/schema\/logo\/image\/","url":"https:\/\/www.fscindigenousfoundation.org\/wp-content\/uploads\/2021\/09\/fsc-indigenous-foundation-color.png","contentUrl":"https:\/\/www.fscindigenousfoundation.org\/wp-content\/uploads\/2021\/09\/fsc-indigenous-foundation-color.png","width":657,"height":197,"caption":"FSC Indigenous Foundation"},"image":{"@id":"https:\/\/www.fscindigenousfoundation.org\/es\/#\/schema\/logo\/image\/"},"sameAs":["https:\/\/www.facebook.com\/fscindigenousfoundation","https:\/\/x.com\/fsc_if","https:\/\/instagram.com\/fscindigenousfoundation"]},{"@type":"Person","@id":"https:\/\/www.fscindigenousfoundation.org\/es\/#\/schema\/person\/0c54626e047eb40bf736bd993ad26ec9","name":"FSC-IF","url":"https:\/\/www.fscindigenousfoundation.org\/es\/author\/fscif\/"}]}},"_links":{"self":[{"href":"https:\/\/www.fscindigenousfoundation.org\/es\/wp-json\/wp\/v2\/posts\/9713","targetHints":{"allow":["GET"]}}],"collection":[{"href":"https:\/\/www.fscindigenousfoundation.org\/es\/wp-json\/wp\/v2\/posts"}],"about":[{"href":"https:\/\/www.fscindigenousfoundation.org\/es\/wp-json\/wp\/v2\/types\/post"}],"author":[{"embeddable":true,"href":"https:\/\/www.fscindigenousfoundation.org\/es\/wp-json\/wp\/v2\/users\/2"}],"replies":[{"embeddable":true,"href":"https:\/\/www.fscindigenousfoundation.org\/es\/wp-json\/wp\/v2\/comments?post=9713"}],"version-history":[{"count":7,"href":"https:\/\/www.fscindigenousfoundation.org\/es\/wp-json\/wp\/v2\/posts\/9713\/revisions"}],"predecessor-version":[{"id":9781,"href":"https:\/\/www.fscindigenousfoundation.org\/es\/wp-json\/wp\/v2\/posts\/9713\/revisions\/9781"}],"wp:featuredmedia":[{"embeddable":true,"href":"https:\/\/www.fscindigenousfoundation.org\/es\/wp-json\/wp\/v2\/media\/9714"}],"wp:attachment":[{"href":"https:\/\/www.fscindigenousfoundation.org\/es\/wp-json\/wp\/v2\/media?parent=9713"}],"wp:term":[{"taxonomy":"category","embeddable":true,"href":"https:\/\/www.fscindigenousfoundation.org\/es\/wp-json\/wp\/v2\/categories?post=9713"},{"taxonomy":"post_tag","embeddable":true,"href":"https:\/\/www.fscindigenousfoundation.org\/es\/wp-json\/wp\/v2\/tags?post=9713"}],"curies":[{"name":"wp","href":"https:\/\/api.w.org\/{rel}","templated":true}]}}