{"id":8081,"date":"2022-12-05T10:52:41","date_gmt":"2022-12-05T15:52:41","guid":{"rendered":"https:\/\/www.fscindigenousfoundation.org\/introducing-the-second-season-of-the-podcast-indigenous-voices\/"},"modified":"2025-10-31T16:07:07","modified_gmt":"2025-10-31T20:07:07","slug":"introducing-the-second-season-of-the-podcast-indigenous-voices","status":"publish","type":"post","link":"https:\/\/www.fscindigenousfoundation.org\/es\/introducing-the-second-season-of-the-podcast-indigenous-voices\/","title":{"rendered":"Presentamos la segunda temporada del podcast &#8220;Voces Ind\u00edgenas&#8221;"},"content":{"rendered":"\n<p>En el D\u00eda Internacional de los Pueblos Ind\u00edgenas, el 9 de agosto, <a href=\"https:\/\/www.fscindigenousfoundation.org\/es\/\" target=\"_blank\" rel=\"noreferrer noopener\">la Fundaci\u00f3n Ind\u00edgena FSC<\/a> lanz\u00f3 el podcast &#8220;Voces Ind\u00edgenas&#8221; para reconocer el valor global de los Pueblos Ind\u00edgenas, sus derechos, medios de vida, territorios y capital natural. En los episodios, tenemos conversaciones con lideresas y l\u00edderes Ind\u00edgenas para escuchar y aprender de sus experiencias, conocimientos, opiniones y an\u00e1lisis relacionados con los problemas globales a los que nos enfrentamos como seres humanos.<\/p>\n\n\n\n<p>Escucha la primera temporada <a href=\"https:\/\/www.fscindigenousfoundation.org\/es\/la-fundacion-indigena-fsc-lanza-el-podcast-voces-indigenas\/\" target=\"_blank\" rel=\"noreferrer noopener\">aqu\u00ed<\/a>.<\/p>\n\n\n\n<p>En la segunda temporada, aprendemos m\u00e1s sobre los retos, derechos y victorias de las mujeres Ind\u00edgenas. Tambi\u00e9n aprendemos sobre el papel de los conocimientos tradicionales en la lucha contra el cambio clim\u00e1tico y los valores, principios y lecciones que han hecho que las empresas Ind\u00edgenas tengan \u00e9xito. Esta temporada cuenta con la participaci\u00f3n de ponentes de Taiw\u00e1n, Panam\u00e1, Estados Unidos y Kenia.<\/p>\n\n\n\n<h2 class=\"wp-block-heading has-text-color has-large-font-size\" style=\"color:#9e0000\">Episodio 5 &#8211; Un futuro sostenible para todos<\/h2>\n\n\n\n<div class=\"wp-block-media-text alignwide is-stacked-on-mobile is-vertically-aligned-top\"><figure class=\"wp-block-media-text__media\"><img loading=\"lazy\" decoding=\"async\" width=\"1080\" height=\"1080\" src=\"https:\/\/www.fscindigenousfoundation.org\/wp-content\/uploads\/2023\/01\/podcast-esp-ep5.png\" alt=\"FSC IF arte voces ind\u00edgenas podcast episodio 5 con Su Hsin\" class=\"wp-image-8083 size-full\"\/><\/figure><div class=\"wp-block-media-text__content\">\n<p>En el quinto episodio de &#8220;Voces Ind\u00edgenas&#8221;, Su Hsin, ingeniera civil Ind\u00edgena y defensora de los derechos humanos de la <a href=\"https:\/\/www.facebook.com\/paporaip\/\" target=\"_blank\" rel=\"noreferrer noopener\">Asociaci\u00f3n de Desarrollo Ind\u00edgena Papora<\/a> de Taiw\u00e1n, habla de los retos a los que se enfrentan los Pueblos Ind\u00edgenas de Asia para garantizar sus derechos. Destaca la importancia de implicar a las mujeres y los j\u00f3venes Ind\u00edgenas en el esfuerzo por garantizar un futuro sostenible para todos.<\/p>\n\n\n\n<p>A partir de su experiencia en gesti\u00f3n de riesgos, Su explica c\u00f3mo los conocimientos tradicionales pueden ayudar a combatir las crisis a las que se enfrenta la humanidad, especialmente los efectos del cambio clim\u00e1tico y la pandemia COVID-19.<\/p>\n\n\n\n<p class=\"has-black-color has-text-color\"><\/p>\n\n\n\n<p><\/p>\n<\/div><\/div>\n\n\n\n<p><\/p>\n\n\n\n<p><strong><em>&#8220;Como ingeniero civil Ind\u00edgena, s\u00e9 c\u00f3mo construir un entorno seguro para la gente. Utilizo mis conocimientos tradicionales, que aprend\u00ed de mis antepasados, y leyendas e historias, para saber qu\u00e9 lugares alrededor de las monta\u00f1as y los r\u00edos son peligrosos para construir.&#8221; <\/em>Su Hsin<\/strong><\/p>\n\n\n\n<p><\/p>\n\n\n\n<p>Escucha el quinto episodio (en ingl\u00e9s) aqu\u00ed.&nbsp;<\/p>\n\n\n<p><iframe loading=\"lazy\" height=\"200px\" width=\"100%\" frameborder=\"no\" scrolling=\"no\" seamless=\"\" src=\"https:\/\/player.simplecast.com\/4c1c0952-8d67-4712-ae42-9bca4e7be9d7?dark=false\"><\/iframe><\/p>\n\n\n\n<h2 class=\"wp-block-heading has-text-color has-large-font-size\" style=\"color:#9e0000\">Episodio 6 &#8211; Mujeres que cambian el mundo<\/h2>\n\n\n\n<div class=\"wp-block-media-text alignwide is-stacked-on-mobile is-vertically-aligned-top\"><figure class=\"wp-block-media-text__media\"><img loading=\"lazy\" decoding=\"async\" width=\"1080\" height=\"1080\" src=\"https:\/\/www.fscindigenousfoundation.org\/wp-content\/uploads\/2023\/01\/podcast-esp-ep6-1.png\" alt=\"FSC IF arte voces ind\u00edgenas podcast episodio 6 con Aulina Ismare Opua\" class=\"wp-image-8087 size-full\"\/><\/figure><div class=\"wp-block-media-text__content\">\n<p>En este episodio, Aulina Ismare Opua, primera cacica elegida del Pueblo Wounaan de Panam\u00e1, habla sobre la situaci\u00f3n de las mujeres Ind\u00edgenas en Panam\u00e1 y Am\u00e9rica Latina, su participaci\u00f3n en funciones de liderazgo nacional e internacional, y la importancia de generar iniciativas de empoderamiento femenino que fortalezcan las capacidades de las organizaciones de los Pueblos Ind\u00edgenas.<\/p>\n\n\n\n<p>Aulina compartir\u00e1 la historia de c\u00f3mo se convirti\u00f3 en la primera mujer cacica del Pueblo Wounaan, las responsabilidades y retos que esto representa en su vida, y sus proyectos para fortalecer la participaci\u00f3n de j\u00f3venes y mujeres Ind\u00edgenas en Panam\u00e1.<\/p>\n<\/div><\/div>\n\n\n\n<p><\/p>\n\n\n\n<p><strong><em>&#8220;Vamos a representar, vamos a hacer visibles a las mujeres ind\u00edgenas en el futuro: hoy, ma\u00f1ana y siempre&#8221;.<\/em> Aulina Ismare Opua<\/strong><\/p>\n\n\n\n<p>Escucha el sexto episodio aqu\u00ed.<\/p>\n\n\n<p><iframe loading=\"lazy\" height=\"200px\" width=\"100%\" frameborder=\"no\" scrolling=\"no\" seamless=\"\" src=\"https:\/\/player.simplecast.com\/01c1f59d-2f3c-4b48-a074-2e2aac4f6402?dark=false\"><\/iframe><\/p>\n\n\n\n<h2 class=\"wp-block-heading has-text-color has-large-font-size\" style=\"color:#9e0000\">Episodio 7 &#8211; Educaci\u00f3n por el empoderamiento de las mujeres<\/h2>\n\n\n\n<div class=\"wp-block-media-text alignwide is-stacked-on-mobile is-vertically-aligned-top\"><figure class=\"wp-block-media-text__media\"><img loading=\"lazy\" decoding=\"async\" width=\"1080\" height=\"1080\" src=\"https:\/\/www.fscindigenousfoundation.org\/wp-content\/uploads\/2023\/01\/podcast-esp-ep7.png\" alt=\"FSC IF arte voces ind\u00edgenas podcast episodio 7 con Agnes Leina\" class=\"wp-image-8091 size-full\"\/><\/figure><div class=\"wp-block-media-text__content\">\n<p>En el s\u00e9ptimo episodio de &#8220;Voces Ind\u00edgenas&#8221;, Agnes Leina, del Pueblo Samburu, Directora de <a href=\"https:\/\/www.facebook.com\/IllaramatakCommunityConcerns\/\" target=\"_blank\" rel=\"noreferrer noopener\">Il&#8217;laramatak Community Concerns<\/a> y Coordinadora de G\u00e9nero de <a href=\"https:\/\/www.ipacc.org.za\/\" target=\"_blank\" rel=\"noreferrer noopener\">IPACC<\/a>, comparte la realidad de las mujeres y ni\u00f1as Ind\u00edgenas en Kenia.<\/p>\n\n\n\n<p>Agnes destaca la necesidad de cambios en las comunidades que permitan una mejor educaci\u00f3n, m\u00e1s oportunidades para las mujeres y la necesidad de luchar contra la mutilaci\u00f3n genital femenina. Para erradicar la violencia contra las ni\u00f1as y mujeres Ind\u00edgenas, Agnes afirma que es necesario que las mujeres sean l\u00edderes en sus comunidades para que las decisiones se tomen a favor de las mujeres y ni\u00f1as Ind\u00edgenas.<\/p>\n\n\n\n<p>Examinando las causas profundas de la violencia de g\u00e9nero, Agnes habla de la crisis clim\u00e1tica que provoca sequ\u00edas y de la escasez de alimentos y agua generada por la crisis del COVID.<\/p>\n\n\n\n<p><\/p>\n<\/div><\/div>\n\n\n\n<p><\/p>\n\n\n\n<p><strong><em>&#8220;Las mujeres necesitan sentarse en puestos de liderazgo pol\u00edtico, y una vez que est\u00e1n ah\u00ed, son capaces de tomar decisiones. Si no est\u00e1s en la mesa de toma de decisiones, \u00bfqu\u00e9 esperas? A menos que est\u00e9s en esa mesa, todo se decidir\u00e1 y te quedar\u00e1s atr\u00e1s&#8221;. <\/em>Agnes Leina<\/strong><\/p>\n\n\n\n<p>Escucha el s\u00e9ptimo episodio (en ingl\u00e9s) aqu\u00ed.<\/p>\n\n\n<p><iframe loading=\"lazy\" height=\"200px\" width=\"100%\" frameborder=\"no\" scrolling=\"no\" seamless=\"\" src=\"https:\/\/player.simplecast.com\/a4cbe2a3-326c-402d-9abc-361f6e380e00?dark=false\"><\/iframe><\/p>\n\n\n\n<h2 class=\"wp-block-heading has-text-color has-large-font-size\" style=\"color:#9e0000\">Episodio 8 &#8211; Empresas Ind\u00edgenas exitosas<\/h2>\n\n\n\n<div class=\"wp-block-media-text alignwide is-stacked-on-mobile is-vertically-aligned-top\"><figure class=\"wp-block-media-text__media\"><img loading=\"lazy\" decoding=\"async\" width=\"1080\" height=\"1080\" src=\"https:\/\/www.fscindigenousfoundation.org\/wp-content\/uploads\/2023\/01\/podcast-esp-ep8.png\" alt=\"FSC IF arte voces ind\u00edgenas podcast episodio 8 con Derik Frederiksen\" class=\"wp-image-8095 size-full\"\/><\/figure><div class=\"wp-block-media-text__content\">\n<p>En el octavo episodio de &#8220;Voces Ind\u00edgenas&#8221;, hablamos con Derik Frederiksen, director de <a href=\"https:\/\/us.fsc.org\/en-us\" target=\"_blank\" rel=\"noreferrer noopener\">FSC USA<\/a> y miembro del Pueblo Tsm&#8217;syen del Sureste de Alaska y Columbia Brit\u00e1nica.<\/p>\n\n\n\n<p>Derik nos hablar\u00e1 de su experiencia en la conservaci\u00f3n forestal, de su primera experiencia con el cambio clim\u00e1tico y de su compromiso con la promoci\u00f3n de los derechos y la cultura Ind\u00edgenas para proteger las tierras ancestrales.<\/p>\n\n\n\n<p>Tambi\u00e9n nos hablar\u00e1 de <a href=\"https:\/\/www.sealaska.com\/\" target=\"_blank\" rel=\"noreferrer noopener\">Sealaska<\/a>, una empresa Ind\u00edgena situada en el sureste de Alaska que trabaja por y para las comunidades de la zona.<\/p>\n\n\n\n<p><\/p>\n\n\n\n<p><\/p>\n<\/div><\/div>\n\n\n\n<p><\/p>\n\n\n\n<p><strong><em>&#8220;Las decisiones que tomamos como Pueblo y como empresa han sido en gran medida con la mentalidad: Cualquier actividad que realicemos, cualquier empresa en la que nos embarquemos, la miramos a trav\u00e9s de la lente de que queremos estar aqu\u00ed al menos durante los pr\u00f3ximos 13 mil a\u00f1os.&#8221;<\/em><\/strong> <strong> Derik Frederiksen <\/strong><\/p>\n\n\n\n<p>Escucha el octavo episodio (en ingl\u00e9s) aqu\u00ed.<\/p>\n\n\n<p><iframe loading=\"lazy\" height=\"200px\" width=\"100%\" frameborder=\"no\" scrolling=\"no\" seamless=\"\" src=\"https:\/\/player.simplecast.com\/23de9b97-6a67-498d-b046-d6a3a344fd0d?dark=false\"><\/iframe><\/p>\n\n\n\n<h2 class=\"wp-block-heading\">M\u00fasica e identidad sonora<\/h2>\n\n\n\n<p>La m\u00fasica de &#8220;Voces ind\u00edgenas&#8221; se desarroll\u00f3 para mostrar la diversidad global y la identidad actual de los Pueblos Ind\u00edgenas, combinando elementos tradicionales y tecnol\u00f3gicos.<\/p>\n\n\n\n<p>Se compuso una pieza musical completa para este podcast, titulada &#8220;Pueblos&#8221;. La composici\u00f3n est\u00e1 en la tonalidad de Mi menor, ya que esta tonalidad es una de las m\u00e1s utilizadas por los Pueblos Ind\u00edgenas de todo el mundo. Las melod\u00edas principales tienen un car\u00e1cter modal con una fuerte influencia de la pentafon\u00eda. Est\u00e1n interpretadas por un d\u00fao de &#8220;ngoni&#8221;, un instrumento de cuerda de \u00c1frica Occidental cuyo timbre es similar al del arpa, el la\u00fad, el banjo y el birimbao.<\/p>\n\n\n\n<p>La composici\u00f3n tambi\u00e9n incluye una secci\u00f3n vocal que combina cantantes masculinos y femeninos, reforzando la sensaci\u00f3n de multiplicidad y totalidad. Las voces cantan la palabra &#8220;Pueblos&#8221; en distintas lenguas, incluidas lenguas Ind\u00edgenas:&nbsp;<\/p>\n\n\n\n<p>nonampi (ash\u00e1ninka), iwi (maor\u00ed), ol-orere (maasai), vezahka (sapmi), peoples (ingl\u00e9s), pueblos (espa\u00f1ol), povos (portugu\u00e9s)<\/p>\n\n\n\n<p>Esta mezcla pretende reforzar la idea de la totalidad de los Pueblos Ind\u00edgenas sin perder de vista la particularidad de la identidad de cada Pueblo.<\/p>\n","protected":false},"excerpt":{"rendered":"<p>Lideresas y l\u00edderes Ind\u00edgenas hablan de conocimientos tradicionales, empresas Ind\u00edgenas exitosas y derechos de las mujeres Ind\u00edgenas.<\/p>\n","protected":false},"author":2,"featured_media":8087,"comment_status":"closed","ping_status":"closed","sticky":false,"template":"","format":"standard","meta":{"footnotes":""},"categories":[24,4],"tags":[70,112,107,36,54,108,56,113],"class_list":["post-8081","post","type-post","status-publish","format-standard","has-post-thumbnail","hentry","category-outstanding-news-es","category-sin-categorizar","tag-climate-change-es","tag-indigenous-business-es","tag-indigenous-leadership-es","tag-indigenous-peoples-es","tag-indigenous-rights-es","tag-indigenous-women-2-es","tag-podcast-es","tag-traditional-knowledge-es"],"acf":[],"yoast_head":"<!-- This site is optimized with the Yoast SEO plugin v26.9 - https:\/\/yoast.com\/product\/yoast-seo-wordpress\/ -->\n<title>Presentamos la segunda temporada del podcast &quot;Voces Ind\u00edgenas&quot; - Fundaci\u00f3n Ind\u00edgena FSC<\/title>\n<meta name=\"description\" content=\"Lideresas y l\u00edderes Ind\u00edgenas hablan de conocimientos tradicionales, empresas Ind\u00edgenas exitosas y derechos de las mujeres Ind\u00edgenas.\" \/>\n<meta name=\"robots\" content=\"index, follow, max-snippet:-1, max-image-preview:large, max-video-preview:-1\" \/>\n<link rel=\"canonical\" href=\"https:\/\/www.fscindigenousfoundation.org\/es\/introducing-the-second-season-of-the-podcast-indigenous-voices\/\" \/>\n<meta property=\"og:locale\" content=\"es_ES\" \/>\n<meta property=\"og:type\" content=\"article\" \/>\n<meta property=\"og:title\" content=\"Presentamos la segunda temporada del podcast &quot;Voces Ind\u00edgenas&quot;\" \/>\n<meta property=\"og:description\" content=\"Lideresas y l\u00edderes Ind\u00edgenas hablan de conocimientos tradicionales, empresas Ind\u00edgenas exitosas y derechos de las mujeres Ind\u00edgenas.\" \/>\n<meta property=\"og:url\" content=\"https:\/\/www.fscindigenousfoundation.org\/es\/introducing-the-second-season-of-the-podcast-indigenous-voices\/\" \/>\n<meta property=\"og:site_name\" content=\"Fundaci\u00f3n Ind\u00edgena FSC\" \/>\n<meta property=\"article:publisher\" content=\"https:\/\/www.facebook.com\/fscindigenousfoundation\" \/>\n<meta property=\"article:published_time\" content=\"2022-12-05T15:52:41+00:00\" \/>\n<meta property=\"article:modified_time\" content=\"2025-10-31T20:07:07+00:00\" \/>\n<meta property=\"og:image\" content=\"https:\/\/www.fscindigenousfoundation.org\/wp-content\/uploads\/2023\/01\/podcast-esp-ep6-1.png\" \/>\n\t<meta property=\"og:image:width\" content=\"1080\" \/>\n\t<meta property=\"og:image:height\" content=\"1080\" \/>\n\t<meta property=\"og:image:type\" content=\"image\/png\" \/>\n<meta name=\"author\" content=\"FSC-IF\" \/>\n<meta name=\"twitter:card\" content=\"summary_large_image\" \/>\n<meta name=\"twitter:title\" content=\"Presentamos la segunda temporada del podcast &quot;Voces Ind\u00edgenas&quot;\" \/>\n<meta name=\"twitter:description\" content=\"Lideresas y l\u00edderes Ind\u00edgenas hablan de conocimientos tradicionales, empresas Ind\u00edgenas exitosas y derechos de las mujeres Ind\u00edgenas.\" \/>\n<meta name=\"twitter:image\" content=\"https:\/\/www.fscindigenousfoundation.org\/wp-content\/uploads\/2023\/01\/podcast-esp-ep6-1.png\" \/>\n<meta name=\"twitter:creator\" content=\"@fsc_if\" \/>\n<meta name=\"twitter:site\" content=\"@fsc_if\" \/>\n<meta name=\"twitter:label1\" content=\"Written by\" \/>\n\t<meta name=\"twitter:data1\" content=\"FSC-IF\" \/>\n\t<meta name=\"twitter:label2\" content=\"Est. reading time\" \/>\n\t<meta name=\"twitter:data2\" content=\"6 minutes\" \/>\n<script type=\"application\/ld+json\" class=\"yoast-schema-graph\">{\"@context\":\"https:\/\/schema.org\",\"@graph\":[{\"@type\":\"Article\",\"@id\":\"https:\/\/www.fscindigenousfoundation.org\/es\/introducing-the-second-season-of-the-podcast-indigenous-voices\/#article\",\"isPartOf\":{\"@id\":\"https:\/\/www.fscindigenousfoundation.org\/es\/introducing-the-second-season-of-the-podcast-indigenous-voices\/\"},\"author\":{\"name\":\"FSC-IF\",\"@id\":\"https:\/\/www.fscindigenousfoundation.org\/es\/#\/schema\/person\/0c54626e047eb40bf736bd993ad26ec9\"},\"headline\":\"Presentamos la segunda temporada del podcast &#8220;Voces Ind\u00edgenas&#8221;\",\"datePublished\":\"2022-12-05T15:52:41+00:00\",\"dateModified\":\"2025-10-31T20:07:07+00:00\",\"mainEntityOfPage\":{\"@id\":\"https:\/\/www.fscindigenousfoundation.org\/es\/introducing-the-second-season-of-the-podcast-indigenous-voices\/\"},\"wordCount\":1073,\"publisher\":{\"@id\":\"https:\/\/www.fscindigenousfoundation.org\/es\/#organization\"},\"image\":{\"@id\":\"https:\/\/www.fscindigenousfoundation.org\/es\/introducing-the-second-season-of-the-podcast-indigenous-voices\/#primaryimage\"},\"thumbnailUrl\":\"https:\/\/www.fscindigenousfoundation.org\/wp-content\/uploads\/2023\/01\/podcast-esp-ep6-1.png\",\"keywords\":[\"Climate Change\",\"Indigenous business\",\"Indigenous leadership\",\"Indigenous Peoples\",\"indigenous rights\",\"Indigenous women\",\"podcast\",\"traditional knowledge\"],\"articleSection\":[\"Outstanding news\",\"Sin categorizar\"],\"inLanguage\":\"es-ES\"},{\"@type\":\"WebPage\",\"@id\":\"https:\/\/www.fscindigenousfoundation.org\/es\/introducing-the-second-season-of-the-podcast-indigenous-voices\/\",\"url\":\"https:\/\/www.fscindigenousfoundation.org\/es\/introducing-the-second-season-of-the-podcast-indigenous-voices\/\",\"name\":\"Presentamos la segunda temporada del podcast \\\"Voces Ind\u00edgenas\\\" - Fundaci\u00f3n Ind\u00edgena FSC\",\"isPartOf\":{\"@id\":\"https:\/\/www.fscindigenousfoundation.org\/es\/#website\"},\"primaryImageOfPage\":{\"@id\":\"https:\/\/www.fscindigenousfoundation.org\/es\/introducing-the-second-season-of-the-podcast-indigenous-voices\/#primaryimage\"},\"image\":{\"@id\":\"https:\/\/www.fscindigenousfoundation.org\/es\/introducing-the-second-season-of-the-podcast-indigenous-voices\/#primaryimage\"},\"thumbnailUrl\":\"https:\/\/www.fscindigenousfoundation.org\/wp-content\/uploads\/2023\/01\/podcast-esp-ep6-1.png\",\"datePublished\":\"2022-12-05T15:52:41+00:00\",\"dateModified\":\"2025-10-31T20:07:07+00:00\",\"description\":\"Lideresas y l\u00edderes Ind\u00edgenas hablan de conocimientos tradicionales, empresas Ind\u00edgenas exitosas y derechos de las mujeres Ind\u00edgenas.\",\"breadcrumb\":{\"@id\":\"https:\/\/www.fscindigenousfoundation.org\/es\/introducing-the-second-season-of-the-podcast-indigenous-voices\/#breadcrumb\"},\"inLanguage\":\"es-ES\",\"potentialAction\":[{\"@type\":\"ReadAction\",\"target\":[\"https:\/\/www.fscindigenousfoundation.org\/es\/introducing-the-second-season-of-the-podcast-indigenous-voices\/\"]}]},{\"@type\":\"ImageObject\",\"inLanguage\":\"es-ES\",\"@id\":\"https:\/\/www.fscindigenousfoundation.org\/es\/introducing-the-second-season-of-the-podcast-indigenous-voices\/#primaryimage\",\"url\":\"https:\/\/www.fscindigenousfoundation.org\/wp-content\/uploads\/2023\/01\/podcast-esp-ep6-1.png\",\"contentUrl\":\"https:\/\/www.fscindigenousfoundation.org\/wp-content\/uploads\/2023\/01\/podcast-esp-ep6-1.png\",\"width\":1080,\"height\":1080,\"caption\":\"FSC IF Arte voces ind\u00edgenas podcast\"},{\"@type\":\"BreadcrumbList\",\"@id\":\"https:\/\/www.fscindigenousfoundation.org\/es\/introducing-the-second-season-of-the-podcast-indigenous-voices\/#breadcrumb\",\"itemListElement\":[{\"@type\":\"ListItem\",\"position\":1,\"name\":\"Home\",\"item\":\"https:\/\/www.fscindigenousfoundation.org\/es\/\"},{\"@type\":\"ListItem\",\"position\":2,\"name\":\"Presentamos la segunda temporada del podcast &#8220;Voces Ind\u00edgenas&#8221;\"}]},{\"@type\":\"WebSite\",\"@id\":\"https:\/\/www.fscindigenousfoundation.org\/es\/#website\",\"url\":\"https:\/\/www.fscindigenousfoundation.org\/es\/\",\"name\":\"IPARD\",\"description\":\"La Fundaci\u00f3n Ind\u00edgena FSC es una fundaci\u00f3n creada para proporcionar soluciones que garanticen los derechos ind\u00edgenas y proteger sus territorios, bosques y conocimiento ancestral.\",\"publisher\":{\"@id\":\"https:\/\/www.fscindigenousfoundation.org\/es\/#organization\"},\"potentialAction\":[{\"@type\":\"SearchAction\",\"target\":{\"@type\":\"EntryPoint\",\"urlTemplate\":\"https:\/\/www.fscindigenousfoundation.org\/es\/?s={search_term_string}\"},\"query-input\":{\"@type\":\"PropertyValueSpecification\",\"valueRequired\":true,\"valueName\":\"search_term_string\"}}],\"inLanguage\":\"es-ES\"},{\"@type\":\"Organization\",\"@id\":\"https:\/\/www.fscindigenousfoundation.org\/es\/#organization\",\"name\":\"FSC Indigenous Foundation\",\"url\":\"https:\/\/www.fscindigenousfoundation.org\/es\/\",\"logo\":{\"@type\":\"ImageObject\",\"inLanguage\":\"es-ES\",\"@id\":\"https:\/\/www.fscindigenousfoundation.org\/es\/#\/schema\/logo\/image\/\",\"url\":\"https:\/\/www.fscindigenousfoundation.org\/wp-content\/uploads\/2021\/09\/fsc-indigenous-foundation-color.png\",\"contentUrl\":\"https:\/\/www.fscindigenousfoundation.org\/wp-content\/uploads\/2021\/09\/fsc-indigenous-foundation-color.png\",\"width\":657,\"height\":197,\"caption\":\"FSC Indigenous Foundation\"},\"image\":{\"@id\":\"https:\/\/www.fscindigenousfoundation.org\/es\/#\/schema\/logo\/image\/\"},\"sameAs\":[\"https:\/\/www.facebook.com\/fscindigenousfoundation\",\"https:\/\/x.com\/fsc_if\",\"https:\/\/instagram.com\/fscindigenousfoundation\"]},{\"@type\":\"Person\",\"@id\":\"https:\/\/www.fscindigenousfoundation.org\/es\/#\/schema\/person\/0c54626e047eb40bf736bd993ad26ec9\",\"name\":\"FSC-IF\",\"url\":\"https:\/\/www.fscindigenousfoundation.org\/es\/author\/fscif\/\"}]}<\/script>\n<!-- \/ Yoast SEO plugin. -->","yoast_head_json":{"title":"Presentamos la segunda temporada del podcast \"Voces Ind\u00edgenas\" - Fundaci\u00f3n Ind\u00edgena FSC","description":"Lideresas y l\u00edderes Ind\u00edgenas hablan de conocimientos tradicionales, empresas Ind\u00edgenas exitosas y derechos de las mujeres Ind\u00edgenas.","robots":{"index":"index","follow":"follow","max-snippet":"max-snippet:-1","max-image-preview":"max-image-preview:large","max-video-preview":"max-video-preview:-1"},"canonical":"https:\/\/www.fscindigenousfoundation.org\/es\/introducing-the-second-season-of-the-podcast-indigenous-voices\/","og_locale":"es_ES","og_type":"article","og_title":"Presentamos la segunda temporada del podcast \"Voces Ind\u00edgenas\"","og_description":"Lideresas y l\u00edderes Ind\u00edgenas hablan de conocimientos tradicionales, empresas Ind\u00edgenas exitosas y derechos de las mujeres Ind\u00edgenas.","og_url":"https:\/\/www.fscindigenousfoundation.org\/es\/introducing-the-second-season-of-the-podcast-indigenous-voices\/","og_site_name":"Fundaci\u00f3n Ind\u00edgena FSC","article_publisher":"https:\/\/www.facebook.com\/fscindigenousfoundation","article_published_time":"2022-12-05T15:52:41+00:00","article_modified_time":"2025-10-31T20:07:07+00:00","og_image":[{"width":1080,"height":1080,"url":"https:\/\/www.fscindigenousfoundation.org\/wp-content\/uploads\/2023\/01\/podcast-esp-ep6-1.png","type":"image\/png"}],"author":"FSC-IF","twitter_card":"summary_large_image","twitter_title":"Presentamos la segunda temporada del podcast \"Voces Ind\u00edgenas\"","twitter_description":"Lideresas y l\u00edderes Ind\u00edgenas hablan de conocimientos tradicionales, empresas Ind\u00edgenas exitosas y derechos de las mujeres Ind\u00edgenas.","twitter_image":"https:\/\/www.fscindigenousfoundation.org\/wp-content\/uploads\/2023\/01\/podcast-esp-ep6-1.png","twitter_creator":"@fsc_if","twitter_site":"@fsc_if","twitter_misc":{"Written by":"FSC-IF","Est. reading time":"6 minutes"},"schema":{"@context":"https:\/\/schema.org","@graph":[{"@type":"Article","@id":"https:\/\/www.fscindigenousfoundation.org\/es\/introducing-the-second-season-of-the-podcast-indigenous-voices\/#article","isPartOf":{"@id":"https:\/\/www.fscindigenousfoundation.org\/es\/introducing-the-second-season-of-the-podcast-indigenous-voices\/"},"author":{"name":"FSC-IF","@id":"https:\/\/www.fscindigenousfoundation.org\/es\/#\/schema\/person\/0c54626e047eb40bf736bd993ad26ec9"},"headline":"Presentamos la segunda temporada del podcast &#8220;Voces Ind\u00edgenas&#8221;","datePublished":"2022-12-05T15:52:41+00:00","dateModified":"2025-10-31T20:07:07+00:00","mainEntityOfPage":{"@id":"https:\/\/www.fscindigenousfoundation.org\/es\/introducing-the-second-season-of-the-podcast-indigenous-voices\/"},"wordCount":1073,"publisher":{"@id":"https:\/\/www.fscindigenousfoundation.org\/es\/#organization"},"image":{"@id":"https:\/\/www.fscindigenousfoundation.org\/es\/introducing-the-second-season-of-the-podcast-indigenous-voices\/#primaryimage"},"thumbnailUrl":"https:\/\/www.fscindigenousfoundation.org\/wp-content\/uploads\/2023\/01\/podcast-esp-ep6-1.png","keywords":["Climate Change","Indigenous business","Indigenous leadership","Indigenous Peoples","indigenous rights","Indigenous women","podcast","traditional knowledge"],"articleSection":["Outstanding news","Sin categorizar"],"inLanguage":"es-ES"},{"@type":"WebPage","@id":"https:\/\/www.fscindigenousfoundation.org\/es\/introducing-the-second-season-of-the-podcast-indigenous-voices\/","url":"https:\/\/www.fscindigenousfoundation.org\/es\/introducing-the-second-season-of-the-podcast-indigenous-voices\/","name":"Presentamos la segunda temporada del podcast \"Voces Ind\u00edgenas\" - Fundaci\u00f3n Ind\u00edgena FSC","isPartOf":{"@id":"https:\/\/www.fscindigenousfoundation.org\/es\/#website"},"primaryImageOfPage":{"@id":"https:\/\/www.fscindigenousfoundation.org\/es\/introducing-the-second-season-of-the-podcast-indigenous-voices\/#primaryimage"},"image":{"@id":"https:\/\/www.fscindigenousfoundation.org\/es\/introducing-the-second-season-of-the-podcast-indigenous-voices\/#primaryimage"},"thumbnailUrl":"https:\/\/www.fscindigenousfoundation.org\/wp-content\/uploads\/2023\/01\/podcast-esp-ep6-1.png","datePublished":"2022-12-05T15:52:41+00:00","dateModified":"2025-10-31T20:07:07+00:00","description":"Lideresas y l\u00edderes Ind\u00edgenas hablan de conocimientos tradicionales, empresas Ind\u00edgenas exitosas y derechos de las mujeres Ind\u00edgenas.","breadcrumb":{"@id":"https:\/\/www.fscindigenousfoundation.org\/es\/introducing-the-second-season-of-the-podcast-indigenous-voices\/#breadcrumb"},"inLanguage":"es-ES","potentialAction":[{"@type":"ReadAction","target":["https:\/\/www.fscindigenousfoundation.org\/es\/introducing-the-second-season-of-the-podcast-indigenous-voices\/"]}]},{"@type":"ImageObject","inLanguage":"es-ES","@id":"https:\/\/www.fscindigenousfoundation.org\/es\/introducing-the-second-season-of-the-podcast-indigenous-voices\/#primaryimage","url":"https:\/\/www.fscindigenousfoundation.org\/wp-content\/uploads\/2023\/01\/podcast-esp-ep6-1.png","contentUrl":"https:\/\/www.fscindigenousfoundation.org\/wp-content\/uploads\/2023\/01\/podcast-esp-ep6-1.png","width":1080,"height":1080,"caption":"FSC IF Arte voces ind\u00edgenas podcast"},{"@type":"BreadcrumbList","@id":"https:\/\/www.fscindigenousfoundation.org\/es\/introducing-the-second-season-of-the-podcast-indigenous-voices\/#breadcrumb","itemListElement":[{"@type":"ListItem","position":1,"name":"Home","item":"https:\/\/www.fscindigenousfoundation.org\/es\/"},{"@type":"ListItem","position":2,"name":"Presentamos la segunda temporada del podcast &#8220;Voces Ind\u00edgenas&#8221;"}]},{"@type":"WebSite","@id":"https:\/\/www.fscindigenousfoundation.org\/es\/#website","url":"https:\/\/www.fscindigenousfoundation.org\/es\/","name":"IPARD","description":"La Fundaci\u00f3n Ind\u00edgena FSC es una fundaci\u00f3n creada para proporcionar soluciones que garanticen los derechos ind\u00edgenas y proteger sus territorios, bosques y conocimiento ancestral.","publisher":{"@id":"https:\/\/www.fscindigenousfoundation.org\/es\/#organization"},"potentialAction":[{"@type":"SearchAction","target":{"@type":"EntryPoint","urlTemplate":"https:\/\/www.fscindigenousfoundation.org\/es\/?s={search_term_string}"},"query-input":{"@type":"PropertyValueSpecification","valueRequired":true,"valueName":"search_term_string"}}],"inLanguage":"es-ES"},{"@type":"Organization","@id":"https:\/\/www.fscindigenousfoundation.org\/es\/#organization","name":"FSC Indigenous Foundation","url":"https:\/\/www.fscindigenousfoundation.org\/es\/","logo":{"@type":"ImageObject","inLanguage":"es-ES","@id":"https:\/\/www.fscindigenousfoundation.org\/es\/#\/schema\/logo\/image\/","url":"https:\/\/www.fscindigenousfoundation.org\/wp-content\/uploads\/2021\/09\/fsc-indigenous-foundation-color.png","contentUrl":"https:\/\/www.fscindigenousfoundation.org\/wp-content\/uploads\/2021\/09\/fsc-indigenous-foundation-color.png","width":657,"height":197,"caption":"FSC Indigenous Foundation"},"image":{"@id":"https:\/\/www.fscindigenousfoundation.org\/es\/#\/schema\/logo\/image\/"},"sameAs":["https:\/\/www.facebook.com\/fscindigenousfoundation","https:\/\/x.com\/fsc_if","https:\/\/instagram.com\/fscindigenousfoundation"]},{"@type":"Person","@id":"https:\/\/www.fscindigenousfoundation.org\/es\/#\/schema\/person\/0c54626e047eb40bf736bd993ad26ec9","name":"FSC-IF","url":"https:\/\/www.fscindigenousfoundation.org\/es\/author\/fscif\/"}]}},"_links":{"self":[{"href":"https:\/\/www.fscindigenousfoundation.org\/es\/wp-json\/wp\/v2\/posts\/8081","targetHints":{"allow":["GET"]}}],"collection":[{"href":"https:\/\/www.fscindigenousfoundation.org\/es\/wp-json\/wp\/v2\/posts"}],"about":[{"href":"https:\/\/www.fscindigenousfoundation.org\/es\/wp-json\/wp\/v2\/types\/post"}],"author":[{"embeddable":true,"href":"https:\/\/www.fscindigenousfoundation.org\/es\/wp-json\/wp\/v2\/users\/2"}],"replies":[{"embeddable":true,"href":"https:\/\/www.fscindigenousfoundation.org\/es\/wp-json\/wp\/v2\/comments?post=8081"}],"version-history":[{"count":12,"href":"https:\/\/www.fscindigenousfoundation.org\/es\/wp-json\/wp\/v2\/posts\/8081\/revisions"}],"predecessor-version":[{"id":16953,"href":"https:\/\/www.fscindigenousfoundation.org\/es\/wp-json\/wp\/v2\/posts\/8081\/revisions\/16953"}],"wp:featuredmedia":[{"embeddable":true,"href":"https:\/\/www.fscindigenousfoundation.org\/es\/wp-json\/wp\/v2\/media\/8087"}],"wp:attachment":[{"href":"https:\/\/www.fscindigenousfoundation.org\/es\/wp-json\/wp\/v2\/media?parent=8081"}],"wp:term":[{"taxonomy":"category","embeddable":true,"href":"https:\/\/www.fscindigenousfoundation.org\/es\/wp-json\/wp\/v2\/categories?post=8081"},{"taxonomy":"post_tag","embeddable":true,"href":"https:\/\/www.fscindigenousfoundation.org\/es\/wp-json\/wp\/v2\/tags?post=8081"}],"curies":[{"name":"wp","href":"https:\/\/api.w.org\/{rel}","templated":true}]}}