{"id":22130,"date":"2026-08-31T15:34:57","date_gmt":"2026-08-31T19:34:57","guid":{"rendered":"https:\/\/www.fscindigenousfoundation.org\/pastoralists-declaration-to-the-cop17\/"},"modified":"2026-08-31T15:45:40","modified_gmt":"2026-08-31T19:45:40","slug":"pastoralists-declaration-to-the-cop17","status":"publish","type":"post","link":"https:\/\/www.fscindigenousfoundation.org\/es\/pastoralists-declaration-to-the-cop17\/","title":{"rendered":"Declaraci\u00f3n de los Pastores a la COP17"},"content":{"rendered":"\n<figure class=\"wp-block-image size-full\"><img loading=\"lazy\" decoding=\"async\" width=\"1024\" height=\"576\" src=\"https:\/\/www.fscindigenousfoundation.org\/wp-content\/uploads\/2026\/08\/whatsapp-image-2026-08-17-at-84027-am-edited.jpeg\" alt=\"\" class=\"wp-image-22124\"\/><figcaption class=\"wp-element-caption\"><em>Foto por Kalea Aquino<\/em><\/figcaption><\/figure>\n\n\n\n<p>En el primer d\u00eda de #UNCCDCOP17, pastores, Pueblos Ind\u00edgenas y otros grupos de diversas regiones del mundo marcharon juntos para entregar el &#8220;Llamado Global a la Acci\u00f3n de los Pastores e Ind\u00edgenas: Declaraci\u00f3n de Ul\u00e1n Bator&#8221; ante la presidencia de la COP17.<\/p>\n\n\n\n<p>En el coraz\u00f3n de la Declaraci\u00f3n hay un recordatorio poderoso:<\/p>\n\n\n\n<p><em>&#8220;Los pastores son guardianes de la naturaleza, la biodiversidad y los ecosistemas, con una base de conocimiento sistem\u00e1tica y basada en la experiencia.&#8221;<\/em><\/p>\n\n\n\n<p>La Declaraci\u00f3n hace un llamado al reconocimiento y apoyo a las contribuciones vitales de los pastores para mantener y restaurar paisajes pastorales, conservar la biodiversidad, fortalecer la salud de los ecosistemas y gestionar de manera sostenible los recursos naturales.<\/p>\n\n\n\n<p>Te invitamos a leer y compartir la Declaraci\u00f3n:<\/p>\n\n\n\n<div class=\"wp-block-buttons is-content-justification-center is-layout-flex wp-container-core-buttons-is-layout-16018d1d wp-block-buttons-is-layout-flex\">\n<div class=\"wp-block-button\"><a class=\"wp-block-button__link has-white-color has-text-color has-background has-link-color wp-element-button\" href=\"https:\/\/reindeerherding.org\/news\/497-anders-oskal-presented-pastoralists-declaration-to-the-cop17\" style=\"background-color:#0a5920\" target=\"_blank\" rel=\"noreferrer noopener\">La Declaraci\u00f3n<\/a><\/div>\n<\/div>\n","protected":false},"excerpt":{"rendered":"<p>Los pastores son guardianes de la naturaleza, la biodiversidad y los ecosistemas<\/p>\n","protected":false},"author":3,"featured_media":22001,"comment_status":"closed","ping_status":"closed","sticky":false,"template":"","format":"standard","meta":{"footnotes":""},"categories":[24,4],"tags":[447,846,244,80,30],"class_list":["post-22130","post","type-post","status-publish","format-standard","has-post-thumbnail","hentry","category-outstanding-news-es","category-sin-categorizar","tag-financiacion-climatica","tag-fsc-indigenous-foundation","tag-liderazgo-indigena","tag-mujeres-indigenas","tag-pueblos-indigenas"],"acf":[],"yoast_head":"<!-- This site is optimized with the Yoast SEO plugin v26.9 - https:\/\/yoast.com\/product\/yoast-seo-wordpress\/ -->\n<title>Declaraci\u00f3n de los Pastores a la COP17 - Fundaci\u00f3n Ind\u00edgena FSC<\/title>\n<meta name=\"description\" content=\"Pastoralistas y Pueblos Ind\u00edgenas llevan la Declaraci\u00f3n de Ul\u00e1n Bator a la COP17 de la CNULD, pidiendo el reconocimiento de su papel como custodios de la naturaleza.\" \/>\n<meta name=\"robots\" content=\"index, follow, max-snippet:-1, max-image-preview:large, max-video-preview:-1\" \/>\n<link rel=\"canonical\" href=\"https:\/\/www.fscindigenousfoundation.org\/es\/pastoralists-declaration-to-the-cop17\/\" \/>\n<meta property=\"og:locale\" content=\"es_ES\" \/>\n<meta property=\"og:type\" content=\"article\" \/>\n<meta property=\"og:title\" content=\"Declaraci\u00f3n de los Pastores a la COP17 - Fundaci\u00f3n Ind\u00edgena FSC\" \/>\n<meta property=\"og:description\" content=\"Pastoralistas y Pueblos Ind\u00edgenas llevan la Declaraci\u00f3n de Ul\u00e1n Bator a la COP17 de la CNULD, pidiendo el reconocimiento de su papel como custodios de la naturaleza.\" \/>\n<meta property=\"og:url\" content=\"https:\/\/www.fscindigenousfoundation.org\/es\/pastoralists-declaration-to-the-cop17\/\" \/>\n<meta property=\"og:site_name\" content=\"Fundaci\u00f3n Ind\u00edgena FSC\" \/>\n<meta property=\"article:publisher\" content=\"https:\/\/www.facebook.com\/fscindigenousfoundation\" \/>\n<meta property=\"article:published_time\" content=\"2026-08-31T19:34:57+00:00\" \/>\n<meta property=\"article:modified_time\" content=\"2026-08-31T19:45:40+00:00\" \/>\n<meta property=\"og:image\" content=\"https:\/\/www.fscindigenousfoundation.org\/wp-content\/uploads\/2026\/08\/whatsapp-image-2026-08-17-at-84027-am.jpeg\" \/>\n\t<meta property=\"og:image:width\" content=\"1024\" \/>\n\t<meta property=\"og:image:height\" content=\"768\" \/>\n\t<meta property=\"og:image:type\" content=\"image\/jpeg\" \/>\n<meta name=\"author\" content=\"FSC IF\" \/>\n<meta name=\"twitter:card\" content=\"summary_large_image\" \/>\n<meta name=\"twitter:creator\" content=\"@fsc_if\" \/>\n<meta name=\"twitter:site\" content=\"@fsc_if\" \/>\n<meta name=\"twitter:label1\" content=\"Written by\" \/>\n\t<meta name=\"twitter:data1\" content=\"FSC IF\" \/>\n\t<meta name=\"twitter:label2\" content=\"Est. reading time\" \/>\n\t<meta name=\"twitter:data2\" content=\"1 minute\" \/>\n<script type=\"application\/ld+json\" class=\"yoast-schema-graph\">{\"@context\":\"https:\/\/schema.org\",\"@graph\":[{\"@type\":\"Article\",\"@id\":\"https:\/\/www.fscindigenousfoundation.org\/es\/pastoralists-declaration-to-the-cop17\/#article\",\"isPartOf\":{\"@id\":\"https:\/\/www.fscindigenousfoundation.org\/es\/pastoralists-declaration-to-the-cop17\/\"},\"author\":{\"name\":\"FSC IF\",\"@id\":\"https:\/\/www.fscindigenousfoundation.org\/es\/#\/schema\/person\/58a930ad98efcb8e01aac64b85daeef4\"},\"headline\":\"Declaraci\u00f3n de los Pastores a la COP17\",\"datePublished\":\"2026-08-31T19:34:57+00:00\",\"dateModified\":\"2026-08-31T19:45:40+00:00\",\"mainEntityOfPage\":{\"@id\":\"https:\/\/www.fscindigenousfoundation.org\/es\/pastoralists-declaration-to-the-cop17\/\"},\"wordCount\":148,\"publisher\":{\"@id\":\"https:\/\/www.fscindigenousfoundation.org\/es\/#organization\"},\"image\":{\"@id\":\"https:\/\/www.fscindigenousfoundation.org\/es\/pastoralists-declaration-to-the-cop17\/#primaryimage\"},\"thumbnailUrl\":\"https:\/\/www.fscindigenousfoundation.org\/wp-content\/uploads\/2026\/08\/whatsapp-image-2026-08-17-at-84027-am.jpeg\",\"keywords\":[\"Financiaci\u00f3n Clim\u00e1tica\",\"FSC Indigenous Foundation\",\"liderazgo Ind\u00edgena\",\"Mujeres Indigenas\",\"Pueblos Ind\u00edgenas\"],\"articleSection\":[\"Outstanding news\",\"Sin categorizar\"],\"inLanguage\":\"es-ES\"},{\"@type\":\"WebPage\",\"@id\":\"https:\/\/www.fscindigenousfoundation.org\/es\/pastoralists-declaration-to-the-cop17\/\",\"url\":\"https:\/\/www.fscindigenousfoundation.org\/es\/pastoralists-declaration-to-the-cop17\/\",\"name\":\"Declaraci\u00f3n de los Pastores a la COP17 - Fundaci\u00f3n Ind\u00edgena FSC\",\"isPartOf\":{\"@id\":\"https:\/\/www.fscindigenousfoundation.org\/es\/#website\"},\"primaryImageOfPage\":{\"@id\":\"https:\/\/www.fscindigenousfoundation.org\/es\/pastoralists-declaration-to-the-cop17\/#primaryimage\"},\"image\":{\"@id\":\"https:\/\/www.fscindigenousfoundation.org\/es\/pastoralists-declaration-to-the-cop17\/#primaryimage\"},\"thumbnailUrl\":\"https:\/\/www.fscindigenousfoundation.org\/wp-content\/uploads\/2026\/08\/whatsapp-image-2026-08-17-at-84027-am.jpeg\",\"datePublished\":\"2026-08-31T19:34:57+00:00\",\"dateModified\":\"2026-08-31T19:45:40+00:00\",\"description\":\"Pastoralistas y Pueblos Ind\u00edgenas llevan la Declaraci\u00f3n de Ul\u00e1n Bator a la COP17 de la CNULD, pidiendo el reconocimiento de su papel como custodios de la naturaleza.\",\"breadcrumb\":{\"@id\":\"https:\/\/www.fscindigenousfoundation.org\/es\/pastoralists-declaration-to-the-cop17\/#breadcrumb\"},\"inLanguage\":\"es-ES\",\"potentialAction\":[{\"@type\":\"ReadAction\",\"target\":[\"https:\/\/www.fscindigenousfoundation.org\/es\/pastoralists-declaration-to-the-cop17\/\"]}]},{\"@type\":\"ImageObject\",\"inLanguage\":\"es-ES\",\"@id\":\"https:\/\/www.fscindigenousfoundation.org\/es\/pastoralists-declaration-to-the-cop17\/#primaryimage\",\"url\":\"https:\/\/www.fscindigenousfoundation.org\/wp-content\/uploads\/2026\/08\/whatsapp-image-2026-08-17-at-84027-am.jpeg\",\"contentUrl\":\"https:\/\/www.fscindigenousfoundation.org\/wp-content\/uploads\/2026\/08\/whatsapp-image-2026-08-17-at-84027-am.jpeg\",\"width\":1024,\"height\":768},{\"@type\":\"BreadcrumbList\",\"@id\":\"https:\/\/www.fscindigenousfoundation.org\/es\/pastoralists-declaration-to-the-cop17\/#breadcrumb\",\"itemListElement\":[{\"@type\":\"ListItem\",\"position\":1,\"name\":\"Home\",\"item\":\"https:\/\/www.fscindigenousfoundation.org\/es\/\"},{\"@type\":\"ListItem\",\"position\":2,\"name\":\"Declaraci\u00f3n de los Pastores a la COP17\"}]},{\"@type\":\"WebSite\",\"@id\":\"https:\/\/www.fscindigenousfoundation.org\/es\/#website\",\"url\":\"https:\/\/www.fscindigenousfoundation.org\/es\/\",\"name\":\"IPARD\",\"description\":\"La Fundaci\u00f3n Ind\u00edgena FSC es una fundaci\u00f3n creada para proporcionar soluciones que garanticen los derechos ind\u00edgenas y proteger sus territorios, bosques y conocimiento ancestral.\",\"publisher\":{\"@id\":\"https:\/\/www.fscindigenousfoundation.org\/es\/#organization\"},\"potentialAction\":[{\"@type\":\"SearchAction\",\"target\":{\"@type\":\"EntryPoint\",\"urlTemplate\":\"https:\/\/www.fscindigenousfoundation.org\/es\/?s={search_term_string}\"},\"query-input\":{\"@type\":\"PropertyValueSpecification\",\"valueRequired\":true,\"valueName\":\"search_term_string\"}}],\"inLanguage\":\"es-ES\"},{\"@type\":\"Organization\",\"@id\":\"https:\/\/www.fscindigenousfoundation.org\/es\/#organization\",\"name\":\"FSC Indigenous Foundation\",\"url\":\"https:\/\/www.fscindigenousfoundation.org\/es\/\",\"logo\":{\"@type\":\"ImageObject\",\"inLanguage\":\"es-ES\",\"@id\":\"https:\/\/www.fscindigenousfoundation.org\/es\/#\/schema\/logo\/image\/\",\"url\":\"https:\/\/www.fscindigenousfoundation.org\/wp-content\/uploads\/2021\/09\/fsc-indigenous-foundation-color.png\",\"contentUrl\":\"https:\/\/www.fscindigenousfoundation.org\/wp-content\/uploads\/2021\/09\/fsc-indigenous-foundation-color.png\",\"width\":657,\"height\":197,\"caption\":\"FSC Indigenous Foundation\"},\"image\":{\"@id\":\"https:\/\/www.fscindigenousfoundation.org\/es\/#\/schema\/logo\/image\/\"},\"sameAs\":[\"https:\/\/www.facebook.com\/fscindigenousfoundation\",\"https:\/\/x.com\/fsc_if\",\"https:\/\/instagram.com\/fscindigenousfoundation\"]},{\"@type\":\"Person\",\"@id\":\"https:\/\/www.fscindigenousfoundation.org\/es\/#\/schema\/person\/58a930ad98efcb8e01aac64b85daeef4\",\"name\":\"FSC IF\",\"url\":\"https:\/\/www.fscindigenousfoundation.org\/es\/author\/communication\/\"}]}<\/script>\n<!-- \/ Yoast SEO plugin. -->","yoast_head_json":{"title":"Declaraci\u00f3n de los Pastores a la COP17 - Fundaci\u00f3n Ind\u00edgena FSC","description":"Pastoralistas y Pueblos Ind\u00edgenas llevan la Declaraci\u00f3n de Ul\u00e1n Bator a la COP17 de la CNULD, pidiendo el reconocimiento de su papel como custodios de la naturaleza.","robots":{"index":"index","follow":"follow","max-snippet":"max-snippet:-1","max-image-preview":"max-image-preview:large","max-video-preview":"max-video-preview:-1"},"canonical":"https:\/\/www.fscindigenousfoundation.org\/es\/pastoralists-declaration-to-the-cop17\/","og_locale":"es_ES","og_type":"article","og_title":"Declaraci\u00f3n de los Pastores a la COP17 - Fundaci\u00f3n Ind\u00edgena FSC","og_description":"Pastoralistas y Pueblos Ind\u00edgenas llevan la Declaraci\u00f3n de Ul\u00e1n Bator a la COP17 de la CNULD, pidiendo el reconocimiento de su papel como custodios de la naturaleza.","og_url":"https:\/\/www.fscindigenousfoundation.org\/es\/pastoralists-declaration-to-the-cop17\/","og_site_name":"Fundaci\u00f3n Ind\u00edgena FSC","article_publisher":"https:\/\/www.facebook.com\/fscindigenousfoundation","article_published_time":"2026-08-31T19:34:57+00:00","article_modified_time":"2026-08-31T19:45:40+00:00","og_image":[{"width":1024,"height":768,"url":"https:\/\/www.fscindigenousfoundation.org\/wp-content\/uploads\/2026\/08\/whatsapp-image-2026-08-17-at-84027-am.jpeg","type":"image\/jpeg"}],"author":"FSC IF","twitter_card":"summary_large_image","twitter_creator":"@fsc_if","twitter_site":"@fsc_if","twitter_misc":{"Written by":"FSC IF","Est. reading time":"1 minute"},"schema":{"@context":"https:\/\/schema.org","@graph":[{"@type":"Article","@id":"https:\/\/www.fscindigenousfoundation.org\/es\/pastoralists-declaration-to-the-cop17\/#article","isPartOf":{"@id":"https:\/\/www.fscindigenousfoundation.org\/es\/pastoralists-declaration-to-the-cop17\/"},"author":{"name":"FSC IF","@id":"https:\/\/www.fscindigenousfoundation.org\/es\/#\/schema\/person\/58a930ad98efcb8e01aac64b85daeef4"},"headline":"Declaraci\u00f3n de los Pastores a la COP17","datePublished":"2026-08-31T19:34:57+00:00","dateModified":"2026-08-31T19:45:40+00:00","mainEntityOfPage":{"@id":"https:\/\/www.fscindigenousfoundation.org\/es\/pastoralists-declaration-to-the-cop17\/"},"wordCount":148,"publisher":{"@id":"https:\/\/www.fscindigenousfoundation.org\/es\/#organization"},"image":{"@id":"https:\/\/www.fscindigenousfoundation.org\/es\/pastoralists-declaration-to-the-cop17\/#primaryimage"},"thumbnailUrl":"https:\/\/www.fscindigenousfoundation.org\/wp-content\/uploads\/2026\/08\/whatsapp-image-2026-08-17-at-84027-am.jpeg","keywords":["Financiaci\u00f3n Clim\u00e1tica","FSC Indigenous Foundation","liderazgo Ind\u00edgena","Mujeres Indigenas","Pueblos Ind\u00edgenas"],"articleSection":["Outstanding news","Sin categorizar"],"inLanguage":"es-ES"},{"@type":"WebPage","@id":"https:\/\/www.fscindigenousfoundation.org\/es\/pastoralists-declaration-to-the-cop17\/","url":"https:\/\/www.fscindigenousfoundation.org\/es\/pastoralists-declaration-to-the-cop17\/","name":"Declaraci\u00f3n de los Pastores a la COP17 - Fundaci\u00f3n Ind\u00edgena FSC","isPartOf":{"@id":"https:\/\/www.fscindigenousfoundation.org\/es\/#website"},"primaryImageOfPage":{"@id":"https:\/\/www.fscindigenousfoundation.org\/es\/pastoralists-declaration-to-the-cop17\/#primaryimage"},"image":{"@id":"https:\/\/www.fscindigenousfoundation.org\/es\/pastoralists-declaration-to-the-cop17\/#primaryimage"},"thumbnailUrl":"https:\/\/www.fscindigenousfoundation.org\/wp-content\/uploads\/2026\/08\/whatsapp-image-2026-08-17-at-84027-am.jpeg","datePublished":"2026-08-31T19:34:57+00:00","dateModified":"2026-08-31T19:45:40+00:00","description":"Pastoralistas y Pueblos Ind\u00edgenas llevan la Declaraci\u00f3n de Ul\u00e1n Bator a la COP17 de la CNULD, pidiendo el reconocimiento de su papel como custodios de la naturaleza.","breadcrumb":{"@id":"https:\/\/www.fscindigenousfoundation.org\/es\/pastoralists-declaration-to-the-cop17\/#breadcrumb"},"inLanguage":"es-ES","potentialAction":[{"@type":"ReadAction","target":["https:\/\/www.fscindigenousfoundation.org\/es\/pastoralists-declaration-to-the-cop17\/"]}]},{"@type":"ImageObject","inLanguage":"es-ES","@id":"https:\/\/www.fscindigenousfoundation.org\/es\/pastoralists-declaration-to-the-cop17\/#primaryimage","url":"https:\/\/www.fscindigenousfoundation.org\/wp-content\/uploads\/2026\/08\/whatsapp-image-2026-08-17-at-84027-am.jpeg","contentUrl":"https:\/\/www.fscindigenousfoundation.org\/wp-content\/uploads\/2026\/08\/whatsapp-image-2026-08-17-at-84027-am.jpeg","width":1024,"height":768},{"@type":"BreadcrumbList","@id":"https:\/\/www.fscindigenousfoundation.org\/es\/pastoralists-declaration-to-the-cop17\/#breadcrumb","itemListElement":[{"@type":"ListItem","position":1,"name":"Home","item":"https:\/\/www.fscindigenousfoundation.org\/es\/"},{"@type":"ListItem","position":2,"name":"Declaraci\u00f3n de los Pastores a la COP17"}]},{"@type":"WebSite","@id":"https:\/\/www.fscindigenousfoundation.org\/es\/#website","url":"https:\/\/www.fscindigenousfoundation.org\/es\/","name":"IPARD","description":"La Fundaci\u00f3n Ind\u00edgena FSC es una fundaci\u00f3n creada para proporcionar soluciones que garanticen los derechos ind\u00edgenas y proteger sus territorios, bosques y conocimiento ancestral.","publisher":{"@id":"https:\/\/www.fscindigenousfoundation.org\/es\/#organization"},"potentialAction":[{"@type":"SearchAction","target":{"@type":"EntryPoint","urlTemplate":"https:\/\/www.fscindigenousfoundation.org\/es\/?s={search_term_string}"},"query-input":{"@type":"PropertyValueSpecification","valueRequired":true,"valueName":"search_term_string"}}],"inLanguage":"es-ES"},{"@type":"Organization","@id":"https:\/\/www.fscindigenousfoundation.org\/es\/#organization","name":"FSC Indigenous Foundation","url":"https:\/\/www.fscindigenousfoundation.org\/es\/","logo":{"@type":"ImageObject","inLanguage":"es-ES","@id":"https:\/\/www.fscindigenousfoundation.org\/es\/#\/schema\/logo\/image\/","url":"https:\/\/www.fscindigenousfoundation.org\/wp-content\/uploads\/2021\/09\/fsc-indigenous-foundation-color.png","contentUrl":"https:\/\/www.fscindigenousfoundation.org\/wp-content\/uploads\/2021\/09\/fsc-indigenous-foundation-color.png","width":657,"height":197,"caption":"FSC Indigenous Foundation"},"image":{"@id":"https:\/\/www.fscindigenousfoundation.org\/es\/#\/schema\/logo\/image\/"},"sameAs":["https:\/\/www.facebook.com\/fscindigenousfoundation","https:\/\/x.com\/fsc_if","https:\/\/instagram.com\/fscindigenousfoundation"]},{"@type":"Person","@id":"https:\/\/www.fscindigenousfoundation.org\/es\/#\/schema\/person\/58a930ad98efcb8e01aac64b85daeef4","name":"FSC IF","url":"https:\/\/www.fscindigenousfoundation.org\/es\/author\/communication\/"}]}},"_links":{"self":[{"href":"https:\/\/www.fscindigenousfoundation.org\/es\/wp-json\/wp\/v2\/posts\/22130","targetHints":{"allow":["GET"]}}],"collection":[{"href":"https:\/\/www.fscindigenousfoundation.org\/es\/wp-json\/wp\/v2\/posts"}],"about":[{"href":"https:\/\/www.fscindigenousfoundation.org\/es\/wp-json\/wp\/v2\/types\/post"}],"author":[{"embeddable":true,"href":"https:\/\/www.fscindigenousfoundation.org\/es\/wp-json\/wp\/v2\/users\/3"}],"replies":[{"embeddable":true,"href":"https:\/\/www.fscindigenousfoundation.org\/es\/wp-json\/wp\/v2\/comments?post=22130"}],"version-history":[{"count":2,"href":"https:\/\/www.fscindigenousfoundation.org\/es\/wp-json\/wp\/v2\/posts\/22130\/revisions"}],"predecessor-version":[{"id":22141,"href":"https:\/\/www.fscindigenousfoundation.org\/es\/wp-json\/wp\/v2\/posts\/22130\/revisions\/22141"}],"wp:featuredmedia":[{"embeddable":true,"href":"https:\/\/www.fscindigenousfoundation.org\/es\/wp-json\/wp\/v2\/media\/22001"}],"wp:attachment":[{"href":"https:\/\/www.fscindigenousfoundation.org\/es\/wp-json\/wp\/v2\/media?parent=22130"}],"wp:term":[{"taxonomy":"category","embeddable":true,"href":"https:\/\/www.fscindigenousfoundation.org\/es\/wp-json\/wp\/v2\/categories?post=22130"},{"taxonomy":"post_tag","embeddable":true,"href":"https:\/\/www.fscindigenousfoundation.org\/es\/wp-json\/wp\/v2\/tags?post=22130"}],"curies":[{"name":"wp","href":"https:\/\/api.w.org\/{rel}","templated":true}]}}