{"id":19162,"date":"2026-04-20T18:43:05","date_gmt":"2026-04-20T22:43:05","guid":{"rendered":"https:\/\/www.fscindigenousfoundation.org\/community-of-practice-fsc-if\/"},"modified":"2026-04-28T19:54:45","modified_gmt":"2026-04-28T23:54:45","slug":"comunidad-de-practica-panama-mexico","status":"publish","type":"post","link":"https:\/\/www.fscindigenousfoundation.org\/es\/comunidad-de-practica-panama-mexico\/","title":{"rendered":"Comunidad de pr\u00e1ctica Panam\u00e1, M\u00e9xico"},"content":{"rendered":"\n<p>Abril 2026, Ixtl\u00e1n de Ju\u00e1rez, Oaxaca, M\u00e9xico<\/p>\n\n\n\n<p>Los d\u00edas 1 y 2 de abril de 2026, una delegaci\u00f3n de Pueblos Ind\u00edgenas del Dari\u00e9n, Panam\u00e1, visit\u00f3 Ixtl\u00e1n de Ju\u00e1rez, en la Sierra Norte de Oaxaca, como parte de la \u201cComunidad de Pr\u00e1ctica Panam\u00e1 &#8211; M\u00e9xico\u201d, un espacio de intercambio impulsado por la Fundaci\u00f3n Ind\u00edgena FSC (FSC-IF) con el apoyo del laboratorio de innovaci\u00f3n del Grupo Banco Interamericano de Desarrollo.<\/p>\n\n\n\n<p>La delegaci\u00f3n estuvo conformada por representantes de las comunidades de Alto Play\u00f3n, Puerto Lara, Arimae y Ember\u00e1 Puru, pertenecientes a los Pueblos Ember\u00e1 y Wounaan, quienes sostuvieron un di\u00e1logo directo con autoridades comunales del Pueblo Zapoteca de Ixtl\u00e1n de Ju\u00e1rez, acompa\u00f1ados por el equipo t\u00e9cnico del proyecto y FSC M\u00e9xico.<\/p>\n\n\n\n<p><\/p>\n\n\n\n<figure class=\"wp-block-image size-full\"><img loading=\"lazy\" decoding=\"async\" width=\"1000\" height=\"292\" src=\"https:\/\/www.fscindigenousfoundation.org\/wp-content\/uploads\/2026\/04\/1-2.png\" alt=\"\" class=\"wp-image-19134\"\/><figcaption class=\"wp-element-caption\"><em>Ceremonia tradicional y di\u00e1logo<\/em><\/figcaption><\/figure>\n\n\n\n<p>Este intercambio se enmarca en el proyecto \u201cImpulsar Modelos de Negocio Ind\u00edgenas Basados en la Naturaleza\u201d, una iniciativa impulsada por la Fundaci\u00f3n Ind\u00edgena FSC y cofinanciada por BID Lab, que acompa\u00f1a a comunidades ind\u00edgenas en la construcci\u00f3n de econom\u00edas propias basadas en su relaci\u00f3n con el territorio.<\/p>\n\n\n\n<p>A trav\u00e9s de este proceso, comunidades del Dari\u00e9n est\u00e1n explorando c\u00f3mo transformar sus saberes, pr\u00e1cticas y formas de organizaci\u00f3n en modelos econ\u00f3micos que generen ingresos sin romper el equilibrio con la naturaleza y la identificaci\u00f3n de mecanismos que permitan reconocer y comunicar el valor cultural, social y ambiental de sus productos y servicios.<\/p>\n\n\n\n<p>El aprendizaje entre pueblos, como el vivido en Ixtl\u00e1n de Ju\u00e1rez, se convierte as\u00ed en una herramienta clave para identificar caminos propios de desarrollo fortaleciendo al mismo tiempo la gobernanza comunitaria y la capacidad de tomar decisiones de largo plazo.<\/p>\n\n\n\n<h2 class=\"wp-block-heading\">Gobernanza y visi\u00f3n comunitaria<\/h2>\n\n\n\n<figure class=\"wp-block-image size-full\"><img loading=\"lazy\" decoding=\"async\" width=\"1000\" height=\"292\" src=\"https:\/\/www.fscindigenousfoundation.org\/wp-content\/uploads\/2026\/04\/2-1.png\" alt=\"\" class=\"wp-image-19138\"\/><figcaption class=\"wp-element-caption\"><em>Visita a la reserva comunitaria<\/em><\/figcaption><\/figure>\n\n\n\n<p>En Ixtl\u00e1n de Ju\u00e1rez, el bosque es parte central de la vida comunitaria. Su manejo se sostiene en una estructura de gobernanza basada en la asamblea, donde las decisiones responden a una visi\u00f3n colectiva de largo plazo. Este modelo se fortalece a trav\u00e9s del manejo forestal certificado FSC, que ha contribuido a establecer criterios claros para la gesti\u00f3n del bosque y a consolidar pr\u00e1cticas de administraci\u00f3n responsables.<\/p>\n\n\n\n<p>Durante el intercambio, el Comisariado de Bienes Comunales, Amado Maurilio M\u00e9ndez Pacheco, comparti\u00f3 algunos de los principios que han permitido consolidar este modelo:<\/p>\n\n\n\n<p>\u201cMuchas veces queremos ver resultados r\u00e1pidos, pero los procesos comunitarios son de largo plazo. Una empresa necesita tiempo para madurar. Aqu\u00ed hemos aprendido a organizarnos, a reinvertir y a tener claro hacia d\u00f3nde queremos ir como comunidad.\u201d<\/p>\n\n\n\n<p>M\u00e1s que iniciativas aisladas, las empresas, el manejo del bosque y la organizaci\u00f3n social forman parte de un mismo sistema que responde al bienestar comunitario.<\/p>\n\n\n\n<h2 class=\"wp-block-heading\"><strong>M\u00e1s all\u00e1 del bosque: empresas comunitarias<\/strong><\/h2>\n\n\n\n<p>Uno de los ejes principales de la visita fue conocer el conjunto de empresas comunales que Ixtl\u00e1n ha desarrollado a partir de su territorio.<\/p>\n\n\n\n<p>La delegaci\u00f3n visit\u00f3 distintas iniciativas productivas creadas y administradas por la propia comunidad, entre ellas el aserradero, la f\u00e1brica de muebles, la embotelladora de agua purificada y el parque ecotur\u00edstico Ecoturixtl\u00e1n, donde adem\u00e1s se hospedaron.<\/p>\n\n\n\n<p><\/p>\n\n\n\n<figure class=\"wp-block-image size-full\"><img loading=\"lazy\" decoding=\"async\" width=\"1000\" height=\"292\" src=\"https:\/\/www.fscindigenousfoundation.org\/wp-content\/uploads\/2026\/04\/5-1.png\" alt=\"\" class=\"wp-image-19142\"\/><figcaption class=\"wp-element-caption\"><em>Visita al aserradero y embotelladora<\/em><\/figcaption><\/figure>\n\n\n\n<p>Entre los espacios visitados destac\u00f3 el Mirador de Cristal, uno de los miradores de su tipo m\u00e1s altos de Am\u00e9rica Latina y un punto emblem\u00e1tico del modelo tur\u00edstico comunitario. Su desarrollo ha generado empleo e ingresos no solo para Ixtl\u00e1n, sino tambi\u00e9n para comunidades vecinas que participan en la cadena de valor del turismo.<\/p>\n\n\n\n<p><\/p>\n\n\n\n<figure class=\"wp-block-image size-full\"><img loading=\"lazy\" decoding=\"async\" width=\"1000\" height=\"292\" src=\"https:\/\/www.fscindigenousfoundation.org\/wp-content\/uploads\/2026\/04\/4-1.png\" alt=\"\" class=\"wp-image-19146\"\/><figcaption class=\"wp-element-caption\"><em>Mirador de Cristal<\/em><\/figcaption><\/figure>\n\n\n\n<p>Tambi\u00e9n particip\u00f3 la iniciativa <a href=\"https:\/\/www.facebook.com\/jugueteartecapulalpam\/\" target=\"_blank\" rel=\"noreferrer noopener\">Juguetearte Capul\u00e1lpam<\/a>, que elabora juguetes a partir de madera residual del bosque. Este modelo llam\u00f3 especialmente la atenci\u00f3n de las participantes, al mostrar c\u00f3mo es posible aprovechar materiales que no entran en procesos industriales para generar valor econ\u00f3mico y, al mismo tiempo, contribuir a la conservaci\u00f3n del bosque.<\/p>\n\n\n\n<h2 class=\"wp-block-heading\"><strong>Econom\u00eda comunitaria y toma de decisiones<\/strong><\/h2>\n\n\n\n<p>El intercambio permiti\u00f3 conocer c\u00f3mo la comunidad organiza y distribuye los beneficios de sus actividades econ\u00f3micas.<\/p>\n\n\n\n<p>En Ixtl\u00e1n, los ingresos no se destinan \u00fanicamente a la distribuci\u00f3n individual. Una parte se dirige a la provisi\u00f3n social, otra a la reinversi\u00f3n en el bosque y en las empresas, y solo una fracci\u00f3n se distribuye directamente.<\/p>\n\n\n\n<p>En palabras de C\u00e9sar Canseco, Jefe Operativo de Ecoturixtl\u00e1n:<\/p>\n\n\n\n<blockquote class=\"wp-block-quote is-layout-flow wp-block-quote-is-layout-flow\">\n<p>\u201cIxtl\u00e1n no busca hacerse millonario a partir de sus empresas, sino generar empleos. Eso permite que los j\u00f3venes se queden, que encuentren opciones dentro de la comunidad. Antes muchos quer\u00edan ser ingenieros forestales porque era el principal medio de vida; hoy tambi\u00e9n buscan formarse en turismo, administraci\u00f3n y otros campos.\u201d<\/p>\n<\/blockquote>\n\n\n\n<p>Este modelo responde a una l\u00f3gica de sostenibilidad a largo plazo, donde el desarrollo econ\u00f3mico se construye sin comprometer el territorio.<\/p>\n\n\n\n<p>Asimismo, se destac\u00f3 la importancia de contar con acompa\u00f1amiento t\u00e9cnico para fortalecer la administraci\u00f3n de las empresas comunitarias y su viabilidad en el tiempo.<\/p>\n\n\n\n<h2 class=\"wp-block-heading\"><strong>Aprendizaje en territorio<\/strong><\/h2>\n\n\n\n<p>Las actividades incluyeron recorridos por el bosque mes\u00f3filo de monta\u00f1a, as\u00ed como visitas a proyectos productivos y tur\u00edsticos de la comunidad.<\/p>\n\n\n\n<p><\/p>\n\n\n\n<figure class=\"wp-block-image size-full\"><img loading=\"lazy\" decoding=\"async\" width=\"1000\" height=\"292\" src=\"https:\/\/www.fscindigenousfoundation.org\/wp-content\/uploads\/2026\/04\/3-1.png\" alt=\"\" class=\"wp-image-19150\"\/><figcaption class=\"wp-element-caption\"><em>Parque ecotur\u00edstico Ecoturixtlan<\/em><\/figcaption><\/figure>\n\n\n\n<p>Durante estos espacios, Alina Santiago, l\u00edder ind\u00edgena zapoteca de Ixtl\u00e1n de Ju\u00e1rez, tuvo un papel clave en la presentaci\u00f3n del modelo comunitario. Junto con Alejandro Reynosa, de FSC M\u00e9xico, presentaron la certificaci\u00f3n de manejo forestal FSC y resolvieron dudas de la delegaci\u00f3n, particularmente en torno a c\u00f3mo esta herramienta puede fortalecer la gesti\u00f3n del bosque y contribuir a diversificar las fuentes de ingreso de las comunidades ind\u00edgenas.<\/p>\n\n\n\n<p>M\u00e1s all\u00e1 de los contenidos t\u00e9cnicos, el encuentro incluy\u00f3 ceremonias, expresiones culturales y espacios de di\u00e1logo que reflejan la relaci\u00f3n profunda entre territorio, identidad y comunidad.<\/p>\n\n\n\n<p>La delegaci\u00f3n de los Pueblos Ember\u00e1 y Wounaan comparti\u00f3 con gran inter\u00e9s y admiraci\u00f3n el impacto que les gener\u00f3 conocer el trabajo realizado por sus hermanos del Pueblo Zapoteca. Expresaron su entusiasmo al observar los resultados de un proceso construido a lo largo de 60 a\u00f1os, as\u00ed como el crecimiento alcanzado y el desarrollo de iniciativas productivas con un alto nivel de organizaci\u00f3n. Destacaron especialmente la forma en que han logrado aprovechar de manera sostenible los recursos del bosque, manteni\u00e9ndolo al mismo tiempo fuerte, saludable y protegido.<\/p>\n\n\n\n<p>Comparti\u00f3 este entusiasmo, Luviana Chamapuro, presidenta de la organizaci\u00f3n Ind\u00edgena Orop\u00e9ndolas:<\/p>\n\n\n\n<blockquote class=\"wp-block-quote is-layout-flow wp-block-quote-is-layout-flow\">\n<p>\u201cVoy muy alegre a mi comunidad porque puedo compartir esto; para eso vine: a ver y compartir con mi comunidad. Es importante el turismo y recibir bien a los turistas; somos artesanas, podemos ofrecer buenos productos, buena atenci\u00f3n, y estar\u00e9 compartiendo esto con el grupo que recibe a los turistas. Lograron estos grandes proyectos que est\u00e1n haciendo y no es f\u00e1cil; fueron muchos a\u00f1os, pero lo lograron y no tengo palabras.\u201d<\/p>\n<\/blockquote>\n\n\n\n<p>Comparti\u00f3 tambi\u00e9n la cacica Aulina Ismare Opua, cacica del Congreso General Pueblo Wounaan:<\/p>\n\n\n\n<blockquote class=\"wp-block-quote is-layout-flow wp-block-quote-is-layout-flow\">\n<p>&#8220;La parte ambiental: me sorprende ver el ordenamiento territorial dentro de las hect\u00e1reas. En Panam\u00e1, algunas comunidades lo tienen; solo falta impulsar el potencial de la parte t\u00e9cnica y dar un valor agregado. Nos ayuda a decir al Estado que no solo queremos tenerlo por tener, sino que queremos decidir la forma de cuidarlo, y esto tambi\u00e9n ayuda al desarrollo de la poblaci\u00f3n y del mismo Estado.&#8221;<\/p>\n<\/blockquote>\n\n\n\n<p><\/p>\n\n\n\n<figure class=\"wp-block-image size-full\"><img loading=\"lazy\" decoding=\"async\" width=\"2000\" height=\"1125\" src=\"https:\/\/www.fscindigenousfoundation.org\/wp-content\/uploads\/2026\/04\/dsc06985.jpg\" alt=\"\" class=\"wp-image-18933\"\/><figcaption class=\"wp-element-caption\">Parte de delegaci\u00f3n, Pueblos Ember\u00e1 y Wounaan<\/figcaption><\/figure>\n\n\n\n<h2 class=\"wp-block-heading\">Diversificaci\u00f3n y servicios ecosist\u00e9micos<\/h2>\n\n\n\n<p>Uno de los temas relevantes del intercambio fue la diversificaci\u00f3n de ingresos a partir de los servicios ecosist\u00e9micos, particularmente por el inter\u00e9s de las comunidades de Panam\u00e1 en identificar nuevas oportunidades econ\u00f3micas m\u00e1s all\u00e1 del aprovechamiento maderable.<\/p>\n\n\n\n<p>Como se\u00f1al\u00f3 la licda. Alina Santiago:\u201cHay otros productos que se derivan del bosque: agua, artesan\u00edas, biodiversidad, bonos de carbono. Son siete servicios ecosist\u00e9micos que maneja FSC.\u201d<\/p>\n\n\n\n<p>Este enfoque permiti\u00f3 visibilizar c\u00f3mo los beneficios del bosque pueden traducirse en modelos de negocio que no dependen \u00fanicamente de la madera, abriendo oportunidades para comunidades que, por sus condiciones territoriales, no cuentan con grandes vol\u00famenes forestales.<\/p>\n\n\n\n<p>En este sentido, el manejo forestal certificado FSC se present\u00f3 como una herramienta que fortalece la organizaci\u00f3n comunitaria, facilita una mejor gesti\u00f3n del bosque, permite identificar oportunidades de diversificaci\u00f3n econ\u00f3mica y abre posibilidades de acceso a nuevos mercados, incluyendo mecanismos como el mercado de carbono.<\/p>\n\n\n\n<h2 class=\"wp-block-heading\">Un di\u00e1logo entre territorios<\/h2>\n\n\n\n<p>La experiencia en Ixtl\u00e1n de Ju\u00e1rez ofrece elementos que pueden adaptarse a distintos contextos, reconociendo que cada territorio tiene sus propias condiciones, pero tambi\u00e9n que existen principios comunes en la construcci\u00f3n de modelos comunitarios sostenibles.<\/p>\n\n\n\n<p>Desde la Sierra Norte de Oaxaca hasta el Dari\u00e9n paname\u00f1o, el bosque se mantiene como un punto de encuentro, donde la sostenibilidad no es un concepto abstracto, sino una pr\u00e1ctica construida desde la comunidad.<\/p>\n\n\n\n<figure class=\"wp-block-image size-full\"><img loading=\"lazy\" decoding=\"async\" width=\"900\" height=\"718\" src=\"https:\/\/www.fscindigenousfoundation.org\/wp-content\/uploads\/2026\/04\/img-20260402-081756-1.jpg\" alt=\"\" class=\"wp-image-19157\"\/><\/figure>\n\n\n\n<p>Delegaci\u00f3n de Panam\u00e1, FSC-IF y FSC M\u00e9xico<\/p>\n\n\n\n<p><\/p>\n\n\n\n<p><\/p>\n","protected":false},"excerpt":{"rendered":"<p>Intercambio entre Pueblos Ind\u00edgenas y construcci\u00f3n de modelos econ\u00f3micos basados en la naturaleza <\/p>\n","protected":false},"author":3,"featured_media":19137,"comment_status":"closed","ping_status":"closed","sticky":false,"template":"","format":"standard","meta":{"footnotes":""},"categories":[24,4],"tags":[255,275,270,36,108,827,825,80,30,113],"class_list":["post-19162","post","type-post","status-publish","format-standard","has-post-thumbnail","hentry","category-outstanding-news-es","category-sin-categorizar","tag-conocimiento-ancestral","tag-forest-stewardship-council-es","tag-fsc-es","tag-indigenous-peoples-es","tag-indigenous-women-2-es","tag-intercambio-de-conocimiento","tag-knowledge-exchange","tag-mujeres-indigenas","tag-pueblos-indigenas","tag-traditional-knowledge-es"],"acf":[],"yoast_head":"<!-- This site is optimized with the Yoast SEO plugin v26.9 - https:\/\/yoast.com\/product\/yoast-seo-wordpress\/ -->\n<title>Comunidad de pr\u00e1ctica Panam\u00e1, M\u00e9xico - Fundaci\u00f3n Ind\u00edgena FSC<\/title>\n<meta name=\"description\" content=\"Intercambio entre Pueblos Ind\u00edgenas y construcci\u00f3n de modelos econ\u00f3micos basados en la naturaleza\" \/>\n<meta name=\"robots\" content=\"index, follow, max-snippet:-1, max-image-preview:large, max-video-preview:-1\" \/>\n<link rel=\"canonical\" href=\"https:\/\/www.fscindigenousfoundation.org\/es\/comunidad-de-practica-panama-mexico\/\" \/>\n<meta property=\"og:locale\" content=\"es_ES\" \/>\n<meta property=\"og:type\" content=\"article\" \/>\n<meta property=\"og:title\" content=\"Comunidad de pr\u00e1ctica Panam\u00e1, M\u00e9xico - Fundaci\u00f3n Ind\u00edgena FSC\" \/>\n<meta property=\"og:description\" content=\"Intercambio entre Pueblos Ind\u00edgenas y construcci\u00f3n de modelos econ\u00f3micos basados en la naturaleza\" \/>\n<meta property=\"og:url\" content=\"https:\/\/www.fscindigenousfoundation.org\/es\/comunidad-de-practica-panama-mexico\/\" \/>\n<meta property=\"og:site_name\" content=\"Fundaci\u00f3n Ind\u00edgena FSC\" \/>\n<meta property=\"article:publisher\" content=\"https:\/\/www.facebook.com\/fscindigenousfoundation\" \/>\n<meta property=\"article:published_time\" content=\"2026-04-20T22:43:05+00:00\" \/>\n<meta property=\"article:modified_time\" content=\"2026-04-28T23:54:45+00:00\" \/>\n<meta property=\"og:image\" content=\"https:\/\/www.fscindigenousfoundation.org\/wp-content\/uploads\/2026\/04\/1-2.png\" \/>\n\t<meta property=\"og:image:width\" content=\"1000\" \/>\n\t<meta property=\"og:image:height\" content=\"292\" \/>\n\t<meta property=\"og:image:type\" content=\"image\/png\" \/>\n<meta name=\"author\" content=\"FSC IF\" \/>\n<meta name=\"twitter:card\" content=\"summary_large_image\" \/>\n<meta name=\"twitter:creator\" content=\"@fsc_if\" \/>\n<meta name=\"twitter:site\" content=\"@fsc_if\" \/>\n<meta name=\"twitter:label1\" content=\"Written by\" \/>\n\t<meta name=\"twitter:data1\" content=\"FSC IF\" \/>\n\t<meta name=\"twitter:label2\" content=\"Est. reading time\" \/>\n\t<meta name=\"twitter:data2\" content=\"8 minutes\" \/>\n<script type=\"application\/ld+json\" class=\"yoast-schema-graph\">{\"@context\":\"https:\/\/schema.org\",\"@graph\":[{\"@type\":\"Article\",\"@id\":\"https:\/\/www.fscindigenousfoundation.org\/es\/comunidad-de-practica-panama-mexico\/#article\",\"isPartOf\":{\"@id\":\"https:\/\/www.fscindigenousfoundation.org\/es\/comunidad-de-practica-panama-mexico\/\"},\"author\":{\"name\":\"FSC IF\",\"@id\":\"https:\/\/www.fscindigenousfoundation.org\/es\/#\/schema\/person\/58a930ad98efcb8e01aac64b85daeef4\"},\"headline\":\"Comunidad de pr\u00e1ctica Panam\u00e1, M\u00e9xico\",\"datePublished\":\"2026-04-20T22:43:05+00:00\",\"dateModified\":\"2026-04-28T23:54:45+00:00\",\"mainEntityOfPage\":{\"@id\":\"https:\/\/www.fscindigenousfoundation.org\/es\/comunidad-de-practica-panama-mexico\/\"},\"wordCount\":1531,\"publisher\":{\"@id\":\"https:\/\/www.fscindigenousfoundation.org\/es\/#organization\"},\"image\":{\"@id\":\"https:\/\/www.fscindigenousfoundation.org\/es\/comunidad-de-practica-panama-mexico\/#primaryimage\"},\"thumbnailUrl\":\"https:\/\/www.fscindigenousfoundation.org\/wp-content\/uploads\/2026\/04\/1-2.png\",\"keywords\":[\"conocimiento ancestral\",\"Forest Stewardship Council\",\"FSC\",\"Indigenous Peoples\",\"Indigenous women\",\"intercambio de conocimiento\",\"knowledge exchange\",\"Mujeres Indigenas\",\"Pueblos Ind\u00edgenas\",\"traditional knowledge\"],\"articleSection\":[\"Outstanding news\",\"Sin categorizar\"],\"inLanguage\":\"es-ES\"},{\"@type\":\"WebPage\",\"@id\":\"https:\/\/www.fscindigenousfoundation.org\/es\/comunidad-de-practica-panama-mexico\/\",\"url\":\"https:\/\/www.fscindigenousfoundation.org\/es\/comunidad-de-practica-panama-mexico\/\",\"name\":\"Comunidad de pr\u00e1ctica Panam\u00e1, M\u00e9xico - Fundaci\u00f3n Ind\u00edgena FSC\",\"isPartOf\":{\"@id\":\"https:\/\/www.fscindigenousfoundation.org\/es\/#website\"},\"primaryImageOfPage\":{\"@id\":\"https:\/\/www.fscindigenousfoundation.org\/es\/comunidad-de-practica-panama-mexico\/#primaryimage\"},\"image\":{\"@id\":\"https:\/\/www.fscindigenousfoundation.org\/es\/comunidad-de-practica-panama-mexico\/#primaryimage\"},\"thumbnailUrl\":\"https:\/\/www.fscindigenousfoundation.org\/wp-content\/uploads\/2026\/04\/1-2.png\",\"datePublished\":\"2026-04-20T22:43:05+00:00\",\"dateModified\":\"2026-04-28T23:54:45+00:00\",\"description\":\"Intercambio entre Pueblos Ind\u00edgenas y construcci\u00f3n de modelos econ\u00f3micos basados en la naturaleza\",\"breadcrumb\":{\"@id\":\"https:\/\/www.fscindigenousfoundation.org\/es\/comunidad-de-practica-panama-mexico\/#breadcrumb\"},\"inLanguage\":\"es-ES\",\"potentialAction\":[{\"@type\":\"ReadAction\",\"target\":[\"https:\/\/www.fscindigenousfoundation.org\/es\/comunidad-de-practica-panama-mexico\/\"]}]},{\"@type\":\"ImageObject\",\"inLanguage\":\"es-ES\",\"@id\":\"https:\/\/www.fscindigenousfoundation.org\/es\/comunidad-de-practica-panama-mexico\/#primaryimage\",\"url\":\"https:\/\/www.fscindigenousfoundation.org\/wp-content\/uploads\/2026\/04\/1-2.png\",\"contentUrl\":\"https:\/\/www.fscindigenousfoundation.org\/wp-content\/uploads\/2026\/04\/1-2.png\",\"width\":1000,\"height\":292},{\"@type\":\"BreadcrumbList\",\"@id\":\"https:\/\/www.fscindigenousfoundation.org\/es\/comunidad-de-practica-panama-mexico\/#breadcrumb\",\"itemListElement\":[{\"@type\":\"ListItem\",\"position\":1,\"name\":\"Home\",\"item\":\"https:\/\/www.fscindigenousfoundation.org\/es\/\"},{\"@type\":\"ListItem\",\"position\":2,\"name\":\"Comunidad de pr\u00e1ctica Panam\u00e1, M\u00e9xico\"}]},{\"@type\":\"WebSite\",\"@id\":\"https:\/\/www.fscindigenousfoundation.org\/es\/#website\",\"url\":\"https:\/\/www.fscindigenousfoundation.org\/es\/\",\"name\":\"IPARD\",\"description\":\"La Fundaci\u00f3n Ind\u00edgena FSC es una fundaci\u00f3n creada para proporcionar soluciones que garanticen los derechos ind\u00edgenas y proteger sus territorios, bosques y conocimiento ancestral.\",\"publisher\":{\"@id\":\"https:\/\/www.fscindigenousfoundation.org\/es\/#organization\"},\"potentialAction\":[{\"@type\":\"SearchAction\",\"target\":{\"@type\":\"EntryPoint\",\"urlTemplate\":\"https:\/\/www.fscindigenousfoundation.org\/es\/?s={search_term_string}\"},\"query-input\":{\"@type\":\"PropertyValueSpecification\",\"valueRequired\":true,\"valueName\":\"search_term_string\"}}],\"inLanguage\":\"es-ES\"},{\"@type\":\"Organization\",\"@id\":\"https:\/\/www.fscindigenousfoundation.org\/es\/#organization\",\"name\":\"FSC Indigenous Foundation\",\"url\":\"https:\/\/www.fscindigenousfoundation.org\/es\/\",\"logo\":{\"@type\":\"ImageObject\",\"inLanguage\":\"es-ES\",\"@id\":\"https:\/\/www.fscindigenousfoundation.org\/es\/#\/schema\/logo\/image\/\",\"url\":\"https:\/\/www.fscindigenousfoundation.org\/wp-content\/uploads\/2021\/09\/fsc-indigenous-foundation-color.png\",\"contentUrl\":\"https:\/\/www.fscindigenousfoundation.org\/wp-content\/uploads\/2021\/09\/fsc-indigenous-foundation-color.png\",\"width\":657,\"height\":197,\"caption\":\"FSC Indigenous Foundation\"},\"image\":{\"@id\":\"https:\/\/www.fscindigenousfoundation.org\/es\/#\/schema\/logo\/image\/\"},\"sameAs\":[\"https:\/\/www.facebook.com\/fscindigenousfoundation\",\"https:\/\/x.com\/fsc_if\",\"https:\/\/instagram.com\/fscindigenousfoundation\"]},{\"@type\":\"Person\",\"@id\":\"https:\/\/www.fscindigenousfoundation.org\/es\/#\/schema\/person\/58a930ad98efcb8e01aac64b85daeef4\",\"name\":\"FSC IF\",\"url\":\"https:\/\/www.fscindigenousfoundation.org\/es\/author\/communication\/\"}]}<\/script>\n<!-- \/ Yoast SEO plugin. -->","yoast_head_json":{"title":"Comunidad de pr\u00e1ctica Panam\u00e1, M\u00e9xico - Fundaci\u00f3n Ind\u00edgena FSC","description":"Intercambio entre Pueblos Ind\u00edgenas y construcci\u00f3n de modelos econ\u00f3micos basados en la naturaleza","robots":{"index":"index","follow":"follow","max-snippet":"max-snippet:-1","max-image-preview":"max-image-preview:large","max-video-preview":"max-video-preview:-1"},"canonical":"https:\/\/www.fscindigenousfoundation.org\/es\/comunidad-de-practica-panama-mexico\/","og_locale":"es_ES","og_type":"article","og_title":"Comunidad de pr\u00e1ctica Panam\u00e1, M\u00e9xico - Fundaci\u00f3n Ind\u00edgena FSC","og_description":"Intercambio entre Pueblos Ind\u00edgenas y construcci\u00f3n de modelos econ\u00f3micos basados en la naturaleza","og_url":"https:\/\/www.fscindigenousfoundation.org\/es\/comunidad-de-practica-panama-mexico\/","og_site_name":"Fundaci\u00f3n Ind\u00edgena FSC","article_publisher":"https:\/\/www.facebook.com\/fscindigenousfoundation","article_published_time":"2026-04-20T22:43:05+00:00","article_modified_time":"2026-04-28T23:54:45+00:00","og_image":[{"width":1000,"height":292,"url":"https:\/\/www.fscindigenousfoundation.org\/wp-content\/uploads\/2026\/04\/1-2.png","type":"image\/png"}],"author":"FSC IF","twitter_card":"summary_large_image","twitter_creator":"@fsc_if","twitter_site":"@fsc_if","twitter_misc":{"Written by":"FSC IF","Est. reading time":"8 minutes"},"schema":{"@context":"https:\/\/schema.org","@graph":[{"@type":"Article","@id":"https:\/\/www.fscindigenousfoundation.org\/es\/comunidad-de-practica-panama-mexico\/#article","isPartOf":{"@id":"https:\/\/www.fscindigenousfoundation.org\/es\/comunidad-de-practica-panama-mexico\/"},"author":{"name":"FSC IF","@id":"https:\/\/www.fscindigenousfoundation.org\/es\/#\/schema\/person\/58a930ad98efcb8e01aac64b85daeef4"},"headline":"Comunidad de pr\u00e1ctica Panam\u00e1, M\u00e9xico","datePublished":"2026-04-20T22:43:05+00:00","dateModified":"2026-04-28T23:54:45+00:00","mainEntityOfPage":{"@id":"https:\/\/www.fscindigenousfoundation.org\/es\/comunidad-de-practica-panama-mexico\/"},"wordCount":1531,"publisher":{"@id":"https:\/\/www.fscindigenousfoundation.org\/es\/#organization"},"image":{"@id":"https:\/\/www.fscindigenousfoundation.org\/es\/comunidad-de-practica-panama-mexico\/#primaryimage"},"thumbnailUrl":"https:\/\/www.fscindigenousfoundation.org\/wp-content\/uploads\/2026\/04\/1-2.png","keywords":["conocimiento ancestral","Forest Stewardship Council","FSC","Indigenous Peoples","Indigenous women","intercambio de conocimiento","knowledge exchange","Mujeres Indigenas","Pueblos Ind\u00edgenas","traditional knowledge"],"articleSection":["Outstanding news","Sin categorizar"],"inLanguage":"es-ES"},{"@type":"WebPage","@id":"https:\/\/www.fscindigenousfoundation.org\/es\/comunidad-de-practica-panama-mexico\/","url":"https:\/\/www.fscindigenousfoundation.org\/es\/comunidad-de-practica-panama-mexico\/","name":"Comunidad de pr\u00e1ctica Panam\u00e1, M\u00e9xico - Fundaci\u00f3n Ind\u00edgena FSC","isPartOf":{"@id":"https:\/\/www.fscindigenousfoundation.org\/es\/#website"},"primaryImageOfPage":{"@id":"https:\/\/www.fscindigenousfoundation.org\/es\/comunidad-de-practica-panama-mexico\/#primaryimage"},"image":{"@id":"https:\/\/www.fscindigenousfoundation.org\/es\/comunidad-de-practica-panama-mexico\/#primaryimage"},"thumbnailUrl":"https:\/\/www.fscindigenousfoundation.org\/wp-content\/uploads\/2026\/04\/1-2.png","datePublished":"2026-04-20T22:43:05+00:00","dateModified":"2026-04-28T23:54:45+00:00","description":"Intercambio entre Pueblos Ind\u00edgenas y construcci\u00f3n de modelos econ\u00f3micos basados en la naturaleza","breadcrumb":{"@id":"https:\/\/www.fscindigenousfoundation.org\/es\/comunidad-de-practica-panama-mexico\/#breadcrumb"},"inLanguage":"es-ES","potentialAction":[{"@type":"ReadAction","target":["https:\/\/www.fscindigenousfoundation.org\/es\/comunidad-de-practica-panama-mexico\/"]}]},{"@type":"ImageObject","inLanguage":"es-ES","@id":"https:\/\/www.fscindigenousfoundation.org\/es\/comunidad-de-practica-panama-mexico\/#primaryimage","url":"https:\/\/www.fscindigenousfoundation.org\/wp-content\/uploads\/2026\/04\/1-2.png","contentUrl":"https:\/\/www.fscindigenousfoundation.org\/wp-content\/uploads\/2026\/04\/1-2.png","width":1000,"height":292},{"@type":"BreadcrumbList","@id":"https:\/\/www.fscindigenousfoundation.org\/es\/comunidad-de-practica-panama-mexico\/#breadcrumb","itemListElement":[{"@type":"ListItem","position":1,"name":"Home","item":"https:\/\/www.fscindigenousfoundation.org\/es\/"},{"@type":"ListItem","position":2,"name":"Comunidad de pr\u00e1ctica Panam\u00e1, M\u00e9xico"}]},{"@type":"WebSite","@id":"https:\/\/www.fscindigenousfoundation.org\/es\/#website","url":"https:\/\/www.fscindigenousfoundation.org\/es\/","name":"IPARD","description":"La Fundaci\u00f3n Ind\u00edgena FSC es una fundaci\u00f3n creada para proporcionar soluciones que garanticen los derechos ind\u00edgenas y proteger sus territorios, bosques y conocimiento ancestral.","publisher":{"@id":"https:\/\/www.fscindigenousfoundation.org\/es\/#organization"},"potentialAction":[{"@type":"SearchAction","target":{"@type":"EntryPoint","urlTemplate":"https:\/\/www.fscindigenousfoundation.org\/es\/?s={search_term_string}"},"query-input":{"@type":"PropertyValueSpecification","valueRequired":true,"valueName":"search_term_string"}}],"inLanguage":"es-ES"},{"@type":"Organization","@id":"https:\/\/www.fscindigenousfoundation.org\/es\/#organization","name":"FSC Indigenous Foundation","url":"https:\/\/www.fscindigenousfoundation.org\/es\/","logo":{"@type":"ImageObject","inLanguage":"es-ES","@id":"https:\/\/www.fscindigenousfoundation.org\/es\/#\/schema\/logo\/image\/","url":"https:\/\/www.fscindigenousfoundation.org\/wp-content\/uploads\/2021\/09\/fsc-indigenous-foundation-color.png","contentUrl":"https:\/\/www.fscindigenousfoundation.org\/wp-content\/uploads\/2021\/09\/fsc-indigenous-foundation-color.png","width":657,"height":197,"caption":"FSC Indigenous Foundation"},"image":{"@id":"https:\/\/www.fscindigenousfoundation.org\/es\/#\/schema\/logo\/image\/"},"sameAs":["https:\/\/www.facebook.com\/fscindigenousfoundation","https:\/\/x.com\/fsc_if","https:\/\/instagram.com\/fscindigenousfoundation"]},{"@type":"Person","@id":"https:\/\/www.fscindigenousfoundation.org\/es\/#\/schema\/person\/58a930ad98efcb8e01aac64b85daeef4","name":"FSC IF","url":"https:\/\/www.fscindigenousfoundation.org\/es\/author\/communication\/"}]}},"_links":{"self":[{"href":"https:\/\/www.fscindigenousfoundation.org\/es\/wp-json\/wp\/v2\/posts\/19162","targetHints":{"allow":["GET"]}}],"collection":[{"href":"https:\/\/www.fscindigenousfoundation.org\/es\/wp-json\/wp\/v2\/posts"}],"about":[{"href":"https:\/\/www.fscindigenousfoundation.org\/es\/wp-json\/wp\/v2\/types\/post"}],"author":[{"embeddable":true,"href":"https:\/\/www.fscindigenousfoundation.org\/es\/wp-json\/wp\/v2\/users\/3"}],"replies":[{"embeddable":true,"href":"https:\/\/www.fscindigenousfoundation.org\/es\/wp-json\/wp\/v2\/comments?post=19162"}],"version-history":[{"count":3,"href":"https:\/\/www.fscindigenousfoundation.org\/es\/wp-json\/wp\/v2\/posts\/19162\/revisions"}],"predecessor-version":[{"id":20207,"href":"https:\/\/www.fscindigenousfoundation.org\/es\/wp-json\/wp\/v2\/posts\/19162\/revisions\/20207"}],"wp:featuredmedia":[{"embeddable":true,"href":"https:\/\/www.fscindigenousfoundation.org\/es\/wp-json\/wp\/v2\/media\/19137"}],"wp:attachment":[{"href":"https:\/\/www.fscindigenousfoundation.org\/es\/wp-json\/wp\/v2\/media?parent=19162"}],"wp:term":[{"taxonomy":"category","embeddable":true,"href":"https:\/\/www.fscindigenousfoundation.org\/es\/wp-json\/wp\/v2\/categories?post=19162"},{"taxonomy":"post_tag","embeddable":true,"href":"https:\/\/www.fscindigenousfoundation.org\/es\/wp-json\/wp\/v2\/tags?post=19162"}],"curies":[{"name":"wp","href":"https:\/\/api.w.org\/{rel}","templated":true}]}}