{"id":13729,"date":"2024-09-30T09:00:00","date_gmt":"2024-09-30T13:00:00","guid":{"rendered":"https:\/\/www.fscindigenousfoundation.org\/?p=13729"},"modified":"2025-11-03T10:13:40","modified_gmt":"2025-11-03T15:13:40","slug":"nombramiento-subhra-bhattacharjee-directora-general-fsc","status":"publish","type":"post","link":"https:\/\/www.fscindigenousfoundation.org\/es\/nombramiento-subhra-bhattacharjee-directora-general-fsc\/","title":{"rendered":"Nombramiento de la Dra. Subhra Bhattacharjee como Directora General del Forest Stewardship Council International"},"content":{"rendered":"\n<p><\/p>\n\n\n\n<div class=\"wp-block-media-text alignwide is-stacked-on-mobile\" style=\"grid-template-columns:15% auto\"><figure class=\"wp-block-media-text__media\"><img loading=\"lazy\" decoding=\"async\" width=\"600\" height=\"1085\" src=\"https:\/\/www.fscindigenousfoundation.org\/wp-content\/uploads\/2024\/09\/subhra-headshot.jpg\" alt=\"Subhra Bhattacharjee Directora General FSC\" class=\"wp-image-13716 size-full\"\/><\/figure><div class=\"wp-block-media-text__content\">\n<p><strong>[Bonn, Alemania, 30 de septiembre de 2024] <\/strong>\u2013 En nombre del Forest Stewardship Council (FSC), el Consejo Directivo del FSC Internacional se complace en anunciar el nombramiento de la Dra. Subhra Bhattacharjee como nueva Directora General a partir del 1\u00ba de octubre de 2024.<\/p>\n\n\n\n<p>Subhra Bhattacharjee trae consigo m\u00e1s de 20 a\u00f1os de experiencia en pol\u00edticas p\u00fablicas y programaci\u00f3n sobre cambio clim\u00e1tico y desarrollo sostenible, colaborando muy de cerca con gobiernos, ONG, la comunidad acad\u00e9mica y el sector privado a escala mundial. Trabaj\u00f3 para la Organizaci\u00f3n de las Naciones Unidas y antes de eso estuvo en el Banco de la Reserva de India, con una breve estancia en el \u00e1mbito acad\u00e9mico.&nbsp;&nbsp;&nbsp;<\/p>\n\n\n\n<p>La Dra. Bhattacharjee obtuvo el grado de maestr\u00eda en econom\u00eda por la Universidad Jawaharlal Nehru y el doctorado en econom\u00eda por la Universidad Estatal de Iowa.<\/p>\n<\/div><\/div>\n\n\n\n<p><\/p>\n\n\n\n<p>Stuart Valintine, Presidente del Consejo Directivo del FSC expres\u00f3, \u201c<em>Los conocimientos especializados y la experiencia en desarrollo y liderazgo internacional le ser\u00e1n de gran utilidad ahora que se incorpora a esta etapa decisiva de crecimiento organizacional del FSC.\u201d<\/em><\/p>\n\n\n\n<p>La ambiciosa visi\u00f3n de la Dra. Bhattacharjee coincide con la misi\u00f3n y los objetivos a futuro del FSC, encaminados a aprovechar a la membres\u00eda, la red y las alianzas de colaboraci\u00f3n con el fin de fortalecer el manejo forestal responsable global para la protecci\u00f3n y manejo sostenible de los bosques del mundo.&nbsp;<\/p>\n\n\n\n<p>Comentando sobre su nombramiento, la Dra. Bhattacharjee dijo,<em> \u201cEs un honor y un privilegio unirme al FSC como Directora General. Debemos actuar urgentemente para mitigar las crisis globales del clima y la biodiversidad que est\u00e1n en curso; la conservaci\u00f3n, restauraci\u00f3n y uso sostenible de los bosques con respeto a las comunidades que dependen de ellos es esencial para logarlo. En este contexto, hoy en d\u00eda, la misi\u00f3n y el papel que desempe\u00f1a el FSC son m\u00e1s relevantes que nunca. Estoy entusiasmada por trabajar con toda la comunidad FSC y sus socios para maximizar la contribuci\u00f3n de los bosques al desarrollo sostenible.\u201d<\/em><\/p>\n\n\n\n<p>Kim Carstensen, Director General saliente, se\u00f1ala: <em>\u201cGuiado por nuestra visi\u00f3n global de satisfacer la necesidad mundial de productos forestales, al tiempo que proteger a los bosques, el FSC ha contribuido enormemente hacia un planeta sostenible a lo largo de los \u00faltimos 12 a\u00f1os y deseo a Subhra el mayor de los \u00e9xitos en esta funci\u00f3n vital. Su experiencia y visi\u00f3n son exactamente lo que el FSC necesita para continuar brindando soluciones a algunos de los desaf\u00edos m\u00e1s apremiante de nuestros tiempos.\u201d&nbsp;&nbsp;&nbsp;&nbsp;&nbsp; <\/em>&nbsp;&nbsp;<\/p>\n\n\n\n<p>&nbsp;El nombramiento de la Dra. Bhattacharjee trae consigo nuevas perspectivas y energ\u00eda para la organizaci\u00f3n, iniciando el siguiente cap\u00edtulo de la misi\u00f3n del FSC de promover el manejo responsable de los bosques del mundo y garantizando su resiliencia a largo plazo.<\/p>\n\n\n\n<p><br><strong>Acerca del FSC:<\/strong> El FSC es una organizaci\u00f3n sin fines de lucro que proporciona una soluci\u00f3n probada de manejo forestal sostenible. En la actualidad, m\u00e1s de 160 millones de hect\u00e1reas de bosques, a escala mundial, est\u00e1n certificados conforme a los est\u00e1ndares FSC. La organizaci\u00f3n es ampliamente reconocida como el sistema m\u00e1s riguroso de certificaci\u00f3n forestal, lo mismo por ONG, que por consumidores y empresas para abordar los desaf\u00edos actuales de deforestaci\u00f3n, clima y biodiversidad. El est\u00e1ndar FSC de manejo forestal se basa en diez principios fundamentales dise\u00f1ados para abordar una amplia gama de factores ambientales, sociales y econ\u00f3micos. La etiqueta del \u201c\u00e1rbol y marca de aprobaci\u00f3n\u201d se encuentra en millones de productos de base forestal y verifica que \u00e9stos fueron obtenidos sosteniblemente, desde el bosque hasta el consumidor.&nbsp;&nbsp;<\/p>\n\n\n\n<p><strong>Para m\u00e1s consultas:<\/strong> <a href=\"mailto:media@fsc.org\">media@fsc.org<\/a><\/p>\n","protected":false},"excerpt":{"rendered":"<p>Las Fundaciones Ind\u00edgena FSC dan la bienvenida a la Sra. Bhattacharjee a la familia del FSC.<\/p>\n","protected":false},"author":2,"featured_media":13719,"comment_status":"closed","ping_status":"closed","sticky":false,"template":"","format":"standard","meta":{"footnotes":""},"categories":[24,4],"tags":[73,35,659,658,415,660,661,649],"class_list":["post-13729","post","type-post","status-publish","format-standard","has-post-thumbnail","hentry","category-outstanding-news-es","category-sin-categorizar","tag-cambio-climatico","tag-desarrollo-sostenible","tag-directora-general","tag-fsc-internacional","tag-fsc-if","tag-gestion-forestal-responsable","tag-nombramiento","tag-subhra-bhattacharjee"],"acf":[],"yoast_head":"<!-- This site is optimized with the Yoast SEO plugin v26.9 - https:\/\/yoast.com\/product\/yoast-seo-wordpress\/ -->\n<title>Nombramiento de la Dra. Subhra Bhattacharjee como Directora General del Forest Stewardship Council International - Fundaci\u00f3n Ind\u00edgena FSC<\/title>\n<meta name=\"description\" content=\"Subhra Bhattacharjee, experta en desarrollo sostenible y cambio clim\u00e1tico, ha sido nombrada nueva Directora General de FSC Internacional. Su experiencia impulsar\u00e1 la gesti\u00f3n forestal responsable y la misi\u00f3n del FSC.\" \/>\n<meta name=\"robots\" content=\"index, follow, max-snippet:-1, max-image-preview:large, max-video-preview:-1\" \/>\n<link rel=\"canonical\" href=\"https:\/\/www.fscindigenousfoundation.org\/es\/nombramiento-subhra-bhattacharjee-directora-general-fsc\/\" \/>\n<meta property=\"og:locale\" content=\"es_ES\" \/>\n<meta property=\"og:type\" content=\"article\" \/>\n<meta property=\"og:title\" content=\"Dr. Subhra Bhattacharjee named Director General of the Forest Stewardship Council International\" \/>\n<meta property=\"og:description\" content=\"Nombramiento de la Dra. Subhra Bhattacharjee como Directora General del Forest Stewardship Council International\" \/>\n<meta property=\"og:url\" content=\"https:\/\/www.fscindigenousfoundation.org\/es\/nombramiento-subhra-bhattacharjee-directora-general-fsc\/\" \/>\n<meta property=\"og:site_name\" content=\"Fundaci\u00f3n Ind\u00edgena FSC\" \/>\n<meta property=\"article:publisher\" content=\"https:\/\/www.facebook.com\/fscindigenousfoundation\" \/>\n<meta property=\"article:published_time\" content=\"2024-09-30T13:00:00+00:00\" \/>\n<meta property=\"article:modified_time\" content=\"2025-11-03T15:13:40+00:00\" \/>\n<meta property=\"og:image\" content=\"https:\/\/www.fscindigenousfoundation.org\/wp-content\/uploads\/2024\/09\/subhra-headshot-425x768.jpg\" \/>\n<meta name=\"author\" content=\"FSC-IF\" \/>\n<meta name=\"twitter:card\" content=\"summary_large_image\" \/>\n<meta name=\"twitter:title\" content=\"Nombramiento de la Dra. Subhra Bhattacharjee como Directora General del Forest Stewardship Council International\" \/>\n<meta name=\"twitter:description\" content=\"Las Fundaciones Ind\u00edgena FSC dan la bienvenida a la Sra. Bhattacharjee a la familia del FSC.\" \/>\n<meta name=\"twitter:image\" content=\"https:\/\/www.fscindigenousfoundation.org\/wp-content\/uploads\/2024\/09\/subhra-headshot.jpg\" \/>\n<meta name=\"twitter:creator\" content=\"@fsc_if\" \/>\n<meta name=\"twitter:site\" content=\"@fsc_if\" \/>\n<meta name=\"twitter:label1\" content=\"Written by\" \/>\n\t<meta name=\"twitter:data1\" content=\"FSC-IF\" \/>\n\t<meta name=\"twitter:label2\" content=\"Est. reading time\" \/>\n\t<meta name=\"twitter:data2\" content=\"3 minutes\" \/>\n<script type=\"application\/ld+json\" class=\"yoast-schema-graph\">{\"@context\":\"https:\/\/schema.org\",\"@graph\":[{\"@type\":\"Article\",\"@id\":\"https:\/\/www.fscindigenousfoundation.org\/es\/nombramiento-subhra-bhattacharjee-directora-general-fsc\/#article\",\"isPartOf\":{\"@id\":\"https:\/\/www.fscindigenousfoundation.org\/es\/nombramiento-subhra-bhattacharjee-directora-general-fsc\/\"},\"author\":{\"name\":\"FSC-IF\",\"@id\":\"https:\/\/www.fscindigenousfoundation.org\/es\/#\/schema\/person\/0c54626e047eb40bf736bd993ad26ec9\"},\"headline\":\"Nombramiento de la Dra. Subhra Bhattacharjee como Directora General del Forest Stewardship Council International\",\"datePublished\":\"2024-09-30T13:00:00+00:00\",\"dateModified\":\"2025-11-03T15:13:40+00:00\",\"mainEntityOfPage\":{\"@id\":\"https:\/\/www.fscindigenousfoundation.org\/es\/nombramiento-subhra-bhattacharjee-directora-general-fsc\/\"},\"wordCount\":657,\"publisher\":{\"@id\":\"https:\/\/www.fscindigenousfoundation.org\/es\/#organization\"},\"image\":{\"@id\":\"https:\/\/www.fscindigenousfoundation.org\/es\/nombramiento-subhra-bhattacharjee-directora-general-fsc\/#primaryimage\"},\"thumbnailUrl\":\"https:\/\/www.fscindigenousfoundation.org\/wp-content\/uploads\/2024\/09\/subhra-headshot.jpg\",\"keywords\":[\"Cambio Clim\u00e1tico\",\"Desarrollo Sostenible\",\"Directora General\",\"FSC Internacional\",\"FSC-IF\",\"Gesti\u00f3n Forestal Responsable\",\"Nombramiento\",\"Subhra Bhattacharjee\"],\"articleSection\":[\"Outstanding news\",\"Sin categorizar\"],\"inLanguage\":\"es-ES\"},{\"@type\":\"WebPage\",\"@id\":\"https:\/\/www.fscindigenousfoundation.org\/es\/nombramiento-subhra-bhattacharjee-directora-general-fsc\/\",\"url\":\"https:\/\/www.fscindigenousfoundation.org\/es\/nombramiento-subhra-bhattacharjee-directora-general-fsc\/\",\"name\":\"Nombramiento de la Dra. Subhra Bhattacharjee como Directora General del Forest Stewardship Council International - Fundaci\u00f3n Ind\u00edgena FSC\",\"isPartOf\":{\"@id\":\"https:\/\/www.fscindigenousfoundation.org\/es\/#website\"},\"primaryImageOfPage\":{\"@id\":\"https:\/\/www.fscindigenousfoundation.org\/es\/nombramiento-subhra-bhattacharjee-directora-general-fsc\/#primaryimage\"},\"image\":{\"@id\":\"https:\/\/www.fscindigenousfoundation.org\/es\/nombramiento-subhra-bhattacharjee-directora-general-fsc\/#primaryimage\"},\"thumbnailUrl\":\"https:\/\/www.fscindigenousfoundation.org\/wp-content\/uploads\/2024\/09\/subhra-headshot.jpg\",\"datePublished\":\"2024-09-30T13:00:00+00:00\",\"dateModified\":\"2025-11-03T15:13:40+00:00\",\"description\":\"Subhra Bhattacharjee, experta en desarrollo sostenible y cambio clim\u00e1tico, ha sido nombrada nueva Directora General de FSC Internacional. Su experiencia impulsar\u00e1 la gesti\u00f3n forestal responsable y la misi\u00f3n del FSC.\",\"breadcrumb\":{\"@id\":\"https:\/\/www.fscindigenousfoundation.org\/es\/nombramiento-subhra-bhattacharjee-directora-general-fsc\/#breadcrumb\"},\"inLanguage\":\"es-ES\",\"potentialAction\":[{\"@type\":\"ReadAction\",\"target\":[\"https:\/\/www.fscindigenousfoundation.org\/es\/nombramiento-subhra-bhattacharjee-directora-general-fsc\/\"]}]},{\"@type\":\"ImageObject\",\"inLanguage\":\"es-ES\",\"@id\":\"https:\/\/www.fscindigenousfoundation.org\/es\/nombramiento-subhra-bhattacharjee-directora-general-fsc\/#primaryimage\",\"url\":\"https:\/\/www.fscindigenousfoundation.org\/wp-content\/uploads\/2024\/09\/subhra-headshot.jpg\",\"contentUrl\":\"https:\/\/www.fscindigenousfoundation.org\/wp-content\/uploads\/2024\/09\/subhra-headshot.jpg\",\"width\":600,\"height\":1085,\"caption\":\"Dr. Subhra Bhattacharjee\"},{\"@type\":\"BreadcrumbList\",\"@id\":\"https:\/\/www.fscindigenousfoundation.org\/es\/nombramiento-subhra-bhattacharjee-directora-general-fsc\/#breadcrumb\",\"itemListElement\":[{\"@type\":\"ListItem\",\"position\":1,\"name\":\"Home\",\"item\":\"https:\/\/www.fscindigenousfoundation.org\/es\/\"},{\"@type\":\"ListItem\",\"position\":2,\"name\":\"Nombramiento de la Dra. Subhra Bhattacharjee como Directora General del Forest Stewardship Council International\"}]},{\"@type\":\"WebSite\",\"@id\":\"https:\/\/www.fscindigenousfoundation.org\/es\/#website\",\"url\":\"https:\/\/www.fscindigenousfoundation.org\/es\/\",\"name\":\"IPARD\",\"description\":\"La Fundaci\u00f3n Ind\u00edgena FSC es una fundaci\u00f3n creada para proporcionar soluciones que garanticen los derechos ind\u00edgenas y proteger sus territorios, bosques y conocimiento ancestral.\",\"publisher\":{\"@id\":\"https:\/\/www.fscindigenousfoundation.org\/es\/#organization\"},\"potentialAction\":[{\"@type\":\"SearchAction\",\"target\":{\"@type\":\"EntryPoint\",\"urlTemplate\":\"https:\/\/www.fscindigenousfoundation.org\/es\/?s={search_term_string}\"},\"query-input\":{\"@type\":\"PropertyValueSpecification\",\"valueRequired\":true,\"valueName\":\"search_term_string\"}}],\"inLanguage\":\"es-ES\"},{\"@type\":\"Organization\",\"@id\":\"https:\/\/www.fscindigenousfoundation.org\/es\/#organization\",\"name\":\"FSC Indigenous Foundation\",\"url\":\"https:\/\/www.fscindigenousfoundation.org\/es\/\",\"logo\":{\"@type\":\"ImageObject\",\"inLanguage\":\"es-ES\",\"@id\":\"https:\/\/www.fscindigenousfoundation.org\/es\/#\/schema\/logo\/image\/\",\"url\":\"https:\/\/www.fscindigenousfoundation.org\/wp-content\/uploads\/2021\/09\/fsc-indigenous-foundation-color.png\",\"contentUrl\":\"https:\/\/www.fscindigenousfoundation.org\/wp-content\/uploads\/2021\/09\/fsc-indigenous-foundation-color.png\",\"width\":657,\"height\":197,\"caption\":\"FSC Indigenous Foundation\"},\"image\":{\"@id\":\"https:\/\/www.fscindigenousfoundation.org\/es\/#\/schema\/logo\/image\/\"},\"sameAs\":[\"https:\/\/www.facebook.com\/fscindigenousfoundation\",\"https:\/\/x.com\/fsc_if\",\"https:\/\/instagram.com\/fscindigenousfoundation\"]},{\"@type\":\"Person\",\"@id\":\"https:\/\/www.fscindigenousfoundation.org\/es\/#\/schema\/person\/0c54626e047eb40bf736bd993ad26ec9\",\"name\":\"FSC-IF\",\"url\":\"https:\/\/www.fscindigenousfoundation.org\/es\/author\/fscif\/\"}]}<\/script>\n<!-- \/ Yoast SEO plugin. -->","yoast_head_json":{"title":"Nombramiento de la Dra. Subhra Bhattacharjee como Directora General del Forest Stewardship Council International - Fundaci\u00f3n Ind\u00edgena FSC","description":"Subhra Bhattacharjee, experta en desarrollo sostenible y cambio clim\u00e1tico, ha sido nombrada nueva Directora General de FSC Internacional. Su experiencia impulsar\u00e1 la gesti\u00f3n forestal responsable y la misi\u00f3n del FSC.","robots":{"index":"index","follow":"follow","max-snippet":"max-snippet:-1","max-image-preview":"max-image-preview:large","max-video-preview":"max-video-preview:-1"},"canonical":"https:\/\/www.fscindigenousfoundation.org\/es\/nombramiento-subhra-bhattacharjee-directora-general-fsc\/","og_locale":"es_ES","og_type":"article","og_title":"Dr. Subhra Bhattacharjee named Director General of the Forest Stewardship Council International","og_description":"Nombramiento de la Dra. Subhra Bhattacharjee como Directora General del Forest Stewardship Council International","og_url":"https:\/\/www.fscindigenousfoundation.org\/es\/nombramiento-subhra-bhattacharjee-directora-general-fsc\/","og_site_name":"Fundaci\u00f3n Ind\u00edgena FSC","article_publisher":"https:\/\/www.facebook.com\/fscindigenousfoundation","article_published_time":"2024-09-30T13:00:00+00:00","article_modified_time":"2025-11-03T15:13:40+00:00","og_image":[{"url":"https:\/\/www.fscindigenousfoundation.org\/wp-content\/uploads\/2024\/09\/subhra-headshot-425x768.jpg","type":"","width":"","height":""}],"author":"FSC-IF","twitter_card":"summary_large_image","twitter_title":"Nombramiento de la Dra. Subhra Bhattacharjee como Directora General del Forest Stewardship Council International","twitter_description":"Las Fundaciones Ind\u00edgena FSC dan la bienvenida a la Sra. Bhattacharjee a la familia del FSC.","twitter_image":"https:\/\/www.fscindigenousfoundation.org\/wp-content\/uploads\/2024\/09\/subhra-headshot.jpg","twitter_creator":"@fsc_if","twitter_site":"@fsc_if","twitter_misc":{"Written by":"FSC-IF","Est. reading time":"3 minutes"},"schema":{"@context":"https:\/\/schema.org","@graph":[{"@type":"Article","@id":"https:\/\/www.fscindigenousfoundation.org\/es\/nombramiento-subhra-bhattacharjee-directora-general-fsc\/#article","isPartOf":{"@id":"https:\/\/www.fscindigenousfoundation.org\/es\/nombramiento-subhra-bhattacharjee-directora-general-fsc\/"},"author":{"name":"FSC-IF","@id":"https:\/\/www.fscindigenousfoundation.org\/es\/#\/schema\/person\/0c54626e047eb40bf736bd993ad26ec9"},"headline":"Nombramiento de la Dra. Subhra Bhattacharjee como Directora General del Forest Stewardship Council International","datePublished":"2024-09-30T13:00:00+00:00","dateModified":"2025-11-03T15:13:40+00:00","mainEntityOfPage":{"@id":"https:\/\/www.fscindigenousfoundation.org\/es\/nombramiento-subhra-bhattacharjee-directora-general-fsc\/"},"wordCount":657,"publisher":{"@id":"https:\/\/www.fscindigenousfoundation.org\/es\/#organization"},"image":{"@id":"https:\/\/www.fscindigenousfoundation.org\/es\/nombramiento-subhra-bhattacharjee-directora-general-fsc\/#primaryimage"},"thumbnailUrl":"https:\/\/www.fscindigenousfoundation.org\/wp-content\/uploads\/2024\/09\/subhra-headshot.jpg","keywords":["Cambio Clim\u00e1tico","Desarrollo Sostenible","Directora General","FSC Internacional","FSC-IF","Gesti\u00f3n Forestal Responsable","Nombramiento","Subhra Bhattacharjee"],"articleSection":["Outstanding news","Sin categorizar"],"inLanguage":"es-ES"},{"@type":"WebPage","@id":"https:\/\/www.fscindigenousfoundation.org\/es\/nombramiento-subhra-bhattacharjee-directora-general-fsc\/","url":"https:\/\/www.fscindigenousfoundation.org\/es\/nombramiento-subhra-bhattacharjee-directora-general-fsc\/","name":"Nombramiento de la Dra. Subhra Bhattacharjee como Directora General del Forest Stewardship Council International - Fundaci\u00f3n Ind\u00edgena FSC","isPartOf":{"@id":"https:\/\/www.fscindigenousfoundation.org\/es\/#website"},"primaryImageOfPage":{"@id":"https:\/\/www.fscindigenousfoundation.org\/es\/nombramiento-subhra-bhattacharjee-directora-general-fsc\/#primaryimage"},"image":{"@id":"https:\/\/www.fscindigenousfoundation.org\/es\/nombramiento-subhra-bhattacharjee-directora-general-fsc\/#primaryimage"},"thumbnailUrl":"https:\/\/www.fscindigenousfoundation.org\/wp-content\/uploads\/2024\/09\/subhra-headshot.jpg","datePublished":"2024-09-30T13:00:00+00:00","dateModified":"2025-11-03T15:13:40+00:00","description":"Subhra Bhattacharjee, experta en desarrollo sostenible y cambio clim\u00e1tico, ha sido nombrada nueva Directora General de FSC Internacional. Su experiencia impulsar\u00e1 la gesti\u00f3n forestal responsable y la misi\u00f3n del FSC.","breadcrumb":{"@id":"https:\/\/www.fscindigenousfoundation.org\/es\/nombramiento-subhra-bhattacharjee-directora-general-fsc\/#breadcrumb"},"inLanguage":"es-ES","potentialAction":[{"@type":"ReadAction","target":["https:\/\/www.fscindigenousfoundation.org\/es\/nombramiento-subhra-bhattacharjee-directora-general-fsc\/"]}]},{"@type":"ImageObject","inLanguage":"es-ES","@id":"https:\/\/www.fscindigenousfoundation.org\/es\/nombramiento-subhra-bhattacharjee-directora-general-fsc\/#primaryimage","url":"https:\/\/www.fscindigenousfoundation.org\/wp-content\/uploads\/2024\/09\/subhra-headshot.jpg","contentUrl":"https:\/\/www.fscindigenousfoundation.org\/wp-content\/uploads\/2024\/09\/subhra-headshot.jpg","width":600,"height":1085,"caption":"Dr. Subhra Bhattacharjee"},{"@type":"BreadcrumbList","@id":"https:\/\/www.fscindigenousfoundation.org\/es\/nombramiento-subhra-bhattacharjee-directora-general-fsc\/#breadcrumb","itemListElement":[{"@type":"ListItem","position":1,"name":"Home","item":"https:\/\/www.fscindigenousfoundation.org\/es\/"},{"@type":"ListItem","position":2,"name":"Nombramiento de la Dra. Subhra Bhattacharjee como Directora General del Forest Stewardship Council International"}]},{"@type":"WebSite","@id":"https:\/\/www.fscindigenousfoundation.org\/es\/#website","url":"https:\/\/www.fscindigenousfoundation.org\/es\/","name":"IPARD","description":"La Fundaci\u00f3n Ind\u00edgena FSC es una fundaci\u00f3n creada para proporcionar soluciones que garanticen los derechos ind\u00edgenas y proteger sus territorios, bosques y conocimiento ancestral.","publisher":{"@id":"https:\/\/www.fscindigenousfoundation.org\/es\/#organization"},"potentialAction":[{"@type":"SearchAction","target":{"@type":"EntryPoint","urlTemplate":"https:\/\/www.fscindigenousfoundation.org\/es\/?s={search_term_string}"},"query-input":{"@type":"PropertyValueSpecification","valueRequired":true,"valueName":"search_term_string"}}],"inLanguage":"es-ES"},{"@type":"Organization","@id":"https:\/\/www.fscindigenousfoundation.org\/es\/#organization","name":"FSC Indigenous Foundation","url":"https:\/\/www.fscindigenousfoundation.org\/es\/","logo":{"@type":"ImageObject","inLanguage":"es-ES","@id":"https:\/\/www.fscindigenousfoundation.org\/es\/#\/schema\/logo\/image\/","url":"https:\/\/www.fscindigenousfoundation.org\/wp-content\/uploads\/2021\/09\/fsc-indigenous-foundation-color.png","contentUrl":"https:\/\/www.fscindigenousfoundation.org\/wp-content\/uploads\/2021\/09\/fsc-indigenous-foundation-color.png","width":657,"height":197,"caption":"FSC Indigenous Foundation"},"image":{"@id":"https:\/\/www.fscindigenousfoundation.org\/es\/#\/schema\/logo\/image\/"},"sameAs":["https:\/\/www.facebook.com\/fscindigenousfoundation","https:\/\/x.com\/fsc_if","https:\/\/instagram.com\/fscindigenousfoundation"]},{"@type":"Person","@id":"https:\/\/www.fscindigenousfoundation.org\/es\/#\/schema\/person\/0c54626e047eb40bf736bd993ad26ec9","name":"FSC-IF","url":"https:\/\/www.fscindigenousfoundation.org\/es\/author\/fscif\/"}]}},"_links":{"self":[{"href":"https:\/\/www.fscindigenousfoundation.org\/es\/wp-json\/wp\/v2\/posts\/13729","targetHints":{"allow":["GET"]}}],"collection":[{"href":"https:\/\/www.fscindigenousfoundation.org\/es\/wp-json\/wp\/v2\/posts"}],"about":[{"href":"https:\/\/www.fscindigenousfoundation.org\/es\/wp-json\/wp\/v2\/types\/post"}],"author":[{"embeddable":true,"href":"https:\/\/www.fscindigenousfoundation.org\/es\/wp-json\/wp\/v2\/users\/2"}],"replies":[{"embeddable":true,"href":"https:\/\/www.fscindigenousfoundation.org\/es\/wp-json\/wp\/v2\/comments?post=13729"}],"version-history":[{"count":3,"href":"https:\/\/www.fscindigenousfoundation.org\/es\/wp-json\/wp\/v2\/posts\/13729\/revisions"}],"predecessor-version":[{"id":17007,"href":"https:\/\/www.fscindigenousfoundation.org\/es\/wp-json\/wp\/v2\/posts\/13729\/revisions\/17007"}],"wp:featuredmedia":[{"embeddable":true,"href":"https:\/\/www.fscindigenousfoundation.org\/es\/wp-json\/wp\/v2\/media\/13719"}],"wp:attachment":[{"href":"https:\/\/www.fscindigenousfoundation.org\/es\/wp-json\/wp\/v2\/media?parent=13729"}],"wp:term":[{"taxonomy":"category","embeddable":true,"href":"https:\/\/www.fscindigenousfoundation.org\/es\/wp-json\/wp\/v2\/categories?post=13729"},{"taxonomy":"post_tag","embeddable":true,"href":"https:\/\/www.fscindigenousfoundation.org\/es\/wp-json\/wp\/v2\/tags?post=13729"}],"curies":[{"name":"wp","href":"https:\/\/api.w.org\/{rel}","templated":true}]}}