{"id":13620,"date":"2024-09-11T18:44:36","date_gmt":"2024-09-11T22:44:36","guid":{"rendered":"https:\/\/www.fscindigenousfoundation.org\/introducing-our-deep-connections-fellows\/"},"modified":"2025-11-03T10:19:43","modified_gmt":"2025-11-03T15:19:43","slug":"becarios-deep-connections-jovenes-lideres-indigenas","status":"publish","type":"post","link":"https:\/\/www.fscindigenousfoundation.org\/es\/becarios-deep-connections-jovenes-lideres-indigenas\/","title":{"rendered":"\u00a1Presentamos a nuestros Becarios de Conexiones Profundas!\u00a0"},"content":{"rendered":"\n<p>Los j\u00f3venes Ind\u00edgenas son el presente y el futuro. Son el puente entre el conocimiento ancestral y el mundo moderno, portadores del conocimiento cient\u00edfico y la cultura ind\u00edgenas, y defensores de las tierras ancestrales. Por estas razones, nos complace anunciar a los 15 j\u00f3venes l\u00edderes Ind\u00edgenas que se unir\u00e1n a nuestra Beca Conexiones Profundas.&nbsp;<\/p>\n\n\n\n<p>Todos los becarios se unir\u00e1n a la red de j\u00f3venes ind\u00edgenas de la Fundaci\u00f3n Ind\u00edgena FSC y asistir\u00e1n a la <a href=\"https:\/\/www.oneyoungworld.com\/summit-2024\" target=\"_blank\" rel=\"noreferrer noopener\">Cumbre One Young World<\/a> en Montreal (Canad\u00e1) del 17 al 21 de septiembre de 2024.&nbsp;<\/p>\n\n\n\n<p>\u00a1Conozca a nuestros becarios!&nbsp;<\/p>\n\n\n\n<p><\/p>\n\n\n\n<div class=\"wp-block-media-text alignwide is-stacked-on-mobile\"><figure class=\"wp-block-media-text__media\"><img loading=\"lazy\" decoding=\"async\" width=\"1200\" height=\"1200\" src=\"https:\/\/www.fscindigenousfoundation.org\/wp-content\/uploads\/2024\/09\/dcf-2-1.jpg\" alt=\"Daniel Jason Maches Deep Connections Fellowship\" class=\"wp-image-13573 size-full\"\/><\/figure><div class=\"wp-block-media-text__content\">\n<p><strong>Daniel Maches&nbsp;<\/strong>&nbsp;<\/p>\n\n\n\n<p>Pa\u00eds: Filipinas&nbsp;<\/p>\n\n\n\n<p>Daniel Maches o Kumafor es un joven l\u00edder ind\u00edgena de la tribu Lias, en el norte de Filipinas. Desde el instituto, ha defendido la conservaci\u00f3n de sus bosques y su patrimonio cultural mediante publicaciones y producciones multimedia. Tambi\u00e9n se ha comprometido activamente con los j\u00f3venes para que participen en la defensa. En 2021, puso en marcha el proyecto Barlig Rainforest Coffee para poner a prueba la agricultura sostenible en la comunidad y desarrollar medios de vida sostenibles. Su objetivo es que, a trav\u00e9s de este proyecto, m\u00e1s miembros de la comunidad se animen a plantar cultivos de forma sostenible y teniendo en cuenta los principios agr\u00edcolas ind\u00edgenas. Entretanto, el proyecto tambi\u00e9n ha llevado el caf\u00e9 de su comunidad a un primer plano, ya que la limitada producci\u00f3n se ha exhibido en exposiciones nacionales e internacionales. En 2022, fund\u00f3 una comunidad de Slow Food llamada Guerreros Ecoculturales J\u00f3venes Ind\u00edgenas de la Provincia de la Monta\u00f1a para promover la conservaci\u00f3n de los alimentos ind\u00edgenas. En la actualidad, est\u00e1 poniendo en marcha proyectos para documentar y preservar las reliquias de la comunidad y los productos silvestres con potencial econ\u00f3mico para su conservaci\u00f3n. Tambi\u00e9n ha abogado por la gesti\u00f3n de los bosques de su comunidad y ha contribuido activamente a la sostenibilidad como escritor y columnista en importantes peri\u00f3dicos nacionales como Manila Bulletin y Philippine Star. Asimismo, ha defendido la integridad cultural de su comunidad en eventos internacionales como Terra Madre 2022 en Tur\u00edn (Italia) y la Formaci\u00f3n de Redes de J\u00f3venes Ind\u00edgenas de Slow Food para Asia y el Pac\u00edfico 2024 en Hualien (Taiw\u00e1n). En la actualidad, tambi\u00e9n utiliza varias plataformas de medios sociales para amplificar sus reivindicaciones y fomentar acciones locales.&nbsp;<\/p>\n<\/div><\/div>\n\n\n\n<div class=\"wp-block-media-text alignwide has-media-on-the-right is-stacked-on-mobile\"><div class=\"wp-block-media-text__content\">\n<p><strong>Didja Tchari Djibrillah<\/strong>&nbsp;<\/p>\n\n\n\n<p>Pa\u00eds: Chad&nbsp;<\/p>\n\n\n\n<p>De la comunidad Mbororos Fulani de pastores n\u00f3madas y semin\u00f3madas.&nbsp;&nbsp;<\/p>\n\n\n\n<p>Estudios primarios en Bongor y secundarios en Ndjamena, Titular de un diploma de agente t\u00e9cnico de salud en el instituto de ciencias de salud y saneamiento Toumai. Desde 2012 hasta la actualidad, miembro de la asociaci\u00f3n y Responsable de G\u00e9nero y Tesorera Adjunta de la Association Des Femmes Peules &amp; Peuples Autochtones Du Tchad (Afpat).&nbsp;&nbsp;&nbsp;<\/p>\n\n\n\n<p>2015 Becario en el DOCIP de Ginebra (Centro de Documentaci\u00f3n, Investigaci\u00f3n e Informaci\u00f3n de los Pueblos Aut\u00f3ctonos).&nbsp;&nbsp;<\/p>\n\n\n\n<p>2017 Beneficiario del programa de becas para representantes de pueblos ind\u00edgenas.&nbsp;&nbsp;<\/p>\n\n\n\n<p>2020 Becario en la oficina nacional de HCHD&nbsp;&nbsp;<\/p>\n\n\n\n<p>Responsable de temas de salud en AFPAT. Formadora; traductora, ayuda en la redacci\u00f3n de proyectos que integran el concepto de g\u00e9nero y las necesidades de la comunidad (tambi\u00e9n seguimiento y evaluaci\u00f3n).&nbsp;&nbsp;<\/p>\n<\/div><figure class=\"wp-block-media-text__media\"><img loading=\"lazy\" decoding=\"async\" width=\"1200\" height=\"1200\" src=\"https:\/\/www.fscindigenousfoundation.org\/wp-content\/uploads\/2024\/09\/dcf-3-1.png\" alt=\"Didja Tchari Deep Connections Fellowship\" class=\"wp-image-13637 size-full\"\/><\/figure><\/div>\n\n\n\n<div class=\"wp-block-media-text alignwide is-stacked-on-mobile\"><figure class=\"wp-block-media-text__media\"><img loading=\"lazy\" decoding=\"async\" width=\"1200\" height=\"1200\" src=\"https:\/\/www.fscindigenousfoundation.org\/wp-content\/uploads\/2024\/09\/dcf-7-1.png\" alt=\"Emma Oliver Deep Connections Fellowship\" class=\"wp-image-13642 size-full\"\/><\/figure><div class=\"wp-block-media-text__content\">\n<p><strong>Emma Oliver&nbsp;<\/strong>&nbsp;<\/p>\n\n\n\n<p>Pa\u00eds: Pap\u00faa Nueva Guinea&nbsp;<\/p>\n\n\n\n<p>Emma Oliver es tutora en la Universidad de Recursos Naturales y Medio Ambiente de Pap\u00faa Nueva Guinea (PNG UNRE), donde imparto las asignaturas de Turismo ecol\u00f3gico y de vida salvaje, Turismo sostenible y Trabajo con las comunidades locales. Mi pasi\u00f3n por la conservaci\u00f3n del medio ambiente va m\u00e1s all\u00e1 de las aulas: colaboro activamente con las comunidades locales para promover pr\u00e1cticas sostenibles y proteger la biodiversidad. Como dirigente ind\u00edgena y fundadora de ENB Sea Keepers, estoy comprometida con la conservaci\u00f3n de los ecosistemas marinos y el patrimonio cultural de la provincia de Nueva Breta\u00f1a Oriental. Mi trabajo consiste en combinar los conocimientos tradicionales con t\u00e9cnicas modernas de conservaci\u00f3n para restaurar los arrecifes de coral, establecer zonas marinas protegidas y capacitar a los j\u00f3venes mediante la educaci\u00f3n y un programa de formaci\u00f3n pr\u00e1ctica llamado Programa de Emprendedores Verdes de Base Comunitaria. Impulsada por una profunda conexi\u00f3n con la naturaleza y el deseo de crear medios de vida sostenibles para mi comunidad, me centro en inspirar a la pr\u00f3xima generaci\u00f3n de guardianes del medio ambiente, salvaguardando al mismo tiempo los recursos naturales que son vitales para la supervivencia y la prosperidad de nuestro pueblo.&nbsp;&nbsp;<\/p>\n\n\n\n<p>Como l\u00edder ind\u00edgena de mi comunidad, quiero dejar un legado de comunidades empoderadas y autosuficientes que est\u00e9n profundamente conectadas con sus ra\u00edces culturales y comprometidas con la conservaci\u00f3n de su entorno natural. A trav\u00e9s de mi participaci\u00f3n en One Young World, espero inspirar un movimiento global que valore el conocimiento tradicional junto con la innovaci\u00f3n moderna, fomentando un futuro en el que las voces ind\u00edgenas lideren la conservaci\u00f3n del medio ambiente y el desarrollo sostenible.&nbsp;&nbsp;<\/p>\n\n\n\n<p>Al crecer en un pueblo costero de Pap\u00faa Nueva Guinea, fui testigo del devastador impacto del cambio clim\u00e1tico y de las pr\u00e1cticas destructivas insostenibles de la pesca con dinamita y cuerda envenenada en nuestros arrecifes de coral y en la vida marina. Ver c\u00f3mo se deterioraban nuestros ecosistemas, anta\u00f1o pr\u00f3speros, y c\u00f3mo los medios de vida de mi comunidad se ve\u00edan amenazados por estos cambios me motiv\u00f3 a pasar a la acci\u00f3n. Esta experiencia personal encendi\u00f3 mi pasi\u00f3n por la conservaci\u00f3n marina e impulsa mi compromiso de capacitar a las comunidades para proteger nuestro medio ambiente y preservar nuestro patrimonio cultural para las generaciones futuras.&nbsp;<\/p>\n<\/div><\/div>\n\n\n\n<div class=\"wp-block-media-text alignwide has-media-on-the-right is-stacked-on-mobile\"><div class=\"wp-block-media-text__content\">\n<p><strong>Fernanda Purran<\/strong>&nbsp;<\/p>\n\n\n\n<p>Pa\u00eds: Chile&nbsp;<\/p>\n\n\n\n<p>Pueblos Ind\u00edgenas: Mapuche Penuche&nbsp;<\/p>\n\n\n\n<p>Mi nombre es Fernanda Purran, Mapuche Pewenche, nacida y criada en el territorio del Alto Biob\u00edo.&nbsp;&nbsp;<\/p>\n\n\n\n<p>Tengo 32 a\u00f1os, crec\u00ed con mi abuela, una mujer muy fuerte que perdi\u00f3 a su marido, mi abuelo, desaparecido durante el golpe de Estado en Chile en 1973. Desde que conoc\u00ed la historia de mi abuelo, me hice amiga del r\u00edo Biob\u00edo y estaba todos los d\u00edas en sus orillas. Mi abuela me ense\u00f1\u00f3 a hablar nuestra lengua y me dec\u00eda desde peque\u00f1a que nuestra lengua la entend\u00eda el r\u00edo.&nbsp;<\/p>\n\n\n\n<p>Mi educaci\u00f3n b\u00e1sica siempre fue en mi territorio, aprend\u00ed a leer y escribir. Desde ni\u00f1a vi a mi familia luchar por la defensa del r\u00edo en los a\u00f1os 90 cuando amenazaban con construir represas en el caudal del segundo r\u00edo m\u00e1s largo de Chile y r\u00edo sagrado para el territorio. Estudi\u00e9 turismo y trabaj\u00e9 durante 3 a\u00f1os como coordinadora de una red de turismo comunitario, me form\u00e9 como gu\u00eda de monta\u00f1a y gui\u00e9 algunos senderos durante mucho tiempo. Al mismo tiempo me un\u00ed a grupos ambientalistas que luchaban contra el extractivismo y cuidaban las monta\u00f1as y r\u00edos que tanto amo.&nbsp;&nbsp;<\/p>\n\n\n\n<p>Cuando ten\u00eda 23 a\u00f1os me llamaron para dar clases en una escuela y all\u00ed estuve 4 a\u00f1os trabajando como profesora de turismo, aprovech\u00e9 esa hermosa oportunidad para crear espacios de di\u00e1logo con los j\u00f3venes. Hicimos un lindo trabajo, salimos en un programa de televisi\u00f3n mostrando todo lo que hac\u00edamos. Me gust\u00f3 mucho la docencia y empec\u00e9 un posgrado en educaci\u00f3n t\u00e9cnica profesional que termin\u00e9 en 2018.&nbsp;&nbsp;<\/p>\n\n\n\n<p>En 2016 mi vida tom\u00f3 un rumbo que no se ha detenido. Con mi amiga Yoana creamos un equipo de rafting, para competir en el festival Biob\u00edo vive, nunca hab\u00edamos navegado en nuestras vidas, sin embargo obtuvimos un segundo lugar. Esta experiencia marc\u00f3 nuestras vidas y fue as\u00ed como creamos Malen Leubu, una organizaci\u00f3n deportiva que busca a trav\u00e9s de deportes como el rafting, protestar por r\u00edos libres. <a href=\"https:\/\/www.youtube.com\/watch?v=pkRjM4qCr_0&amp;t=137s\">Malen Leubu<\/a> ha sido mi vida en estos 8 a\u00f1os. &nbsp;<\/p>\n\n\n\n<p>En 2017 viaj\u00e9 por primera vez a la Patagonia chilena y navegu\u00e9 un r\u00edo desde la cordillera hasta el mar, donde conoc\u00ed in situ un lugar que estaba a punto de ser represado. Fui invitado por la ONG R\u00edos To Rivers para ir como monitor junto a 4 j\u00f3venes del Biob\u00edo.&nbsp;<\/p>\n<\/div><figure class=\"wp-block-media-text__media\"><img loading=\"lazy\" decoding=\"async\" width=\"1200\" height=\"1200\" src=\"https:\/\/www.fscindigenousfoundation.org\/wp-content\/uploads\/2024\/09\/dcf-11.png\" alt=\"Fernanda Purran Deep Connections Fellowship\" class=\"wp-image-13534 size-full\"\/><\/figure><\/div>\n\n\n\n<div class=\"wp-block-media-text alignwide is-stacked-on-mobile\"><figure class=\"wp-block-media-text__media\"><img loading=\"lazy\" decoding=\"async\" width=\"1200\" height=\"1200\" src=\"https:\/\/www.fscindigenousfoundation.org\/wp-content\/uploads\/2024\/09\/dcf-14-1.png\" alt=\"Keaton Thomas Deep Connections Fellowship\" class=\"wp-image-13550 size-full\"\/><\/figure><div class=\"wp-block-media-text__content\">\n<p><strong>Keaton Thomas-Sinclair<\/strong>&nbsp;<\/p>\n\n\n\n<p>Pa\u00eds: Canad\u00e1&nbsp;<\/p>\n\n\n\n<p>Pueblo Ind\u00edgena: Naci\u00f3n Cree Chemamawin&nbsp;<\/p>\n\n\n\n<p>Keaton creci\u00f3 en Mosakahiken y Chemawawin, profundamente conectado a su herencia Cree. Tras graduarse en la Frontier Mosakahiken School en 2017, se dedic\u00f3 a servir a su comunidad como coordinador de recursos humanos en la Chemawawin Cree Nation, donde se esfuerza por crear un entorno seguro y solidario para todos.&nbsp;<\/p>\n\n\n\n<p>Keaton es tambi\u00e9n miembro activo del Consejo Juvenil de las Primeras Naciones de Manitoba de la Asamblea de Jefes de Manitoba (AMC), donde defiende la autonom\u00eda de los j\u00f3venes y la preservaci\u00f3n de las tradiciones ind\u00edgenas. Su liderazgo est\u00e1 impulsado por su compromiso de abordar cuestiones cr\u00edticas como la violencia, el abuso de sustancias y la necesidad de sistemas de apoyo m\u00e1s s\u00f3lidos para los j\u00f3venes.&nbsp;<\/p>\n\n\n\n<p>M\u00e1s all\u00e1 de su trabajo profesional, Keaton es un \u00e1vido cazador, pescador y viajero, que abraza la tierra y las tradiciones de su pueblo. Le gusta relacionarse con los ancianos para conocer el patrimonio de su naci\u00f3n y compartir esos conocimientos con las generaciones m\u00e1s j\u00f3venes.&nbsp;<\/p>\n\n\n\n<p>La pasi\u00f3n de Keaton es construir comunidad e inspirar a la pr\u00f3xima generaci\u00f3n para crear un cambio positivo. Cree en el poder de la unidad y la resiliencia, y se dedica a fomentar un entorno en el que todos se sientan valorados y apoyados.&nbsp;<\/p>\n\n\n\n<p>T\u00edtulo: (AMC) Consejo de la Juventud de las Primeras Naciones de Manitoba&nbsp;<\/p>\n<\/div><\/div>\n\n\n\n<div class=\"wp-block-media-text alignwide has-media-on-the-right is-stacked-on-mobile\"><div class=\"wp-block-media-text__content\">\n<p><strong>Kleidy Migdalia Sacb\u00e1 Coc<\/strong>&nbsp;<\/p>\n\n\n\n<p>Pa\u00eds: Guatemala&nbsp;<\/p>\n\n\n\n<p>Kleidy Migdalia Sacb\u00e1 Coc, una joven maya q&#8217;eqchi&#8217;, naci\u00f3 en Santa Catalina, La Tinta, Alta Verapaz, Guatemala.&nbsp;<\/p>\n\n\n\n<p>La Tinta, departamento de Alta Verapaz, Guatemala, ha sido representante de la mujer ind\u00edgena como Rab&#8217;in Aj Poop O&#8217;b&#8217;atz, Princesa Tezulutl\u00e1n y Flor Nacional del Pueblo Maya, fue nombrada Hija Predilecta de Alta Verapaz, es Experta en Recursos Naturales con Enfoque Ambiental Sustentable con T\u00e9cnico Agroforestal y actualmente estudia Ingenier\u00eda Agron\u00f3mica en la URG.&nbsp;<\/p>\n\n\n\n<p>Trabaja para CONEXI\u00d3N ICCO LATINOAM\u00c9RICA que promueve el desarrollo y empoderamiento econ\u00f3mico de j\u00f3venes y mujeres ind\u00edgenas en \u00e1reas y comunidades rurales para mejorar sus condiciones de vida en los pa\u00edses de Costa Rica, Honduras y Guatemala. Forma parte de la Coalici\u00f3n Regional por el Derecho a Vivir en un Ambiente Sano en Centroam\u00e9rica de ASDEPAZ donde ha promovido el Acuerdo de Escaz\u00fa.&nbsp;<\/p>\n\n\n\n<p>Promueve el proyecto digital Q&#8217;eqchi&#8217; Xnimal Ruhil Chaq&#8217;rab&#8217; donde comparte contenidos informativos como: los Art\u00edculos de la Constituci\u00f3n Pol\u00edtica de la Rep\u00fablica de Guatemala, Conciencia Ambiental y Problemas Sociales en lengua Maya Q&#8217;eqchi&#8217; con el prop\u00f3sito de informar a las comunidades ind\u00edgenas sobre sus derechos como ciudadanos guatemaltecos promoviendo la inclusi\u00f3n y promoci\u00f3n de la identidad cultural y la educaci\u00f3n ambiental.&nbsp;<\/p>\n\n\n\n<p>Como activista ha abogado por los derechos de la juventud en Guatemala exigiendo la implementaci\u00f3n y aprobaci\u00f3n de una Ley Nacional de Juventud, donde naci\u00f3 la convicci\u00f3n de empezar a trabajar por la juventud y crear espacios para fortalecer la apertura y participaci\u00f3n en todos los \u00e1mbitos sociales y ambientales.&nbsp;&nbsp;<\/p>\n\n\n\n<p><em>&#8220;Aportemos cada una de nuestras fuerzas en todos los niveles y espacios de acci\u00f3n social y ambiental para la construcci\u00f3n de un mejor pa\u00eds para las futuras generaciones&#8221;.&nbsp;<\/em>&nbsp;<\/p>\n<\/div><figure class=\"wp-block-media-text__media\"><img loading=\"lazy\" decoding=\"async\" width=\"1200\" height=\"1200\" src=\"https:\/\/www.fscindigenousfoundation.org\/wp-content\/uploads\/2024\/09\/dcf-6.png\" alt=\"Kleidy Sacba Deep Connections Fellowship\" class=\"wp-image-13513 size-full\"\/><\/figure><\/div>\n\n\n\n<div class=\"wp-block-media-text alignwide is-stacked-on-mobile\"><figure class=\"wp-block-media-text__media\"><img loading=\"lazy\" decoding=\"async\" width=\"1200\" height=\"1200\" src=\"https:\/\/www.fscindigenousfoundation.org\/wp-content\/uploads\/2024\/09\/dcf-9.jpg\" alt=\"Malakai Parom Deep Connections Fellowship\" class=\"wp-image-13522 size-full\"\/><\/figure><div class=\"wp-block-media-text__content\">\n<p><strong>Malakai Parom<\/strong>&nbsp;<\/p>\n\n\n\n<p>Pa\u00eds: Pap\u00faa Nueva Guinea&nbsp;&nbsp;<\/p>\n\n\n\n<p>Tengo una licenciatura en Silvicultura y un certificado en Ecolog\u00eda Tropical del Instituto de Investigaci\u00f3n Nugini Binatang en 2015, y he estado trabajando con la organizaci\u00f3n Rainforest Habitat and Conservation en las \u00e1reas de Entomolog\u00eda, Zoolog\u00eda y Paisajismo para el embellecimiento ambiental antes de irme a mi Licenciatura en Ciencias Forestales en el Departamento Forestal de la Universidad Tecnol\u00f3gica de Pap\u00faa Nueva Guinea, especializ\u00e1ndome en mis proyectos de final de carrera en biolog\u00eda de semillas de plantaciones forestales y plagas y enfermedades de los bosques naturales. Entre las principales responsabilidades en las que particip\u00e9 se incluyen la evaluaci\u00f3n medioambiental, el estudio de la biodiversidad, la recolecci\u00f3n de especies en trampas, la concienciaci\u00f3n en escuelas, comunidades y aldeas sobre la importancia de la biodiversidad como producto forestal no maderero y la supervisi\u00f3n de la producci\u00f3n con el uso de la mano de obra y los recursos disponibles. Con estas experiencias, habilidades y conocimientos, creo que soy adecuado para el puesto solicitado y que puedo contribuir significativamente a los fines, metas y objetivos de la Organizaci\u00f3n. Soy joven, en\u00e9rgico y flexible para trabajar en cualquier entorno laboral y puedo alcanzar objetivos y cumplir plazos.&nbsp;<\/p>\n<\/div><\/div>\n\n\n\n<div class=\"wp-block-media-text alignwide has-media-on-the-right is-stacked-on-mobile\"><div class=\"wp-block-media-text__content\">\n<p><strong>Maricelma Fiaho<\/strong>&nbsp;<\/p>\n\n\n\n<p>Pa\u00eds: Brasil&nbsp;<\/p>\n\n\n\n<p>Maricelma Fialho, ind\u00edgena de la etnia terena, naci\u00f3 y creci\u00f3 en la aldea de Bananal, situada en el interior de Mato Grosso do Sul, Brasil. Hija de madre soltera, Maricelma tuvo una infancia marcada por la humildad, pero encontr\u00f3 en la educaci\u00f3n una oportunidad de crecimiento. A los 17 a\u00f1os, dej\u00f3 su pueblo para empezar la carrera de Biomedicina, superando retos para convertirse en la primera m\u00e9dica biom\u00e9dica terena.&nbsp;<\/p>\n\n\n\n<p>Licenciada por la Facultad de Medicina de la Universidad Federal de Mato Grosso do Sul, Maricelma tiene un m\u00e1ster en Enfermedades Infecciosas y Parasitarias y actualmente cursa el doctorado en el mismo programa de posgrado. Su investigaci\u00f3n se centra en las comunidades ind\u00edgenas rurales desatendidas, buscando soluciones a los problemas de salud que afectan a su comunidad.&nbsp;<\/p>\n\n\n\n<p>Adem\u00e1s de sus logros acad\u00e9micos, Maricelma es traductora voluntaria de la lengua ind\u00edgena terena para la Cruz Roja brasile\u00f1a y tesorera del Instituto de Educaci\u00f3n Intercultural Terena. Su liderazgo y compromiso con la educaci\u00f3n y la salud han beneficiado a su comunidad.&nbsp;<\/p>\n\n\n\n<p>A escala internacional, Maricelma representa a Brasil en la Coalici\u00f3n de Liderazgo Juvenil (IYLC) de Am\u00e9rica Latina, dando voz a los j\u00f3venes ind\u00edgenas en los debates mundiales sobre participaci\u00f3n c\u00edvica y pol\u00edtica. Su participaci\u00f3n en el Foro de J\u00f3venes Tribales de la Casa Blanca y en otras reuniones importantes pone de relieve su papel como l\u00edder emergente en la defensa de los derechos y la salud de las comunidades ind\u00edgenas.&nbsp;<\/p>\n\n\n\n<p><em>&nbsp;&#8220;Mujer Ind\u00edgena terena, honro mis ra\u00edces en la aldea de Bananal utilizando la fuerza ancestral, la educaci\u00f3n y la ciencia para elevar a mi comunidad y construir un futuro justo y sostenible.&#8221;<\/em>&nbsp;<\/p>\n<\/div><figure class=\"wp-block-media-text__media\"><img loading=\"lazy\" decoding=\"async\" width=\"1200\" height=\"1200\" src=\"https:\/\/www.fscindigenousfoundation.org\/wp-content\/uploads\/2024\/09\/dcf-5.jpg\" alt=\"Maricela Candido Deep Connections Fellowship\" class=\"wp-image-13509 size-full\"\/><\/figure><\/div>\n\n\n\n<div class=\"wp-block-media-text alignwide is-stacked-on-mobile\"><figure class=\"wp-block-media-text__media\"><img loading=\"lazy\" decoding=\"async\" width=\"1200\" height=\"1200\" src=\"https:\/\/www.fscindigenousfoundation.org\/wp-content\/uploads\/2024\/09\/dcf-13-1.png\" alt=\"Moana Tepano Contese Deep Connections Fellowship\" class=\"wp-image-13646 size-full\"\/><\/figure><div class=\"wp-block-media-text__content\">\n<p><strong>Moana Tepano<\/strong>&nbsp;<\/p>\n\n\n\n<p>Pa\u00eds: Chile&nbsp;<\/p>\n\n\n\n<p>Pueblos Ind\u00edgena: Rapa Nui&nbsp;&nbsp;<\/p>\n\n\n\n<p>Moana Tepano Contesse es una joven defensora socioambiental de la isla de Rapa Nui y estudiante de Licenciatura en Estudios Sociales con especializaci\u00f3n en Planificaci\u00f3n Territorial y Desarrollo Sostenible.&nbsp;<\/p>\n\n\n\n<p>Es cofundadora y actual presidenta de la organizaci\u00f3n juvenil Mo&#8217;a Mau o te Taure&#8217;a-re&#8217;a o Gran Respeto de j\u00f3venes a j\u00f3venes, que promueve diversas iniciativas, como talleres, limpiezas costeras, debates y escuelas de verano para j\u00f3venes con el fin de revitalizar el valor ancestral de Mo&#8217;a o respeto, hacia diferentes \u00e1mbitos (personal, social, cultural y ambiental) de nuestras vidas, con \u00e9nfasis en mo&#8217;a hacia la naturaleza, logrando as\u00ed la Sustentabilidad desde una perspectiva cultural Rapa Nui \u00fanica.&nbsp;<\/p>\n\n\n\n<p>Tambi\u00e9n forma parte de la reciente organizaci\u00f3n de j\u00f3venes estudiantes Rapa Nui en todo el mundo llamada Haka Nonoga. Ha participado en diferentes reuniones a nivel local, nacional e internacional sobre cambio clim\u00e1tico, conservaci\u00f3n del medio ambiente, liderazgo juvenil y sostenibilidad (LCOY, RCOY, COP24, COP27).&nbsp;<\/p>\n\n\n\n<p>Ha dedicado tiempo a aprender sobre sus ra\u00edces a trav\u00e9s de sabios maestros de Rapa Nui, que han compartido con ella, por ejemplo la pr\u00e1ctica t\u0101kona (pintura corporal) que ha encontrado una forma de expresar y enviar un mensaje a la gente sobre temas tan importantes como la protecci\u00f3n del medio ambiente y la igualdad de g\u00e9nero. Todo ello expresado en lengua rapanui.&nbsp;<\/p>\n<\/div><\/div>\n\n\n\n<div class=\"wp-block-media-text alignwide has-media-on-the-right is-stacked-on-mobile\"><div class=\"wp-block-media-text__content\">\n<p><strong>Nyssa Nepe<\/strong>&nbsp;<\/p>\n\n\n\n<p>Pa\u00eds: Nueva Zelanda&nbsp;<\/p>\n\n\n\n<p>Pueblos Ind\u00edgena: Maor\u00edes&nbsp;<\/p>\n\n\n\n<p>kia ora&nbsp;<\/p>\n\n\n\n<p>He uri au Ng\u0101 Wairiki Ng\u0101ti Apa, Nga Rauru Kiitahi,&nbsp;<\/p>\n\n\n\n<p>Te Arihaunui-\u0101-papaerangi, Tuwharetoa&nbsp;<\/p>\n\n\n\n<p>Hola, me llamo Nyssa Nepe, tengo 20 a\u00f1os y soy de un pa\u00eds llamado Aotearoa. Trabajo con mi tribu haciendo investigaci\u00f3n y administraci\u00f3n y facilitando nuestro programa de becas de liderazgo juvenil Maripi Tuatini. Me siento honrada de formar parte de esta experiencia y no puedo esperar a llenar mi copa con m\u00e1s conocimientos sobre c\u00f3mo x ser mejor l\u00edder no s\u00f3lo para mi pueblo sino para el mundo.&nbsp;<\/p>\n\n\n\n<p><em>&#8220;Nunca te averg\u00fcences de qui\u00e9n eres&#8221;.<\/em>&nbsp;<\/p>\n<\/div><figure class=\"wp-block-media-text__media\"><img loading=\"lazy\" decoding=\"async\" width=\"1200\" height=\"1200\" src=\"https:\/\/www.fscindigenousfoundation.org\/wp-content\/uploads\/2024\/09\/dcf-15.png\" alt=\"Nyssa Nepe Deep Connections Fellowship\" class=\"wp-image-13554 size-full\"\/><\/figure><\/div>\n\n\n\n<div class=\"wp-block-media-text alignwide is-stacked-on-mobile\"><figure class=\"wp-block-media-text__media\"><img loading=\"lazy\" decoding=\"async\" width=\"1200\" height=\"1200\" src=\"https:\/\/www.fscindigenousfoundation.org\/wp-content\/uploads\/2024\/09\/dcf-12-2.png\" alt=\"Rayen Alarc\u00f3n Deep Connections Fellowship\" class=\"wp-image-13692 size-full\"\/><\/figure><div class=\"wp-block-media-text__content\">\n<p><\/p>\n\n\n\n<p><strong>Rayen Alarc\u00f3n Lipin<\/strong>&nbsp;<\/p>\n\n\n\n<p>Pa\u00eds: Chile&nbsp;<\/p>\n\n\n\n<p>Pueblos Ind\u00edgena: Mapuche&nbsp;<\/p>\n\n\n\n<p>Soy la mayor de tres hermanos, mi madre es mapuche por lo que nos crio junto a mi padre como mapuche, con las tradiciones y cosmovisi\u00f3n que ella obtuvo en la comunidad. Mi madre y mi padre son personas hermosas que siempre han tratado de darnos los mejores principios y nos han apoyado en nuestras luchas y sue\u00f1os.&nbsp;&nbsp;<\/p>\n\n\n\n<p>Desde muy joven he sentido un compromiso con el pueblo mapuche, mi madre cuenta que mi abuelo Pedro Lipin Motro fue un luchador por los derechos territoriales y humanos de nuestro pueblo; a su vez mi abuela Graciela Millal\u00e9n Huenchu\u00f1ir siempre vio que la educaci\u00f3n en ambos mundos ser\u00edan mecanismos para lograr el reconocimiento y respeto de nuestra identidad.&nbsp; As\u00ed que busco incidir, en todos los espacios, desde un liderazgo positivo, con principios firmes y compromiso colectivo, es decir, con realidad territorial. Como joven que ha podido acceder a la educaci\u00f3n universitaria sin perder mi pertinencia e identidad mapuche, es fundamental retribuir y aportar continuamente con los conocimientos y herramientas adquiridas con mi pueblo, y otros pueblos ind\u00edgenas.&nbsp;<\/p>\n\n\n\n<p>Asesoro a diversas organizaciones Ind\u00edgenas de las distintas comunas de la Regi\u00f3n Metropolitana, principalmente urbanas y tambi\u00e9n a comunidades Mapuche rurales, en temas del Convenio 169 de la OIT, restituci\u00f3n de tierras y aguas Ind\u00edgenas, cambio de apellido Mapuche, derechos humanos de los pueblos ind\u00edgenas a nivel internacional.&nbsp;&nbsp;<\/p>\n\n\n\n<p>Contribu\u00ed como asesor ind\u00edgena en el proceso de la Convenci\u00f3n Constitucional de Chile. En 2024 recib\u00ed el premio &#8220;L\u00edder del Futuro&#8221; de Universitas 21 en reconocimiento a mi contribuci\u00f3n a la colaboraci\u00f3n global a trav\u00e9s del liderazgo activo en la generaci\u00f3n de cambios sociales y la promoci\u00f3n de la educaci\u00f3n de los dem\u00e1s.&nbsp;<\/p>\n\n\n\n<p><em>&#8220;Somos el reflejo de las luchas de nuestros antepasados, los principios de nuestras ra\u00edces, el pueblo mapuche, son nuestra gu\u00eda, por lo tanto todo lo que aprendemos debemos compartirlo con nuestro pueblo.<\/em>&nbsp;<\/p>\n<\/div><\/div>\n\n\n\n<p><\/p>\n\n\n\n<div class=\"wp-block-media-text alignwide has-media-on-the-right is-stacked-on-mobile\"><div class=\"wp-block-media-text__content\">\n<p><strong>Silvia Miranda<\/strong>&nbsp;<\/p>\n\n\n\n<p>Pa\u00eds: Honduras&nbsp;<\/p>\n\n\n\n<p>Silvia Miranda Loredo es una abogada gar\u00edfuna hondure\u00f1a muy centrada en la defensa de la igualdad de derechos humanos, la construcci\u00f3n de la paz y la promoci\u00f3n de la autonom\u00eda de la mujer. Es fundadora y presidenta de la Fundaci\u00f3n Mujeres con Poder, cuyo objetivo es proporcionar recursos financieros y acad\u00e9micos a mujeres y ni\u00f1as ind\u00edgenas y afrodescendientes para su aprendizaje permanente.&nbsp;<\/p>\n\n\n\n<p>La Fundaci\u00f3n Mujeres con Poder empodera a mujeres y ni\u00f1as mediante actividades de consolidaci\u00f3n de la paz, talleres de liderazgo y clases de ingl\u00e9s que las animan a defender sus derechos. Al perseguir la paz, la igualdad de derechos y el empoderamiento de la mujer, Silvia espera llevar la educaci\u00f3n a las comunidades marginadas. Silvia est\u00e1 cursando un m\u00e1ster en Administraci\u00f3n de Empresas en la European Business School. Silvia desea un entorno m\u00e1s pac\u00edfico y equitativo en el que todas las ni\u00f1as tengan acceso a una educaci\u00f3n de calidad.&nbsp;<\/p>\n<\/div><figure class=\"wp-block-media-text__media\"><img loading=\"lazy\" decoding=\"async\" width=\"1200\" height=\"1200\" src=\"https:\/\/www.fscindigenousfoundation.org\/wp-content\/uploads\/2024\/09\/dcf-4.jpg\" alt=\"Silvia Miranda Loredo Deep Connections Fellowship\" class=\"wp-image-13505 size-full\"\/><\/figure><\/div>\n\n\n\n<p><\/p>\n\n\n\n<div class=\"wp-block-media-text alignwide is-stacked-on-mobile\"><figure class=\"wp-block-media-text__media\"><img loading=\"lazy\" decoding=\"async\" width=\"1200\" height=\"1200\" src=\"https:\/\/www.fscindigenousfoundation.org\/wp-content\/uploads\/2024\/09\/dcf-10.png\" alt=\"Tiana Jakecevich Deep Connections Fellowship\" class=\"wp-image-13530 size-full\"\/><\/figure><div class=\"wp-block-media-text__content\">\n<p><strong>Tiana Jakicevich<\/strong>&nbsp;<\/p>\n\n\n\n<p>Pa\u00eds: Aotearoa (Nueva Zelanda)&nbsp;<\/p>\n\n\n\n<p>Tiana Jakicevich es una defensora interdisciplinar ind\u00edgena de los derechos humanos sobre la tierra y los oc\u00e9anos, originaria de Aotearoa, Nueva Zelanda. Es descendiente de Ng\u0101ti Kahungungu ki Te Wairoa, Whakat\u014dhea y Ng\u0101i T\u016bhoe, tres tribus de la costa este de la Isla Norte.&nbsp;<\/p>\n\n\n\n<p>Tiana creci\u00f3 rodeada de los bosques y oc\u00e9anos de sus antepasados. Entiende intr\u00ednsecamente que las soluciones a la crisis clim\u00e1tica est\u00e1n ligadas a la descolonizaci\u00f3n y la restauraci\u00f3n de los sistemas de conocimiento ind\u00edgenas y las relaciones con las personas y el lugar.&nbsp;<\/p>\n\n\n\n<p>Tiana defiende la protecci\u00f3n de los derechos humanos y la justicia clim\u00e1tica ind\u00edgena en sus comunidades de Aotearoa, Nueva Zelanda, y a escala internacional con comunidades ind\u00edgenas de todo el mundo y en diversos mecanismos de las Naciones Unidas. Es cofundadora de Pakiaka, un grupo de reflexi\u00f3n sobre la justicia clim\u00e1tica ind\u00edgena que fomenta la capacidad de los pueblos ind\u00edgenas para participar en este \u00e1mbito de forma proactiva en lugar de reactiva.&nbsp;<\/p>\n\n\n\n<p>En la actualidad, Tiana codirige un proyecto en todo el Pac\u00edfico para explorar la revitalizaci\u00f3n de los sistemas de conocimiento ind\u00edgenas con el fin de mitigar el cambio clim\u00e1tico y adaptarse a \u00e9l. Tambi\u00e9n es miembro del Pou Herenga (consejo asesor maor\u00ed) de la Comisi\u00f3n del Cambio Clim\u00e1tico de Nueva Zelanda.&nbsp;<\/p>\n<\/div><\/div>\n\n\n\n<p><\/p>\n\n\n\n<div class=\"wp-block-media-text alignwide has-media-on-the-right is-stacked-on-mobile\"><div class=\"wp-block-media-text__content\">\n<p><strong>Venancio Co\u00f1uepan<\/strong>&nbsp;<\/p>\n\n\n\n<p>Pa\u00eds: Chile&nbsp;<\/p>\n\n\n\n<p>Venancio Co\u00f1uepan es un l\u00edder global, activista ind\u00edgena mapuche, abogado, emprendedor social y consultor internacional. Su misi\u00f3n es transformar el paradigma de los Pueblos Ind\u00edgenas, promoviendo su reconocimiento, empoderamiento y desarrollo, y asegurando su impacto en la acci\u00f3n clim\u00e1tica, el desarrollo sostenible y la construcci\u00f3n de la paz. Como Director de Impacto Ind\u00edgena, una consultora ind\u00edgena, impulsa el cu\u00e1druple impacto de emprendedores y organizaciones ind\u00edgenas en Chile y Am\u00e9rica Latina, abarcando las dimensiones social, medioambiental, econ\u00f3mica y cultural.&nbsp;<\/p>\n\n\n\n<p>Venancio es tambi\u00e9n cofundador y director de la Fundaci\u00f3n Empresas Ind\u00edgenas, director de la Fundaci\u00f3n Pacto Social, Global Solvers de la Fundaci\u00f3n Melton y presidente de la Fundaci\u00f3n Ko\u00f1wepang-Millakir por el resto del Mapu y la Reconciliaci\u00f3n de los Pueblos, donde trabaja para posicionar a los Pueblos Ind\u00edgenas como actores clave en la agenda global de sostenibilidad y derechos humanos. Su enfoque innovador desaf\u00eda las concepciones tradicionales, destacando el papel de los Pueblos Ind\u00edgenas como socios de pleno derecho en la creaci\u00f3n de un futuro m\u00e1s equitativo y resiliente.&nbsp;<\/p>\n\n\n\n<p>Con una s\u00f3lida formaci\u00f3n en derechos humanos de los pueblos ind\u00edgenas, mediaci\u00f3n socioambiental, empresas y derechos humanos y sostenibilidad empresarial, Venancio ha sido asesor y director destacado en varias organizaciones. Su liderazgo se centra en dise\u00f1ar proyectos de impacto y forjar alianzas estrat\u00e9gicas que promuevan el valor de los pueblos ind\u00edgenas en la construcci\u00f3n de un mundo m\u00e1s justo y sostenible para todos.&nbsp;<\/p>\n<\/div><figure class=\"wp-block-media-text__media\"><img loading=\"lazy\" decoding=\"async\" width=\"1200\" height=\"1200\" src=\"https:\/\/www.fscindigenousfoundation.org\/wp-content\/uploads\/2024\/09\/dcf-8.jpg\" alt=\"Venacio Conuepan Deep Connections Fellowship\" class=\"wp-image-13563 size-full\"\/><\/figure><\/div>\n\n\n\n<p><\/p>\n\n\n\n<div class=\"wp-block-media-text alignwide is-stacked-on-mobile\"><figure class=\"wp-block-media-text__media\"><img loading=\"lazy\" decoding=\"async\" width=\"1200\" height=\"1200\" src=\"https:\/\/www.fscindigenousfoundation.org\/wp-content\/uploads\/2024\/09\/dcf-1.jpg\" alt=\"Yoghikson Bang Deep Connections Fellowship\" class=\"wp-image-13501 size-full\"\/><\/figure><div class=\"wp-block-media-text__content\">\n<p><strong>Yodhikson Bang<\/strong>&nbsp;<\/p>\n\n\n\n<p>Pa\u00eds: Indonesia&nbsp;<\/p>\n\n\n\n<p>Miembro de la tribu Matulelang, Isla Alor, Indonesia&nbsp;<\/p>\n\n\n\n<p>Me llamo Yodhikson M. Bang (Dicky) y pertenezco al grupo tribal Matulelang de la isla de Alor, en Nusa Tenggara Oriental (Indonesia). Soy el Director de Operaciones de Thresher Shark Indonesia (Yayasan Teman Laut Indonesia), una ONG dirigida por j\u00f3venes que se dedica a conservar tiburones zorro en peligro y a apoyar a las comunidades costeras. Dirijo proyectos sobre el terreno y establezco relaciones con socios como el Gobierno, las comunidades ind\u00edgenas, los agentes del turismo y el p\u00fablico en general. En la actualidad, dirijo y apoyo varios proyectos: mejora de la conservaci\u00f3n de los recursos marinos y potenciaci\u00f3n de la pesca artesanal en Alor, integraci\u00f3n de planes de estudio sobre conservaci\u00f3n marina en las escuelas primarias, ayuda a antiguos pescadores de tiburones y a sus esposas para que encuentren nuevos medios de subsistencia, y amplia divulgaci\u00f3n sobre conservaci\u00f3n en las regiones de Alor, Flores y Banda.&nbsp;<\/p>\n\n\n\n<p>Antes de incorporarme a Thresher Shark Indonesia, fui facilitadora en Humanity Inclusion. Ayud\u00e9 a grupos vulnerables de la comunidad, como mujeres, ni\u00f1as y personas con discapacidad, a acceder en igualdad de condiciones al desarrollo econ\u00f3mico. Adem\u00e1s, dirijo la comunidad de mi iglesia, motivando a los j\u00f3venes a maximizar su potencial minimizando el uso de pl\u00e1stico y restaurando zonas de manglares para la resiliencia clim\u00e1tica.&nbsp;<\/p>\n<\/div><\/div>\n\n\n\n<p><\/p>\n\n\n\n<p>A trav\u00e9s de esta beca, la Fundaci\u00f3n Ind\u00edgena FSC (FSC-IF) y la Agencia de los Estados Unidos para el Desarrollo Internacional (USAID) apoyan el liderazgo de los j\u00f3venes Ind\u00edgenas. Si desea asociarse con nosotros y apoyar a j\u00f3venes l\u00edderes Ind\u00edgenas para innovar con conocimientos ancestrales y hacer frente al cambio clim\u00e1tico, p\u00f3ngase en contacto con nosotros en <a href=\"mailto:fsc.if@fsc.org\" target=\"_blank\" rel=\"noreferrer noopener\">fsc.if@fsc.org<\/a>.&nbsp;&nbsp;<\/p>\n\n\n\n<p><\/p>\n\n\n\n<p><\/p>\n\n\n\n<p><\/p>\n\n\n\n<p><\/p>\n","protected":false},"excerpt":{"rendered":"<p>J\u00f3venes Ind\u00edgenas de todo el mundo asistir\u00e1n a la Cumbre One Young World y se unir\u00e1n a nuestra red de j\u00f3venes <\/p>\n","protected":false},"author":2,"featured_media":13571,"comment_status":"closed","ping_status":"closed","sticky":false,"template":"","format":"standard","meta":{"footnotes":""},"categories":[24,4],"tags":[683,682,255,679,415,681,678,677,680],"class_list":["post-13620","post","type-post","status-publish","format-standard","has-post-thumbnail","hentry","category-outstanding-news-es","category-sin-categorizar","tag-abogacia-indigena","tag-becarios-deep-connections","tag-conocimiento-ancestral","tag-desarrollo-de-liderazgo","tag-fsc-if","tag-jovenes-lideres-indigenas","tag-one-young-world-summit-3","tag-oyw-3","tag-red-juvenil"],"acf":[],"yoast_head":"<!-- This site is optimized with the Yoast SEO plugin v26.9 - https:\/\/yoast.com\/product\/yoast-seo-wordpress\/ -->\n<title>\u00a1Presentamos a nuestros Becarios de Conexiones Profundas!\u00a0 - Fundaci\u00f3n Ind\u00edgena FSC<\/title>\n<meta name=\"description\" content=\"La Fundaci\u00f3n Ind\u00edgena FSC se complace en anunciar a los 15 J\u00f3venes L\u00edderes Ind\u00edgenas seleccionados para la Beca Conexiones Profundas. Ellos asistir\u00e1n al One Young World Summit en Montreal, Canad\u00e1, para unirse a nuestra red juvenil.\" \/>\n<meta name=\"robots\" content=\"index, follow, max-snippet:-1, max-image-preview:large, max-video-preview:-1\" \/>\n<link rel=\"canonical\" href=\"https:\/\/www.fscindigenousfoundation.org\/es\/becarios-deep-connections-jovenes-lideres-indigenas\/\" \/>\n<meta property=\"og:locale\" content=\"es_ES\" \/>\n<meta property=\"og:type\" content=\"article\" \/>\n<meta property=\"og:title\" content=\"\u00a1Presentamos a nuestros Becarios de Conexiones Profundas!\" \/>\n<meta property=\"og:description\" content=\"J\u00f3venes Ind\u00edgenas de todo el mundo asistir\u00e1n a la Cumbre One Young World y se unir\u00e1n a nuestra red de j\u00f3venes\" \/>\n<meta property=\"og:url\" content=\"https:\/\/www.fscindigenousfoundation.org\/es\/becarios-deep-connections-jovenes-lideres-indigenas\/\" \/>\n<meta property=\"og:site_name\" content=\"Fundaci\u00f3n Ind\u00edgena FSC\" \/>\n<meta property=\"article:publisher\" content=\"https:\/\/www.facebook.com\/fscindigenousfoundation\" \/>\n<meta property=\"article:published_time\" content=\"2024-09-11T22:44:36+00:00\" \/>\n<meta property=\"article:modified_time\" content=\"2025-11-03T15:19:43+00:00\" \/>\n<meta property=\"og:image\" content=\"https:\/\/www.fscindigenousfoundation.org\/wp-content\/uploads\/2024\/09\/oyw-image-768x433.png\" \/>\n<meta name=\"author\" content=\"FSC-IF\" \/>\n<meta name=\"twitter:card\" content=\"summary_large_image\" \/>\n<meta name=\"twitter:title\" content=\"\u00a1Presentamos a nuestros Becarios de Conexiones Profundas!\" \/>\n<meta name=\"twitter:description\" content=\"J\u00f3venes Ind\u00edgenas de todo el mundo asistir\u00e1n a la Cumbre One Young World y se unir\u00e1n a nuestra red de j\u00f3venes\" \/>\n<meta name=\"twitter:image\" content=\"https:\/\/www.fscindigenousfoundation.org\/wp-content\/uploads\/2024\/09\/oyw-image-768x433.png\" \/>\n<meta name=\"twitter:creator\" content=\"@fsc_if\" \/>\n<meta name=\"twitter:site\" content=\"@fsc_if\" \/>\n<meta name=\"twitter:label1\" content=\"Written by\" \/>\n\t<meta name=\"twitter:data1\" content=\"FSC-IF\" \/>\n\t<meta name=\"twitter:label2\" content=\"Est. reading time\" \/>\n\t<meta name=\"twitter:data2\" content=\"20 minutes\" \/>\n<script type=\"application\/ld+json\" class=\"yoast-schema-graph\">{\"@context\":\"https:\/\/schema.org\",\"@graph\":[{\"@type\":\"Article\",\"@id\":\"https:\/\/www.fscindigenousfoundation.org\/es\/becarios-deep-connections-jovenes-lideres-indigenas\/#article\",\"isPartOf\":{\"@id\":\"https:\/\/www.fscindigenousfoundation.org\/es\/becarios-deep-connections-jovenes-lideres-indigenas\/\"},\"author\":{\"name\":\"FSC-IF\",\"@id\":\"https:\/\/www.fscindigenousfoundation.org\/es\/#\/schema\/person\/0c54626e047eb40bf736bd993ad26ec9\"},\"headline\":\"\u00a1Presentamos a nuestros Becarios de Conexiones Profundas!\u00a0\",\"datePublished\":\"2024-09-11T22:44:36+00:00\",\"dateModified\":\"2025-11-03T15:19:43+00:00\",\"mainEntityOfPage\":{\"@id\":\"https:\/\/www.fscindigenousfoundation.org\/es\/becarios-deep-connections-jovenes-lideres-indigenas\/\"},\"wordCount\":4310,\"publisher\":{\"@id\":\"https:\/\/www.fscindigenousfoundation.org\/es\/#organization\"},\"image\":{\"@id\":\"https:\/\/www.fscindigenousfoundation.org\/es\/becarios-deep-connections-jovenes-lideres-indigenas\/#primaryimage\"},\"thumbnailUrl\":\"https:\/\/www.fscindigenousfoundation.org\/wp-content\/uploads\/2024\/09\/oyw-image.png\",\"keywords\":[\"Abogac\u00eda Ind\u00edgena\",\"Becarios Deep Connections\",\"conocimiento ancestral\",\"Desarrollo de Liderazgo\",\"FSC-IF\",\"J\u00f3venes L\u00edderes Ind\u00edgenas\",\"One Young World Summit\",\"OYW\",\"Red Juvenil\"],\"articleSection\":[\"Outstanding news\",\"Sin categorizar\"],\"inLanguage\":\"es-ES\"},{\"@type\":\"WebPage\",\"@id\":\"https:\/\/www.fscindigenousfoundation.org\/es\/becarios-deep-connections-jovenes-lideres-indigenas\/\",\"url\":\"https:\/\/www.fscindigenousfoundation.org\/es\/becarios-deep-connections-jovenes-lideres-indigenas\/\",\"name\":\"\u00a1Presentamos a nuestros Becarios de Conexiones Profundas!\u00a0 - Fundaci\u00f3n Ind\u00edgena FSC\",\"isPartOf\":{\"@id\":\"https:\/\/www.fscindigenousfoundation.org\/es\/#website\"},\"primaryImageOfPage\":{\"@id\":\"https:\/\/www.fscindigenousfoundation.org\/es\/becarios-deep-connections-jovenes-lideres-indigenas\/#primaryimage\"},\"image\":{\"@id\":\"https:\/\/www.fscindigenousfoundation.org\/es\/becarios-deep-connections-jovenes-lideres-indigenas\/#primaryimage\"},\"thumbnailUrl\":\"https:\/\/www.fscindigenousfoundation.org\/wp-content\/uploads\/2024\/09\/oyw-image.png\",\"datePublished\":\"2024-09-11T22:44:36+00:00\",\"dateModified\":\"2025-11-03T15:19:43+00:00\",\"description\":\"La Fundaci\u00f3n Ind\u00edgena FSC se complace en anunciar a los 15 J\u00f3venes L\u00edderes Ind\u00edgenas seleccionados para la Beca Conexiones Profundas. Ellos asistir\u00e1n al One Young World Summit en Montreal, Canad\u00e1, para unirse a nuestra red juvenil.\",\"breadcrumb\":{\"@id\":\"https:\/\/www.fscindigenousfoundation.org\/es\/becarios-deep-connections-jovenes-lideres-indigenas\/#breadcrumb\"},\"inLanguage\":\"es-ES\",\"potentialAction\":[{\"@type\":\"ReadAction\",\"target\":[\"https:\/\/www.fscindigenousfoundation.org\/es\/becarios-deep-connections-jovenes-lideres-indigenas\/\"]}]},{\"@type\":\"ImageObject\",\"inLanguage\":\"es-ES\",\"@id\":\"https:\/\/www.fscindigenousfoundation.org\/es\/becarios-deep-connections-jovenes-lideres-indigenas\/#primaryimage\",\"url\":\"https:\/\/www.fscindigenousfoundation.org\/wp-content\/uploads\/2024\/09\/oyw-image.png\",\"contentUrl\":\"https:\/\/www.fscindigenousfoundation.org\/wp-content\/uploads\/2024\/09\/oyw-image.png\",\"width\":820,\"height\":462,\"caption\":\"Banner Deep Connections Fellows\"},{\"@type\":\"BreadcrumbList\",\"@id\":\"https:\/\/www.fscindigenousfoundation.org\/es\/becarios-deep-connections-jovenes-lideres-indigenas\/#breadcrumb\",\"itemListElement\":[{\"@type\":\"ListItem\",\"position\":1,\"name\":\"Home\",\"item\":\"https:\/\/www.fscindigenousfoundation.org\/es\/\"},{\"@type\":\"ListItem\",\"position\":2,\"name\":\"\u00a1Presentamos a nuestros Becarios de Conexiones Profundas!\u00a0\"}]},{\"@type\":\"WebSite\",\"@id\":\"https:\/\/www.fscindigenousfoundation.org\/es\/#website\",\"url\":\"https:\/\/www.fscindigenousfoundation.org\/es\/\",\"name\":\"IPARD\",\"description\":\"La Fundaci\u00f3n Ind\u00edgena FSC es una fundaci\u00f3n creada para proporcionar soluciones que garanticen los derechos ind\u00edgenas y proteger sus territorios, bosques y conocimiento ancestral.\",\"publisher\":{\"@id\":\"https:\/\/www.fscindigenousfoundation.org\/es\/#organization\"},\"potentialAction\":[{\"@type\":\"SearchAction\",\"target\":{\"@type\":\"EntryPoint\",\"urlTemplate\":\"https:\/\/www.fscindigenousfoundation.org\/es\/?s={search_term_string}\"},\"query-input\":{\"@type\":\"PropertyValueSpecification\",\"valueRequired\":true,\"valueName\":\"search_term_string\"}}],\"inLanguage\":\"es-ES\"},{\"@type\":\"Organization\",\"@id\":\"https:\/\/www.fscindigenousfoundation.org\/es\/#organization\",\"name\":\"FSC Indigenous Foundation\",\"url\":\"https:\/\/www.fscindigenousfoundation.org\/es\/\",\"logo\":{\"@type\":\"ImageObject\",\"inLanguage\":\"es-ES\",\"@id\":\"https:\/\/www.fscindigenousfoundation.org\/es\/#\/schema\/logo\/image\/\",\"url\":\"https:\/\/www.fscindigenousfoundation.org\/wp-content\/uploads\/2021\/09\/fsc-indigenous-foundation-color.png\",\"contentUrl\":\"https:\/\/www.fscindigenousfoundation.org\/wp-content\/uploads\/2021\/09\/fsc-indigenous-foundation-color.png\",\"width\":657,\"height\":197,\"caption\":\"FSC Indigenous Foundation\"},\"image\":{\"@id\":\"https:\/\/www.fscindigenousfoundation.org\/es\/#\/schema\/logo\/image\/\"},\"sameAs\":[\"https:\/\/www.facebook.com\/fscindigenousfoundation\",\"https:\/\/x.com\/fsc_if\",\"https:\/\/instagram.com\/fscindigenousfoundation\"]},{\"@type\":\"Person\",\"@id\":\"https:\/\/www.fscindigenousfoundation.org\/es\/#\/schema\/person\/0c54626e047eb40bf736bd993ad26ec9\",\"name\":\"FSC-IF\",\"url\":\"https:\/\/www.fscindigenousfoundation.org\/es\/author\/fscif\/\"}]}<\/script>\n<!-- \/ Yoast SEO plugin. -->","yoast_head_json":{"title":"\u00a1Presentamos a nuestros Becarios de Conexiones Profundas!\u00a0 - Fundaci\u00f3n Ind\u00edgena FSC","description":"La Fundaci\u00f3n Ind\u00edgena FSC se complace en anunciar a los 15 J\u00f3venes L\u00edderes Ind\u00edgenas seleccionados para la Beca Conexiones Profundas. Ellos asistir\u00e1n al One Young World Summit en Montreal, Canad\u00e1, para unirse a nuestra red juvenil.","robots":{"index":"index","follow":"follow","max-snippet":"max-snippet:-1","max-image-preview":"max-image-preview:large","max-video-preview":"max-video-preview:-1"},"canonical":"https:\/\/www.fscindigenousfoundation.org\/es\/becarios-deep-connections-jovenes-lideres-indigenas\/","og_locale":"es_ES","og_type":"article","og_title":"\u00a1Presentamos a nuestros Becarios de Conexiones Profundas!","og_description":"J\u00f3venes Ind\u00edgenas de todo el mundo asistir\u00e1n a la Cumbre One Young World y se unir\u00e1n a nuestra red de j\u00f3venes","og_url":"https:\/\/www.fscindigenousfoundation.org\/es\/becarios-deep-connections-jovenes-lideres-indigenas\/","og_site_name":"Fundaci\u00f3n Ind\u00edgena FSC","article_publisher":"https:\/\/www.facebook.com\/fscindigenousfoundation","article_published_time":"2024-09-11T22:44:36+00:00","article_modified_time":"2025-11-03T15:19:43+00:00","og_image":[{"url":"https:\/\/www.fscindigenousfoundation.org\/wp-content\/uploads\/2024\/09\/oyw-image-768x433.png","type":"","width":"","height":""}],"author":"FSC-IF","twitter_card":"summary_large_image","twitter_title":"\u00a1Presentamos a nuestros Becarios de Conexiones Profundas!","twitter_description":"J\u00f3venes Ind\u00edgenas de todo el mundo asistir\u00e1n a la Cumbre One Young World y se unir\u00e1n a nuestra red de j\u00f3venes","twitter_image":"https:\/\/www.fscindigenousfoundation.org\/wp-content\/uploads\/2024\/09\/oyw-image-768x433.png","twitter_creator":"@fsc_if","twitter_site":"@fsc_if","twitter_misc":{"Written by":"FSC-IF","Est. reading time":"20 minutes"},"schema":{"@context":"https:\/\/schema.org","@graph":[{"@type":"Article","@id":"https:\/\/www.fscindigenousfoundation.org\/es\/becarios-deep-connections-jovenes-lideres-indigenas\/#article","isPartOf":{"@id":"https:\/\/www.fscindigenousfoundation.org\/es\/becarios-deep-connections-jovenes-lideres-indigenas\/"},"author":{"name":"FSC-IF","@id":"https:\/\/www.fscindigenousfoundation.org\/es\/#\/schema\/person\/0c54626e047eb40bf736bd993ad26ec9"},"headline":"\u00a1Presentamos a nuestros Becarios de Conexiones Profundas!\u00a0","datePublished":"2024-09-11T22:44:36+00:00","dateModified":"2025-11-03T15:19:43+00:00","mainEntityOfPage":{"@id":"https:\/\/www.fscindigenousfoundation.org\/es\/becarios-deep-connections-jovenes-lideres-indigenas\/"},"wordCount":4310,"publisher":{"@id":"https:\/\/www.fscindigenousfoundation.org\/es\/#organization"},"image":{"@id":"https:\/\/www.fscindigenousfoundation.org\/es\/becarios-deep-connections-jovenes-lideres-indigenas\/#primaryimage"},"thumbnailUrl":"https:\/\/www.fscindigenousfoundation.org\/wp-content\/uploads\/2024\/09\/oyw-image.png","keywords":["Abogac\u00eda Ind\u00edgena","Becarios Deep Connections","conocimiento ancestral","Desarrollo de Liderazgo","FSC-IF","J\u00f3venes L\u00edderes Ind\u00edgenas","One Young World Summit","OYW","Red Juvenil"],"articleSection":["Outstanding news","Sin categorizar"],"inLanguage":"es-ES"},{"@type":"WebPage","@id":"https:\/\/www.fscindigenousfoundation.org\/es\/becarios-deep-connections-jovenes-lideres-indigenas\/","url":"https:\/\/www.fscindigenousfoundation.org\/es\/becarios-deep-connections-jovenes-lideres-indigenas\/","name":"\u00a1Presentamos a nuestros Becarios de Conexiones Profundas!\u00a0 - Fundaci\u00f3n Ind\u00edgena FSC","isPartOf":{"@id":"https:\/\/www.fscindigenousfoundation.org\/es\/#website"},"primaryImageOfPage":{"@id":"https:\/\/www.fscindigenousfoundation.org\/es\/becarios-deep-connections-jovenes-lideres-indigenas\/#primaryimage"},"image":{"@id":"https:\/\/www.fscindigenousfoundation.org\/es\/becarios-deep-connections-jovenes-lideres-indigenas\/#primaryimage"},"thumbnailUrl":"https:\/\/www.fscindigenousfoundation.org\/wp-content\/uploads\/2024\/09\/oyw-image.png","datePublished":"2024-09-11T22:44:36+00:00","dateModified":"2025-11-03T15:19:43+00:00","description":"La Fundaci\u00f3n Ind\u00edgena FSC se complace en anunciar a los 15 J\u00f3venes L\u00edderes Ind\u00edgenas seleccionados para la Beca Conexiones Profundas. Ellos asistir\u00e1n al One Young World Summit en Montreal, Canad\u00e1, para unirse a nuestra red juvenil.","breadcrumb":{"@id":"https:\/\/www.fscindigenousfoundation.org\/es\/becarios-deep-connections-jovenes-lideres-indigenas\/#breadcrumb"},"inLanguage":"es-ES","potentialAction":[{"@type":"ReadAction","target":["https:\/\/www.fscindigenousfoundation.org\/es\/becarios-deep-connections-jovenes-lideres-indigenas\/"]}]},{"@type":"ImageObject","inLanguage":"es-ES","@id":"https:\/\/www.fscindigenousfoundation.org\/es\/becarios-deep-connections-jovenes-lideres-indigenas\/#primaryimage","url":"https:\/\/www.fscindigenousfoundation.org\/wp-content\/uploads\/2024\/09\/oyw-image.png","contentUrl":"https:\/\/www.fscindigenousfoundation.org\/wp-content\/uploads\/2024\/09\/oyw-image.png","width":820,"height":462,"caption":"Banner Deep Connections Fellows"},{"@type":"BreadcrumbList","@id":"https:\/\/www.fscindigenousfoundation.org\/es\/becarios-deep-connections-jovenes-lideres-indigenas\/#breadcrumb","itemListElement":[{"@type":"ListItem","position":1,"name":"Home","item":"https:\/\/www.fscindigenousfoundation.org\/es\/"},{"@type":"ListItem","position":2,"name":"\u00a1Presentamos a nuestros Becarios de Conexiones Profundas!\u00a0"}]},{"@type":"WebSite","@id":"https:\/\/www.fscindigenousfoundation.org\/es\/#website","url":"https:\/\/www.fscindigenousfoundation.org\/es\/","name":"IPARD","description":"La Fundaci\u00f3n Ind\u00edgena FSC es una fundaci\u00f3n creada para proporcionar soluciones que garanticen los derechos ind\u00edgenas y proteger sus territorios, bosques y conocimiento ancestral.","publisher":{"@id":"https:\/\/www.fscindigenousfoundation.org\/es\/#organization"},"potentialAction":[{"@type":"SearchAction","target":{"@type":"EntryPoint","urlTemplate":"https:\/\/www.fscindigenousfoundation.org\/es\/?s={search_term_string}"},"query-input":{"@type":"PropertyValueSpecification","valueRequired":true,"valueName":"search_term_string"}}],"inLanguage":"es-ES"},{"@type":"Organization","@id":"https:\/\/www.fscindigenousfoundation.org\/es\/#organization","name":"FSC Indigenous Foundation","url":"https:\/\/www.fscindigenousfoundation.org\/es\/","logo":{"@type":"ImageObject","inLanguage":"es-ES","@id":"https:\/\/www.fscindigenousfoundation.org\/es\/#\/schema\/logo\/image\/","url":"https:\/\/www.fscindigenousfoundation.org\/wp-content\/uploads\/2021\/09\/fsc-indigenous-foundation-color.png","contentUrl":"https:\/\/www.fscindigenousfoundation.org\/wp-content\/uploads\/2021\/09\/fsc-indigenous-foundation-color.png","width":657,"height":197,"caption":"FSC Indigenous Foundation"},"image":{"@id":"https:\/\/www.fscindigenousfoundation.org\/es\/#\/schema\/logo\/image\/"},"sameAs":["https:\/\/www.facebook.com\/fscindigenousfoundation","https:\/\/x.com\/fsc_if","https:\/\/instagram.com\/fscindigenousfoundation"]},{"@type":"Person","@id":"https:\/\/www.fscindigenousfoundation.org\/es\/#\/schema\/person\/0c54626e047eb40bf736bd993ad26ec9","name":"FSC-IF","url":"https:\/\/www.fscindigenousfoundation.org\/es\/author\/fscif\/"}]}},"_links":{"self":[{"href":"https:\/\/www.fscindigenousfoundation.org\/es\/wp-json\/wp\/v2\/posts\/13620","targetHints":{"allow":["GET"]}}],"collection":[{"href":"https:\/\/www.fscindigenousfoundation.org\/es\/wp-json\/wp\/v2\/posts"}],"about":[{"href":"https:\/\/www.fscindigenousfoundation.org\/es\/wp-json\/wp\/v2\/types\/post"}],"author":[{"embeddable":true,"href":"https:\/\/www.fscindigenousfoundation.org\/es\/wp-json\/wp\/v2\/users\/2"}],"replies":[{"embeddable":true,"href":"https:\/\/www.fscindigenousfoundation.org\/es\/wp-json\/wp\/v2\/comments?post=13620"}],"version-history":[{"count":7,"href":"https:\/\/www.fscindigenousfoundation.org\/es\/wp-json\/wp\/v2\/posts\/13620\/revisions"}],"predecessor-version":[{"id":16912,"href":"https:\/\/www.fscindigenousfoundation.org\/es\/wp-json\/wp\/v2\/posts\/13620\/revisions\/16912"}],"wp:featuredmedia":[{"embeddable":true,"href":"https:\/\/www.fscindigenousfoundation.org\/es\/wp-json\/wp\/v2\/media\/13571"}],"wp:attachment":[{"href":"https:\/\/www.fscindigenousfoundation.org\/es\/wp-json\/wp\/v2\/media?parent=13620"}],"wp:term":[{"taxonomy":"category","embeddable":true,"href":"https:\/\/www.fscindigenousfoundation.org\/es\/wp-json\/wp\/v2\/categories?post=13620"},{"taxonomy":"post_tag","embeddable":true,"href":"https:\/\/www.fscindigenousfoundation.org\/es\/wp-json\/wp\/v2\/tags?post=13620"}],"curies":[{"name":"wp","href":"https:\/\/api.w.org\/{rel}","templated":true}]}}