{"id":13478,"date":"2024-09-03T21:05:54","date_gmt":"2024-09-04T01:05:54","guid":{"rendered":"https:\/\/www.fscindigenousfoundation.org\/weaving-life\/"},"modified":"2025-01-21T09:55:29","modified_gmt":"2025-01-21T14:55:29","slug":"weaving-life","status":"publish","type":"post","link":"https:\/\/www.fscindigenousfoundation.org\/es\/weaving-life\/","title":{"rendered":"Tejiendo Vida"},"content":{"rendered":"\n<figure class=\"wp-block-image size-full\"><img loading=\"lazy\" decoding=\"async\" width=\"2560\" height=\"1239\" src=\"https:\/\/www.fscindigenousfoundation.org\/wp-content\/uploads\/2024\/09\/dsc-0276-scaled.jpg\" alt=\"\" class=\"wp-image-13371\"\/><\/figure>\n\n\n\n<p><strong>Quetzaltenango, Guatemala <\/strong>&#8211; La Fundaci\u00f3n Ind\u00edgena FSC, en colaboraci\u00f3n con Hivos y la Alianza Mesoamericana de Pueblos y Bosques (AMPB) por medio de la Coordinadora de Mujeres L\u00edderes Territoriales de Mesoam\u00e9rica (CMLT), organiz\u00f3 el Encuentro Nacional de Organizaciones de Mujeres Ind\u00edgenas de Quetzaltenango y Totonicap\u00e1n, Guatemala. Este importante evento, parte de la <a href=\"https:\/\/www.fscindigenousfoundation.org\/es\/i-wee\/\" target=\"_blank\" rel=\"noreferrer noopener\">Iniciativa de Empoderamiento Econ\u00f3mico de las Mujeres Ind\u00edgenas (I-WEE)<\/a>, tuvo lugar los d\u00edas 8 y 9 de agosto 2024, con el objetivo de fortalecer el empoderamiento y la incidencia de las mujeres Ind\u00edgenas.<\/p>\n\n\n\n<p>El evento reuni\u00f3 a m\u00e1s de 100 delegadas de m\u00e1s de 30 organizaciones de mujeres ind\u00edgenas que participan en la iniciativa I-WEE, as\u00ed como a actores clave de la cooperaci\u00f3n internacional y de los sectores p\u00fablico y privado. Sirvi\u00f3 como plataforma para explorar nuevas soluciones y estrategias para que las Mujeres Ind\u00edgenas est\u00e9n en el centro de las acciones econ\u00f3micas y pol\u00edticas. Los participantes compartieron conocimientos, experiencias y estrategias sobre tres temas cruciales:<\/p>\n\n\n\n<ul class=\"wp-block-list\">\n<li>Participaci\u00f3n e incidencia pol\u00edtica de las Mujeres Ind\u00edgenas<\/li>\n\n\n\n<li>Hacer frente a la violencia contra las Mujeres Ind\u00edgenas<\/li>\n\n\n\n<li>Capacitaci\u00f3n econ\u00f3mica de las Mujeres Ind\u00edgenas<\/li>\n<\/ul>\n\n\n\n<p>La cosmovisi\u00f3n Maya fue la base del evento, iniciando cada d\u00eda con una ofrenda de agradecimiento y se cerr\u00f3 con un momento espiritual. Los participantes se sentaron en c\u00edrculo alrededor del altar de ofrendas con velas y flores, simbolizando los cuatro puntos cardinales, as\u00ed como el Coraz\u00f3n del Cielo y el Coraz\u00f3n de la Tierra en el centro. El lema del acto fue &#8220;Tejiendo vida&#8221;.<\/p>\n\n\n<div class=\"wp-block-image\">\n<figure class=\"aligncenter size-full is-resized\"><img loading=\"lazy\" decoding=\"async\" src=\"https:\/\/www.fscindigenousfoundation.org\/wp-content\/uploads\/2024\/09\/1059786-scaled.jpg\" alt=\"\" class=\"wp-image-13367\" width=\"1280\" height=\"761\"\/><\/figure><\/div>\n\n\n<h2 class=\"wp-block-heading\"><strong>D\u00eda 1: Empoderamiento y reconocimiento de las mujeres Ind\u00edgenas<\/strong><\/h2>\n\n\n\n<p>Durante el primer d\u00eda, las delegadas de las organizaciones de Mujeres Ind\u00edgenas se conectaron, compartieron sabidur\u00eda y debatieron sus experiencias sobre los tres temas clave.&nbsp;<\/p>\n\n\n\n<p>En el primer c\u00edrculo de la palabra, &#8220;Las mujeres Ind\u00edgenas y su participaci\u00f3n en la pol\u00edtica, en los espacios de toma de decisiones y los retos y oportunidades encontrados&#8221;, las mujeres Ind\u00edgenas resaltaron la importancia de ser reconocidas como sujetas activas en la pol\u00edtica y la toma de decisiones. Compartieron retos como la violencia, el machismo, la competencia entre mujeres y la discriminaci\u00f3n, por ejemplo, por llevar su indumentaria. Propusieron soluciones para aumentar la visibilidad de las Mujeres Ind\u00edgenas, empezando por la familia y llegando hasta la participaci\u00f3n en la pol\u00edtica y otros espacios claves de toma de decisiones. Los medios de comunicaci\u00f3n pueden ser una herramienta clave para el cambio. Otra soluci\u00f3n propuesta fue la necesidad de organizar talleres para que los hombres comprendan c\u00f3mo tratar y trabajar con las mujeres.&nbsp; Una conclusi\u00f3n fue clara: <em>\u201cNecesitamos reglamentos que promuevan la paridad y la alternancia, no s\u00f3lo en el \u00e1mbito pol\u00edtico\u201d.&nbsp;&nbsp;&nbsp;<\/em><\/p>\n\n\n\n<p>Las que no tuvieron la oportunidad de hablar a\u00f1adieron sus ideas con notas en la pared, y esta informaci\u00f3n se recogi\u00f3 e incorpor\u00f3 a los di\u00e1logos del siguiente d\u00eda con las partes interesadas.<\/p>\n\n\n\n<figure class=\"wp-block-gallery has-nested-images columns-default is-cropped wp-block-gallery-1 is-layout-flex wp-block-gallery-is-layout-flex\">\n<figure class=\"wp-block-image size-large\"><img loading=\"lazy\" decoding=\"async\" width=\"2560\" height=\"1442\" data-id=\"13420\" src=\"https:\/\/www.fscindigenousfoundation.org\/wp-content\/uploads\/2024\/09\/1059918-scaled.jpg\" alt=\"\" class=\"wp-image-13420\"\/><\/figure>\n\n\n\n<figure class=\"wp-block-image size-large\"><img loading=\"lazy\" decoding=\"async\" width=\"2560\" height=\"1707\" data-id=\"13444\" src=\"https:\/\/www.fscindigenousfoundation.org\/wp-content\/uploads\/2024\/09\/dsc-0285-scaled.jpg\" alt=\"\" class=\"wp-image-13444\"\/><\/figure>\n\n\n\n<figure class=\"wp-block-image size-large\"><img loading=\"lazy\" decoding=\"async\" width=\"2560\" height=\"1442\" data-id=\"13417\" src=\"https:\/\/www.fscindigenousfoundation.org\/wp-content\/uploads\/2024\/09\/1059915-scaled.jpg\" alt=\"\" class=\"wp-image-13417\"\/><\/figure>\n<\/figure>\n\n\n\n<p><\/p>\n\n\n\n<p>El siguiente c\u00edrculo de la palabra, &#8220;Acciones de adopci\u00f3n que pueden llevar a cabo las comunidades para reducir la violencia contra las Mujeres Ind\u00edgenas&#8221;, present\u00f3 dos historias de vida de Mujeres Ind\u00edgenas sobrevivientes de la violencia que han logrado salir de relaciones abusivas y han encontrado empoderamiento. Algunas han asumido roles de liderazgo en sus comunidades, ayudando a otras mujeres a superar la violencia.<\/p>\n\n\n\n<p>Se propusieron soluciones a todos los niveles, incluida la necesidad de justicia, capacitaciones para las mujeres sobre derechos y al personal de las instituciones garantes de los derechos espec\u00edficos y colectivos de las Mujeres Ind\u00edgenas en c\u00f3mo brindar una atenci\u00f3n digna, respetuosa, accesible y culturalmente pertinente, y la importancia del amor propio.<\/p>\n\n\n\n<blockquote class=\"wp-block-quote is-layout-flow wp-block-quote-is-layout-flow\">\n<p><em>&#8220;Me siento afortunada de ser una mujer Maya<\/em>&#8220;, dijo una participante.<\/p>\n<\/blockquote>\n\n\n\n<p><\/p>\n\n\n\n<p>Las participantes tambi\u00e9n hablaron de la importancia de los procesos y ceremonias de sanaci\u00f3n y Nan Graciela Vel\u00e1squez Chuc dirigi\u00f3 un proceso de sanaci\u00f3n con plantas como parte fundamental para transformar emociones y sentimientos durante el di\u00e1logo.<\/p>\n\n\n\n<p>El c\u00edrculo de la palabra al final del d\u00eda, &#8220;Qu\u00e9 se est\u00e1 haciendo por el desarrollo econ\u00f3mico y el esp\u00edritu empresarial de las Mujeres Ind\u00edgenas&#8221;, incluy\u00f3 intervenciones de mujeres implicadas en diversos proyectos econ\u00f3micos, desde el textil hasta el chocolate y los tomates. En ausencia de participaci\u00f3n pol\u00edtica debido al racismo, discriminaci\u00f3n y exclusi\u00f3n, el desarrollo econ\u00f3mico se se\u00f1al\u00f3 como un canal clave para el empoderamiento de las Mujeres Ind\u00edgenas.&nbsp;<\/p>\n\n\n\n<p>Las mujeres compartieron sus historias de consolidaci\u00f3n de sus emprendimientos, destacando retos clave como la falta de recursos econ\u00f3micos, la escasez de agua, la p\u00e9rdida de cosechas, las licencias sanitarias, el fortalecimiento organizativo e institucional, el equipo de producci\u00f3n y la necesidad de aumentar los conocimientos t\u00e9cnicos. Las organizaciones de Mujeres Ind\u00edgenas han ido superando estos retos mediante el intercambio de conocimientos, el fortalecimiento de capacidades, la sanaci\u00f3n a partir de la cosmovisi\u00f3n Maya y la articulaci\u00f3n exacta de lo que quer\u00edan conseguir. Una participante se\u00f1al\u00f3 que como definici\u00f3n de empoderamiento: <em>\u201csaber lo que se quiere y ver el camino para conseguirlo\u201d.&nbsp;<\/em><\/p>\n\n\n\n<p>Como cierre de esta sesi\u00f3n del c\u00edrculo de la palabra, Patricia Chuc dirigi\u00f3 una actividad de autocuidado y bienestar que incorporaba respiraci\u00f3n, movimiento y agua.<\/p>\n\n\n\n<p>Finalmente, la jornada concluy\u00f3 con una velada cultural en la que realiz\u00f3 una presentaci\u00f3n art\u00edstica la agrupaci\u00f3n Maya Kaqchikel <a href=\"https:\/\/www.sotziljay.org\/\" target=\"_blank\" rel=\"noreferrer noopener\">Sotz&#8217;il Jay<\/a> y una lectura de poes\u00eda de la poeta Maya <a href=\"https:\/\/latinamericanliteraturetoday.org\/es\/2019\/08\/three-poems-negma-coy\/\" target=\"_blank\" rel=\"noreferrer noopener\">Negma Coy<\/a>. Invit\u00f3 a reflexionar sobre c\u00f3mo el arte puede ser curativo y una fuerza unificadora.&nbsp;&nbsp;<\/p>\n\n\n\n<figure class=\"wp-block-gallery aligncenter has-nested-images columns-default is-cropped wp-block-gallery-2 is-layout-flex wp-block-gallery-is-layout-flex\">\n<figure class=\"wp-block-image size-large\"><img loading=\"lazy\" decoding=\"async\" width=\"2560\" height=\"1443\" data-id=\"13405\" src=\"https:\/\/www.fscindigenousfoundation.org\/wp-content\/uploads\/2024\/09\/dsc-0027-scaled.jpg\" alt=\"\" class=\"wp-image-13405\"\/><\/figure>\n\n\n\n<figure class=\"wp-block-image size-large\"><img loading=\"lazy\" decoding=\"async\" width=\"2560\" height=\"1707\" data-id=\"13409\" src=\"https:\/\/www.fscindigenousfoundation.org\/wp-content\/uploads\/2024\/09\/dsc-0196-scaled.jpg\" alt=\"\" class=\"wp-image-13409\"\/><\/figure>\n<\/figure>\n\n\n\n<h2 class=\"wp-block-heading\"><strong>D\u00eda 2: Di\u00e1logos en colaboraci\u00f3n con agentes clave<\/strong><\/h2>\n\n\n\n<p>locales y nacionales, agencias de la ONU, socios ejecutores, organizaciones multilaterales, empresas y sociedad civil se unieron al evento para mantener di\u00e1logos inclusivos. Los aportes y opiniones de las Mujeres Ind\u00edgenas recogidas el d\u00eda anterior se organizaron en temas prioritarios. \u00c9stos se compartieron durante los di\u00e1logos para garantizar la creaci\u00f3n de acciones y estrategias de impacto que tuvieran en cuenta la identidad y la cultura de las Mujeres Ind\u00edgenas.&nbsp;&nbsp;<\/p>\n\n\n\n<p>El primer di\u00e1logo &#8220;Acciones para promover la participaci\u00f3n pol\u00edtica de las mujeres Ind\u00edgenas&#8221; destac\u00f3 la importancia de que ellas mismas se movilicen y hagan incidencia. Igualmente, las participantes se\u00f1alaron la necesidad de contar con informaci\u00f3n transparente sobre los recursos que se dirigen a ellas , y de proyectos y programas que respondan a las realidades, prioridades y liderazgo de las Mujeres Ind\u00edgenas.&nbsp;<\/p>\n\n\n\n<p>Se destac\u00f3 la importancia del poder y la valiosa contribuci\u00f3n de las Mujeres Ind\u00edgenas, especialmente en la promoci\u00f3n de la paz. Las mujeres tienen una forma diferente de ver y tomar decisiones, y esta complementariedad es necesaria a todos los niveles. Una mujer Ind\u00edgena participante se\u00f1al\u00f3 la &#8220;<em>riqueza de las luchas que tenemos en com\u00fan<\/em>&#8220;.<\/p>\n\n\n\n<p>Al cierre de este di\u00e1logo las mujeres participantes leyeron las demandas que hab\u00edan formulado el d\u00eda anterior, que inclu\u00edan: Reforma a la Ley electoral y de partidos pol\u00edticos, promoviendo que cada partido pol\u00edtico tenga al menos una participaci\u00f3n del 50% de Mujeres Ind\u00edgenas; la generaci\u00f3n y promoci\u00f3n por parte del Estado de oportunidades para que las mujeres puedan participar de ambientes sociopol\u00edticos en igualdad de condiciones; el fortalecimiento y financiamiento&nbsp; de las instituciones creadas para proteger y promover los derechos de las Mujeres Ind\u00edgenas.<\/p>\n\n\n\n<figure class=\"wp-block-gallery aligncenter has-nested-images columns-default is-cropped wp-block-gallery-3 is-layout-flex wp-block-gallery-is-layout-flex\">\n<figure class=\"wp-block-image size-large\"><img loading=\"lazy\" decoding=\"async\" width=\"2560\" height=\"1707\" data-id=\"13448\" src=\"https:\/\/www.fscindigenousfoundation.org\/wp-content\/uploads\/2024\/09\/dsc-0142-scaled.jpg\" alt=\"\" class=\"wp-image-13448\"\/><\/figure>\n\n\n\n<figure class=\"wp-block-image size-large\"><img loading=\"lazy\" decoding=\"async\" width=\"2560\" height=\"1707\" data-id=\"13457\" src=\"https:\/\/www.fscindigenousfoundation.org\/wp-content\/uploads\/2024\/09\/dsc-0390-1-scaled.jpg\" alt=\"\" class=\"wp-image-13457\"\/><\/figure>\n\n\n\n<figure class=\"wp-block-image size-large\"><img loading=\"lazy\" decoding=\"async\" width=\"2560\" height=\"1707\" data-id=\"13472\" src=\"https:\/\/www.fscindigenousfoundation.org\/wp-content\/uploads\/2024\/09\/dsc-0155-scaled.jpg\" alt=\"\" class=\"wp-image-13472\"\/><\/figure>\n<\/figure>\n\n\n\n<p><\/p>\n\n\n\n<p>Durante el segundo di\u00e1logo, &#8220;Acciones para prevenir y reducir la violencia contra las mujeres Ind\u00edgenas&#8221;, se destac\u00f3 la importancia de la educaci\u00f3n de las mujeres y j\u00f3venes sobre sus derechos.&nbsp;<\/p>\n\n\n\n<p>Entre las&nbsp; demandas de las mujeres se inclu\u00eda: un sistema judicial que responda de manera efectiva a las denuncias de violencia con pertenencia cultural; mejor atenci\u00f3n en salud m\u00e9dica y psicol\u00f3gica para sobrevivientes de violencia, as\u00ed como formaci\u00f3n para el personal de salud; campa\u00f1as de sensibilizaci\u00f3n masivos visuales y radiales dirigida a toda la poblaci\u00f3n para promoci\u00f3n de la cultura de paz y prevenci\u00f3n de la violencia; que la atenci\u00f3n a mujeres sea con&nbsp; pertinencia cultural desde el idioma materno y con respeto a su cultura, creencias y formas de vida; que las leyes, pol\u00edticas, planes y programas a favor de las mujeres que respondan a las necesidades y que sean planteamientos que surjan desde las bases.<\/p>\n\n\n\n<p>El \u00faltimo di\u00e1logo del d\u00eda, &#8220;Apoyo al desarrollo econ\u00f3mico y a la iniciativa empresarial de las Mujeres Ind\u00edgenas&#8221;, se destac\u00f3 la necesidad de una financiaci\u00f3n concreta y transparente, m\u00e1s all\u00e1 de las palabras de compromiso.&nbsp;<\/p>\n\n\n\n<p>La mujeres leyeron sus demandas en este \u00e1rea, entre las cuales se mencionaba: facilitar acceso de mercado para los productos de las Mujeres Ind\u00edgenas; dotar a las mujeres con capital semilla para poder fortalecer los emprendimientos; proporcionar a las Mujeres Ind\u00edgenas con nuevas tecnolog\u00edas y el fortalecimiento de las capacidades para su aprovechamiento, de la mano con sus conocimientos Ind\u00edgenas; promover espacios de intercambio de experiencias a nivel local, nacional, regional, e internacional con emprendedoras Ind\u00edgenas; que los socios implementadores no dupliquen esfuerzos, sino m\u00e1s bien desarrollen procesos integrales de acuerdo a sus especialidades para el acompa\u00f1amiento a los emprendimientos.<\/p>\n\n\n\n<p>Al cierre de todo el evento, las participantes recibieron reconocimientos creados en madera con el nombre del evento en escritura epigr\u00e1fica Maya antigua, antes de una en\u00e9rgica clausura ante el altar para poner fin a los dos d\u00edas de reuni\u00f3n.<\/p>\n\n\n\n<figure class=\"wp-block-gallery aligncenter has-nested-images columns-default is-cropped wp-block-gallery-4 is-layout-flex wp-block-gallery-is-layout-flex\">\n<figure class=\"wp-block-image size-large\"><img loading=\"lazy\" decoding=\"async\" width=\"2560\" height=\"2171\" data-id=\"13425\" src=\"https:\/\/www.fscindigenousfoundation.org\/wp-content\/uploads\/2024\/09\/dsc-0201-scaled.jpg\" alt=\"\" class=\"wp-image-13425\"\/><\/figure>\n\n\n\n<figure class=\"wp-block-image size-large\"><img loading=\"lazy\" decoding=\"async\" width=\"2560\" height=\"1707\" data-id=\"13433\" src=\"https:\/\/www.fscindigenousfoundation.org\/wp-content\/uploads\/2024\/09\/dsc-0205-scaled.jpg\" alt=\"\" class=\"wp-image-13433\"\/><\/figure>\n\n\n\n<figure class=\"wp-block-image size-large\"><img loading=\"lazy\" decoding=\"async\" width=\"2560\" height=\"1707\" data-id=\"13429\" src=\"https:\/\/www.fscindigenousfoundation.org\/wp-content\/uploads\/2024\/09\/dsc-0239-scaled.jpg\" alt=\"\" class=\"wp-image-13429\"\/><\/figure>\n<\/figure>\n\n\n\n<h2 class=\"wp-block-heading\"><strong>Elementos pioneros de esta iniciativa<\/strong><\/h2>\n\n\n\n<p>La Fundaci\u00f3n Ind\u00edgena FSC introdujo varios elementos pioneros en el acto, con \u00e9nfasis en la perspectiva y cosmovisi\u00f3n de las Mujeres Ind\u00edgenas.<\/p>\n\n\n\n<p>Una de las principales innovaciones consisti\u00f3 en ofrecer interpretaci\u00f3n simult\u00e1nea en los idiomas mayas k&#8217;iche&#8217; y mam, adem\u00e1s de espa\u00f1ol e ingl\u00e9s, para facilitar la participaci\u00f3n en los idiomas maternos de las mujeres. La FSC-IF, en colaboraci\u00f3n con <a href=\"https:\/\/www.angloservicios.com\/\" target=\"_blank\" rel=\"noreferrer noopener\">Angloservicios<\/a>, imparti\u00f3 formaci\u00f3n a los int\u00e9rpretes k&#8217;iche&#8217; y mam sobre el uso de las cabinas virtuales de interpretaci\u00f3n de Zoom. Probablemente sea la primera vez que se incluye la interpretaci\u00f3n simult\u00e1nea de los idiomas ind\u00edgenas en un acto nacional en Guatemala.<\/p>\n\n\n\n<figure class=\"wp-block-gallery aligncenter has-nested-images columns-default is-cropped wp-block-gallery-5 is-layout-flex wp-block-gallery-is-layout-flex\">\n<figure class=\"wp-block-image size-large\"><img loading=\"lazy\" decoding=\"async\" width=\"2560\" height=\"1707\" data-id=\"13383\" src=\"https:\/\/www.fscindigenousfoundation.org\/wp-content\/uploads\/2024\/09\/dsc-0091-scaled.jpg\" alt=\"\" class=\"wp-image-13383\"\/><\/figure>\n\n\n\n<figure class=\"wp-block-image size-large\"><img loading=\"lazy\" decoding=\"async\" width=\"2560\" height=\"1855\" data-id=\"13379\" src=\"https:\/\/www.fscindigenousfoundation.org\/wp-content\/uploads\/2024\/09\/p1059705-scaled.jpg\" alt=\"\" class=\"wp-image-13379\"\/><\/figure>\n\n\n\n<figure class=\"wp-block-image size-large\"><img loading=\"lazy\" decoding=\"async\" width=\"2560\" height=\"1826\" data-id=\"13401\" src=\"https:\/\/www.fscindigenousfoundation.org\/wp-content\/uploads\/2024\/09\/p1059709-1-scaled.jpg\" alt=\"\" class=\"wp-image-13401\"\/><\/figure>\n<\/figure>\n\n\n\n<p><\/p>\n\n\n\n<p>Otro elemento crucial fue la prestaci\u00f3n de servicios de cuidado de ni\u00f1os y ni\u00f1as, reconociendo que muchas mujeres no pueden asistir a las actividades y talleres debido a sus responsabilidades en el cuidado de los ni\u00f1os y ni\u00f1as. La FSC-IF ha incorporado el espacio de cuidado infantil en todos los talleres de I-WEE para que las madres puedan participar plenamente mientras sus hijos e hijas participan y aprenden juntos. Los facilitadores utilizaron una metodolog\u00eda ludo pedag\u00f3gica, incorporando elementos de la cosmovisi\u00f3n Maya que adem\u00e1s contribuyen al fortalecimiento de su identidad.<\/p>\n\n\n\n<figure class=\"wp-block-gallery aligncenter has-nested-images columns-default is-cropped wp-block-gallery-6 is-layout-flex wp-block-gallery-is-layout-flex\">\n<figure class=\"wp-block-image size-large\"><img loading=\"lazy\" decoding=\"async\" width=\"2560\" height=\"1707\" data-id=\"13392\" src=\"https:\/\/www.fscindigenousfoundation.org\/wp-content\/uploads\/2024\/09\/dsc-0102-scaled.jpg\" alt=\"\" class=\"wp-image-13392\"\/><\/figure>\n\n\n\n<figure class=\"wp-block-image size-large\"><img loading=\"lazy\" decoding=\"async\" width=\"2560\" height=\"1707\" data-id=\"13396\" src=\"https:\/\/www.fscindigenousfoundation.org\/wp-content\/uploads\/2024\/09\/dsc-0094-scaled.jpg\" alt=\"\" class=\"wp-image-13396\"\/><\/figure>\n\n\n\n<figure class=\"wp-block-image size-large\"><img loading=\"lazy\" decoding=\"async\" width=\"2560\" height=\"1707\" data-id=\"13388\" src=\"https:\/\/www.fscindigenousfoundation.org\/wp-content\/uploads\/2024\/09\/dsc-0111-scaled.jpg\" alt=\"\" class=\"wp-image-13388\"\/><\/figure>\n<\/figure>\n\n\n\n<h2 class=\"wp-block-heading\"><strong>El camino a seguir<\/strong><\/h2>\n\n\n\n<p>Este evento subraya el compromiso de la Fundaci\u00f3n Ind\u00edgena FSC y sus socios de apoyar a las organizaciones de Mujeres Ind\u00edgenas de Guatemala para que lideren su propio desarrollo. El Encuentro puso en marcha acciones concretas para promover el empoderamiento econ\u00f3mico, pol\u00edtico, cultural y social de las Mujeres Ind\u00edgenas.&nbsp;<\/p>\n\n\n\n<p>La FSC-IF consolidar\u00e1 los resultados de los di\u00e1logos del encuentro junto con las demandas articuladas por las Mujeres Ind\u00edgenas. Esto, con el fin de retornar esta informaci\u00f3n a las organizaciones de las Mujeres Ind\u00edgenas, para acompa\u00f1arlas, junto con socios y aliados, en su posicionamiento en los diferentes espacios y mecanismos de toma de decisiones, entrega de recursos y dise\u00f1o y ejecuci\u00f3n de programas proyectos.Buscamos continuamente socios t\u00e9cnicos y financieros para ampliar nuestro trabajo con I-WEE y otras iniciativas cruciales. Si su organizaci\u00f3n o empresa est\u00e1 interesada en colaborar con nosotros y con las mujeres Ind\u00edgenas para lograr un cambio sostenible, le invitamos a conectarse en <a href=\"mailto:fsc.if@fsc.org\">fsc.if@fsc.org<\/a>.<\/p>\n\n\n\n<figure class=\"wp-block-embed is-type-video is-provider-youtube wp-block-embed-youtube wp-embed-aspect-16-9 wp-has-aspect-ratio\"><div class=\"wp-block-embed__wrapper\">\n<iframe loading=\"lazy\" title=\"Indigenous Women&#039;s Gathering in Guatemala | Encuentro de Mujeres Indi\u0301genas en Guatemala\" width=\"640\" height=\"360\" src=\"https:\/\/www.youtube.com\/embed\/EakerQDxAy0?feature=oembed\" frameborder=\"0\" allow=\"accelerometer; autoplay; clipboard-write; encrypted-media; gyroscope; picture-in-picture; web-share\" referrerpolicy=\"strict-origin-when-cross-origin\" allowfullscreen><\/iframe>\n<\/div><\/figure>\n\n\n\n<hr class=\"wp-block-separator has-alpha-channel-opacity\"\/>\n\n\n\n<p><strong>Acera de I-WEE<\/strong><\/p>\n\n\n\n<p>La iniciativa I-WEE trabaja con mujeres y ni\u00f1as ind\u00edgenas en Guatemala y&nbsp; Honduras&nbsp; para promover su empoderamiento econ\u00f3mico mediante la impulsi\u00f3n de capacidades, la generaci\u00f3n de entornos propicios para su participaci\u00f3n activa e incidencia, y el fortalecimiento de iniciativas productivas lideradas por Mujeres Ind\u00edgenas. Es una iniciativa implementada por la FSC-IF en colaboraci\u00f3n con sus socios AMPB, Hivos, PNUD, FAO y ONU Mujeres \/ Plataforma de Mujeres Ind\u00edgenas y financiada por la Agencia de los Estados Unidos para el Desarrollo Internacional (USAID) y el Consejo de Administraci\u00f3n Forestal (FSC) con socios del sector privado.<\/p>\n\n\n\n<p><strong>Acerca de la Fundaci\u00f3n Ind\u00edgena FSC&nbsp;<\/strong><\/p>\n\n\n\n<p>La <a href=\"https:\/\/www.fscindigenousfoundation.org\/\">Fundaci\u00f3n Ind\u00edgena FSC<\/a> es una organizaci\u00f3n Ind\u00edgena mundial que promueve acciones lideradas por los Pueblos Ind\u00edgenas para su desarrollo y autosuficiencia. Trabajamos para elevar a los Pueblos Ind\u00edgenas en su contribuci\u00f3n a la protecci\u00f3n de la Madre Tierra y reconocerlos como proveedores de soluciones y socios para luchar contra los desaf\u00edos globales.&nbsp;<\/p>\n\n\n\n<p><strong>Acerca de la AMPB<\/strong><\/p>\n\n\n\n<p>La <a href=\"https:\/\/www.alianzamesoamericana.org\/en\/about-us\/\">Alianza Mesoamericana de Pueblos y Bosques (AMPB)<\/a> es una red de Pueblos Ind\u00edgenas y comunidades locales que protegen las mayores \u00e1reas boscosas desde Panam\u00e1 hasta M\u00e9xico, buscando soluciones para una convivencia equilibrada con la naturaleza salvaguardando los conocimientos ancestrales y combin\u00e1ndolos con ideas innovadoras. La AMPB promueve el fortalecimiento de capacidades de las mujeres ind\u00edgenas por medio de la unidad <a href=\"https:\/\/www.mujeresmesoamericanas.org\/\">Coordinadora de Mujeres Lideres Territoriales de Mesoam\u00e9rica (CMLT).&nbsp;<\/a><\/p>\n\n\n\n<p><strong>Acerca de Hivos<\/strong><\/p>\n\n\n\n<p>El Instituto Humanista para la Cooperaci\u00f3n con los pa\u00edses en Desarrollo \u2013 <a href=\"https:\/\/america-latina.hivos.org\/\">Hivos<\/a> es una organizaci\u00f3n internacional que trabaja por un mundo en el que las personas puedan desarrollar todo su potencial y dar rienda suelta a su ingenio y creatividad para construir sociedades justas y sostenibles para s\u00ed mismas y para las generaciones futuras. La misi\u00f3n de Hivos es amplificar y conectar las voces que promueven la justicia social y medioambiental y desaf\u00edan los desequilibrios de poder.<\/p>\n","protected":false},"excerpt":{"rendered":"<p>Organizaciones de mujeres Ind\u00edgenas de Quetzaltenango y Totonicap\u00e1n, Guatemala se reunieron para intercambiar conocimientos, experiencias, estrategias, y para dialogar con actores claves <\/p>\n","protected":false},"author":2,"featured_media":13374,"comment_status":"closed","ping_status":"closed","sticky":false,"template":"","format":"standard","meta":{"footnotes":""},"categories":[24,4],"tags":[233,234,36,54,108,235,113],"class_list":["post-13478","post","type-post","status-publish","format-standard","has-post-thumbnail","hentry","category-outstanding-news-es","category-sin-categorizar","tag-cosmovision-es","tag-economic-empowerment-es","tag-indigenous-peoples-es","tag-indigenous-rights-es","tag-indigenous-women-2-es","tag-political-incidence-es","tag-traditional-knowledge-es"],"acf":[],"yoast_head":"<!-- This site is optimized with the Yoast SEO plugin v26.9 - https:\/\/yoast.com\/product\/yoast-seo-wordpress\/ -->\n<title>Tejiendo Vida - Fundaci\u00f3n Ind\u00edgena FSC<\/title>\n<meta name=\"description\" content=\"Organizaciones de mujeres Ind\u00edgenas de Quetzaltenango y Totonicap\u00e1n, Guatemala se reunieron para intercambiar conocimientos, experiencias, estrategias, y para dialogar con actores claves\" \/>\n<meta name=\"robots\" content=\"index, follow, max-snippet:-1, max-image-preview:large, max-video-preview:-1\" \/>\n<link rel=\"canonical\" href=\"https:\/\/www.fscindigenousfoundation.org\/es\/weaving-life\/\" \/>\n<meta property=\"og:locale\" content=\"es_ES\" \/>\n<meta property=\"og:type\" content=\"article\" \/>\n<meta property=\"og:title\" content=\"Tejiendo Vida\" \/>\n<meta property=\"og:description\" content=\"Organizaciones de mujeres Ind\u00edgenas de Quetzaltenango y Totonicap\u00e1n, Guatemala se reunieron para intercambiar conocimientos, experiencias, estrategias, y para dialogar con actores claves #TejiendoVida\" \/>\n<meta property=\"og:url\" content=\"https:\/\/www.fscindigenousfoundation.org\/es\/weaving-life\/\" \/>\n<meta property=\"og:site_name\" content=\"Fundaci\u00f3n Ind\u00edgena FSC\" \/>\n<meta property=\"article:publisher\" content=\"https:\/\/www.facebook.com\/fscindigenousfoundation\" \/>\n<meta property=\"article:published_time\" content=\"2024-09-04T01:05:54+00:00\" \/>\n<meta property=\"article:modified_time\" content=\"2025-01-21T14:55:29+00:00\" \/>\n<meta property=\"og:image\" content=\"http:\/\/www.fscindigenousfoundation.org\/wp-content\/uploads\/2024\/09\/dsc-0276-scaled.jpg\" \/>\n\t<meta property=\"og:image:width\" content=\"2560\" \/>\n\t<meta property=\"og:image:height\" content=\"1239\" \/>\n\t<meta property=\"og:image:type\" content=\"image\/jpeg\" \/>\n<meta name=\"author\" content=\"FSC-IF\" \/>\n<meta name=\"twitter:card\" content=\"summary_large_image\" \/>\n<meta name=\"twitter:title\" content=\"Tejiendo Vida\" \/>\n<meta name=\"twitter:description\" content=\"Organizaciones de mujeres Ind\u00edgenas de Quetzaltenango y Totonicap\u00e1n, Guatemala se reunieron para intercambiar conocimientos, experiencias, estrategias, y para dialogar con actores claves #TejiendoVida\" \/>\n<meta name=\"twitter:image\" content=\"https:\/\/www.fscindigenousfoundation.org\/wp-content\/uploads\/2024\/09\/dsc-0276-scaled.jpg\" \/>\n<meta name=\"twitter:creator\" content=\"@fsc_if\" \/>\n<meta name=\"twitter:site\" content=\"@fsc_if\" \/>\n<meta name=\"twitter:label1\" content=\"Written by\" \/>\n\t<meta name=\"twitter:data1\" content=\"FSC-IF\" \/>\n\t<meta name=\"twitter:label2\" content=\"Est. reading time\" \/>\n\t<meta name=\"twitter:data2\" content=\"14 minutes\" \/>\n<script type=\"application\/ld+json\" class=\"yoast-schema-graph\">{\"@context\":\"https:\/\/schema.org\",\"@graph\":[{\"@type\":\"Article\",\"@id\":\"https:\/\/www.fscindigenousfoundation.org\/es\/weaving-life\/#article\",\"isPartOf\":{\"@id\":\"https:\/\/www.fscindigenousfoundation.org\/es\/weaving-life\/\"},\"author\":{\"name\":\"FSC-IF\",\"@id\":\"https:\/\/www.fscindigenousfoundation.org\/es\/#\/schema\/person\/0c54626e047eb40bf736bd993ad26ec9\"},\"headline\":\"Tejiendo Vida\",\"datePublished\":\"2024-09-04T01:05:54+00:00\",\"dateModified\":\"2025-01-21T14:55:29+00:00\",\"mainEntityOfPage\":{\"@id\":\"https:\/\/www.fscindigenousfoundation.org\/es\/weaving-life\/\"},\"wordCount\":2408,\"publisher\":{\"@id\":\"https:\/\/www.fscindigenousfoundation.org\/es\/#organization\"},\"image\":{\"@id\":\"https:\/\/www.fscindigenousfoundation.org\/es\/weaving-life\/#primaryimage\"},\"thumbnailUrl\":\"https:\/\/www.fscindigenousfoundation.org\/wp-content\/uploads\/2024\/09\/dsc-0276-scaled.jpg\",\"keywords\":[\"cosmovision\",\"economic empowerment\",\"Indigenous Peoples\",\"indigenous rights\",\"Indigenous women\",\"political incidence\",\"traditional knowledge\"],\"articleSection\":[\"Outstanding news\",\"Sin categorizar\"],\"inLanguage\":\"es-ES\"},{\"@type\":\"WebPage\",\"@id\":\"https:\/\/www.fscindigenousfoundation.org\/es\/weaving-life\/\",\"url\":\"https:\/\/www.fscindigenousfoundation.org\/es\/weaving-life\/\",\"name\":\"Tejiendo Vida - Fundaci\u00f3n Ind\u00edgena FSC\",\"isPartOf\":{\"@id\":\"https:\/\/www.fscindigenousfoundation.org\/es\/#website\"},\"primaryImageOfPage\":{\"@id\":\"https:\/\/www.fscindigenousfoundation.org\/es\/weaving-life\/#primaryimage\"},\"image\":{\"@id\":\"https:\/\/www.fscindigenousfoundation.org\/es\/weaving-life\/#primaryimage\"},\"thumbnailUrl\":\"https:\/\/www.fscindigenousfoundation.org\/wp-content\/uploads\/2024\/09\/dsc-0276-scaled.jpg\",\"datePublished\":\"2024-09-04T01:05:54+00:00\",\"dateModified\":\"2025-01-21T14:55:29+00:00\",\"description\":\"Organizaciones de mujeres Ind\u00edgenas de Quetzaltenango y Totonicap\u00e1n, Guatemala se reunieron para intercambiar conocimientos, experiencias, estrategias, y para dialogar con actores claves\",\"breadcrumb\":{\"@id\":\"https:\/\/www.fscindigenousfoundation.org\/es\/weaving-life\/#breadcrumb\"},\"inLanguage\":\"es-ES\",\"potentialAction\":[{\"@type\":\"ReadAction\",\"target\":[\"https:\/\/www.fscindigenousfoundation.org\/es\/weaving-life\/\"]}]},{\"@type\":\"ImageObject\",\"inLanguage\":\"es-ES\",\"@id\":\"https:\/\/www.fscindigenousfoundation.org\/es\/weaving-life\/#primaryimage\",\"url\":\"https:\/\/www.fscindigenousfoundation.org\/wp-content\/uploads\/2024\/09\/dsc-0276-scaled.jpg\",\"contentUrl\":\"https:\/\/www.fscindigenousfoundation.org\/wp-content\/uploads\/2024\/09\/dsc-0276-scaled.jpg\",\"width\":2560,\"height\":1239,\"caption\":\"FSC-IF meeting\"},{\"@type\":\"BreadcrumbList\",\"@id\":\"https:\/\/www.fscindigenousfoundation.org\/es\/weaving-life\/#breadcrumb\",\"itemListElement\":[{\"@type\":\"ListItem\",\"position\":1,\"name\":\"Home\",\"item\":\"https:\/\/www.fscindigenousfoundation.org\/es\/\"},{\"@type\":\"ListItem\",\"position\":2,\"name\":\"Tejiendo Vida\"}]},{\"@type\":\"WebSite\",\"@id\":\"https:\/\/www.fscindigenousfoundation.org\/es\/#website\",\"url\":\"https:\/\/www.fscindigenousfoundation.org\/es\/\",\"name\":\"IPARD\",\"description\":\"La Fundaci\u00f3n Ind\u00edgena FSC es una fundaci\u00f3n creada para proporcionar soluciones que garanticen los derechos ind\u00edgenas y proteger sus territorios, bosques y conocimiento ancestral.\",\"publisher\":{\"@id\":\"https:\/\/www.fscindigenousfoundation.org\/es\/#organization\"},\"potentialAction\":[{\"@type\":\"SearchAction\",\"target\":{\"@type\":\"EntryPoint\",\"urlTemplate\":\"https:\/\/www.fscindigenousfoundation.org\/es\/?s={search_term_string}\"},\"query-input\":{\"@type\":\"PropertyValueSpecification\",\"valueRequired\":true,\"valueName\":\"search_term_string\"}}],\"inLanguage\":\"es-ES\"},{\"@type\":\"Organization\",\"@id\":\"https:\/\/www.fscindigenousfoundation.org\/es\/#organization\",\"name\":\"FSC Indigenous Foundation\",\"url\":\"https:\/\/www.fscindigenousfoundation.org\/es\/\",\"logo\":{\"@type\":\"ImageObject\",\"inLanguage\":\"es-ES\",\"@id\":\"https:\/\/www.fscindigenousfoundation.org\/es\/#\/schema\/logo\/image\/\",\"url\":\"https:\/\/www.fscindigenousfoundation.org\/wp-content\/uploads\/2021\/09\/fsc-indigenous-foundation-color.png\",\"contentUrl\":\"https:\/\/www.fscindigenousfoundation.org\/wp-content\/uploads\/2021\/09\/fsc-indigenous-foundation-color.png\",\"width\":657,\"height\":197,\"caption\":\"FSC Indigenous Foundation\"},\"image\":{\"@id\":\"https:\/\/www.fscindigenousfoundation.org\/es\/#\/schema\/logo\/image\/\"},\"sameAs\":[\"https:\/\/www.facebook.com\/fscindigenousfoundation\",\"https:\/\/x.com\/fsc_if\",\"https:\/\/instagram.com\/fscindigenousfoundation\"]},{\"@type\":\"Person\",\"@id\":\"https:\/\/www.fscindigenousfoundation.org\/es\/#\/schema\/person\/0c54626e047eb40bf736bd993ad26ec9\",\"name\":\"FSC-IF\",\"url\":\"https:\/\/www.fscindigenousfoundation.org\/es\/author\/fscif\/\"}]}<\/script>\n<!-- \/ Yoast SEO plugin. -->","yoast_head_json":{"title":"Tejiendo Vida - Fundaci\u00f3n Ind\u00edgena FSC","description":"Organizaciones de mujeres Ind\u00edgenas de Quetzaltenango y Totonicap\u00e1n, Guatemala se reunieron para intercambiar conocimientos, experiencias, estrategias, y para dialogar con actores claves","robots":{"index":"index","follow":"follow","max-snippet":"max-snippet:-1","max-image-preview":"max-image-preview:large","max-video-preview":"max-video-preview:-1"},"canonical":"https:\/\/www.fscindigenousfoundation.org\/es\/weaving-life\/","og_locale":"es_ES","og_type":"article","og_title":"Tejiendo Vida","og_description":"Organizaciones de mujeres Ind\u00edgenas de Quetzaltenango y Totonicap\u00e1n, Guatemala se reunieron para intercambiar conocimientos, experiencias, estrategias, y para dialogar con actores claves #TejiendoVida","og_url":"https:\/\/www.fscindigenousfoundation.org\/es\/weaving-life\/","og_site_name":"Fundaci\u00f3n Ind\u00edgena FSC","article_publisher":"https:\/\/www.facebook.com\/fscindigenousfoundation","article_published_time":"2024-09-04T01:05:54+00:00","article_modified_time":"2025-01-21T14:55:29+00:00","og_image":[{"width":2560,"height":1239,"url":"http:\/\/www.fscindigenousfoundation.org\/wp-content\/uploads\/2024\/09\/dsc-0276-scaled.jpg","type":"image\/jpeg"}],"author":"FSC-IF","twitter_card":"summary_large_image","twitter_title":"Tejiendo Vida","twitter_description":"Organizaciones de mujeres Ind\u00edgenas de Quetzaltenango y Totonicap\u00e1n, Guatemala se reunieron para intercambiar conocimientos, experiencias, estrategias, y para dialogar con actores claves #TejiendoVida","twitter_image":"https:\/\/www.fscindigenousfoundation.org\/wp-content\/uploads\/2024\/09\/dsc-0276-scaled.jpg","twitter_creator":"@fsc_if","twitter_site":"@fsc_if","twitter_misc":{"Written by":"FSC-IF","Est. reading time":"14 minutes"},"schema":{"@context":"https:\/\/schema.org","@graph":[{"@type":"Article","@id":"https:\/\/www.fscindigenousfoundation.org\/es\/weaving-life\/#article","isPartOf":{"@id":"https:\/\/www.fscindigenousfoundation.org\/es\/weaving-life\/"},"author":{"name":"FSC-IF","@id":"https:\/\/www.fscindigenousfoundation.org\/es\/#\/schema\/person\/0c54626e047eb40bf736bd993ad26ec9"},"headline":"Tejiendo Vida","datePublished":"2024-09-04T01:05:54+00:00","dateModified":"2025-01-21T14:55:29+00:00","mainEntityOfPage":{"@id":"https:\/\/www.fscindigenousfoundation.org\/es\/weaving-life\/"},"wordCount":2408,"publisher":{"@id":"https:\/\/www.fscindigenousfoundation.org\/es\/#organization"},"image":{"@id":"https:\/\/www.fscindigenousfoundation.org\/es\/weaving-life\/#primaryimage"},"thumbnailUrl":"https:\/\/www.fscindigenousfoundation.org\/wp-content\/uploads\/2024\/09\/dsc-0276-scaled.jpg","keywords":["cosmovision","economic empowerment","Indigenous Peoples","indigenous rights","Indigenous women","political incidence","traditional knowledge"],"articleSection":["Outstanding news","Sin categorizar"],"inLanguage":"es-ES"},{"@type":"WebPage","@id":"https:\/\/www.fscindigenousfoundation.org\/es\/weaving-life\/","url":"https:\/\/www.fscindigenousfoundation.org\/es\/weaving-life\/","name":"Tejiendo Vida - Fundaci\u00f3n Ind\u00edgena FSC","isPartOf":{"@id":"https:\/\/www.fscindigenousfoundation.org\/es\/#website"},"primaryImageOfPage":{"@id":"https:\/\/www.fscindigenousfoundation.org\/es\/weaving-life\/#primaryimage"},"image":{"@id":"https:\/\/www.fscindigenousfoundation.org\/es\/weaving-life\/#primaryimage"},"thumbnailUrl":"https:\/\/www.fscindigenousfoundation.org\/wp-content\/uploads\/2024\/09\/dsc-0276-scaled.jpg","datePublished":"2024-09-04T01:05:54+00:00","dateModified":"2025-01-21T14:55:29+00:00","description":"Organizaciones de mujeres Ind\u00edgenas de Quetzaltenango y Totonicap\u00e1n, Guatemala se reunieron para intercambiar conocimientos, experiencias, estrategias, y para dialogar con actores claves","breadcrumb":{"@id":"https:\/\/www.fscindigenousfoundation.org\/es\/weaving-life\/#breadcrumb"},"inLanguage":"es-ES","potentialAction":[{"@type":"ReadAction","target":["https:\/\/www.fscindigenousfoundation.org\/es\/weaving-life\/"]}]},{"@type":"ImageObject","inLanguage":"es-ES","@id":"https:\/\/www.fscindigenousfoundation.org\/es\/weaving-life\/#primaryimage","url":"https:\/\/www.fscindigenousfoundation.org\/wp-content\/uploads\/2024\/09\/dsc-0276-scaled.jpg","contentUrl":"https:\/\/www.fscindigenousfoundation.org\/wp-content\/uploads\/2024\/09\/dsc-0276-scaled.jpg","width":2560,"height":1239,"caption":"FSC-IF meeting"},{"@type":"BreadcrumbList","@id":"https:\/\/www.fscindigenousfoundation.org\/es\/weaving-life\/#breadcrumb","itemListElement":[{"@type":"ListItem","position":1,"name":"Home","item":"https:\/\/www.fscindigenousfoundation.org\/es\/"},{"@type":"ListItem","position":2,"name":"Tejiendo Vida"}]},{"@type":"WebSite","@id":"https:\/\/www.fscindigenousfoundation.org\/es\/#website","url":"https:\/\/www.fscindigenousfoundation.org\/es\/","name":"IPARD","description":"La Fundaci\u00f3n Ind\u00edgena FSC es una fundaci\u00f3n creada para proporcionar soluciones que garanticen los derechos ind\u00edgenas y proteger sus territorios, bosques y conocimiento ancestral.","publisher":{"@id":"https:\/\/www.fscindigenousfoundation.org\/es\/#organization"},"potentialAction":[{"@type":"SearchAction","target":{"@type":"EntryPoint","urlTemplate":"https:\/\/www.fscindigenousfoundation.org\/es\/?s={search_term_string}"},"query-input":{"@type":"PropertyValueSpecification","valueRequired":true,"valueName":"search_term_string"}}],"inLanguage":"es-ES"},{"@type":"Organization","@id":"https:\/\/www.fscindigenousfoundation.org\/es\/#organization","name":"FSC Indigenous Foundation","url":"https:\/\/www.fscindigenousfoundation.org\/es\/","logo":{"@type":"ImageObject","inLanguage":"es-ES","@id":"https:\/\/www.fscindigenousfoundation.org\/es\/#\/schema\/logo\/image\/","url":"https:\/\/www.fscindigenousfoundation.org\/wp-content\/uploads\/2021\/09\/fsc-indigenous-foundation-color.png","contentUrl":"https:\/\/www.fscindigenousfoundation.org\/wp-content\/uploads\/2021\/09\/fsc-indigenous-foundation-color.png","width":657,"height":197,"caption":"FSC Indigenous Foundation"},"image":{"@id":"https:\/\/www.fscindigenousfoundation.org\/es\/#\/schema\/logo\/image\/"},"sameAs":["https:\/\/www.facebook.com\/fscindigenousfoundation","https:\/\/x.com\/fsc_if","https:\/\/instagram.com\/fscindigenousfoundation"]},{"@type":"Person","@id":"https:\/\/www.fscindigenousfoundation.org\/es\/#\/schema\/person\/0c54626e047eb40bf736bd993ad26ec9","name":"FSC-IF","url":"https:\/\/www.fscindigenousfoundation.org\/es\/author\/fscif\/"}]}},"_links":{"self":[{"href":"https:\/\/www.fscindigenousfoundation.org\/es\/wp-json\/wp\/v2\/posts\/13478","targetHints":{"allow":["GET"]}}],"collection":[{"href":"https:\/\/www.fscindigenousfoundation.org\/es\/wp-json\/wp\/v2\/posts"}],"about":[{"href":"https:\/\/www.fscindigenousfoundation.org\/es\/wp-json\/wp\/v2\/types\/post"}],"author":[{"embeddable":true,"href":"https:\/\/www.fscindigenousfoundation.org\/es\/wp-json\/wp\/v2\/users\/2"}],"replies":[{"embeddable":true,"href":"https:\/\/www.fscindigenousfoundation.org\/es\/wp-json\/wp\/v2\/comments?post=13478"}],"version-history":[{"count":3,"href":"https:\/\/www.fscindigenousfoundation.org\/es\/wp-json\/wp\/v2\/posts\/13478\/revisions"}],"predecessor-version":[{"id":14930,"href":"https:\/\/www.fscindigenousfoundation.org\/es\/wp-json\/wp\/v2\/posts\/13478\/revisions\/14930"}],"wp:featuredmedia":[{"embeddable":true,"href":"https:\/\/www.fscindigenousfoundation.org\/es\/wp-json\/wp\/v2\/media\/13374"}],"wp:attachment":[{"href":"https:\/\/www.fscindigenousfoundation.org\/es\/wp-json\/wp\/v2\/media?parent=13478"}],"wp:term":[{"taxonomy":"category","embeddable":true,"href":"https:\/\/www.fscindigenousfoundation.org\/es\/wp-json\/wp\/v2\/categories?post=13478"},{"taxonomy":"post_tag","embeddable":true,"href":"https:\/\/www.fscindigenousfoundation.org\/es\/wp-json\/wp\/v2\/tags?post=13478"}],"curies":[{"name":"wp","href":"https:\/\/api.w.org\/{rel}","templated":true}]}}