{"id":10440,"date":"2023-09-14T08:41:37","date_gmt":"2023-09-14T12:41:37","guid":{"rendered":"https:\/\/www.fscindigenousfoundation.org\/indigenous-peoples-knowledge-is-vital-to-combat-the-climate-crisis\/"},"modified":"2023-09-28T09:41:22","modified_gmt":"2023-09-28T13:41:22","slug":"conocimientos-pueblos-indigenas-para-combatir-la-crisis-climatica","status":"publish","type":"post","link":"https:\/\/www.fscindigenousfoundation.org\/es\/conocimientos-pueblos-indigenas-para-combatir-la-crisis-climatica\/","title":{"rendered":"Los conocimientos de los Pueblos Ind\u00edgenas son vitales para combatir la crisis clim\u00e1tica"},"content":{"rendered":"\n<figure class=\"wp-block-image size-full\"><img loading=\"lazy\" decoding=\"async\" width=\"2560\" height=\"1707\" src=\"https:\/\/www.fscindigenousfoundation.org\/wp-content\/uploads\/2023\/09\/dsc00367-scaled.jpeg\" alt=\"\" class=\"wp-image-10307\"\/><\/figure>\n\n\n\n<p>La semana pasada en Nairobi, Kenia, gobiernos, empresas, organizaciones internacionales, sociedad civil y l\u00edderes Ind\u00edgenas se reunieron en la Semana del Clima de \u00c1frica 2023 y en la Cumbre Africana sobre el Clima para poner de relieve soluciones que permitan reducir las emisiones de gases de efecto invernadero y, al mismo tiempo, adaptarse a la crisis clim\u00e1tica.<\/p>\n\n\n\n<p>Un mensaje de la semana es claro: el conocimiento ancestral de los Pueblos Ind\u00edgenas es vital para combatir la crisis clim\u00e1tica. Si ampliamos las acciones y la financiaci\u00f3n dirigidas por los Pueblos Ind\u00edgenas, podremos proteger nuestro planeta, nuestros pueblos y nuestro futuro.<\/p>\n\n\n\n<p>Muchas partes interesadas han identificado las soluciones basadas en la naturaleza como prioridades program\u00e1ticas clave en la pr\u00f3xima d\u00e9cada en la lucha contra el cambio clim\u00e1tico. Los Pueblos Ind\u00edgenas han sido los proveedores de soluciones basadas en la naturaleza durante miles de a\u00f1os.<\/p>\n\n\n\n<h2 class=\"wp-block-heading\">Lo m\u00e1s destacado de la Semana del Clima en \u00c1frica<\/h2>\n\n\n\n<p>M\u00e1s de 30.000 personas se reunieron en la Semana y Cumbre del Clima de \u00c1frica para explorar soluciones. En la ceremonia de apertura, Anne Samante, del Comit\u00e9 Nacional de Coordinaci\u00f3n de los Pueblos Ind\u00edgenas sobre el Cambio Clim\u00e1tico y <a href=\"https:\/\/www.mpido.org\/\">MPIDO<\/a>, ley\u00f3 una declaraci\u00f3n elaborada en una pre-cumbre de los Pueblos Ind\u00edgenas.\u00a0 Los Pueblos Ind\u00edgenas &#8220;no s\u00f3lo somos v\u00edctimas, sino que tambi\u00e9n venimos con soluciones&#8221;, afirm\u00f3.\u00a0<\/p>\n\n\n\n<blockquote class=\"wp-block-quote is-layout-flow wp-block-quote-is-layout-flow\">\n<p>Los Pueblos Ind\u00edgenas &#8220;no s\u00f3lo somos v\u00edctimas, sino que tambi\u00e9n venimos con soluciones&#8221;, afirm\u00f3 Anne Samante.\u00a0<\/p>\n<\/blockquote>\n\n\n\n<figure class=\"wp-block-image size-full\"><img loading=\"lazy\" decoding=\"async\" width=\"2560\" height=\"1707\" src=\"https:\/\/www.fscindigenousfoundation.org\/wp-content\/uploads\/2023\/09\/dsc00307-1-scaled.jpeg\" alt=\"\" class=\"wp-image-10311\"\/><\/figure>\n\n\n\n<p>La reuni\u00f3n concluy\u00f3 con la <a href=\"https:\/\/unclimatesummit.org\/nairobi-declaration-africas-demands-and-aspirations-in-the-climate-fight\/\">Declaraci\u00f3n de Nairobi<\/a>, una posici\u00f3n com\u00fan para \u00c1frica de cara a la COP28 con compromisos en torno a la financiaci\u00f3n clim\u00e1tica, las energ\u00edas renovables, una Carta Mundial de Financiaci\u00f3n Clim\u00e1tica, los minerales verdes y la transformaci\u00f3n econ\u00f3mica. Un tema clave debatido a lo largo de la semana fue el potencial y la necesidad de incluir a los j\u00f3venes, uno de los recursos m\u00e1s valiosos de \u00c1frica. El Presidente de Kenia, el Dr. William Ruto, reconoci\u00f3 el papel que desempe\u00f1an los Pueblos Ind\u00edgenas en sus paisajes culturales a la hora de proteger los bosques, las sabanas, los entornos marinos y las tierras \u00e1ridas.<\/p>\n\n\n\n<p>Judith Kipkenda, del <a href=\"https:\/\/ogiekpeoples.org\/\">Pueblo Ogiek<\/a> de Kenia y del <a href=\"https:\/\/www.globalindigenousyouthcaucus.org\/\">Caucus Global de J\u00f3venes Ind\u00edgenas<\/a>, ley\u00f3 la declaraci\u00f3n de los Pueblos Ind\u00edgenas en la ceremonia de clausura. Incluye los siguientes temas clave: (1) puntos focales Ind\u00edgenas y participaci\u00f3n a nivel de la Uni\u00f3n Africana y las Naciones Unidas, (2) consentimiento libre, previo e informado (CLPI) y detener los desalojos de los Pueblos Ind\u00edgenas de sus tierras, (3) reconocimiento y fortalecimiento de los sistemas de conocimiento tradicional y asociaciones para integrar este conocimiento con el conocimiento cient\u00edfico, entre otros.<\/p>\n\n\n\n<blockquote class=\"wp-block-quote is-layout-flow wp-block-quote-is-layout-flow\">\n<p>&#8220;Aunque como Pueblos Ind\u00edgenas somos los que menos contribuimos al cambio clim\u00e1tico, somos los que m\u00e1s sufrimos sus consecuencias. Estamos aqu\u00ed con soluciones y lecciones&#8221;, afirm\u00f3 Judith Kipkenda.\u00a0<\/p>\n<\/blockquote>\n\n\n\n<figure class=\"wp-block-image size-full\"><img loading=\"lazy\" decoding=\"async\" width=\"2560\" height=\"1707\" src=\"https:\/\/www.fscindigenousfoundation.org\/wp-content\/uploads\/2023\/09\/dsc00405-2-scaled.jpeg\" alt=\"\" class=\"wp-image-10315\"\/><\/figure>\n\n\n\n<h2 class=\"wp-block-heading\">Sistemas de conocimiento Ind\u00edgenas para acciones de adaptaci\u00f3n en \u00c1frica<\/h2>\n\n\n\n<p>En un acto paralelo a la Semana Africana del Clima organizado el 8 de septiembre&nbsp;conjuntamente por la Fundaci\u00f3n Ind\u00edgena FSC (FSC-IF) y el Banco Africano de Desarrollo (AfDB), <strong><em>Sistemas de conocimiento Ind\u00edgenas para acciones de adaptaci\u00f3n en \u00c1frica<\/em><\/strong>, l\u00edderes de Pueblos Ind\u00edgenas y partes interesadas clave debatieron sobre la necesidad de incluir el conocimiento Ind\u00edgena para encontrar soluciones eficaces y a largo plazo a la crisis clim\u00e1tica.<\/p>\n\n\n\n<p><strong>El Dr. Al-Hamndou Dorsouma, <\/strong>Director de Divisi\u00f3n del Departamento de Clima y Crecimiento Verde del Banco Africano de Desarrollo, y <strong>Hindou Oumarou Ibrahim<\/strong>, Presidente del Consejo de la Fundaci\u00f3n Ind\u00edgena FSC, pronunciaron los discursos de apertura.<\/p>\n\n\n\n<p>&#8220;Los que tienen conocimientos Ind\u00edgenas presentan una mayor adaptaci\u00f3n y una menor vulnerabilidad, toman decisiones con conocimiento de causa y utilizan los conocimientos locales sobre diversificaci\u00f3n de cultivos&#8221;, afirma el Dr. Dorsouma.<\/p>\n\n\n\n<p>&#8220;Es el momento de confiar en los Pueblos Ind\u00edgenas y aprender de ellos&#8221;, afirm\u00f3 Hindou Ibrahim.<\/p>\n\n\n\n<figure class=\"wp-block-gallery has-nested-images columns-default is-cropped wp-block-gallery-1 is-layout-flex wp-block-gallery-is-layout-flex\">\n<figure class=\"wp-block-image size-large\"><img loading=\"lazy\" decoding=\"async\" width=\"2560\" height=\"1707\" data-id=\"10323\" src=\"https:\/\/www.fscindigenousfoundation.org\/wp-content\/uploads\/2023\/09\/dsc00460-scaled.jpg\" alt=\"\" class=\"wp-image-10323\"\/><\/figure>\n\n\n\n<figure class=\"wp-block-image size-large\"><img loading=\"lazy\" decoding=\"async\" width=\"2560\" height=\"1706\" data-id=\"10319\" src=\"https:\/\/www.fscindigenousfoundation.org\/wp-content\/uploads\/2023\/09\/dsc00469-scaled.jpeg\" alt=\"\" class=\"wp-image-10319\"\/><\/figure>\n<\/figure>\n\n\n\n<p><\/p>\n\n\n\n<p>A continuaci\u00f3n, un grupo de expertos debati\u00f3 la importancia de los conocimientos Ind\u00edgenas para abordar la adaptaci\u00f3n al cambio clim\u00e1tico en los paisajes culturales Ind\u00edgenas, entre ellos <strong>la Dra. Arona Soumar\u00e9<\/strong>, Oficial Principal Regional de Cambio Clim\u00e1tico del AfBD; <strong>Daniel Kobei<\/strong>, Director Ejecutivo del Programa de Desarrollo de los Pueblos Ogiek; <strong>Balkisou Buba<\/strong>, Vicepresidente de la secci\u00f3n camerunesa de la Red de Pueblos Ind\u00edgenas y Comunidades Locales para la Gesti\u00f3n Sostenible del Ecosistema Forestal de \u00c1frica Central (REPALEAC); y <strong>Roopa Karia, <\/strong>Directora de la Oficina de Medio Ambiente de USAID Kenia y \u00c1frica Oriental. <strong>Salina Sanou<\/strong>, Directora Regional de FSC-IF para \u00c1frica y Asia, moder\u00f3 el acto.<\/p>\n\n\n\n<p>&#8220;Estamos pasando de un enfoque de no perjudicar a un enfoque integrador&#8221;, afirm\u00f3 Soumar\u00e9, del AfBD.&nbsp;<\/p>\n\n\n\n<p>&#8220;Al trabajar con la ciencia, debemos tener en cuenta el conocimiento Ind\u00edgena. Las mujeres son depositarias de ese conocimiento&#8221;, afirm\u00f3 Balkisou Buba.<\/p>\n\n\n\n<p>&#8220;Los Pueblos Ind\u00edgenas deben formar parte de las estrategias clim\u00e1ticas desde la fase de dise\u00f1o&#8221;, afirm\u00f3 Daniel Kobei, insistiendo en que los conocimientos Ind\u00edgenas son distintos de los tradicionales.<\/p>\n\n\n\n<p>&#8220;Una preocupaci\u00f3n real de USAID son los derechos legales de los Pueblos Ind\u00edgenas y los derechos humanos de los Pueblos Ind\u00edgenas&#8221;, afirm\u00f3 Roopa Karia.<\/p>\n\n\n\n<figure class=\"wp-block-image size-full\"><img loading=\"lazy\" decoding=\"async\" width=\"2560\" height=\"1707\" src=\"https:\/\/www.fscindigenousfoundation.org\/wp-content\/uploads\/2023\/09\/dsc00493-scaled.jpeg\" alt=\"\" class=\"wp-image-10327\"\/><\/figure>\n\n\n\n<p><strong>El Dr. Alejandro Paredes<\/strong>, Director Gerente Interino de la Fundaci\u00f3n Ind\u00edgena FSC, y <strong>el Dr. Olufunso Somorin<\/strong>, Director Regional del Programa de Cambio Clim\u00e1tico y Crecimiento Verde del Banco Africano de Desarrollo, clausuraron el acto.<\/p>\n\n\n\n<p>Los oradores coincidieron en que el conocimiento Ind\u00edgena es poderoso y debemos utilizarlo en las estrategias y acciones de adaptaci\u00f3n al clima. El conocimiento Ind\u00edgena es el futuro.<\/p>\n\n\n\n<p>Le invitamos a que se una a nosotros para hacer realidad este futuro mientras llevamos este mensaje a la COP28 y trabajamos para elevar las soluciones Ind\u00edgenas basadas en la naturaleza con acciones concretas.<\/p>\n","protected":false},"excerpt":{"rendered":"<p>Conclusiones de la Cumbre del Clima de \u00c1frica y la Semana del Clima 2023<\/p>\n","protected":false},"author":2,"featured_media":10318,"comment_status":"closed","ping_status":"closed","sticky":false,"template":"","format":"standard","meta":{"footnotes":""},"categories":[24,4],"tags":[68,170,90,70,105,169,36,108,80,30],"class_list":["post-10440","post","type-post","status-publish","format-standard","has-post-thumbnail","hentry","category-outstanding-news-es","category-sin-categorizar","tag-africa-es","tag-africa-2","tag-cambio-climatico-2","tag-climate-change-es","tag-climate-finance-es","tag-cop28-es","tag-indigenous-peoples-es","tag-indigenous-women-2-es","tag-mujeres-indigenas","tag-pueblos-indigenas"],"acf":[],"yoast_head":"<!-- This site is optimized with the Yoast SEO plugin v26.9 - https:\/\/yoast.com\/product\/yoast-seo-wordpress\/ -->\n<title>Los conocimientos de los Pueblos Ind\u00edgenas son vitales para combatir la crisis clim\u00e1tica - Fundaci\u00f3n Ind\u00edgena FSC<\/title>\n<meta name=\"description\" content=\"Conclusiones de la Cumbre del Clima de \u00c1frica y la Semana del Clima 2023\" \/>\n<meta name=\"robots\" content=\"index, follow, max-snippet:-1, max-image-preview:large, max-video-preview:-1\" \/>\n<link rel=\"canonical\" href=\"https:\/\/www.fscindigenousfoundation.org\/es\/conocimientos-pueblos-indigenas-para-combatir-la-crisis-climatica\/\" \/>\n<meta property=\"og:locale\" content=\"es_ES\" \/>\n<meta property=\"og:type\" content=\"article\" \/>\n<meta property=\"og:title\" content=\"Los conocimientos de los Pueblos Ind\u00edgenas son vitales para combatir la crisis clim\u00e1tica\" \/>\n<meta property=\"og:description\" content=\"Conclusiones de la Cumbre del Clima de \u00c1frica y la Semana del Clima 2023\" \/>\n<meta property=\"og:url\" content=\"https:\/\/www.fscindigenousfoundation.org\/es\/conocimientos-pueblos-indigenas-para-combatir-la-crisis-climatica\/\" \/>\n<meta property=\"og:site_name\" content=\"Fundaci\u00f3n Ind\u00edgena FSC\" \/>\n<meta property=\"article:publisher\" content=\"https:\/\/www.facebook.com\/fscindigenousfoundation\" \/>\n<meta property=\"article:published_time\" content=\"2023-09-14T12:41:37+00:00\" \/>\n<meta property=\"article:modified_time\" content=\"2023-09-28T13:41:22+00:00\" \/>\n<meta property=\"og:image\" content=\"http:\/\/www.fscindigenousfoundation.org\/wp-content\/uploads\/2023\/09\/dsc00405-2-scaled.jpeg\" \/>\n\t<meta property=\"og:image:width\" content=\"2560\" \/>\n\t<meta property=\"og:image:height\" content=\"1707\" \/>\n\t<meta property=\"og:image:type\" content=\"image\/jpeg\" \/>\n<meta name=\"author\" content=\"FSC-IF\" \/>\n<meta name=\"twitter:card\" content=\"summary_large_image\" \/>\n<meta name=\"twitter:title\" content=\"Los conocimientos de los Pueblos Ind\u00edgenas son vitales para combatir la crisis clim\u00e1tica\" \/>\n<meta name=\"twitter:description\" content=\"Conclusiones de la Cumbre del Clima de \u00c1frica y la Semana del Clima 2023\" \/>\n<meta name=\"twitter:image\" content=\"https:\/\/www.fscindigenousfoundation.org\/wp-content\/uploads\/2023\/09\/dsc00405-2-scaled.jpeg\" \/>\n<meta name=\"twitter:creator\" content=\"@fsc_if\" \/>\n<meta name=\"twitter:site\" content=\"@fsc_if\" \/>\n<meta name=\"twitter:label1\" content=\"Written by\" \/>\n\t<meta name=\"twitter:data1\" content=\"FSC-IF\" \/>\n\t<meta name=\"twitter:label2\" content=\"Est. reading time\" \/>\n\t<meta name=\"twitter:data2\" content=\"6 minutes\" \/>\n<script type=\"application\/ld+json\" class=\"yoast-schema-graph\">{\"@context\":\"https:\/\/schema.org\",\"@graph\":[{\"@type\":\"Article\",\"@id\":\"https:\/\/www.fscindigenousfoundation.org\/es\/conocimientos-pueblos-indigenas-para-combatir-la-crisis-climatica\/#article\",\"isPartOf\":{\"@id\":\"https:\/\/www.fscindigenousfoundation.org\/es\/conocimientos-pueblos-indigenas-para-combatir-la-crisis-climatica\/\"},\"author\":{\"name\":\"FSC-IF\",\"@id\":\"https:\/\/www.fscindigenousfoundation.org\/es\/#\/schema\/person\/0c54626e047eb40bf736bd993ad26ec9\"},\"headline\":\"Los conocimientos de los Pueblos Ind\u00edgenas son vitales para combatir la crisis clim\u00e1tica\",\"datePublished\":\"2023-09-14T12:41:37+00:00\",\"dateModified\":\"2023-09-28T13:41:22+00:00\",\"mainEntityOfPage\":{\"@id\":\"https:\/\/www.fscindigenousfoundation.org\/es\/conocimientos-pueblos-indigenas-para-combatir-la-crisis-climatica\/\"},\"wordCount\":1019,\"publisher\":{\"@id\":\"https:\/\/www.fscindigenousfoundation.org\/es\/#organization\"},\"image\":{\"@id\":\"https:\/\/www.fscindigenousfoundation.org\/es\/conocimientos-pueblos-indigenas-para-combatir-la-crisis-climatica\/#primaryimage\"},\"thumbnailUrl\":\"https:\/\/www.fscindigenousfoundation.org\/wp-content\/uploads\/2023\/09\/dsc00405-2-scaled.jpeg\",\"keywords\":[\"Africa\",\"\u00c1frica\",\"cambio climatico\",\"Climate Change\",\"Climate Finance\",\"COP28\",\"Indigenous Peoples\",\"Indigenous women\",\"Mujeres Indigenas\",\"Pueblos Ind\u00edgenas\"],\"articleSection\":[\"Outstanding news\",\"Sin categorizar\"],\"inLanguage\":\"es-ES\"},{\"@type\":\"WebPage\",\"@id\":\"https:\/\/www.fscindigenousfoundation.org\/es\/conocimientos-pueblos-indigenas-para-combatir-la-crisis-climatica\/\",\"url\":\"https:\/\/www.fscindigenousfoundation.org\/es\/conocimientos-pueblos-indigenas-para-combatir-la-crisis-climatica\/\",\"name\":\"Los conocimientos de los Pueblos Ind\u00edgenas son vitales para combatir la crisis clim\u00e1tica - Fundaci\u00f3n Ind\u00edgena FSC\",\"isPartOf\":{\"@id\":\"https:\/\/www.fscindigenousfoundation.org\/es\/#website\"},\"primaryImageOfPage\":{\"@id\":\"https:\/\/www.fscindigenousfoundation.org\/es\/conocimientos-pueblos-indigenas-para-combatir-la-crisis-climatica\/#primaryimage\"},\"image\":{\"@id\":\"https:\/\/www.fscindigenousfoundation.org\/es\/conocimientos-pueblos-indigenas-para-combatir-la-crisis-climatica\/#primaryimage\"},\"thumbnailUrl\":\"https:\/\/www.fscindigenousfoundation.org\/wp-content\/uploads\/2023\/09\/dsc00405-2-scaled.jpeg\",\"datePublished\":\"2023-09-14T12:41:37+00:00\",\"dateModified\":\"2023-09-28T13:41:22+00:00\",\"description\":\"Conclusiones de la Cumbre del Clima de \u00c1frica y la Semana del Clima 2023\",\"breadcrumb\":{\"@id\":\"https:\/\/www.fscindigenousfoundation.org\/es\/conocimientos-pueblos-indigenas-para-combatir-la-crisis-climatica\/#breadcrumb\"},\"inLanguage\":\"es-ES\",\"potentialAction\":[{\"@type\":\"ReadAction\",\"target\":[\"https:\/\/www.fscindigenousfoundation.org\/es\/conocimientos-pueblos-indigenas-para-combatir-la-crisis-climatica\/\"]}]},{\"@type\":\"ImageObject\",\"inLanguage\":\"es-ES\",\"@id\":\"https:\/\/www.fscindigenousfoundation.org\/es\/conocimientos-pueblos-indigenas-para-combatir-la-crisis-climatica\/#primaryimage\",\"url\":\"https:\/\/www.fscindigenousfoundation.org\/wp-content\/uploads\/2023\/09\/dsc00405-2-scaled.jpeg\",\"contentUrl\":\"https:\/\/www.fscindigenousfoundation.org\/wp-content\/uploads\/2023\/09\/dsc00405-2-scaled.jpeg\",\"width\":2560,\"height\":1707,\"caption\":\"FSC-IF meeting\"},{\"@type\":\"BreadcrumbList\",\"@id\":\"https:\/\/www.fscindigenousfoundation.org\/es\/conocimientos-pueblos-indigenas-para-combatir-la-crisis-climatica\/#breadcrumb\",\"itemListElement\":[{\"@type\":\"ListItem\",\"position\":1,\"name\":\"Home\",\"item\":\"https:\/\/www.fscindigenousfoundation.org\/es\/\"},{\"@type\":\"ListItem\",\"position\":2,\"name\":\"Los conocimientos de los Pueblos Ind\u00edgenas son vitales para combatir la crisis clim\u00e1tica\"}]},{\"@type\":\"WebSite\",\"@id\":\"https:\/\/www.fscindigenousfoundation.org\/es\/#website\",\"url\":\"https:\/\/www.fscindigenousfoundation.org\/es\/\",\"name\":\"IPARD\",\"description\":\"La Fundaci\u00f3n Ind\u00edgena FSC es una fundaci\u00f3n creada para proporcionar soluciones que garanticen los derechos ind\u00edgenas y proteger sus territorios, bosques y conocimiento ancestral.\",\"publisher\":{\"@id\":\"https:\/\/www.fscindigenousfoundation.org\/es\/#organization\"},\"potentialAction\":[{\"@type\":\"SearchAction\",\"target\":{\"@type\":\"EntryPoint\",\"urlTemplate\":\"https:\/\/www.fscindigenousfoundation.org\/es\/?s={search_term_string}\"},\"query-input\":{\"@type\":\"PropertyValueSpecification\",\"valueRequired\":true,\"valueName\":\"search_term_string\"}}],\"inLanguage\":\"es-ES\"},{\"@type\":\"Organization\",\"@id\":\"https:\/\/www.fscindigenousfoundation.org\/es\/#organization\",\"name\":\"FSC Indigenous Foundation\",\"url\":\"https:\/\/www.fscindigenousfoundation.org\/es\/\",\"logo\":{\"@type\":\"ImageObject\",\"inLanguage\":\"es-ES\",\"@id\":\"https:\/\/www.fscindigenousfoundation.org\/es\/#\/schema\/logo\/image\/\",\"url\":\"https:\/\/www.fscindigenousfoundation.org\/wp-content\/uploads\/2021\/09\/fsc-indigenous-foundation-color.png\",\"contentUrl\":\"https:\/\/www.fscindigenousfoundation.org\/wp-content\/uploads\/2021\/09\/fsc-indigenous-foundation-color.png\",\"width\":657,\"height\":197,\"caption\":\"FSC Indigenous Foundation\"},\"image\":{\"@id\":\"https:\/\/www.fscindigenousfoundation.org\/es\/#\/schema\/logo\/image\/\"},\"sameAs\":[\"https:\/\/www.facebook.com\/fscindigenousfoundation\",\"https:\/\/x.com\/fsc_if\",\"https:\/\/instagram.com\/fscindigenousfoundation\"]},{\"@type\":\"Person\",\"@id\":\"https:\/\/www.fscindigenousfoundation.org\/es\/#\/schema\/person\/0c54626e047eb40bf736bd993ad26ec9\",\"name\":\"FSC-IF\",\"url\":\"https:\/\/www.fscindigenousfoundation.org\/es\/author\/fscif\/\"}]}<\/script>\n<!-- \/ Yoast SEO plugin. -->","yoast_head_json":{"title":"Los conocimientos de los Pueblos Ind\u00edgenas son vitales para combatir la crisis clim\u00e1tica - Fundaci\u00f3n Ind\u00edgena FSC","description":"Conclusiones de la Cumbre del Clima de \u00c1frica y la Semana del Clima 2023","robots":{"index":"index","follow":"follow","max-snippet":"max-snippet:-1","max-image-preview":"max-image-preview:large","max-video-preview":"max-video-preview:-1"},"canonical":"https:\/\/www.fscindigenousfoundation.org\/es\/conocimientos-pueblos-indigenas-para-combatir-la-crisis-climatica\/","og_locale":"es_ES","og_type":"article","og_title":"Los conocimientos de los Pueblos Ind\u00edgenas son vitales para combatir la crisis clim\u00e1tica","og_description":"Conclusiones de la Cumbre del Clima de \u00c1frica y la Semana del Clima 2023","og_url":"https:\/\/www.fscindigenousfoundation.org\/es\/conocimientos-pueblos-indigenas-para-combatir-la-crisis-climatica\/","og_site_name":"Fundaci\u00f3n Ind\u00edgena FSC","article_publisher":"https:\/\/www.facebook.com\/fscindigenousfoundation","article_published_time":"2023-09-14T12:41:37+00:00","article_modified_time":"2023-09-28T13:41:22+00:00","og_image":[{"width":2560,"height":1707,"url":"http:\/\/www.fscindigenousfoundation.org\/wp-content\/uploads\/2023\/09\/dsc00405-2-scaled.jpeg","type":"image\/jpeg"}],"author":"FSC-IF","twitter_card":"summary_large_image","twitter_title":"Los conocimientos de los Pueblos Ind\u00edgenas son vitales para combatir la crisis clim\u00e1tica","twitter_description":"Conclusiones de la Cumbre del Clima de \u00c1frica y la Semana del Clima 2023","twitter_image":"https:\/\/www.fscindigenousfoundation.org\/wp-content\/uploads\/2023\/09\/dsc00405-2-scaled.jpeg","twitter_creator":"@fsc_if","twitter_site":"@fsc_if","twitter_misc":{"Written by":"FSC-IF","Est. reading time":"6 minutes"},"schema":{"@context":"https:\/\/schema.org","@graph":[{"@type":"Article","@id":"https:\/\/www.fscindigenousfoundation.org\/es\/conocimientos-pueblos-indigenas-para-combatir-la-crisis-climatica\/#article","isPartOf":{"@id":"https:\/\/www.fscindigenousfoundation.org\/es\/conocimientos-pueblos-indigenas-para-combatir-la-crisis-climatica\/"},"author":{"name":"FSC-IF","@id":"https:\/\/www.fscindigenousfoundation.org\/es\/#\/schema\/person\/0c54626e047eb40bf736bd993ad26ec9"},"headline":"Los conocimientos de los Pueblos Ind\u00edgenas son vitales para combatir la crisis clim\u00e1tica","datePublished":"2023-09-14T12:41:37+00:00","dateModified":"2023-09-28T13:41:22+00:00","mainEntityOfPage":{"@id":"https:\/\/www.fscindigenousfoundation.org\/es\/conocimientos-pueblos-indigenas-para-combatir-la-crisis-climatica\/"},"wordCount":1019,"publisher":{"@id":"https:\/\/www.fscindigenousfoundation.org\/es\/#organization"},"image":{"@id":"https:\/\/www.fscindigenousfoundation.org\/es\/conocimientos-pueblos-indigenas-para-combatir-la-crisis-climatica\/#primaryimage"},"thumbnailUrl":"https:\/\/www.fscindigenousfoundation.org\/wp-content\/uploads\/2023\/09\/dsc00405-2-scaled.jpeg","keywords":["Africa","\u00c1frica","cambio climatico","Climate Change","Climate Finance","COP28","Indigenous Peoples","Indigenous women","Mujeres Indigenas","Pueblos Ind\u00edgenas"],"articleSection":["Outstanding news","Sin categorizar"],"inLanguage":"es-ES"},{"@type":"WebPage","@id":"https:\/\/www.fscindigenousfoundation.org\/es\/conocimientos-pueblos-indigenas-para-combatir-la-crisis-climatica\/","url":"https:\/\/www.fscindigenousfoundation.org\/es\/conocimientos-pueblos-indigenas-para-combatir-la-crisis-climatica\/","name":"Los conocimientos de los Pueblos Ind\u00edgenas son vitales para combatir la crisis clim\u00e1tica - Fundaci\u00f3n Ind\u00edgena FSC","isPartOf":{"@id":"https:\/\/www.fscindigenousfoundation.org\/es\/#website"},"primaryImageOfPage":{"@id":"https:\/\/www.fscindigenousfoundation.org\/es\/conocimientos-pueblos-indigenas-para-combatir-la-crisis-climatica\/#primaryimage"},"image":{"@id":"https:\/\/www.fscindigenousfoundation.org\/es\/conocimientos-pueblos-indigenas-para-combatir-la-crisis-climatica\/#primaryimage"},"thumbnailUrl":"https:\/\/www.fscindigenousfoundation.org\/wp-content\/uploads\/2023\/09\/dsc00405-2-scaled.jpeg","datePublished":"2023-09-14T12:41:37+00:00","dateModified":"2023-09-28T13:41:22+00:00","description":"Conclusiones de la Cumbre del Clima de \u00c1frica y la Semana del Clima 2023","breadcrumb":{"@id":"https:\/\/www.fscindigenousfoundation.org\/es\/conocimientos-pueblos-indigenas-para-combatir-la-crisis-climatica\/#breadcrumb"},"inLanguage":"es-ES","potentialAction":[{"@type":"ReadAction","target":["https:\/\/www.fscindigenousfoundation.org\/es\/conocimientos-pueblos-indigenas-para-combatir-la-crisis-climatica\/"]}]},{"@type":"ImageObject","inLanguage":"es-ES","@id":"https:\/\/www.fscindigenousfoundation.org\/es\/conocimientos-pueblos-indigenas-para-combatir-la-crisis-climatica\/#primaryimage","url":"https:\/\/www.fscindigenousfoundation.org\/wp-content\/uploads\/2023\/09\/dsc00405-2-scaled.jpeg","contentUrl":"https:\/\/www.fscindigenousfoundation.org\/wp-content\/uploads\/2023\/09\/dsc00405-2-scaled.jpeg","width":2560,"height":1707,"caption":"FSC-IF meeting"},{"@type":"BreadcrumbList","@id":"https:\/\/www.fscindigenousfoundation.org\/es\/conocimientos-pueblos-indigenas-para-combatir-la-crisis-climatica\/#breadcrumb","itemListElement":[{"@type":"ListItem","position":1,"name":"Home","item":"https:\/\/www.fscindigenousfoundation.org\/es\/"},{"@type":"ListItem","position":2,"name":"Los conocimientos de los Pueblos Ind\u00edgenas son vitales para combatir la crisis clim\u00e1tica"}]},{"@type":"WebSite","@id":"https:\/\/www.fscindigenousfoundation.org\/es\/#website","url":"https:\/\/www.fscindigenousfoundation.org\/es\/","name":"IPARD","description":"La Fundaci\u00f3n Ind\u00edgena FSC es una fundaci\u00f3n creada para proporcionar soluciones que garanticen los derechos ind\u00edgenas y proteger sus territorios, bosques y conocimiento ancestral.","publisher":{"@id":"https:\/\/www.fscindigenousfoundation.org\/es\/#organization"},"potentialAction":[{"@type":"SearchAction","target":{"@type":"EntryPoint","urlTemplate":"https:\/\/www.fscindigenousfoundation.org\/es\/?s={search_term_string}"},"query-input":{"@type":"PropertyValueSpecification","valueRequired":true,"valueName":"search_term_string"}}],"inLanguage":"es-ES"},{"@type":"Organization","@id":"https:\/\/www.fscindigenousfoundation.org\/es\/#organization","name":"FSC Indigenous Foundation","url":"https:\/\/www.fscindigenousfoundation.org\/es\/","logo":{"@type":"ImageObject","inLanguage":"es-ES","@id":"https:\/\/www.fscindigenousfoundation.org\/es\/#\/schema\/logo\/image\/","url":"https:\/\/www.fscindigenousfoundation.org\/wp-content\/uploads\/2021\/09\/fsc-indigenous-foundation-color.png","contentUrl":"https:\/\/www.fscindigenousfoundation.org\/wp-content\/uploads\/2021\/09\/fsc-indigenous-foundation-color.png","width":657,"height":197,"caption":"FSC Indigenous Foundation"},"image":{"@id":"https:\/\/www.fscindigenousfoundation.org\/es\/#\/schema\/logo\/image\/"},"sameAs":["https:\/\/www.facebook.com\/fscindigenousfoundation","https:\/\/x.com\/fsc_if","https:\/\/instagram.com\/fscindigenousfoundation"]},{"@type":"Person","@id":"https:\/\/www.fscindigenousfoundation.org\/es\/#\/schema\/person\/0c54626e047eb40bf736bd993ad26ec9","name":"FSC-IF","url":"https:\/\/www.fscindigenousfoundation.org\/es\/author\/fscif\/"}]}},"_links":{"self":[{"href":"https:\/\/www.fscindigenousfoundation.org\/es\/wp-json\/wp\/v2\/posts\/10440","targetHints":{"allow":["GET"]}}],"collection":[{"href":"https:\/\/www.fscindigenousfoundation.org\/es\/wp-json\/wp\/v2\/posts"}],"about":[{"href":"https:\/\/www.fscindigenousfoundation.org\/es\/wp-json\/wp\/v2\/types\/post"}],"author":[{"embeddable":true,"href":"https:\/\/www.fscindigenousfoundation.org\/es\/wp-json\/wp\/v2\/users\/2"}],"replies":[{"embeddable":true,"href":"https:\/\/www.fscindigenousfoundation.org\/es\/wp-json\/wp\/v2\/comments?post=10440"}],"version-history":[{"count":2,"href":"https:\/\/www.fscindigenousfoundation.org\/es\/wp-json\/wp\/v2\/posts\/10440\/revisions"}],"predecessor-version":[{"id":10443,"href":"https:\/\/www.fscindigenousfoundation.org\/es\/wp-json\/wp\/v2\/posts\/10440\/revisions\/10443"}],"wp:featuredmedia":[{"embeddable":true,"href":"https:\/\/www.fscindigenousfoundation.org\/es\/wp-json\/wp\/v2\/media\/10318"}],"wp:attachment":[{"href":"https:\/\/www.fscindigenousfoundation.org\/es\/wp-json\/wp\/v2\/media?parent=10440"}],"wp:term":[{"taxonomy":"category","embeddable":true,"href":"https:\/\/www.fscindigenousfoundation.org\/es\/wp-json\/wp\/v2\/categories?post=10440"},{"taxonomy":"post_tag","embeddable":true,"href":"https:\/\/www.fscindigenousfoundation.org\/es\/wp-json\/wp\/v2\/tags?post=10440"}],"curies":[{"name":"wp","href":"https:\/\/api.w.org\/{rel}","templated":true}]}}