{"id":10378,"date":"2023-09-26T13:52:32","date_gmt":"2023-09-26T17:52:32","guid":{"rendered":"https:\/\/www.fscindigenousfoundation.org\/?p=10378"},"modified":"2025-10-31T13:34:14","modified_gmt":"2025-10-31T17:34:14","slug":"el-presidente-de-panama-firma-un-decreto-que-adopta-pemip","status":"publish","type":"post","link":"https:\/\/www.fscindigenousfoundation.org\/es\/el-presidente-de-panama-firma-un-decreto-que-adopta-pemip\/","title":{"rendered":"El Presidente de Panam\u00e1 firma un decreto que adopta el Plan de Empoderamiento de la Mujer Ind\u00edgena"},"content":{"rendered":"<div class=\"wp-block-image\">\n<figure class=\"aligncenter size-full\"><img loading=\"lazy\" decoding=\"async\" width=\"1024\" height=\"768\" src=\"https:\/\/www.fscindigenousfoundation.org\/wp-content\/uploads\/2023\/09\/f5scbekxoaa-n40-1.jpeg\" alt=\"El Presidente de Panam\u00e1 firma un decreto que adopta el Plan de Empoderamiento de la Mujer Ind\u00edgena\" class=\"wp-image-10379\"\/><\/figure><\/div>\n\n\n<p><\/p>\n\n\n\n<p>En ocasi\u00f3n del Dia de la Mujer Ind\u00edgena, Presidente de la Rep\u00fablica de Panam\u00e1 Laurentino Cortizo Cohen firm\u00f3 el Decreto Ejecutivo que adopta el Plan de Empoderamiento de las Mujeres Ind\u00edgenas de Panam\u00e1 (PEMIP 2025).<\/p>\n\n\n\n<p>\u201c<em>No queremos quedar en la estadistica de vulnerabilidad. Queremos estar en la estadistics de mujeres empoderadas, rompiendo barreras, mujeres que luchan dia dia para poder desarollar sus territorios<\/em>,\u201d dijo Sara Omi, Coordinadora del PEMIP 2025 y lideresa Ember\u00e1.<\/p>\n\n\n\n<p>Fue un acto hist\u00f3rico en el cual por primera vez en la Rep\u00fablica de Panam\u00e1 se establece una pol\u00edtica p\u00fablica de inclusi\u00f3n de g\u00e9nero, encaminado a promover el desarrollo integral de las mujeres Ind\u00edgenas dentro y fuera de los territorios Ind\u00edgenas.&nbsp;<\/p>\n\n\n\n<p>\u201c<em>Con esta sanci\u00f3n, se establece por primera vez una pol\u00edtica p\u00fablica para el desarrollo integral de la mujer Ind\u00edgena, pilares importantes para la conservaci\u00f3n de su cultura, demostrando gran liderazgo y capacidad de aportar al desarrollo de la naci\u00f3n<\/em>,\u201d dijo el Presidente Cortizo.<\/p>\n\n\n\n<figure class=\"wp-block-gallery has-nested-images columns-default is-cropped wp-block-gallery-1 is-layout-flex wp-block-gallery-is-layout-flex\">\n<figure class=\"wp-block-image size-large\"><img loading=\"lazy\" decoding=\"async\" width=\"1024\" height=\"768\" data-id=\"10385\" src=\"https:\/\/www.fscindigenousfoundation.org\/wp-content\/uploads\/2023\/09\/f5scbeqwuaacvug-1.jpeg\" alt=\"FSC-IF Meeting\" class=\"wp-image-10385\"\/><\/figure>\n\n\n\n<figure class=\"wp-block-image size-large\"><img loading=\"lazy\" decoding=\"async\" width=\"674\" height=\"899\" data-id=\"10389\" src=\"https:\/\/www.fscindigenousfoundation.org\/wp-content\/uploads\/2023\/09\/f5scbelwqaaxwgx-1.jpeg\" alt=\"FSC-IF Meeting\" class=\"wp-image-10389\"\/><\/figure>\n<\/figure>\n\n\n\n<h2 class=\"wp-block-heading\">Sobre PEMIP<\/h2>\n\n\n\n<p>El <a href=\"https:\/\/www.fscindigenousfoundation.org\/es\/rompiendo-brechas-alcanzando-suenos\/\" target=\"_blank\" rel=\"noreferrer noopener\">Plan de Empoderamiento Econ\u00f3mico de las Mujeres Ind\u00edgenas de Panam\u00e1 (PEMIP 2025)<\/a> es una iniciativa pionera que busca unir compromisos entre las mujeres Ind\u00edgenas y actores p\u00fablicos, privados y de la sociedad civil, para realizar acciones concretas que den mayores y mejores oportunidades a las mujeres Ind\u00edgenas para el pleno desarrollo de su potencial y capacidad para contribuir al desarrollo y bienestar de sus familias, territorios y pa\u00eds.&nbsp;<\/p>\n\n\n\n<p>Tiene como objetivo avancar la autonom\u00eda, inclusi\u00f3n plena y ejercicio efectivo de los derechos econ\u00f3micos de las mujeres Ind\u00edgenas, sin ning\u00fan tipo de discriminaci\u00f3n y partiendo de su protagonismo y autodeterminaci\u00f3n, con un horizonte temporal (2022-2025).<\/p>\n\n\n\n<h2 class=\"wp-block-heading\">Acto de Firma<\/h2>\n\n\n\n<p>El mensaje clave de este acto fue el trabajo en equipo. El Plan es una iniciativa multisectoral con la participatcion de 69 entidades, como instituciones el sector p\u00fablico rectoras de las pol\u00edticas econ\u00f3mico-laborales (Ministerio de Desarrollo Social, Ministerio de Trabajo y Desarrollo Laboral, Autoridad de la Micro, Peque\u00f1a y Mediana Empresa), privadas (CECOM), de desarrollo de los Pueblos Ind\u00edgenas (Comit\u00e9 Asesor de Mujeres Ind\u00edgenas de Panam\u00e1 &#8211; CAMIP), ONGs (Fundaci\u00f3n Ind\u00edgena FSC, Ciudad de Saber, AECID) y bancas multilaterals (Banco Interamericano de Desarrollo, Programa de Naciones Unidas para el Desarrollo).&nbsp;<\/p>\n\n\n\n<p>En el acto, escuchamos palabras de<strong> Laurentino Cortizo Cohen<\/strong>, Presidente de la Rep\u00fablica, <strong>Roger Tejada Bryden<\/strong>, Ministro del MINGOB, <strong>Briseida Iglesias<\/strong>, Sabia Ancestral Guna, <strong>Sara Omi Casam\u00e1<\/strong>, Coordinadora Nacional del PEMIP 2025, <strong>Meybi Chamarra<\/strong>, Coordinadora del CAMIP, <strong>Aulina Ismare Opua<\/strong>, Cacica del Congreso Nacional del Pueblo Wounaan y miembro del Consejo Nacional de Desarrollo Integral de los Pueblos Ind\u00edgenas de Panam\u00e1 (CONDIPI), <strong>Ana Grigera<\/strong>, Especialista de G\u00e9nero y Diversidad del Banco Interamericano de Desarrollo (BID),y de <strong>Mar\u00eda \u00c1ngeles Sall\u00e9<\/strong>, miembro del Equipo de Asistencia T\u00e9cnica al PEMIP y ENRED Panam\u00e1.<\/p>\n\n\n\n<p>Un factor de \u00e9xito para llegar a este dia fue que todos los actores escucharon a las mujeres Ind\u00edgenas y se mostraron abiertos a trabajar con diferentes comunidades y a empoderar a los l\u00edderes Ind\u00edgenas.<\/p>\n\n\n\n<p>El Ministerio de Gobierno afirm\u00f3 que la Fundacion Ind\u00edgena FSC juega un papel importante como facilitado de esto proceso.&nbsp;<\/p>\n\n\n\n<h2 class=\"wp-block-heading\">C\u00f3mo apoyamos el PEMIP 2025<\/h2>\n\n\n\n<p>La Fundaci\u00f3n Ind\u00edgena FSC (FSC-IF) est\u00e1 apoyando la gobernanza y la implementaci\u00f3n de este plan a trav\u00e9s del Programa de la Alianza de los Pueblos Ind\u00edgenas para los Derechos y el Desarrollo (IPARD), trabajando con mujeres Ind\u00edgenas y gui\u00e1ndose por su sabidur\u00eda, conocimientos, innovaci\u00f3n y liderazgo. IPARD est\u00e1 financiado por la Agencia de los Estados Unidos para el Desarrollo Internacional (USAID) y el Consejo de Administraci\u00f3n Forestal (FSC) y otros socios del sector privado.<\/p>\n\n\n\n<p>La FSC-IF tiene papel como l\u00edder del Comit\u00e9 Estrat\u00e9gico de Sostenibilidad del PEMIP 2025, trabajando en conjunto con el BID, CAMIP, el Ministerio de Gobierno y ENRED logrando muchos avances para el fortalecimiento institucional del PEMIP y la Implementaci\u00f3n del CAMIP, como sendos talleres para que ampl\u00eden sus conocimientos, manejen la gobernanza del PEMIP, se empoderen de su rol en el Plan y sean agentes multiplicadores de cambio dentro de sus territorios.&nbsp;&nbsp;&nbsp;<\/p>\n\n\n\n<p>Apoyamos tambien i) el fortalecimiento institucional del CAMIP, ii) la implementaci\u00f3n del PEMIP en forma coordinada con el gobierno y el CAMIP, para llevar a cabo la implementaci\u00f3n del PEMIP a nivel local y comunitario, iii) promoci\u00f3n de la implementaci\u00f3n del PEMIP y de otras pol\u00edticas b\u00e1sicas como la implementaci\u00f3n de la Ley 37 y Ley 301, las cartas org\u00e1nicas de diferentes comarcas y tierras colectivas, iv) la expansi\u00f3n de otros temas a otras \u00e1reas para ser inclusivos en temas sociales, de educaci\u00f3n y salud y seguridad a sus derechos, v) fortalecer las alianzas y la gobernanza del PEMIP, creando manuales operativos y creando una red que fortalezca y que pueda asegurar la sostenibilidad del Plan.<\/p>\n\n\n\n<p>Consideramos este Plan como una iniciativa no s\u00f3lo pionera sino integral, que apoya todas las acciones impulsadas para y por los Pueblos Ind\u00edgenas, apoyando al PEMIP 2025 y al CAMIP como salvaguardas del futuro y de la Madre Tierra.<\/p>\n\n\n\n<figure class=\"wp-block-gallery has-nested-images columns-default is-cropped wp-block-gallery-2 is-layout-flex wp-block-gallery-is-layout-flex\">\n<figure class=\"wp-block-image size-large\"><img loading=\"lazy\" decoding=\"async\" width=\"660\" height=\"880\" data-id=\"10404\" src=\"https:\/\/www.fscindigenousfoundation.org\/wp-content\/uploads\/2023\/09\/f5scbeswuaasb7r-1.jpeg\" alt=\"FSC-IF Meeting\" class=\"wp-image-10404\"\/><\/figure>\n\n\n\n<figure class=\"wp-block-image size-large\"><img loading=\"lazy\" decoding=\"async\" width=\"914\" height=\"1219\" data-id=\"10396\" src=\"https:\/\/www.fscindigenousfoundation.org\/wp-content\/uploads\/2023\/09\/f5scepxxsaadxye-1.jpeg\" alt=\"FSC-IF Meeting\" class=\"wp-image-10396\"\/><\/figure>\n\n\n\n<figure class=\"wp-block-image size-large\"><img loading=\"lazy\" decoding=\"async\" width=\"612\" height=\"816\" data-id=\"10394\" src=\"https:\/\/www.fscindigenousfoundation.org\/wp-content\/uploads\/2023\/09\/f5scepyxaaayqap-1.jpeg\" alt=\"FSC-IF Meeting\" class=\"wp-image-10394\"\/><\/figure>\n\n\n\n<figure class=\"wp-block-image size-large\"><img loading=\"lazy\" decoding=\"async\" width=\"1024\" height=\"768\" data-id=\"10393\" src=\"https:\/\/www.fscindigenousfoundation.org\/wp-content\/uploads\/2023\/09\/1693944737777-1.jpeg\" alt=\"FSC-IF Meeting\" class=\"wp-image-10393\"\/><\/figure>\n<\/figure>\n","protected":false},"excerpt":{"rendered":"<p>El liderazgo de las mujeres Ind\u00edgenas y el trabajo en equipo fueron importantes para llegar a este acto hist\u00f3rico<\/p>\n","protected":false},"author":2,"featured_media":10379,"comment_status":"closed","ping_status":"closed","sticky":false,"template":"","format":"standard","meta":{"footnotes":""},"categories":[24],"tags":[107,36,54,108,80,166],"class_list":["post-10378","post","type-post","status-publish","format-standard","has-post-thumbnail","hentry","category-outstanding-news-es","tag-indigenous-leadership-es","tag-indigenous-peoples-es","tag-indigenous-rights-es","tag-indigenous-women-2-es","tag-mujeres-indigenas","tag-pueblos-indigenas-3"],"acf":[],"yoast_head":"<!-- This site is optimized with the Yoast SEO plugin v26.9 - https:\/\/yoast.com\/product\/yoast-seo-wordpress\/ -->\n<title>El Presidente de Panam\u00e1 firma un decreto que adopta el Plan de Empoderamiento de la Mujer Ind\u00edgena - Fundaci\u00f3n Ind\u00edgena FSC<\/title>\n<meta name=\"description\" content=\"El liderazgo de las mujeres Ind\u00edgenas y el trabajo en equipo fueron importantes para llegar a este acto hist\u00f3rico\" \/>\n<meta name=\"robots\" content=\"index, follow, max-snippet:-1, max-image-preview:large, max-video-preview:-1\" \/>\n<link rel=\"canonical\" href=\"https:\/\/www.fscindigenousfoundation.org\/es\/el-presidente-de-panama-firma-un-decreto-que-adopta-pemip\/\" \/>\n<meta property=\"og:locale\" content=\"es_ES\" \/>\n<meta property=\"og:type\" content=\"article\" \/>\n<meta property=\"og:title\" content=\"El Presidente de Panam\u00e1 firma un decreto que adopta el Plan de Empoderamiento de la Mujer Ind\u00edgena\" \/>\n<meta property=\"og:description\" content=\"El liderazgo de las mujeres Ind\u00edgenas y el trabajo en equipo fueron importantes para llegar a este acto hist\u00f3rico\" \/>\n<meta property=\"og:url\" content=\"https:\/\/www.fscindigenousfoundation.org\/es\/el-presidente-de-panama-firma-un-decreto-que-adopta-pemip\/\" \/>\n<meta property=\"og:site_name\" content=\"Fundaci\u00f3n Ind\u00edgena FSC\" \/>\n<meta property=\"article:publisher\" content=\"https:\/\/www.facebook.com\/fscindigenousfoundation\" \/>\n<meta property=\"article:published_time\" content=\"2023-09-26T17:52:32+00:00\" \/>\n<meta property=\"article:modified_time\" content=\"2025-10-31T17:34:14+00:00\" \/>\n<meta property=\"og:image\" content=\"https:\/\/www.fscindigenousfoundation.org\/wp-content\/uploads\/2023\/09\/f5scbekxoaa-n40-1.jpeg\" \/>\n\t<meta property=\"og:image:width\" content=\"1024\" \/>\n\t<meta property=\"og:image:height\" content=\"768\" \/>\n\t<meta property=\"og:image:type\" content=\"image\/jpeg\" \/>\n<meta name=\"author\" content=\"FSC-IF\" \/>\n<meta name=\"twitter:card\" content=\"summary_large_image\" \/>\n<meta name=\"twitter:title\" content=\"El Presidente de Panam\u00e1 firma un decreto que adopta el Plan de Empoderamiento de la Mujer Ind\u00edgena\" \/>\n<meta name=\"twitter:description\" content=\"El liderazgo de las mujeres Ind\u00edgenas y el trabajo en equipo fueron importantes para llegar a este acto hist\u00f3rico\" \/>\n<meta name=\"twitter:image\" content=\"https:\/\/www.fscindigenousfoundation.org\/wp-content\/uploads\/2023\/09\/f5scbekxoaa-n40-1.jpeg\" \/>\n<meta name=\"twitter:creator\" content=\"@fsc_if\" \/>\n<meta name=\"twitter:site\" content=\"@fsc_if\" \/>\n<meta name=\"twitter:label1\" content=\"Written by\" \/>\n\t<meta name=\"twitter:data1\" content=\"FSC-IF\" \/>\n\t<meta name=\"twitter:label2\" content=\"Est. reading time\" \/>\n\t<meta name=\"twitter:data2\" content=\"6 minutes\" \/>\n<script type=\"application\/ld+json\" class=\"yoast-schema-graph\">{\"@context\":\"https:\/\/schema.org\",\"@graph\":[{\"@type\":\"Article\",\"@id\":\"https:\/\/www.fscindigenousfoundation.org\/es\/el-presidente-de-panama-firma-un-decreto-que-adopta-pemip\/#article\",\"isPartOf\":{\"@id\":\"https:\/\/www.fscindigenousfoundation.org\/es\/el-presidente-de-panama-firma-un-decreto-que-adopta-pemip\/\"},\"author\":{\"name\":\"FSC-IF\",\"@id\":\"https:\/\/www.fscindigenousfoundation.org\/es\/#\/schema\/person\/0c54626e047eb40bf736bd993ad26ec9\"},\"headline\":\"El Presidente de Panam\u00e1 firma un decreto que adopta el Plan de Empoderamiento de la Mujer Ind\u00edgena\",\"datePublished\":\"2023-09-26T17:52:32+00:00\",\"dateModified\":\"2025-10-31T17:34:14+00:00\",\"mainEntityOfPage\":{\"@id\":\"https:\/\/www.fscindigenousfoundation.org\/es\/el-presidente-de-panama-firma-un-decreto-que-adopta-pemip\/\"},\"wordCount\":898,\"publisher\":{\"@id\":\"https:\/\/www.fscindigenousfoundation.org\/es\/#organization\"},\"image\":{\"@id\":\"https:\/\/www.fscindigenousfoundation.org\/es\/el-presidente-de-panama-firma-un-decreto-que-adopta-pemip\/#primaryimage\"},\"thumbnailUrl\":\"https:\/\/www.fscindigenousfoundation.org\/wp-content\/uploads\/2023\/09\/f5scbekxoaa-n40-1.jpeg\",\"keywords\":[\"Indigenous leadership\",\"Indigenous Peoples\",\"indigenous rights\",\"Indigenous women\",\"Mujeres Indigenas\",\"Pueblos Indigenas\"],\"articleSection\":[\"Outstanding news\"],\"inLanguage\":\"es-ES\"},{\"@type\":\"WebPage\",\"@id\":\"https:\/\/www.fscindigenousfoundation.org\/es\/el-presidente-de-panama-firma-un-decreto-que-adopta-pemip\/\",\"url\":\"https:\/\/www.fscindigenousfoundation.org\/es\/el-presidente-de-panama-firma-un-decreto-que-adopta-pemip\/\",\"name\":\"El Presidente de Panam\u00e1 firma un decreto que adopta el Plan de Empoderamiento de la Mujer Ind\u00edgena - Fundaci\u00f3n Ind\u00edgena FSC\",\"isPartOf\":{\"@id\":\"https:\/\/www.fscindigenousfoundation.org\/es\/#website\"},\"primaryImageOfPage\":{\"@id\":\"https:\/\/www.fscindigenousfoundation.org\/es\/el-presidente-de-panama-firma-un-decreto-que-adopta-pemip\/#primaryimage\"},\"image\":{\"@id\":\"https:\/\/www.fscindigenousfoundation.org\/es\/el-presidente-de-panama-firma-un-decreto-que-adopta-pemip\/#primaryimage\"},\"thumbnailUrl\":\"https:\/\/www.fscindigenousfoundation.org\/wp-content\/uploads\/2023\/09\/f5scbekxoaa-n40-1.jpeg\",\"datePublished\":\"2023-09-26T17:52:32+00:00\",\"dateModified\":\"2025-10-31T17:34:14+00:00\",\"description\":\"El liderazgo de las mujeres Ind\u00edgenas y el trabajo en equipo fueron importantes para llegar a este acto hist\u00f3rico\",\"breadcrumb\":{\"@id\":\"https:\/\/www.fscindigenousfoundation.org\/es\/el-presidente-de-panama-firma-un-decreto-que-adopta-pemip\/#breadcrumb\"},\"inLanguage\":\"es-ES\",\"potentialAction\":[{\"@type\":\"ReadAction\",\"target\":[\"https:\/\/www.fscindigenousfoundation.org\/es\/el-presidente-de-panama-firma-un-decreto-que-adopta-pemip\/\"]}]},{\"@type\":\"ImageObject\",\"inLanguage\":\"es-ES\",\"@id\":\"https:\/\/www.fscindigenousfoundation.org\/es\/el-presidente-de-panama-firma-un-decreto-que-adopta-pemip\/#primaryimage\",\"url\":\"https:\/\/www.fscindigenousfoundation.org\/wp-content\/uploads\/2023\/09\/f5scbekxoaa-n40-1.jpeg\",\"contentUrl\":\"https:\/\/www.fscindigenousfoundation.org\/wp-content\/uploads\/2023\/09\/f5scbekxoaa-n40-1.jpeg\",\"width\":1024,\"height\":768,\"caption\":\"El Presidente de Panam\u00e1 firma un decreto que adopta el Plan de Empoderamiento de la Mujer Ind\u00edgena\"},{\"@type\":\"BreadcrumbList\",\"@id\":\"https:\/\/www.fscindigenousfoundation.org\/es\/el-presidente-de-panama-firma-un-decreto-que-adopta-pemip\/#breadcrumb\",\"itemListElement\":[{\"@type\":\"ListItem\",\"position\":1,\"name\":\"Home\",\"item\":\"https:\/\/www.fscindigenousfoundation.org\/es\/\"},{\"@type\":\"ListItem\",\"position\":2,\"name\":\"El Presidente de Panam\u00e1 firma un decreto que adopta el Plan de Empoderamiento de la Mujer Ind\u00edgena\"}]},{\"@type\":\"WebSite\",\"@id\":\"https:\/\/www.fscindigenousfoundation.org\/es\/#website\",\"url\":\"https:\/\/www.fscindigenousfoundation.org\/es\/\",\"name\":\"IPARD\",\"description\":\"La Fundaci\u00f3n Ind\u00edgena FSC es una fundaci\u00f3n creada para proporcionar soluciones que garanticen los derechos ind\u00edgenas y proteger sus territorios, bosques y conocimiento ancestral.\",\"publisher\":{\"@id\":\"https:\/\/www.fscindigenousfoundation.org\/es\/#organization\"},\"potentialAction\":[{\"@type\":\"SearchAction\",\"target\":{\"@type\":\"EntryPoint\",\"urlTemplate\":\"https:\/\/www.fscindigenousfoundation.org\/es\/?s={search_term_string}\"},\"query-input\":{\"@type\":\"PropertyValueSpecification\",\"valueRequired\":true,\"valueName\":\"search_term_string\"}}],\"inLanguage\":\"es-ES\"},{\"@type\":\"Organization\",\"@id\":\"https:\/\/www.fscindigenousfoundation.org\/es\/#organization\",\"name\":\"FSC Indigenous Foundation\",\"url\":\"https:\/\/www.fscindigenousfoundation.org\/es\/\",\"logo\":{\"@type\":\"ImageObject\",\"inLanguage\":\"es-ES\",\"@id\":\"https:\/\/www.fscindigenousfoundation.org\/es\/#\/schema\/logo\/image\/\",\"url\":\"https:\/\/www.fscindigenousfoundation.org\/wp-content\/uploads\/2021\/09\/fsc-indigenous-foundation-color.png\",\"contentUrl\":\"https:\/\/www.fscindigenousfoundation.org\/wp-content\/uploads\/2021\/09\/fsc-indigenous-foundation-color.png\",\"width\":657,\"height\":197,\"caption\":\"FSC Indigenous Foundation\"},\"image\":{\"@id\":\"https:\/\/www.fscindigenousfoundation.org\/es\/#\/schema\/logo\/image\/\"},\"sameAs\":[\"https:\/\/www.facebook.com\/fscindigenousfoundation\",\"https:\/\/x.com\/fsc_if\",\"https:\/\/instagram.com\/fscindigenousfoundation\"]},{\"@type\":\"Person\",\"@id\":\"https:\/\/www.fscindigenousfoundation.org\/es\/#\/schema\/person\/0c54626e047eb40bf736bd993ad26ec9\",\"name\":\"FSC-IF\",\"url\":\"https:\/\/www.fscindigenousfoundation.org\/es\/author\/fscif\/\"}]}<\/script>\n<!-- \/ Yoast SEO plugin. -->","yoast_head_json":{"title":"El Presidente de Panam\u00e1 firma un decreto que adopta el Plan de Empoderamiento de la Mujer Ind\u00edgena - Fundaci\u00f3n Ind\u00edgena FSC","description":"El liderazgo de las mujeres Ind\u00edgenas y el trabajo en equipo fueron importantes para llegar a este acto hist\u00f3rico","robots":{"index":"index","follow":"follow","max-snippet":"max-snippet:-1","max-image-preview":"max-image-preview:large","max-video-preview":"max-video-preview:-1"},"canonical":"https:\/\/www.fscindigenousfoundation.org\/es\/el-presidente-de-panama-firma-un-decreto-que-adopta-pemip\/","og_locale":"es_ES","og_type":"article","og_title":"El Presidente de Panam\u00e1 firma un decreto que adopta el Plan de Empoderamiento de la Mujer Ind\u00edgena","og_description":"El liderazgo de las mujeres Ind\u00edgenas y el trabajo en equipo fueron importantes para llegar a este acto hist\u00f3rico","og_url":"https:\/\/www.fscindigenousfoundation.org\/es\/el-presidente-de-panama-firma-un-decreto-que-adopta-pemip\/","og_site_name":"Fundaci\u00f3n Ind\u00edgena FSC","article_publisher":"https:\/\/www.facebook.com\/fscindigenousfoundation","article_published_time":"2023-09-26T17:52:32+00:00","article_modified_time":"2025-10-31T17:34:14+00:00","og_image":[{"width":1024,"height":768,"url":"https:\/\/www.fscindigenousfoundation.org\/wp-content\/uploads\/2023\/09\/f5scbekxoaa-n40-1.jpeg","type":"image\/jpeg"}],"author":"FSC-IF","twitter_card":"summary_large_image","twitter_title":"El Presidente de Panam\u00e1 firma un decreto que adopta el Plan de Empoderamiento de la Mujer Ind\u00edgena","twitter_description":"El liderazgo de las mujeres Ind\u00edgenas y el trabajo en equipo fueron importantes para llegar a este acto hist\u00f3rico","twitter_image":"https:\/\/www.fscindigenousfoundation.org\/wp-content\/uploads\/2023\/09\/f5scbekxoaa-n40-1.jpeg","twitter_creator":"@fsc_if","twitter_site":"@fsc_if","twitter_misc":{"Written by":"FSC-IF","Est. reading time":"6 minutes"},"schema":{"@context":"https:\/\/schema.org","@graph":[{"@type":"Article","@id":"https:\/\/www.fscindigenousfoundation.org\/es\/el-presidente-de-panama-firma-un-decreto-que-adopta-pemip\/#article","isPartOf":{"@id":"https:\/\/www.fscindigenousfoundation.org\/es\/el-presidente-de-panama-firma-un-decreto-que-adopta-pemip\/"},"author":{"name":"FSC-IF","@id":"https:\/\/www.fscindigenousfoundation.org\/es\/#\/schema\/person\/0c54626e047eb40bf736bd993ad26ec9"},"headline":"El Presidente de Panam\u00e1 firma un decreto que adopta el Plan de Empoderamiento de la Mujer Ind\u00edgena","datePublished":"2023-09-26T17:52:32+00:00","dateModified":"2025-10-31T17:34:14+00:00","mainEntityOfPage":{"@id":"https:\/\/www.fscindigenousfoundation.org\/es\/el-presidente-de-panama-firma-un-decreto-que-adopta-pemip\/"},"wordCount":898,"publisher":{"@id":"https:\/\/www.fscindigenousfoundation.org\/es\/#organization"},"image":{"@id":"https:\/\/www.fscindigenousfoundation.org\/es\/el-presidente-de-panama-firma-un-decreto-que-adopta-pemip\/#primaryimage"},"thumbnailUrl":"https:\/\/www.fscindigenousfoundation.org\/wp-content\/uploads\/2023\/09\/f5scbekxoaa-n40-1.jpeg","keywords":["Indigenous leadership","Indigenous Peoples","indigenous rights","Indigenous women","Mujeres Indigenas","Pueblos Indigenas"],"articleSection":["Outstanding news"],"inLanguage":"es-ES"},{"@type":"WebPage","@id":"https:\/\/www.fscindigenousfoundation.org\/es\/el-presidente-de-panama-firma-un-decreto-que-adopta-pemip\/","url":"https:\/\/www.fscindigenousfoundation.org\/es\/el-presidente-de-panama-firma-un-decreto-que-adopta-pemip\/","name":"El Presidente de Panam\u00e1 firma un decreto que adopta el Plan de Empoderamiento de la Mujer Ind\u00edgena - Fundaci\u00f3n Ind\u00edgena FSC","isPartOf":{"@id":"https:\/\/www.fscindigenousfoundation.org\/es\/#website"},"primaryImageOfPage":{"@id":"https:\/\/www.fscindigenousfoundation.org\/es\/el-presidente-de-panama-firma-un-decreto-que-adopta-pemip\/#primaryimage"},"image":{"@id":"https:\/\/www.fscindigenousfoundation.org\/es\/el-presidente-de-panama-firma-un-decreto-que-adopta-pemip\/#primaryimage"},"thumbnailUrl":"https:\/\/www.fscindigenousfoundation.org\/wp-content\/uploads\/2023\/09\/f5scbekxoaa-n40-1.jpeg","datePublished":"2023-09-26T17:52:32+00:00","dateModified":"2025-10-31T17:34:14+00:00","description":"El liderazgo de las mujeres Ind\u00edgenas y el trabajo en equipo fueron importantes para llegar a este acto hist\u00f3rico","breadcrumb":{"@id":"https:\/\/www.fscindigenousfoundation.org\/es\/el-presidente-de-panama-firma-un-decreto-que-adopta-pemip\/#breadcrumb"},"inLanguage":"es-ES","potentialAction":[{"@type":"ReadAction","target":["https:\/\/www.fscindigenousfoundation.org\/es\/el-presidente-de-panama-firma-un-decreto-que-adopta-pemip\/"]}]},{"@type":"ImageObject","inLanguage":"es-ES","@id":"https:\/\/www.fscindigenousfoundation.org\/es\/el-presidente-de-panama-firma-un-decreto-que-adopta-pemip\/#primaryimage","url":"https:\/\/www.fscindigenousfoundation.org\/wp-content\/uploads\/2023\/09\/f5scbekxoaa-n40-1.jpeg","contentUrl":"https:\/\/www.fscindigenousfoundation.org\/wp-content\/uploads\/2023\/09\/f5scbekxoaa-n40-1.jpeg","width":1024,"height":768,"caption":"El Presidente de Panam\u00e1 firma un decreto que adopta el Plan de Empoderamiento de la Mujer Ind\u00edgena"},{"@type":"BreadcrumbList","@id":"https:\/\/www.fscindigenousfoundation.org\/es\/el-presidente-de-panama-firma-un-decreto-que-adopta-pemip\/#breadcrumb","itemListElement":[{"@type":"ListItem","position":1,"name":"Home","item":"https:\/\/www.fscindigenousfoundation.org\/es\/"},{"@type":"ListItem","position":2,"name":"El Presidente de Panam\u00e1 firma un decreto que adopta el Plan de Empoderamiento de la Mujer Ind\u00edgena"}]},{"@type":"WebSite","@id":"https:\/\/www.fscindigenousfoundation.org\/es\/#website","url":"https:\/\/www.fscindigenousfoundation.org\/es\/","name":"IPARD","description":"La Fundaci\u00f3n Ind\u00edgena FSC es una fundaci\u00f3n creada para proporcionar soluciones que garanticen los derechos ind\u00edgenas y proteger sus territorios, bosques y conocimiento ancestral.","publisher":{"@id":"https:\/\/www.fscindigenousfoundation.org\/es\/#organization"},"potentialAction":[{"@type":"SearchAction","target":{"@type":"EntryPoint","urlTemplate":"https:\/\/www.fscindigenousfoundation.org\/es\/?s={search_term_string}"},"query-input":{"@type":"PropertyValueSpecification","valueRequired":true,"valueName":"search_term_string"}}],"inLanguage":"es-ES"},{"@type":"Organization","@id":"https:\/\/www.fscindigenousfoundation.org\/es\/#organization","name":"FSC Indigenous Foundation","url":"https:\/\/www.fscindigenousfoundation.org\/es\/","logo":{"@type":"ImageObject","inLanguage":"es-ES","@id":"https:\/\/www.fscindigenousfoundation.org\/es\/#\/schema\/logo\/image\/","url":"https:\/\/www.fscindigenousfoundation.org\/wp-content\/uploads\/2021\/09\/fsc-indigenous-foundation-color.png","contentUrl":"https:\/\/www.fscindigenousfoundation.org\/wp-content\/uploads\/2021\/09\/fsc-indigenous-foundation-color.png","width":657,"height":197,"caption":"FSC Indigenous Foundation"},"image":{"@id":"https:\/\/www.fscindigenousfoundation.org\/es\/#\/schema\/logo\/image\/"},"sameAs":["https:\/\/www.facebook.com\/fscindigenousfoundation","https:\/\/x.com\/fsc_if","https:\/\/instagram.com\/fscindigenousfoundation"]},{"@type":"Person","@id":"https:\/\/www.fscindigenousfoundation.org\/es\/#\/schema\/person\/0c54626e047eb40bf736bd993ad26ec9","name":"FSC-IF","url":"https:\/\/www.fscindigenousfoundation.org\/es\/author\/fscif\/"}]}},"_links":{"self":[{"href":"https:\/\/www.fscindigenousfoundation.org\/es\/wp-json\/wp\/v2\/posts\/10378","targetHints":{"allow":["GET"]}}],"collection":[{"href":"https:\/\/www.fscindigenousfoundation.org\/es\/wp-json\/wp\/v2\/posts"}],"about":[{"href":"https:\/\/www.fscindigenousfoundation.org\/es\/wp-json\/wp\/v2\/types\/post"}],"author":[{"embeddable":true,"href":"https:\/\/www.fscindigenousfoundation.org\/es\/wp-json\/wp\/v2\/users\/2"}],"replies":[{"embeddable":true,"href":"https:\/\/www.fscindigenousfoundation.org\/es\/wp-json\/wp\/v2\/comments?post=10378"}],"version-history":[{"count":6,"href":"https:\/\/www.fscindigenousfoundation.org\/es\/wp-json\/wp\/v2\/posts\/10378\/revisions"}],"predecessor-version":[{"id":16902,"href":"https:\/\/www.fscindigenousfoundation.org\/es\/wp-json\/wp\/v2\/posts\/10378\/revisions\/16902"}],"wp:featuredmedia":[{"embeddable":true,"href":"https:\/\/www.fscindigenousfoundation.org\/es\/wp-json\/wp\/v2\/media\/10379"}],"wp:attachment":[{"href":"https:\/\/www.fscindigenousfoundation.org\/es\/wp-json\/wp\/v2\/media?parent=10378"}],"wp:term":[{"taxonomy":"category","embeddable":true,"href":"https:\/\/www.fscindigenousfoundation.org\/es\/wp-json\/wp\/v2\/categories?post=10378"},{"taxonomy":"post_tag","embeddable":true,"href":"https:\/\/www.fscindigenousfoundation.org\/es\/wp-json\/wp\/v2\/tags?post=10378"}],"curies":[{"name":"wp","href":"https:\/\/api.w.org\/{rel}","templated":true}]}}